{"headers": {"id": "ID", "ano": "Ano", "numero": "N\u00famero", "tipo__sigla": "Tipo de Mat\u00e9ria Legislativa/Sigla", "tipo__descricao": "Tipo de Mat\u00e9ria Legislativa/Descri\u00e7\u00e3o", "autoria": "Autorias", "texto_original": "Texto Original", "ementa": "Ementa"}, "results": [{"id": "3106", "ano": "2023", "numero": "1", "tipo__sigla": "IND", "tipo__descricao": "Indica\u00e7\u00e3o", "autoria": "Joaquim Caires Rocha (Joaquim Caires)", "texto_original": "http://sapl.jequie.ba.leg.br/media/sapl/public/materialegislativa/2023/3106/ind._01.2023_-_joaquim_caires.doc", "ementa": "Instala\u00e7\u00e3o de um Centro de Oncologia em Jequi\u00e9."}, {"id": "3107", "ano": "2023", "numero": "2", "tipo__sigla": "IND", "tipo__descricao": "Indica\u00e7\u00e3o", "autoria": "Joaquim Caires Rocha (Joaquim Caires)", "texto_original": "http://sapl.jequie.ba.leg.br/media/sapl/public/materialegislativa/2023/3107/ind._02.2023_-_construcao_de_uma_upa_no_jequiezinho.doc", "ementa": "Cria\u00e7\u00e3o de uma UPA (Unidade de Pronto Atendimento) no bairro Jequiezinho."}, {"id": "3108", "ano": "2023", "numero": "3", "tipo__sigla": "IND", "tipo__descricao": "Indica\u00e7\u00e3o", "autoria": "Joaquim Caires Rocha (Joaquim Caires)", "texto_original": "http://sapl.jequie.ba.leg.br/media/sapl/public/materialegislativa/2023/3108/ind._03.2023_-_veiculo_para_a_zona_rural_de_deus_dara_e_agua_vermelha.doc", "ementa": "Veiculo para servir as seguintes comunidades da Zona Rural: Rio do Ant\u00f4nio, Deus Dar\u00e1 e \u00c1gua Vermelha."}, {"id": "3112", "ano": "2023", "numero": "5", "tipo__sigla": "IND", "tipo__descricao": "Indica\u00e7\u00e3o", "autoria": "TINHO", "texto_original": "http://sapl.jequie.ba.leg.br/media/sapl/public/materialegislativa/2023/3112/ind._05.2023_-_reparos_estradas_vicinais_do_distrito_de_monte_branco_e_povoado_de_boa_vista_1.docx", "ementa": "Recupera\u00e7\u00e3o das estradas vicinais do Distrito de Monte Branco e do Povoado de Boa Vista."}, {"id": "3113", "ano": "2023", "numero": "6", "tipo__sigla": "IND", "tipo__descricao": "Indica\u00e7\u00e3o", "autoria": "TINHO", "texto_original": "http://sapl.jequie.ba.leg.br/media/sapl/public/materialegislativa/2023/3113/ind._06.2023_-_construcao_de_uma_praca_na_urbis_iv_2.docx", "ementa": "Constru\u00e7\u00e3o de uma pra\u00e7a na URBIS IV, Bairro Espirito Santo, ao lado da Unidade de Sa\u00fade da Fam\u00edlia Maximiliano, em frente \u00e0 Rua M."}, {"id": "3114", "ano": "2023", "numero": "7", "tipo__sigla": "IND", "tipo__descricao": "Indica\u00e7\u00e3o", "autoria": "Walmiral Pacheco Marinho Neto (Walmiral)", "texto_original": "http://sapl.jequie.ba.leg.br/media/sapl/public/materialegislativa/2023/3114/ind._07.2023_-_criacao_de_uma_unidade_da_guarda_florestal.doc", "ementa": "Realiza\u00e7\u00e3o de estudos para a cria\u00e7\u00e3o, dentro do quadro da Guarda Municipal, de uma Unidade da Guarda Florestal, a fim de realizar a fiscaliza\u00e7\u00e3o e vigil\u00e2ncia do meio ambiente no munic\u00edpio de Jequi\u00e9."}, {"id": "3115", "ano": "2023", "numero": "8", "tipo__sigla": "IND", "tipo__descricao": "Indica\u00e7\u00e3o", "autoria": "Ivan de Oliveira Santos (Ivan do Leite)", "texto_original": "http://sapl.jequie.ba.leg.br/media/sapl/public/materialegislativa/2023/3115/ind._08.2023_-_construcao_de_uma_praca_no_pompilio_sampaio.doc", "ementa": "Constru\u00e7\u00e3o de uma pra\u00e7a, dotada de parque infantil, academia ao ar livre e quiosque entre as art\u00e9rias Rua Erotildes Soares e Rua Everaldo Santos, localizadas na entrada do bairro do Pomp\u00edlio Sampaio."}, {"id": "3116", "ano": "2023", "numero": "9", "tipo__sigla": "IND", "tipo__descricao": "Indica\u00e7\u00e3o", "autoria": "BUI BULH\u00d5ES", "texto_original": "http://sapl.jequie.ba.leg.br/media/sapl/public/materialegislativa/2023/3116/ind._09.2023_-_patrolamento_e_cascalhamento_das_estradas_vicinais_de_florestal.doc", "ementa": "Patrolamento e Cascalhamento das estradas vicinais do Distrito de Florestal, na regi\u00e3o do Santo Ant\u00f4nio, Autan\u00e1sia e Boqueir\u00e3o de Florestal."}, {"id": "3117", "ano": "2023", "numero": "10", "tipo__sigla": "IND", "tipo__descricao": "Indica\u00e7\u00e3o", "autoria": "BUI BULH\u00d5ES", "texto_original": "http://sapl.jequie.ba.leg.br/media/sapl/public/materialegislativa/2023/3117/ind._10.2023_-_patrolamento_e_cascalhamento_de_morro_verde.doc", "ementa": "Patrolamento e cascalhamento das estradas vicinais do Povoado de Morro Verde."}, {"id": "3119", "ano": "2023", "numero": "12", "tipo__sigla": "IND", "tipo__descricao": "Indica\u00e7\u00e3o", "autoria": "Ivan de Oliveira Santos (Ivan do Leite)", "texto_original": "http://sapl.jequie.ba.leg.br/media/sapl/public/materialegislativa/2023/3119/ind._12.2023_-_pavimentacao_rua_adriao_borge_e_rua_dr._antonio_astolfo_-_pompilio_sampaio.doc", "ementa": "Pavimenta\u00e7\u00e3o asf\u00e1ltica das Ruas Adri\u00e3o Borges e Doutor Ant\u00f4nio Astolfo, localizadas no Bairro do Pomp\u00edlio Sampaio."}, {"id": "3120", "ano": "2023", "numero": "13", "tipo__sigla": "IND", "tipo__descricao": "Indica\u00e7\u00e3o", "autoria": "PROFESSORA CIDA", "texto_original": "http://sapl.jequie.ba.leg.br/media/sapl/public/materialegislativa/2023/3120/ind._13.2023_-_revitalizacao_da_creche_juju_borges_e_da_praca_do_bom_sossego.docx", "ementa": "Revitaliza\u00e7\u00e3o da Creche Juju Borges, e da pra\u00e7a  localizada em frente \u00e0 referida creche, na Rua Amazonas, Loteamento Bom Sossego."}, {"id": "3121", "ano": "2023", "numero": "14", "tipo__sigla": "IND", "tipo__descricao": "Indica\u00e7\u00e3o", "autoria": "Ivan de Oliveira Santos (Ivan do Leite)", "texto_original": "http://sapl.jequie.ba.leg.br/media/sapl/public/materialegislativa/2023/3121/ind._14.2023_-_construcao_de_uma_creche_no_bairro_pompilio_sampaio_sampaio.doc", "ementa": "Constru\u00e7\u00e3o de uma creche no bairro Pomp\u00edlio Sampaio."}, {"id": "3123", "ano": "2023", "numero": "16", "tipo__sigla": "IND", "tipo__descricao": "Indica\u00e7\u00e3o", "autoria": "PROFESSORA CIDA", "texto_original": "http://sapl.jequie.ba.leg.br/media/sapl/public/materialegislativa/2023/3123/ind._16.2023_-_instalacao_de_ubs_no_tropical.docx", "ementa": "Constru\u00e7\u00e3o de uma Unidade B\u00e1sica de Sa\u00fade (UBS) no Loteamento Jardim Tropical, bairro Jequiezinho,"}, {"id": "3125", "ano": "2023", "numero": "17", "tipo__sigla": "IND", "tipo__descricao": "Indica\u00e7\u00e3o", "autoria": "Walmiral Pacheco Marinho Neto (Walmiral)", "texto_original": "http://sapl.jequie.ba.leg.br/media/sapl/public/materialegislativa/2023/3125/ind.17.2023_-_aquisicao_de_uma_ambulancia....doc", "ementa": "Aquisi\u00e7\u00e3o de uma ambul\u00e2ncia totalmente equipada para atender o Distrito de Itajuru."}, {"id": "3126", "ano": "2023", "numero": "18", "tipo__sigla": "IND", "tipo__descricao": "Indica\u00e7\u00e3o", "autoria": "Ivan de Oliveira Santos (Ivan do Leite)", "texto_original": "http://sapl.jequie.ba.leg.br/media/sapl/public/materialegislativa/2023/3126/ind._18.2023_-_construcao_de_um_ponto_de_onibus_no_percurso_bairro_pompilio_sampaio_e_amaralina.doc", "ementa": "Constru\u00e7\u00e3o de ponto de \u00f4nibus no percurso dos bairro Pompilio Sampaio, Loteamento Amaralina e pr\u00f3ximo \u00e0 Santa Casa,"}, {"id": "3127", "ano": "2023", "numero": "19", "tipo__sigla": "IND", "tipo__descricao": "Indica\u00e7\u00e3o", "autoria": "PROFESSORA CIDA", "texto_original": "http://sapl.jequie.ba.leg.br/media/sapl/public/materialegislativa/2023/3127/ind._19.2023_-_construcao_de_uma_ubsf_no_loteamento_jardim_eldorado.docx", "ementa": "Constru\u00e7\u00e3o de uma UBSF -  Unidade B\u00e1sica de Sa\u00fade da Fam\u00edlia - para o Loteamento Jardim Eldorado, bairro do Jequiezinho."}, {"id": "3128", "ano": "2023", "numero": "20", "tipo__sigla": "IND", "tipo__descricao": "Indica\u00e7\u00e3o", "autoria": "GUTINHA", "texto_original": "http://sapl.jequie.ba.leg.br/media/sapl/public/materialegislativa/2023/3128/ind._20.2023_-_requalificacao_da_santa_luzia.doc", "ementa": "Requalifica\u00e7\u00e3o da Avenida Santa Luzia, localizada no bairro Joaquim Rom\u00e3o."}, {"id": "3129", "ano": "2023", "numero": "21", "tipo__sigla": "IND", "tipo__descricao": "Indica\u00e7\u00e3o", "autoria": "Walmiral Pacheco Marinho Neto (Walmiral)", "texto_original": "http://sapl.jequie.ba.leg.br/media/sapl/public/materialegislativa/2023/3129/ind._21.2023_-_reforma_geral_na_delegacia_de_florestal.doc", "ementa": "Realizar uma reforma geral na Delegacia do Distrito de Florestal."}, {"id": "3131", "ano": "2023", "numero": "23", "tipo__sigla": "IND", "tipo__descricao": "Indica\u00e7\u00e3o", "autoria": "GUTINHA", "texto_original": "http://sapl.jequie.ba.leg.br/media/sapl/public/materialegislativa/2023/3131/ind._23.2023_-_requalificacao_da_praca_joao_xxiii_-_joaquim_romao.doc", "ementa": "Requalifica\u00e7\u00e3o da Pra\u00e7a Jo\u00e3o Paulo XXIII, bem como instala\u00e7\u00e3o de parque infantil e academia ao ar livre, no bairro Joaquim Rom\u00e3o."}, {"id": "3132", "ano": "2023", "numero": "24", "tipo__sigla": "IND", "tipo__descricao": "Indica\u00e7\u00e3o", "autoria": "GUTINHA", "texto_original": "http://sapl.jequie.ba.leg.br/media/sapl/public/materialegislativa/2023/3132/ind._24.2023_-_requalificacao_da_lomanto_junior.doc", "ementa": "Requalifica\u00e7\u00e3o da Avenida Lomanto Junior, no bairro Joaquim Rom\u00e3o."}, {"id": "3133", "ano": "2023", "numero": "25", "tipo__sigla": "IND", "tipo__descricao": "Indica\u00e7\u00e3o", "autoria": "San David Pereira Arag\u00e3o (San)", "texto_original": "http://sapl.jequie.ba.leg.br/media/sapl/public/materialegislativa/2023/3133/ind._25.2023_-_inclusao_de_pagamento_de_pedagios_via_pix_nas_rodovias..docx", "ementa": "Implanta\u00e7\u00e3o de pagamentos via PIX, Cart\u00e3o de Cr\u00e9dito ou D\u00e9bito nos Ped\u00e1gios da Bahia."}, {"id": "3134", "ano": "2023", "numero": "26", "tipo__sigla": "IND", "tipo__descricao": "Indica\u00e7\u00e3o", "autoria": "San David Pereira Arag\u00e3o (San)", "texto_original": "http://sapl.jequie.ba.leg.br/media/sapl/public/materialegislativa/2023/3134/ind._26.2023_-_inclusao_de_jequie_como_cidade_para_realizacao_de__concursos_publicos_e_prova_da_oab..docx", "ementa": "Incluir o munic\u00edpio de Jequi\u00e9 na Bahia como cidade polo para aplica\u00e7\u00e3o das provas e realiza\u00e7\u00e3o dos certames."}, {"id": "3135", "ano": "2023", "numero": "27", "tipo__sigla": "IND", "tipo__descricao": "Indica\u00e7\u00e3o", "autoria": "SOLDADO GILVAN", "texto_original": "http://sapl.jequie.ba.leg.br/media/sapl/public/materialegislativa/2023/3135/ind._27.2023_-_construcao_de_uma_usf_nos_residenciais_caichoeirinha_i_ii_e_iii....doc", "ementa": "Constru\u00e7\u00e3o de um Posto de Sa\u00fade nos Residenciais Cachoeirinha I, II e III."}, {"id": "3136", "ano": "2023", "numero": "28", "tipo__sigla": "IND", "tipo__descricao": "Indica\u00e7\u00e3o", "autoria": "SOLDADO GILVAN", "texto_original": "http://sapl.jequie.ba.leg.br/media/sapl/public/materialegislativa/2023/3136/ind._28.2023_-_semaforo_na_avenida_lomanto_junior.doc", "ementa": "Sinaliza\u00e7\u00e3o Semaf\u00f3rica na interse\u00e7\u00e3o da Avenida Rio Branco com a Avenida Lomanto J\u00fanior, em frente ao Col\u00e9gio Professor Firmo Nunes de Oliveira, no bairro Joaquim Rom\u00e3o."}, {"id": "3139", "ano": "2023", "numero": "30", "tipo__sigla": "IND", "tipo__descricao": "Indica\u00e7\u00e3o", "autoria": "Joaquim Caires Rocha (Joaquim Caires)", "texto_original": "http://sapl.jequie.ba.leg.br/media/sapl/public/materialegislativa/2023/3139/ind._30.2023_-_concretagem_em_florestal.doc", "ementa": "Pavimenta\u00e7\u00e3o e concretagem no Distrito de Florestal."}, {"id": "3140", "ano": "2023", "numero": "31", "tipo__sigla": "IND", "tipo__descricao": "Indica\u00e7\u00e3o", "autoria": "Joaquim Caires Rocha (Joaquim Caires)", "texto_original": "http://sapl.jequie.ba.leg.br/media/sapl/public/materialegislativa/2023/3140/ind._31.2023_-_internet_banda_larga_em_florestal.doc", "ementa": "Instala\u00e7\u00e3o de Internet banda larga Anatel no Distrito de Florestal."}, {"id": "3141", "ano": "2023", "numero": "32", "tipo__sigla": "IND", "tipo__descricao": "Indica\u00e7\u00e3o", "autoria": "MOANA", "texto_original": "http://sapl.jequie.ba.leg.br/media/sapl/public/materialegislativa/2023/3141/ind._32.2023_-_instalacao_de_senhas_em.doc", "ementa": "Implanta\u00e7\u00e3o de senhas em chamada de voz para pessoas com defici\u00eancia visual em todas as Unidades B\u00e1sica de Sa\u00fade, UBS, do Munic\u00edpio de Jequi\u00e9."}, {"id": "3142", "ano": "2023", "numero": "33", "tipo__sigla": "IND", "tipo__descricao": "Indica\u00e7\u00e3o", "autoria": "MOANA", "texto_original": "http://sapl.jequie.ba.leg.br/media/sapl/public/materialegislativa/2023/3142/ind._33.2023_-_rua_folomena_barbosa_no_sunville.doc", "ementa": "Realizar a Pavimenta\u00e7\u00e3o Asf\u00e1ltica da Rua:  Filomena Barbosa de Oliveira, localizado no Loteamento Sunville."}, {"id": "3144", "ano": "2023", "numero": "35", "tipo__sigla": "IND", "tipo__descricao": "Indica\u00e7\u00e3o", "autoria": "ZIEL", "texto_original": "http://sapl.jequie.ba.leg.br/media/sapl/public/materialegislativa/2023/3144/ind._35.2023_-_acoes_para_a_mobilidade_urbana.doc", "ementa": "Elabora\u00e7\u00e3o e execu\u00e7\u00e3o de plano de a\u00e7\u00f5es que venham  garantir melhorias na mobilidade urbana de Jequi\u00e9."}, {"id": "3145", "ano": "2023", "numero": "36", "tipo__sigla": "IND", "tipo__descricao": "Indica\u00e7\u00e3o", "autoria": "ZIEL", "texto_original": "http://sapl.jequie.ba.leg.br/media/sapl/public/materialegislativa/2023/3145/ind._36.2023_-_pavimentacao_da_rua_da_linha_-_caixa_d_agua..doc", "ementa": "Pavimenta\u00e7\u00e3o asf\u00e1ltica da Rua da Linha, localizada no bairro Caixa D'\u00e1gua."}, {"id": "3146", "ano": "2023", "numero": "37", "tipo__sigla": "IND", "tipo__descricao": "Indica\u00e7\u00e3o", "autoria": "ZIEL", "texto_original": "http://sapl.jequie.ba.leg.br/media/sapl/public/materialegislativa/2023/3146/ind._37.2023_construcao_creche_para_atender_os_bairro_km_03_e_km_04..doc", "ementa": "Constru\u00e7\u00e3o de creche para atender aos moradores dos bairros Km 3 e Km 4."}, {"id": "3148", "ano": "2023", "numero": "38", "tipo__sigla": "IND", "tipo__descricao": "Indica\u00e7\u00e3o", "autoria": "COLORIDO", "texto_original": "http://sapl.jequie.ba.leg.br/media/sapl/public/materialegislativa/2023/3148/ind._38.2023_-_sistema_de_esgotamento_sanitario_no_loteamento_zibrune.docx", "ementa": "Estudos t\u00e9cnicos para implanta\u00e7\u00e3o do sistema de esgotamento sanit\u00e1rio no Loteamento Zibrune, no bairro Mandacaru, Jequi\u00e9 Bahia."}, {"id": "3149", "ano": "2023", "numero": "39", "tipo__sigla": "IND", "tipo__descricao": "Indica\u00e7\u00e3o", "autoria": "COLORIDO", "texto_original": "http://sapl.jequie.ba.leg.br/media/sapl/public/materialegislativa/2023/3149/ind._39.2023_-_reforma_da_praca_da_vila_vitoria.docx", "ementa": "A reforma da \u201cPra\u00e7a da Rua Vit\u00f3ria\u201d, no bairro Mandacaru."}, {"id": "3150", "ano": "2023", "numero": "40", "tipo__sigla": "IND", "tipo__descricao": "Indica\u00e7\u00e3o", "autoria": "COLORIDO", "texto_original": "http://sapl.jequie.ba.leg.br/media/sapl/public/materialegislativa/2023/3150/ind._40.2023_-_construcao_de_uma_praca_em_frente_ao_posto_aurelio_schiaretta.docx", "ementa": "Constru\u00e7\u00e3o de uma pra\u00e7a em frente ao Posto de Sa\u00fade Aur\u00e9lio Sciarretta, localizado no bairro Itaigara."}, {"id": "3153", "ano": "2023", "numero": "41", "tipo__sigla": "IND", "tipo__descricao": "Indica\u00e7\u00e3o", "autoria": "MARCINHO", "texto_original": "http://sapl.jequie.ba.leg.br/media/sapl/public/materialegislativa/2023/3153/ind._41.2023_-_revitalizacao_da_rua_antonio_de_jesus_pereira_e_da_avenida_de_acesso_-_parque_das_algarobas.docx", "ementa": "Constru\u00e7\u00e3o do sistema de drenagem e a pavimenta\u00e7\u00e3o asf\u00e1ltica da Rua Ant\u00f4nio de Jesus Pereira (de acesso ao SAMU e ao CIE), no Pomp\u00edlio Sampaio, e da Avenida de Acesso, no Parque das Algarobas."}, {"id": "3154", "ano": "2023", "numero": "42", "tipo__sigla": "IND", "tipo__descricao": "Indica\u00e7\u00e3o", "autoria": "MARCINHO", "texto_original": "http://sapl.jequie.ba.leg.br/media/sapl/public/materialegislativa/2023/3154/ind._42.2023_-_pavimentacao_e_drenagem_da_rua_joao_aguiar_adolfo_ribeiro_e_imbui.docx", "ementa": "Pavimenta\u00e7\u00e3o asf\u00e1ltica com sistema de drenagem da Rua Jo\u00e3o Aguiar Ribeiro (entre Avenida C\u00e9sar Borges e os bairros Mutir\u00e3o S\u00e3o Judas Tadeu e S\u00e3o Judas Tadeu); e da Rua Adolfo Ribeiro e Rua Imbu\u00ed (que fazem liga\u00e7\u00e3o entre os bairros S\u00e3o Judas Tadeu e Amaralina)."}, {"id": "3155", "ano": "2023", "numero": "43", "tipo__sigla": "IND", "tipo__descricao": "Indica\u00e7\u00e3o", "autoria": "Jo\u00e3o Paulo Fernandes Silva (JP)", "texto_original": "http://sapl.jequie.ba.leg.br/media/sapl/public/materialegislativa/2023/3155/ind._43.2023_-_pavimentacao_rua_c.doc", "ementa": "Solicitando o atendimento da Indica\u00e7\u00e3o 21/2022 que reivindica a pavimenta\u00e7\u00e3o asf\u00e1ltica da Rua C, localizada no Loteamento Vicente Grillo,  bairro Jequiezinho."}, {"id": "3156", "ano": "2023", "numero": "44", "tipo__sigla": "IND", "tipo__descricao": "Indica\u00e7\u00e3o", "autoria": "RAMON FERNANDES", "texto_original": "http://sapl.jequie.ba.leg.br/media/sapl/public/materialegislativa/2023/3156/ind._44.2023_-_reforma_do_campo_de_futebol.doc", "ementa": "Constru\u00e7\u00e3o do vesti\u00e1rio, alambrados e ilumina\u00e7\u00e3o do Campo de Futebol do KM 4."}, {"id": "3157", "ano": "2023", "numero": "45", "tipo__sigla": "IND", "tipo__descricao": "Indica\u00e7\u00e3o", "autoria": "Jo\u00e3o Paulo Fernandes Silva (JP)", "texto_original": "http://sapl.jequie.ba.leg.br/media/sapl/public/materialegislativa/2023/3157/ind._45.2023_-_criacao_de_um_centro_de_lupus_e_fibromialgia.doc", "ementa": "Cria\u00e7\u00e3o de um Programa Municipal para Cuidados Multidisciplinar para as pessoas com Fibromialgia e L\u00fapus"}, {"id": "3160", "ano": "2023", "numero": "48", "tipo__sigla": "IND", "tipo__descricao": "Indica\u00e7\u00e3o", "autoria": "Jo\u00e3o Paulo Fernandes Silva (JP)", "texto_original": "http://sapl.jequie.ba.leg.br/media/sapl/public/materialegislativa/2023/3160/ind._48.2023_-_instalacao_de_um_centro_de_diagnostico_de_imagem_municipal_voltados_para_a_colonoscopia_e_endoscopia.docx", "ementa": "Constru\u00e7\u00e3o de um Centro de Diagn\u00f3stico voltado para a realiza\u00e7\u00e3o dos exames de Colonoscopia e Endoscopia Digestiva, para o Munic\u00edpio de Jequi\u00e9."}, {"id": "3161", "ano": "2023", "numero": "49", "tipo__sigla": "IND", "tipo__descricao": "Indica\u00e7\u00e3o", "autoria": "J\u00daNIOR BRAGA", "texto_original": "http://sapl.jequie.ba.leg.br/media/sapl/public/materialegislativa/2023/3161/ind._49.2023_-_pavimentacao_rua_bolivar_reis_e_travessa_bolivar_reis.docx", "ementa": "Pavimenta\u00e7\u00e3o da Rua Bol\u00edvar Reis, da Travessa Bol\u00edvar Reis e da Rua Canteiro da Coelba, todas localizadas no bairro Km3."}, {"id": "3162", "ano": "2023", "numero": "50", "tipo__sigla": "IND", "tipo__descricao": "Indica\u00e7\u00e3o", "autoria": "MARCINHO", "texto_original": "http://sapl.jequie.ba.leg.br/media/sapl/public/materialegislativa/2023/3162/ind._50.2023_-_pavimentacao_de_ruas_do_loteamento_vila_aeroporto.docx", "ementa": "Pavimenta\u00e7\u00e3o asf\u00e1ltica com sistema de drenagem das seguintes vias: Rua Elion\u00e1rio Cafezeiro, Rua Odilon Cafezeiro e Rua Elizabeth Magalh\u00e3es, no Loteamento Vila Aeroporto, bairro Jequiezinho."}, {"id": "3163", "ano": "2023", "numero": "51", "tipo__sigla": "IND", "tipo__descricao": "Indica\u00e7\u00e3o", "autoria": "Jo\u00e3o Paulo Fernandes Silva (JP)", "texto_original": "http://sapl.jequie.ba.leg.br/media/sapl/public/materialegislativa/2023/3163/ind._51.2023_-_construcao_de_uma_praca_no_loteamento_morada_do_parque.doc", "ementa": "Constru\u00e7\u00e3o de uma pra\u00e7a no Loteamento Moradas do Parque."}, {"id": "3164", "ano": "2023", "numero": "52", "tipo__sigla": "IND", "tipo__descricao": "Indica\u00e7\u00e3o", "autoria": "MARCINHO", "texto_original": "http://sapl.jequie.ba.leg.br/media/sapl/public/materialegislativa/2023/3164/ind._52.2023_-_liberacao_de_escrituras_no_mutirao_sao_judas_tadeu.docx", "ementa": "Entrega das escrituras das resid\u00eancias do Mutir\u00e3o S\u00e3o Judas Tadeu."}, {"id": "3167", "ano": "2023", "numero": "53", "tipo__sigla": "IND", "tipo__descricao": "Indica\u00e7\u00e3o", "autoria": "TINHO", "texto_original": "http://sapl.jequie.ba.leg.br/media/sapl/public/materialegislativa/2023/3167/ind._53.2023_-_recuperacao_das_estradas_vicinais_dos_povoados_de_santa_clara_santa_rita_e_jiboinha.docx", "ementa": "Imediata recupera\u00e7\u00e3o das estradas vicinais dos Povoados que ligam Santa Clara, Santa Rita e Jiboinha, na regi\u00e3o da Caatinga, Munic\u00edpio de Jequi\u00e9."}, {"id": "3168", "ano": "2023", "numero": "54", "tipo__sigla": "IND", "tipo__descricao": "Indica\u00e7\u00e3o", "autoria": "TINHO", "texto_original": "http://sapl.jequie.ba.leg.br/media/sapl/public/materialegislativa/2023/3168/ind._54.2023_-_construcao_de_campo_de_futebol_society.docx", "ementa": "Constru\u00e7\u00e3o de um Campo de Futebol 7, com grama sint\u00e9tica, alambrado em volta do campo e refletores, e ainda com academia ao lado na Urbis IV, bairro Espirito Santo, na Pra\u00e7a Desembargador M\u00e1rio Albiane, em frente as Igrejas Adventista e Wesleyana."}, {"id": "3169", "ano": "2023", "numero": "55", "tipo__sigla": "IND", "tipo__descricao": "Indica\u00e7\u00e3o", "autoria": "GUTINHA", "texto_original": "http://sapl.jequie.ba.leg.br/media/sapl/public/materialegislativa/2023/3169/ind._55.2023_-_praca_em_santa_clara.doc", "ementa": "Constru\u00e7\u00e3o de uma pra\u00e7a no Distrito de Santa Rita, bem como a implanta\u00e7\u00e3o de um parque infantil e academia ao ar livre naquele distrito."}, {"id": "3170", "ano": "2023", "numero": "56", "tipo__sigla": "IND", "tipo__descricao": "Indica\u00e7\u00e3o", "autoria": "GUTINHA", "texto_original": "http://sapl.jequie.ba.leg.br/media/sapl/public/materialegislativa/2023/3170/ind._56.2023_-_revitalizacao_da_passarela.docx", "ementa": "Revitaliza\u00e7\u00e3o e moderniza\u00e7\u00e3o da passarela que liga o bairro Joaquim Rom\u00e3o (Argemiro Melo) ao Distrito Industrial de Jequi\u00e9."}, {"id": "3171", "ano": "2023", "numero": "57", "tipo__sigla": "IND", "tipo__descricao": "Indica\u00e7\u00e3o", "autoria": "DUDA SIM\u00d5ES", "texto_original": "http://sapl.jequie.ba.leg.br/media/sapl/public/materialegislativa/2023/3171/ind._57.2023_-_posto_de_saude_em_nova_esperacna.doc", "ementa": "Constru\u00e7\u00e3o de um novo Posto de Sa\u00fade, no Distrito de Nova Esperan\u00e7a."}, {"id": "3172", "ano": "2023", "numero": "58", "tipo__sigla": "IND", "tipo__descricao": "Indica\u00e7\u00e3o", "autoria": "DUDA SIM\u00d5ES", "texto_original": "http://sapl.jequie.ba.leg.br/media/sapl/public/materialegislativa/2023/3172/ind._58.2023_-_instalacao_de_tratamento_de_agua_potavel_na_barragem_da_pedra.doc", "ementa": "Instala\u00e7\u00e3o da esta\u00e7\u00e3o de abastecimento de \u00e1gua pot\u00e1vel para o Povoado da Barragem da Pedra."}, {"id": "3175", "ano": "2023", "numero": "59", "tipo__sigla": "IND", "tipo__descricao": "Indica\u00e7\u00e3o", "autoria": "SOLDADO GILVAN", "texto_original": "http://sapl.jequie.ba.leg.br/media/sapl/public/materialegislativa/2023/3175/ind._59.2023_-_instalacao_de_uma_praca_da_ciencia_em_jequie.doc", "ementa": "Contemplar o Munic\u00edpio de Jequi\u00e9 com o Projeto Pra\u00e7a da Ci\u00eancia."}, {"id": "3176", "ano": "2023", "numero": "60", "tipo__sigla": "IND", "tipo__descricao": "Indica\u00e7\u00e3o", "autoria": "MOANA", "texto_original": "http://sapl.jequie.ba.leg.br/media/sapl/public/materialegislativa/2023/3176/ind._60.2023_-_realizacao_de_exame_bera_em_nosso_municpio.doc", "ementa": "Disponibilizar \u00e0 comunidade jequieense a realiza\u00e7\u00e3o do exame BERA, indicado principalmente para avaliar o desenvolvimento e a resposta auditiva de crian\u00e7as, rec\u00e9m-nascidos prematuros, crian\u00e7as autistas ou com altera\u00e7\u00f5es gen\u00e9ticas, como por exemplo a S\u00edndrome de Down."}, {"id": "3177", "ano": "2023", "numero": "61", "tipo__sigla": "IND", "tipo__descricao": "Indica\u00e7\u00e3o", "autoria": "GUTINHA", "texto_original": "http://sapl.jequie.ba.leg.br/media/sapl/public/materialegislativa/2023/3177/ind._61.2023_-_melhorias_para_a_rua_antonio_brandao.doc", "ementa": "A pavimenta\u00e7\u00e3o asf\u00e1ltica e melhorias para a Rua Ant\u00f4nio Brand\u00e3o, no bairro Jequiezinho."}, {"id": "3178", "ano": "2023", "numero": "62", "tipo__sigla": "IND", "tipo__descricao": "Indica\u00e7\u00e3o", "autoria": "J\u00daNIOR BRAGA", "texto_original": "http://sapl.jequie.ba.leg.br/media/sapl/public/materialegislativa/2023/3178/ind._62.2023_-_pavimentacao_de_vias.docx", "ementa": "Pavimenta\u00e7\u00e3o das seguintes art\u00e9rias: Rua Bom Sossego, Rua S\u00e3o Jos\u00e9 e 2\u00aa Travessa Laranjeiras, todas localizadas no bairro Km3."}, {"id": "3179", "ano": "2023", "numero": "63", "tipo__sigla": "IND", "tipo__descricao": "Indica\u00e7\u00e3o", "autoria": "J\u00daNIOR BRAGA", "texto_original": "http://sapl.jequie.ba.leg.br/media/sapl/public/materialegislativa/2023/3179/ind._63.2023_-_pavimentacao_de_vias_do_km_03.docx", "ementa": "Pavimenta\u00e7\u00e3o das seguintes art\u00e9rias: Rua Jo\u00e3o Ferreira dos Santos, 2\u00aa Travessa da Luz e Rua Viriato, todas localizadas no bairro Km3."}, {"id": "3182", "ano": "2023", "numero": "65", "tipo__sigla": "IND", "tipo__descricao": "Indica\u00e7\u00e3o", "autoria": "PROFESSORA CIDA", "texto_original": "http://sapl.jequie.ba.leg.br/media/sapl/public/materialegislativa/2023/3182/ind._65.2023_-_reivindicacoes_para_a_vila_rodoviaria.docx", "ementa": "Rede de Esgotamento Sanit\u00e1rio da Vila Rodovi\u00e1ria, e t\u00e3o logo a pavimenta\u00e7\u00e3o asf\u00e1ltica da Rua 1, Rua 2 e da Rua 3, bairro Jequiezinho, nesta cidade."}, {"id": "3183", "ano": "2023", "numero": "66", "tipo__sigla": "IND", "tipo__descricao": "Indica\u00e7\u00e3o", "autoria": "PROFESSORA CIDA", "texto_original": "http://sapl.jequie.ba.leg.br/media/sapl/public/materialegislativa/2023/3183/ind._66.2023-_pavimentacao_da_rua_alves_cardoso.docx", "ementa": "pavimenta\u00e7\u00e3o da Rua Alves Cardoso."}, {"id": "3184", "ano": "2023", "numero": "67", "tipo__sigla": "IND", "tipo__descricao": "Indica\u00e7\u00e3o", "autoria": "PROFESSORA CIDA", "texto_original": "http://sapl.jequie.ba.leg.br/media/sapl/public/materialegislativa/2023/3184/ind._67.2023_-_pavimentacao_da_pres._vargas_e_adjacencias.docx", "ementa": "Pavimenta\u00e7\u00e3o com massa asf\u00e1ltica da Av. Presidente Vargas, CEP 45.208-189; da Rua Carlota S\u00e1 e da Rua Mong\u00f3is, todas localizadas no bairro Jequiezinho."}, {"id": "3185", "ano": "2023", "numero": "68", "tipo__sigla": "IND", "tipo__descricao": "Indica\u00e7\u00e3o", "autoria": "Walmiral Pacheco Marinho Neto (Walmiral)", "texto_original": "http://sapl.jequie.ba.leg.br/media/sapl/public/materialegislativa/2023/3185/ind._68.2023_-_iluminacao_dos_trevos.doc", "ementa": "Implanta\u00e7\u00e3o do sistema de ilumina\u00e7\u00e3o nos trevos que d\u00e3o acesso ao Povoado da Fazenda Velha, trevo do Semianel Rodovi\u00e1rio que d\u00e1 acesso ao Distrito de Florestal e no trevo da BR-330 que d\u00e1 acesso ao Distrito de Itajuru."}, {"id": "3186", "ano": "2023", "numero": "69", "tipo__sigla": "IND", "tipo__descricao": "Indica\u00e7\u00e3o", "autoria": "Walmiral Pacheco Marinho Neto (Walmiral)", "texto_original": "http://sapl.jequie.ba.leg.br/media/sapl/public/materialegislativa/2023/3186/ind._69.2023_-_iluminacao_de_led....doc", "ementa": "Ilumina\u00e7\u00e3o de LED nos Povoados do Emiliano, de Tamarindo e do Campo Largo."}, {"id": "3187", "ano": "2023", "numero": "70", "tipo__sigla": "IND", "tipo__descricao": "Indica\u00e7\u00e3o", "autoria": "DUDA SIM\u00d5ES", "texto_original": "http://sapl.jequie.ba.leg.br/media/sapl/public/materialegislativa/2023/3187/ind._70.2023_-_quadra_da_barragem_de_pedras.doc", "ementa": "Reforma da quadra poliesportiva do Povoado da Barragem de Pedras."}, {"id": "3194", "ano": "2023", "numero": "71", "tipo__sigla": "IND", "tipo__descricao": "Indica\u00e7\u00e3o", "autoria": "Jo\u00e3o Paulo Fernandes Silva (JP)", "texto_original": "http://sapl.jequie.ba.leg.br/media/sapl/public/materialegislativa/2023/3194/ind._71.2023_-_loteamento_mirassol.doc", "ementa": "No sentido de atender a indica\u00e7\u00e3o 485/2021, referente \u00e0 pavimenta\u00e7\u00e3o asf\u00e1ltica da Rua A, Rua B e Rua C, todas localizadas no Loteamento Mirassol, bairro Jequiezinho."}, {"id": "3196", "ano": "2023", "numero": "73", "tipo__sigla": "IND", "tipo__descricao": "Indica\u00e7\u00e3o", "autoria": "Jo\u00e3o Paulo Fernandes Silva (JP)", "texto_original": "http://sapl.jequie.ba.leg.br/media/sapl/public/materialegislativa/2023/3196/ind._73.2023_-_pavimentacao_de_vias_do_loteamento_senhor_do_bonfim..doc", "ementa": "Pavimenta\u00e7\u00e3o asf\u00e1ltica da Rua A, Rua B e Rua C, todas localizadas no Loteamento Senhor do Bonfim, bairro Jequiezinho."}, {"id": "3198", "ano": "2023", "numero": "74", "tipo__sigla": "IND", "tipo__descricao": "Indica\u00e7\u00e3o", "autoria": "ZIEL", "texto_original": "http://sapl.jequie.ba.leg.br/media/sapl/public/materialegislativa/2023/3198/ind._74.2023_-_reaquelificacao_de_vias_proximas_a_rodoviaria.doc", "ementa": "Requalifica\u00e7\u00e3o total do amplo espa\u00e7o existente entre a Avenida Santa Luzia, Rio Branco e Lomanto J\u00fanior, que limita ao fundo com a \u00e1rea de embarque e desembarque do Terminal Rodovi\u00e1rio de Jequi\u00e9."}, {"id": "3199", "ano": "2023", "numero": "75", "tipo__sigla": "IND", "tipo__descricao": "Indica\u00e7\u00e3o", "autoria": "ZIEL", "texto_original": "http://sapl.jequie.ba.leg.br/media/sapl/public/materialegislativa/2023/3199/ind._75.2023_-_instalacao_de_rede_de_internet_wi-fi.doc", "ementa": "Instala\u00e7\u00e3o de Rede de Internet Wi-fi aberta na Pra\u00e7a Rui Barbosa (Centro), na Pra\u00e7a Duque de Caxias (Jequiezinho), e Pra\u00e7a Papa Jo\u00e3o XXIII (em frente \u00e0 Rodovi\u00e1ria)."}, {"id": "3201", "ano": "2023", "numero": "76", "tipo__sigla": "IND", "tipo__descricao": "Indica\u00e7\u00e3o", "autoria": "SOLDADO GILVAN", "texto_original": "http://sapl.jequie.ba.leg.br/media/sapl/public/materialegislativa/2023/3201/ind._76.2023_-_cascalhamento_e_patrolamento_das_estradas_vicinais_do_povoado_emiliano_i_ii_e_iii.doc", "ementa": "Patrolamento e cascalhamento das estradas vicinais do Povoado Emiliano I, II e III."}, {"id": "3202", "ano": "2023", "numero": "77", "tipo__sigla": "IND", "tipo__descricao": "Indica\u00e7\u00e3o", "autoria": "SOLDADO GILVAN", "texto_original": "http://sapl.jequie.ba.leg.br/media/sapl/public/materialegislativa/2023/3202/ind._77.2023_-_reforma_do_posto_do_emiliano.doc", "ementa": "Reforma do Posto de Sa\u00fade do Povoado do Emiliano."}, {"id": "3203", "ano": "2023", "numero": "78", "tipo__sigla": "IND", "tipo__descricao": "Indica\u00e7\u00e3o", "autoria": "GUTINHA", "texto_original": "http://sapl.jequie.ba.leg.br/media/sapl/public/materialegislativa/2023/3203/ind._78.2023_-_requalificacao_da_rua_candinha_barreto.doc", "ementa": "Requalifica\u00e7\u00e3o e moderniza\u00e7\u00e3o de toda a Rua Candinha Barreto, no bairro Jequiezinho, bem como uma reestrutura\u00e7\u00e3o no canteiro central que a divide."}, {"id": "3204", "ano": "2023", "numero": "79", "tipo__sigla": "IND", "tipo__descricao": "Indica\u00e7\u00e3o", "autoria": "MOANA", "texto_original": "http://sapl.jequie.ba.leg.br/media/sapl/public/materialegislativa/2023/3204/ind._79.2023_-_pavimentacao_de_ruas_do_santa_luz.doc", "ementa": "Pavimenta\u00e7\u00e3o Asf\u00e1ltica das seguintes art\u00e9rias: Rua Major Ralf; Rua Jos\u00e9 Fernandes Oliveira, antiga Rua D; e da Travessa Ernane Ribeiro Oliveira, antiga Rua E."}, {"id": "3206", "ano": "2023", "numero": "81", "tipo__sigla": "IND", "tipo__descricao": "Indica\u00e7\u00e3o", "autoria": "MOANA", "texto_original": "http://sapl.jequie.ba.leg.br/media/sapl/public/materialegislativa/2023/3206/ind._81.2023_-_passagem_elevada_proximo_a_igreja_batista_betania.doc", "ementa": "Instala\u00e7\u00e3o de um redutor de velocidade tipo passagem elevada em frente \u00e0 Igreja Batista Bet\u00e2nia, na Avenida Governador Lomanto J\u00fanior, bairro Joaquim Rom\u00e3o."}, {"id": "3207", "ano": "2023", "numero": "82", "tipo__sigla": "IND", "tipo__descricao": "Indica\u00e7\u00e3o", "autoria": "GUTINHA", "texto_original": "http://sapl.jequie.ba.leg.br/media/sapl/public/materialegislativa/2023/3207/ind._82.2023_-_rua_catulo_da_paixao_cereanse.doc", "ementa": "Requalifica\u00e7\u00e3o e moderniza\u00e7\u00e3o de toda a extens\u00e3o da Rua Catulo da Paix\u00e3o Cearense, no bairro do Jequiezinho, bem como do canteiro central que a divide."}, {"id": "3208", "ano": "2023", "numero": "83", "tipo__sigla": "IND", "tipo__descricao": "Indica\u00e7\u00e3o", "autoria": "SOLDADO GILVAN", "texto_original": "http://sapl.jequie.ba.leg.br/media/sapl/public/materialegislativa/2023/3208/ind._83.2023_-_construcao_de_um_novo_cemiterio_municipal_em_jequie.doc", "ementa": "Constru\u00e7\u00e3o de um no Cemit\u00e9rio P\u00fablico Municipal em Jequi\u00e9."}, {"id": "3209", "ano": "2023", "numero": "84", "tipo__sigla": "IND", "tipo__descricao": "Indica\u00e7\u00e3o", "autoria": "Sidney Magal Rodrigues de Souza (Sidney Magal)", "texto_original": "http://sapl.jequie.ba.leg.br/media/sapl/public/materialegislativa/2023/3209/ind._84.2023_-_instalacao_de_academia_ao_ar_livre_na_praca_do_bom_sossego.docx", "ementa": "Instala\u00e7\u00e3o de academia ao ar livre na pra\u00e7a do Loteamento Bom Sossego."}, {"id": "3211", "ano": "2023", "numero": "86", "tipo__sigla": "IND", "tipo__descricao": "Indica\u00e7\u00e3o", "autoria": "Sidney Magal Rodrigues de Souza (Sidney Magal)", "texto_original": "http://sapl.jequie.ba.leg.br/media/sapl/public/materialegislativa/2023/3211/ind._86.2023_-_construcao_de_guarda-corpos_na_avenida_cesar_borges.docx", "ementa": "Constru\u00e7\u00e3o de guarda-corpos em toda a extens\u00e3o da Avenida C\u00e9sar Borges, nos dois sentidos."}, {"id": "3212", "ano": "2023", "numero": "87", "tipo__sigla": "IND", "tipo__descricao": "Indica\u00e7\u00e3o", "autoria": "Joaquim Caires Rocha (Joaquim Caires)", "texto_original": "http://sapl.jequie.ba.leg.br/media/sapl/public/materialegislativa/2023/3212/ind._87.2023_-_ambulancia_para_florestal.doc", "ementa": "Aquisi\u00e7\u00e3o de uma ambul\u00e2ncia para o Distrito de Florestal."}, {"id": "3215", "ano": "2023", "numero": "88", "tipo__sigla": "IND", "tipo__descricao": "Indica\u00e7\u00e3o", "autoria": "BUI BULH\u00d5ES", "texto_original": "http://sapl.jequie.ba.leg.br/media/sapl/public/materialegislativa/2023/3215/ind._88.2023_-_isencao_de_iptu_e_alvara_para_cidadao_atingidos_pela_chuva.doc", "ementa": "Isen\u00e7\u00e3o de IPTU e ALVAR\u00c1 do ano corrente para os mun\u00edcipes que tiveram suas casas e/ou estabelecimentos comerciais atingidos pelas \u00e1guas pluviais que acometeram este munic\u00edpio em dezembro de 2022."}, {"id": "3217", "ano": "2023", "numero": "90", "tipo__sigla": "IND", "tipo__descricao": "Indica\u00e7\u00e3o", "autoria": "COLORIDO", "texto_original": "http://sapl.jequie.ba.leg.br/media/sapl/public/materialegislativa/2023/3217/ind._90.2023_-_asfaltamento_na_entrada_do_beira_rio.docx", "ementa": "Asfaltamento da entrada do Conjunto Habitacional Beira Rio, situado no bairro Cidade Nova."}, {"id": "3218", "ano": "2023", "numero": "91", "tipo__sigla": "IND", "tipo__descricao": "Indica\u00e7\u00e3o", "autoria": "COLORIDO", "texto_original": "http://sapl.jequie.ba.leg.br/media/sapl/public/materialegislativa/2023/3218/ind._91.2023_-_praca_no_distrito_de_nova_esperanca.docx", "ementa": "Constru\u00e7\u00e3o de uma pra\u00e7a p\u00fablica com \u00e1rea de lazer, dotada de parque infantil e academia ao ar livre  no Distrito de Nova Esperan\u00e7a."}, {"id": "3219", "ano": "2023", "numero": "92", "tipo__sigla": "IND", "tipo__descricao": "Indica\u00e7\u00e3o", "autoria": "MOANA", "texto_original": "http://sapl.jequie.ba.leg.br/media/sapl/public/materialegislativa/2023/3219/ind._92.2023_-_sinal_sonoro_para_deficientes_fisicos_correta.docx", "ementa": "Instala\u00e7\u00e3o de sinal sonoro nos sem\u00e1foros da cidade, permitindo \u00e0s pessoas com defici\u00eancias  visuais mais seguran\u00e7a em seus deslocamentos."}, {"id": "3220", "ano": "2023", "numero": "93", "tipo__sigla": "IND", "tipo__descricao": "Indica\u00e7\u00e3o", "autoria": "Sidney Magal Rodrigues de Souza (Sidney Magal)", "texto_original": "http://sapl.jequie.ba.leg.br/media/sapl/public/materialegislativa/2023/3220/ind._93.2023_-_pavimentacao_da_rua_8_do_loteamento_eldorado..docx", "ementa": "Pavimenta\u00e7\u00e3o asf\u00e1ltica da Rua 8, localizada no Loteamento Jardim Eldorado."}, {"id": "3221", "ano": "2023", "numero": "94", "tipo__sigla": "IND", "tipo__descricao": "Indica\u00e7\u00e3o", "autoria": "MARCOS DO OVO", "texto_original": "http://sapl.jequie.ba.leg.br/media/sapl/public/materialegislativa/2023/3221/ind._94.2023_-_limpeza_dos_canais_pluvias_do_jequiezinho.docx", "ementa": "Limpeza dos canais pluviais do bairro Jequiezinho."}, {"id": "3222", "ano": "2023", "numero": "95", "tipo__sigla": "IND", "tipo__descricao": "Indica\u00e7\u00e3o", "autoria": "MARCOS DO OVO", "texto_original": "http://sapl.jequie.ba.leg.br/media/sapl/public/materialegislativa/2023/3222/ind._95.2023_-_reforma_do_posto_padre_hilario_terrossi.docx", "ementa": "Reforma da USF Padre Hilario Terrossi,  localizada na Rua Esp\u00edrito Santo, bairro \u00c1gua Branca."}, {"id": "3223", "ano": "2023", "numero": "96", "tipo__sigla": "IND", "tipo__descricao": "Indica\u00e7\u00e3o", "autoria": "MARCOS DO OVO", "texto_original": "http://sapl.jequie.ba.leg.br/media/sapl/public/materialegislativa/2023/3223/ind._96.2023_-_reforma_da_praca_do_joaquim_romao.docx", "ementa": "Reforma e moderniza\u00e7\u00e3o da Pra\u00e7a Manoel Borges de Souza, conhecida popularmente como \u201cCampo do Cururu\u201d, no bairro Joaquim Rom\u00e3o."}, {"id": "3224", "ano": "2023", "numero": "97", "tipo__sigla": "IND", "tipo__descricao": "Indica\u00e7\u00e3o", "autoria": "TINHO", "texto_original": "http://sapl.jequie.ba.leg.br/media/sapl/public/materialegislativa/2023/3224/ind._97.2023_-_construcao_de_um_posto_de_saude_no_povoado_de_barrinha.docx", "ementa": "Constru\u00eddo um Posto de Sa\u00fade no Povoado da Barrinha."}, {"id": "3225", "ano": "2023", "numero": "98", "tipo__sigla": "IND", "tipo__descricao": "Indica\u00e7\u00e3o", "autoria": "TINHO", "texto_original": "http://sapl.jequie.ba.leg.br/media/sapl/public/materialegislativa/2023/3225/ind._98.2023_-_posto_de_saude_de_santa_clara.docx", "ementa": "Reforma do posto de sa\u00fade no Povoado de Santa Clara, localizada na regi\u00e3o da Caatinga de Jequi\u00e9."}, {"id": "3227", "ano": "2023", "numero": "99", "tipo__sigla": "IND", "tipo__descricao": "Indica\u00e7\u00e3o", "autoria": "Ivan de Oliveira Santos (Ivan do Leite)", "texto_original": "http://sapl.jequie.ba.leg.br/media/sapl/public/materialegislativa/2023/3227/ind._99.2023_-_pompilio_sampaio.doc", "ementa": "A conclus\u00e3o de um canal de \u00e1guas pluviais no bairro Pomp\u00edlio Sampaio."}, {"id": "3228", "ano": "2023", "numero": "100", "tipo__sigla": "IND", "tipo__descricao": "Indica\u00e7\u00e3o", "autoria": "Ivan de Oliveira Santos (Ivan do Leite)", "texto_original": "http://sapl.jequie.ba.leg.br/media/sapl/public/materialegislativa/2023/3228/ind._100.2023_construcao_de_quadra_pompilio_sampaio.docm", "ementa": "Constru\u00e7\u00e3o de uma quadra poliesportiva no bairro Pomp\u00edlio Sampaio."}, {"id": "3230", "ano": "2023", "numero": "101", "tipo__sigla": "IND", "tipo__descricao": "Indica\u00e7\u00e3o", "autoria": "MARCINHO", "texto_original": "http://sapl.jequie.ba.leg.br/media/sapl/public/materialegislativa/2023/3230/ind._101.2023.docx", "ementa": "Pavimenta\u00e7\u00e3o asf\u00e1ltica com sistema de drenagem das Ruas \u2018A\u2019, \u2018D\u2019 e \u2018M\u2019, no Parque das Algarobas."}, {"id": "3231", "ano": "2023", "numero": "102", "tipo__sigla": "IND", "tipo__descricao": "Indica\u00e7\u00e3o", "autoria": "MARCINHO", "texto_original": "http://sapl.jequie.ba.leg.br/media/sapl/public/materialegislativa/2023/3231/ind._102.2023_-_revitalizacao_da_praca_do_brinco_de_ouro.docx", "ementa": "Revitaliza\u00e7\u00e3o da Pra\u00e7a Maria das Gra\u00e7as Oliveira Melo, no Brinco de Ouro, dotando-a de quiosques, parque infantil, academia ao ar livre, pista de caminhada, \u00e1reas verdes e ainda a cobertura e reforma da quadra poliesportiva da localidade."}, {"id": "3233", "ano": "2023", "numero": "104", "tipo__sigla": "IND", "tipo__descricao": "Indica\u00e7\u00e3o", "autoria": "RAMON FERNANDES", "texto_original": "http://sapl.jequie.ba.leg.br/media/sapl/public/materialegislativa/2023/3233/ind._104.2023_-_reforma_do_posto_de_saude_dr._milton_rabelo.doc", "ementa": "Indicamos ao Prefeito Sr. Zenildo Brand\u00e3o, e ao Secret\u00e1rio de Sa\u00fade, Sr. Marlon Pereira, realizar a reforma da Unidade B\u00e1sica de Sa\u00fade Dr. Milton Rabelo. no bairro Km4."}, {"id": "3236", "ano": "2023", "numero": "106", "tipo__sigla": "IND", "tipo__descricao": "Indica\u00e7\u00e3o", "autoria": "ZIEL", "texto_original": "http://sapl.jequie.ba.leg.br/media/sapl/public/materialegislativa/2023/3236/ind._106.2023_-_psf_loteamento_sol_nascente.doc", "ementa": "Constru\u00e7\u00e3o de Unidade de Sa\u00fade da Fam\u00edlia no Loteamento Sol Nascente, no bairro Joaquim Rom\u00e3o."}, {"id": "3242", "ano": "2023", "numero": "108", "tipo__sigla": "IND", "tipo__descricao": "Indica\u00e7\u00e3o", "autoria": "TINHO", "texto_original": "http://sapl.jequie.ba.leg.br/media/sapl/public/materialegislativa/2023/3242/ind._108.2023_-_posto_saude_na_regiao_da_jiboinha_caatinga.docx", "ementa": "Constru\u00e7\u00e3o de um Posto de Sa\u00fade no Povoado de Jiboinha, regi\u00e3o da Caatinga."}, {"id": "3243", "ano": "2023", "numero": "109", "tipo__sigla": "IND", "tipo__descricao": "Indica\u00e7\u00e3o", "autoria": "MOANA", "texto_original": "http://sapl.jequie.ba.leg.br/media/sapl/public/materialegislativa/2023/3243/ind._109.2023_-_reabertura_do_restaurante_popular.doc", "ementa": "Reabertura do Restaurante Popular de Jequi\u00e9."}, {"id": "3249", "ano": "2023", "numero": "110", "tipo__sigla": "IND", "tipo__descricao": "Indica\u00e7\u00e3o", "autoria": "BUI BULH\u00d5ES", "texto_original": "http://sapl.jequie.ba.leg.br/media/sapl/public/materialegislativa/2023/3249/ind.2023__construcao_de_creche_caixa_dagua_e_loteamento_jardim_tropical.doc", "ementa": "Indicamos ao Excelent\u00edssimo Senhor Prefeito Municipal Zenildo Brand\u00e3o Santana, extensivo a Secretaria competente, solicitando a Constru\u00e7\u00e3o de uma Creche no bairro da Caixa D\u2019\u00e1gua e no Loteamento Jardim Tropical."}, {"id": "3250", "ano": "2023", "numero": "111", "tipo__sigla": "IND", "tipo__descricao": "Indica\u00e7\u00e3o", "autoria": "BUI BULH\u00d5ES", "texto_original": "http://sapl.jequie.ba.leg.br/media/sapl/public/materialegislativa/2023/3250/ind._.2023__telefonia_movel_florestal.doc", "ementa": "Indicamos ao Prefeito Sr. Zenildo Brand\u00e3o, extensivo ao Secret\u00e1rio de Infraestrutura e Servi\u00e7os P\u00fablicos, bem como, ao Deputado Estadual Hassan Iossef e Deputado Federal Bacelar, para adotar provid\u00eancias no sentido de viabilizar a implanta\u00e7\u00e3o de uma antena telef\u00f4nica no distrito de Florestal, no povoado da Barragem de Pedras e no povoado do Morro Verde."}, {"id": "3251", "ano": "2023", "numero": "112", "tipo__sigla": "IND", "tipo__descricao": "Indica\u00e7\u00e3o", "autoria": "BUI BULH\u00d5ES", "texto_original": "http://sapl.jequie.ba.leg.br/media/sapl/public/materialegislativa/2023/3251/ind._vela_cultural_viveiro_mandacaru_e_joaquim_romao.doc", "ementa": "Indicamos ao Excelent\u00edssimo Senhor Prefeito Municipal Zenildo Brand\u00e3o Santana, extensivo a Secretaria competente, solicitando a revitaliza\u00e7\u00e3o das Velas Culturais do Mandacaru, Joaquim Rom\u00e3o e Viveiro."}, {"id": "3252", "ano": "2023", "numero": "113", "tipo__sigla": "IND", "tipo__descricao": "Indica\u00e7\u00e3o", "autoria": "BUI BULH\u00d5ES", "texto_original": "http://sapl.jequie.ba.leg.br/media/sapl/public/materialegislativa/2023/3252/ind.2023__revitalizacao_dapraca_do_bondoso_e_elza_leone.doc", "ementa": "Indicamos ao Excelent\u00edssimo Senhor Prefeito Municipal Zenildo Brand\u00e3o Santana, extensivo a Secretaria competente, solicitando a revitaliza\u00e7\u00e3o da Pra\u00e7a do Bondoso e da Pra\u00e7a Elza Leone, ambas localizadas no bairro Caixa D\u2019\u00e1gua."}, {"id": "3253", "ano": "2023", "numero": "114", "tipo__sigla": "IND", "tipo__descricao": "Indica\u00e7\u00e3o", "autoria": "DUDA SIM\u00d5ES", "texto_original": "http://sapl.jequie.ba.leg.br/media/sapl/public/materialegislativa/2023/3253/ind._114.2023_-_construcao_de_uma_creche_em_itajuru.doc", "ementa": "Constru\u00e7\u00e3o de uma creche no Distrito de Itajuru."}, {"id": "3257", "ano": "2023", "numero": "115", "tipo__sigla": "IND", "tipo__descricao": "Indica\u00e7\u00e3o", "autoria": "COLORIDO", "texto_original": "http://sapl.jequie.ba.leg.br/media/sapl/public/materialegislativa/2023/3257/ind._115.2023_-_reforma_da_praca_do_mandacaru.docx", "ementa": "Reforma da pra\u00e7a localizada entre a Avenida Ot\u00e1vio Mangabeira e a Rua Jabaquara, no bairro Mandacaru, em frente \u00e0 Unidade de Sa\u00fade Sebasti\u00e3o Azevedo."}, {"id": "3259", "ano": "2023", "numero": "116", "tipo__sigla": "IND", "tipo__descricao": "Indica\u00e7\u00e3o", "autoria": "Sidney Magal Rodrigues de Souza (Sidney Magal)", "texto_original": "http://sapl.jequie.ba.leg.br/media/sapl/public/materialegislativa/2023/3259/ind._116.2023_-_pavimentacao_asfaltica_rua_edval_teixeira.docx", "ementa": "Pavimenta\u00e7\u00e3o asf\u00e1ltica da Rua Teixeira \u2013 Centro, pr\u00f3ximo \u00e0 loja Companhia das Tintas."}, {"id": "3269", "ano": "2023", "numero": "117", "tipo__sigla": "IND", "tipo__descricao": "Indica\u00e7\u00e3o", "autoria": "PROFESSORA CIDA", "texto_original": "http://sapl.jequie.ba.leg.br/media/sapl/public/materialegislativa/2023/3269/ind._117.2023__construcao_do_hospital_haasa_no_bairro_curral_novo.docx", "ementa": "Construir e equipar o Hospital Acolher e Amar Soraia Argolo - HAASA -  em terreno doado no bairro Curral novo."}, {"id": "3270", "ano": "2023", "numero": "118", "tipo__sigla": "IND", "tipo__descricao": "Indica\u00e7\u00e3o", "autoria": "SOLDADO GILVAN", "texto_original": "http://sapl.jequie.ba.leg.br/media/sapl/public/materialegislativa/2023/3270/ind._118.2023_-_calcamento_das_ruas_do_loteamento_raio_de_luz.doc", "ementa": "Pavimenta\u00e7\u00e3o asf\u00e1ltica das seguintes vias do Loteamento Raio de Luz, no bairro S\u00e3o Judas Tadeu: Rua das G\u00e9rberas, Rua das Az\u00e1leas e Rua das Orqu\u00eddeas."}, {"id": "3271", "ano": "2023", "numero": "119", "tipo__sigla": "IND", "tipo__descricao": "Indica\u00e7\u00e3o", "autoria": "PROFESSORA CIDA", "texto_original": "http://sapl.jequie.ba.leg.br/media/sapl/public/materialegislativa/2023/3271/ind._119.2023_-_corrigida.docx", "ementa": "Pavimenta\u00e7\u00e3o das seguintes vias: Rua Joana Ang\u00e9lica, Rua Tiradentes e Rua Ulisses Guimar\u00e3es, localizadas no Vila Vit\u00f3ria"}, {"id": "3272", "ano": "2023", "numero": "120", "tipo__sigla": "IND", "tipo__descricao": "Indica\u00e7\u00e3o", "autoria": "SOLDADO GILVAN", "texto_original": "http://sapl.jequie.ba.leg.br/media/sapl/public/materialegislativa/2023/3272/ind._120.2023_-_calcamento_de_ruas_do_loteamento_raio_de_luz.doc", "ementa": "Pavimenta\u00e7\u00e3o das seguintes vias situadas no Loteamento Raio de Luz, bairro S\u00e3o Judas Tadeu:  Rua das Brom\u00e9lias, Rua Netuno e Rua Rio Jequiezinho."}, {"id": "3276", "ano": "2023", "numero": "123", "tipo__sigla": "IND", "tipo__descricao": "Indica\u00e7\u00e3o", "autoria": "J\u00daNIOR BRAGA", "texto_original": "http://sapl.jequie.ba.leg.br/media/sapl/public/materialegislativa/2023/3276/ind._123.2023_-_servicos_de_assistencia_social_para_o_bpc.docx", "ementa": "Realiza\u00e7\u00e3o dos servi\u00e7os de avalia\u00e7\u00e3o social na ag\u00eancia do INSS de nossa cidade, para a concess\u00e3o do Benef\u00edcio de Presta\u00e7\u00e3o Continuada."}, {"id": "3277", "ano": "2023", "numero": "124", "tipo__sigla": "IND", "tipo__descricao": "Indica\u00e7\u00e3o", "autoria": "Walmiral Pacheco Marinho Neto (Walmiral)", "texto_original": "http://sapl.jequie.ba.leg.br/media/sapl/public/materialegislativa/2023/3277/ind._124.2023_-_reforma_e_requalificacao_da_praca_rui_barbosa.doc", "ementa": "Reforma e requalifica\u00e7\u00e3o da Pra\u00e7a Rui Barbosa."}, {"id": "3278", "ano": "2023", "numero": "125", "tipo__sigla": "IND", "tipo__descricao": "Indica\u00e7\u00e3o", "autoria": "PROFESSORA CIDA", "texto_original": "http://sapl.jequie.ba.leg.br/media/sapl/public/materialegislativa/2023/3278/ind._125.2023_-_pavimentacao_da_rua_11_-_loteamento_eldorado.docx", "ementa": "Servi\u00e7os de drenagem e concretamento da Rua 11, localizada no Loteamento Jardim Eldorado"}, {"id": "3279", "ano": "2023", "numero": "126", "tipo__sigla": "IND", "tipo__descricao": "Indica\u00e7\u00e3o", "autoria": "BUI BULH\u00d5ES", "texto_original": "http://sapl.jequie.ba.leg.br/media/sapl/public/materialegislativa/2023/3279/ind._126.2023_-_reforma_e_ampliacao_da_biblioteca_municipal.doc", "ementa": "Reforma e amplia\u00e7\u00e3o da Biblioteca P\u00fablica Municipal Dr. Newton Pinto de Ara\u00fajo."}, {"id": "3280", "ano": "2023", "numero": "127", "tipo__sigla": "IND", "tipo__descricao": "Indica\u00e7\u00e3o", "autoria": "PROFESSORA CIDA", "texto_original": "http://sapl.jequie.ba.leg.br/media/sapl/public/materialegislativa/2023/3280/ind._127.2023_-_vias_do_vila_vitoria.docx", "ementa": "Pavimenta\u00e7\u00e3o das seguintes vias: Rua D. Pedro II, Rua Castro Alves e Rua Sime\u00e3o Souza, todas localizadas no Loteamento Vila Vit\u00f3ria"}, {"id": "3281", "ano": "2023", "numero": "128", "tipo__sigla": "IND", "tipo__descricao": "Indica\u00e7\u00e3o", "autoria": "BUI BULH\u00d5ES", "texto_original": "http://sapl.jequie.ba.leg.br/media/sapl/public/materialegislativa/2023/3281/ind._128.2023_-_revitalizacao_de_postos_de_florestal_e_morro_verde.doc", "ementa": "Revitalizar e ampliar os Postos de Sa\u00fade do Distrito de Florestal e do Povoado do Morro Verde."}, {"id": "3282", "ano": "2023", "numero": "129", "tipo__sigla": "IND", "tipo__descricao": "Indica\u00e7\u00e3o", "autoria": "Joaquim Caires Rocha (Joaquim Caires)", "texto_original": "http://sapl.jequie.ba.leg.br/media/sapl/public/materialegislativa/2023/3282/ind._129.2023_-_pavimentacao_de_vias_do_vila_vitoria.doc", "ementa": "Pavimenta\u00e7\u00e3o de vias do Vila Vit\u00f3ria, a saber: Rua Santos Dumont, Rua Maria da Penha e Rua Reinaldo Pinheiro."}, {"id": "3283", "ano": "2023", "numero": "130", "tipo__sigla": "IND", "tipo__descricao": "Indica\u00e7\u00e3o", "autoria": "MOANA", "texto_original": "http://sapl.jequie.ba.leg.br/media/sapl/public/materialegislativa/2023/3283/ind._130.2023_-_projeto_de_lei_solicitando_preenchimento_de_questionario_para_alunos_que_tem_intolerancia_a_lactose.doc", "ementa": "Cria\u00e7\u00e3o de um projeto de lei obrigando as unidades de ensino da rede municipal de Jequi\u00e9, no ato da matricula, solicitar o preenchimento de question\u00e1rio por parte dos alunos que se encontram em vulnerabilidade social, ou de seus respons\u00e1veis, indicando ser intolerante \u00e0 lactose ou al\u00e9rgico a algum tipo de alimento ou subst\u00e2ncia."}, {"id": "3284", "ano": "2023", "numero": "131", "tipo__sigla": "IND", "tipo__descricao": "Indica\u00e7\u00e3o", "autoria": "Joaquim Caires Rocha (Joaquim Caires)", "texto_original": "http://sapl.jequie.ba.leg.br/media/sapl/public/materialegislativa/2023/3284/ind._131.2023_-_construcao_de_praca_com_academia_ao_ar_livre_no_vila_vitoria.doc", "ementa": "Constru\u00e7\u00e3o de uma pra\u00e7a dotada de equipamentos de entretenimento, e de uma academia ao ar livre, no Vila Vit\u00f3ria."}, {"id": "3285", "ano": "2023", "numero": "132", "tipo__sigla": "IND", "tipo__descricao": "Indica\u00e7\u00e3o", "autoria": "Joaquim Caires Rocha (Joaquim Caires)", "texto_original": "http://sapl.jequie.ba.leg.br/media/sapl/public/materialegislativa/2023/3285/ind._132.2023_-_reabertura_da_agencia_dos_correios_em_florestal.doc", "ementa": "Reabertura da Ag\u00eancia dos Correios no Distrito de Florestal"}, {"id": "3286", "ano": "2023", "numero": "133", "tipo__sigla": "IND", "tipo__descricao": "Indica\u00e7\u00e3o", "autoria": "MOANA", "texto_original": "http://sapl.jequie.ba.leg.br/media/sapl/public/materialegislativa/2023/3286/ind._133.2023_-_indicacao_placas_de_autismo.doc", "ementa": "Solicitando que os estabelecimentos p\u00fablicos de Jequi\u00e9, em especial os do setor de sa\u00fade, passem a estampar em local vis\u00edvel placas com s\u00edmbolo do autismo, informando que pessoas com Transtorno do Espectro Autista tenham atendimento priorit\u00e1rio."}, {"id": "3287", "ano": "2023", "numero": "134", "tipo__sigla": "IND", "tipo__descricao": "Indica\u00e7\u00e3o", "autoria": "BUI BULH\u00d5ES", "texto_original": "http://sapl.jequie.ba.leg.br/media/sapl/public/materialegislativa/2023/3287/ind._134.2023_-_pavimentacao_de_ruas_do_curral_novo....doc", "ementa": "Pavimenta\u00e7\u00e3o asf\u00e1ltica ou concreto das seguintes art\u00e9rias:  Rua Joaquim Pereira Gomes, Rua Gilson Lopes Guimar\u00e3es e Rua Alvina Pereira, todas no Povoado da Barragem de Pedras."}, {"id": "3288", "ano": "2023", "numero": "135", "tipo__sigla": "IND", "tipo__descricao": "Indica\u00e7\u00e3o", "autoria": "Joaquim Caires Rocha (Joaquim Caires)", "texto_original": "http://sapl.jequie.ba.leg.br/media/sapl/public/materialegislativa/2023/3288/ind._135.2023_-_praca_do_algarobas.doc", "ementa": "Constru\u00e7\u00e3o da Pra\u00e7a Nossa Senhora de F\u00e1tima no Parque das Algarobas."}, {"id": "3290", "ano": "2023", "numero": "137", "tipo__sigla": "IND", "tipo__descricao": "Indica\u00e7\u00e3o", "autoria": "SOLDADO GILVAN", "texto_original": "http://sapl.jequie.ba.leg.br/media/sapl/public/materialegislativa/2023/3290/indicacao_2023_creche_bairro_cachoerinha.doc", "ementa": "CONSTRU\u00c7\u00c3O DA CRECHE DO RESIDENCIAL DA CACHOEIRINHA I, II E III"}, {"id": "3291", "ano": "2023", "numero": "138", "tipo__sigla": "IND", "tipo__descricao": "Indica\u00e7\u00e3o", "autoria": "Jo\u00e3o Paulo Fernandes Silva (JP)", "texto_original": "http://sapl.jequie.ba.leg.br/media/sapl/public/materialegislativa/2023/3291/ind._138.2023_-_pavimentacao_de_ruas_do_loteamento_mirassol.doc", "ementa": "Atender a Indica\u00e7\u00e3o n\u00ba 540/2021, referente a pavimenta\u00e7\u00e3o asf\u00e1ltica na Rua D, Rua E, e Rua F, todas localizadas no Loteamento Mirassol, bairro Jequiezinho."}, {"id": "3292", "ano": "2023", "numero": "139", "tipo__sigla": "IND", "tipo__descricao": "Indica\u00e7\u00e3o", "autoria": "Jo\u00e3o Paulo Fernandes Silva (JP)", "texto_original": "http://sapl.jequie.ba.leg.br/media/sapl/public/materialegislativa/2023/3292/ind._139.2023_-_projeto_de_regularizacao_fundiaria.doc", "ementa": "Solicitando a execu\u00e7\u00e3o do Programa de Regula\u00e7\u00e3o Fundi\u00e1ria da Rua Jo\u00e3o Rosa, da Avenida Senhor do Bonfim e da Rua Teixeira de Freitas, todas localizadas no bairro Jequiezinho."}, {"id": "3294", "ano": "2023", "numero": "141", "tipo__sigla": "IND", "tipo__descricao": "Indica\u00e7\u00e3o", "autoria": "TINHO", "texto_original": "http://sapl.jequie.ba.leg.br/media/sapl/public/materialegislativa/2023/3294/ind._141.2023_-.docx", "ementa": "Asfaltamento da Avenida Br\u00e1s Arl\u00e9o, URBIS III, bairro Espirito Santo."}, {"id": "3295", "ano": "2023", "numero": "142", "tipo__sigla": "IND", "tipo__descricao": "Indica\u00e7\u00e3o", "autoria": "TINHO", "texto_original": "http://sapl.jequie.ba.leg.br/media/sapl/public/materialegislativa/2023/3295/ind._142.2023_-_tinho.docx", "ementa": "Asfaltamento da Rua M, na URBIS III, e da Rua D, na URBIS IV, ambas localizadas no bairro Espirito Santo."}, {"id": "3296", "ano": "2023", "numero": "143", "tipo__sigla": "IND", "tipo__descricao": "Indica\u00e7\u00e3o", "autoria": "TINHO", "texto_original": "http://sapl.jequie.ba.leg.br/media/sapl/public/materialegislativa/2023/3296/ind._143.2023_-_.docx", "ementa": "Constru\u00e7\u00e3o do Sistema de Abastecimento de \u00c1gua Simplificado no Povoado de Jiboinha, na Regi\u00e3o da Caatinga de Jequi\u00e9 \u2013 BA."}, {"id": "3297", "ano": "2023", "numero": "144", "tipo__sigla": "IND", "tipo__descricao": "Indica\u00e7\u00e3o", "autoria": "COLORIDO", "texto_original": "http://sapl.jequie.ba.leg.br/media/sapl/public/materialegislativa/2023/3297/ind._144.2023_-_colorido.doc", "ementa": "Instala\u00e7\u00e3o de duas passagens elevadas: uma em frente \u00e0 Escola Municipal Nossa Senhora da Luz, e outra em frente \u00e0 Escola Municipal Vasco Filho, ambos na Avenida Otavio Mangabeira, no bairro Km3."}, {"id": "3298", "ano": "2023", "numero": "145", "tipo__sigla": "IND", "tipo__descricao": "Indica\u00e7\u00e3o", "autoria": "COLORIDO", "texto_original": "http://sapl.jequie.ba.leg.br/media/sapl/public/materialegislativa/2023/3298/ind._145.2023_-_colorido.docx", "ementa": "Constru\u00e7\u00e3o de uma escadaria interligando  as seguintes vias: Rua Pedro Novaes, Rua Moc\u00f3 e Rua Campo Belo, todas localizadas no bairro no Km4."}, {"id": "3299", "ano": "2023", "numero": "146", "tipo__sigla": "IND", "tipo__descricao": "Indica\u00e7\u00e3o", "autoria": "DUDA SIM\u00d5ES", "texto_original": "http://sapl.jequie.ba.leg.br/media/sapl/public/materialegislativa/2023/3299/ind._146.2023_-_duda_simoes.doc", "ementa": "Constru\u00e7\u00e3o de novos currais no Parque de Exposi\u00e7\u00f5es, para a realiza\u00e7\u00e3o de feiras de animais."}, {"id": "3303", "ano": "2023", "numero": "148", "tipo__sigla": "IND", "tipo__descricao": "Indica\u00e7\u00e3o", "autoria": "RAMON FERNANDES", "texto_original": "http://sapl.jequie.ba.leg.br/media/sapl/public/materialegislativa/2023/3303/ind._148.2023.doc", "ementa": "Constru\u00e7\u00e3o de  um Centro de Comercializa\u00e7\u00e3o de Animais no bairro da Cachoeirinha, em Jequi\u00e9 BA."}, {"id": "3304", "ano": "2023", "numero": "149", "tipo__sigla": "IND", "tipo__descricao": "Indica\u00e7\u00e3o", "autoria": "RAMON FERNANDES", "texto_original": "http://sapl.jequie.ba.leg.br/media/sapl/public/materialegislativa/2023/3304/ind._149.2023_-_ramon.doc", "ementa": "Constru\u00e7\u00e3o de uma (UAO) Unidade de Atendimento Odontol\u00f3gico 24 horas em Jequi\u00e9."}, {"id": "3305", "ano": "2023", "numero": "150", "tipo__sigla": "IND", "tipo__descricao": "Indica\u00e7\u00e3o", "autoria": "MARCOS DO OVO", "texto_original": "http://sapl.jequie.ba.leg.br/media/sapl/public/materialegislativa/2023/3305/ind._150.2023_-_rotatoria_joaquim_romao.docx", "ementa": "Reforma da rotat\u00f3ria localizada na Rua Siqueira Campos, bairro Joaquim Rom\u00e3o, pr\u00f3ximo \u00e0 Feirinha, ao lado do Supermercado Jequi\u00e9."}, {"id": "3306", "ano": "2023", "numero": "151", "tipo__sigla": "IND", "tipo__descricao": "Indica\u00e7\u00e3o", "autoria": "MARCOS DO OVO", "texto_original": "http://sapl.jequie.ba.leg.br/media/sapl/public/materialegislativa/2023/3306/ind._151.2023_-_marcos_do_ovo.docx", "ementa": "Limpeza do ambiente e poda das \u00e1rvores na Rua Professor Dami\u00e3o Vieira, no bairro Mandacaru."}, {"id": "3307", "ano": "2023", "numero": "152", "tipo__sigla": "IND", "tipo__descricao": "Indica\u00e7\u00e3o", "autoria": "Ivan de Oliveira Santos (Ivan do Leite)", "texto_original": "http://sapl.jequie.ba.leg.br/media/sapl/public/materialegislativa/2023/3307/ind._152.2023.doc", "ementa": "Implantar ilumina\u00e7\u00e3o de LED no bairro Cachoeirinha."}, {"id": "3308", "ano": "2023", "numero": "153", "tipo__sigla": "IND", "tipo__descricao": "Indica\u00e7\u00e3o", "autoria": "MARCOS DO OVO", "texto_original": "http://sapl.jequie.ba.leg.br/media/sapl/public/materialegislativa/2023/3308/ind._153.2023_-_marcos.docx", "ementa": "Asfaltamento da Avenida do Sol e da Rua das Cent\u00farias, ambas localizadas no Loteamento Raio de Luz, bairro S\u00e3o Judas Tadeu."}, {"id": "3309", "ano": "2023", "numero": "154", "tipo__sigla": "IND", "tipo__descricao": "Indica\u00e7\u00e3o", "autoria": "PROFESSORA CIDA", "texto_original": "http://sapl.jequie.ba.leg.br/media/sapl/public/materialegislativa/2023/3309/ind._154._2023_-_cida.docx", "ementa": "Pavimenta\u00e7\u00e3o das seguintes vias: Rua Miguel A. Pires, Rua Eur\u00edpedes Brand\u00e3o e Rua Ermelina Carib\u00e9, todas localizadas no Loteamento Vila Aeroporto, bairro Jequiezinho."}, {"id": "3310", "ano": "2023", "numero": "155", "tipo__sigla": "IND", "tipo__descricao": "Indica\u00e7\u00e3o", "autoria": "Sidney Magal Rodrigues de Souza (Sidney Magal)", "texto_original": "http://sapl.jequie.ba.leg.br/media/sapl/public/materialegislativa/2023/3310/pavimentacao_asfaltica_rua_a__rua_vovo_camila.docx", "ementa": "Indicamos ao Prefeito Municipal Zenildo Brand\u00e3o Santana, adotar provid\u00eancias junto \u00e0 Secretaria de Infraestrutura para Pavimenta\u00e7\u00e3o Asf\u00e1ltica da Rua A e Rua Vov\u00f3 Camila, ligando a BA que d\u00e1 acesso a Cavalcante, ambas localizadas no bairro Jequiezinho."}, {"id": "3311", "ano": "2023", "numero": "156", "tipo__sigla": "IND", "tipo__descricao": "Indica\u00e7\u00e3o", "autoria": "Sidney Magal Rodrigues de Souza (Sidney Magal)", "texto_original": "http://sapl.jequie.ba.leg.br/media/sapl/public/materialegislativa/2023/3311/ind._156.2023_-_correto_sidney_magal.docx", "ementa": "Instala\u00e7\u00e3o de redutores de velocidade na Rua Professora Virginia Ribeiro;  um em frente \u00e0 JS Materiais de Constru\u00e7\u00f5es, e outro em frente \u00e0 Igreja Batista L\u00edrio dos Vales."}, {"id": "3313", "ano": "2023", "numero": "157", "tipo__sigla": "IND", "tipo__descricao": "Indica\u00e7\u00e3o", "autoria": "SOLDADO GILVAN", "texto_original": "http://sapl.jequie.ba.leg.br/media/sapl/public/materialegislativa/2023/3313/ind._157.2023_-_destinar_velas_culturais_para_orgaos_de_seguranca.doc", "ementa": "Destinar as Velas Culturais que est\u00e3o desativadas para o uso de \u00f3rg\u00e3os de seguran\u00e7a do nosso munic\u00edpio, tais como Guarda Municipal e Policia Militar."}, {"id": "3314", "ano": "2023", "numero": "158", "tipo__sigla": "IND", "tipo__descricao": "Indica\u00e7\u00e3o", "autoria": "MARCOS DO OVO", "texto_original": "http://sapl.jequie.ba.leg.br/media/sapl/public/materialegislativa/2023/3314/ind._158.2023_-_marcos_do_ovo.docx", "ementa": "Asfaltamento da Rua Tib\u00farcio Silva, da Rua Curral Novo e da Rua Jovino Brito, todas localizadas no bairro Curral Novo."}, {"id": "3315", "ano": "2023", "numero": "159", "tipo__sigla": "IND", "tipo__descricao": "Indica\u00e7\u00e3o", "autoria": "Sidney Magal Rodrigues de Souza (Sidney Magal)", "texto_original": "http://sapl.jequie.ba.leg.br/media/sapl/public/materialegislativa/2023/3315/ind._159.2023_-_magal.docx", "ementa": "Patrolamento e cascalhamento das estradas vicinais localizadas na Regi\u00e3o do Cajueiro."}, {"id": "3316", "ano": "2023", "numero": "160", "tipo__sigla": "IND", "tipo__descricao": "Indica\u00e7\u00e3o", "autoria": "ZIEL", "texto_original": "http://sapl.jequie.ba.leg.br/media/sapl/public/materialegislativa/2023/3316/campo_cerezao_corrigida.doc", "ementa": "Requalifica\u00e7\u00e3o do Campo Cerez\u00e3o no Bairro Mandacaru com instala\u00e7\u00e3o de ilumina\u00e7\u00e3o em LED, contru\u00e7\u00e3o de arquibancada, vestu\u00e1rio, quiosque e instala\u00e7\u00e3o de parque infantil e academia ao ar livre nesta ampla \u00e1rea."}, {"id": "3317", "ano": "2023", "numero": "161", "tipo__sigla": "IND", "tipo__descricao": "Indica\u00e7\u00e3o", "autoria": "MARCINHO", "texto_original": "http://sapl.jequie.ba.leg.br/media/sapl/public/materialegislativa/2023/3317/_unidade_de_saude_e_carro_da_saude_queimadas_e_poco_dantas.docx", "ementa": "Constru\u00e7\u00e3o de uma Unidade de Sa\u00fade e disponibiliza\u00e7\u00e3o de um carro da Sa\u00fade, para atender os povoados das Queimadas, Lotes de Amilton e Po\u00e7o Dantas"}, {"id": "3318", "ano": "2023", "numero": "162", "tipo__sigla": "IND", "tipo__descricao": "Indica\u00e7\u00e3o", "autoria": "PROFESSORA CIDA", "texto_original": "http://sapl.jequie.ba.leg.br/media/sapl/public/materialegislativa/2023/3318/ind._162._2023_-_cida.docx", "ementa": "Revitalizar a pra\u00e7a da Rua Quintino Teles, localizada no bairro Jequiezinho."}, {"id": "3319", "ano": "2023", "numero": "163", "tipo__sigla": "IND", "tipo__descricao": "Indica\u00e7\u00e3o", "autoria": "MARCINHO", "texto_original": "http://sapl.jequie.ba.leg.br/media/sapl/public/materialegislativa/2023/3319/ind._163.2023_-_pavimentacao_de_ruas_miguel_gomes_-_trav_miguel_gomes_-_mandacaru.docx", "ementa": "Constru\u00e7\u00e3o do sistema de drenagem e a pavimenta\u00e7\u00e3o das seguintes vias: Rua Goi\u00e1s, Rua Miguel Gomes e Travessa Miguel Gomes, todas localizadas no bairro Mandacaru."}, {"id": "3321", "ano": "2023", "numero": "165", "tipo__sigla": "IND", "tipo__descricao": "Indica\u00e7\u00e3o", "autoria": "MARCINHO", "texto_original": "http://sapl.jequie.ba.leg.br/media/sapl/public/materialegislativa/2023/3321/ind._165.2023_-_patrolamento_do_povoado_de_sao_joao_de_dentro_e_povoado_da_fontinha.docx", "ementa": "Patrolamento e encascalhamento da estrada de acesso ao Povoado do S\u00e3o Jo\u00e3o de Dentro e do Povoado da Fontinha, na Zona Rural de Jequi\u00e9."}, {"id": "3322", "ano": "2023", "numero": "166", "tipo__sigla": "IND", "tipo__descricao": "Indica\u00e7\u00e3o", "autoria": "MARCINHO", "texto_original": "http://sapl.jequie.ba.leg.br/media/sapl/public/materialegislativa/2023/3322/ind_166.2023_-_marcio.docx", "ementa": "Constru\u00e7\u00e3o do sistema de drenagem e a pavimenta\u00e7\u00e3o das Ruas Manoel Gomes e Travessa Maria Elezenita Lessa, ambas no bairro Mandacaru."}, {"id": "3323", "ano": "2023", "numero": "167", "tipo__sigla": "IND", "tipo__descricao": "Indica\u00e7\u00e3o", "autoria": "San David Pereira Arag\u00e3o (San)", "texto_original": "http://sapl.jequie.ba.leg.br/media/sapl/public/materialegislativa/2023/3323/ind._167.2023_-_viaturas_novas_para_a_guarda.docx", "ementa": "Aquisi\u00e7\u00e3o de novas viaturas para Guarda Municipal de Jequi\u00e9, sendo autom\u00f3veis e motocicletas.."}, {"id": "3324", "ano": "2023", "numero": "168", "tipo__sigla": "IND", "tipo__descricao": "Indica\u00e7\u00e3o", "autoria": "San David Pereira Arag\u00e3o (San)", "texto_original": "http://sapl.jequie.ba.leg.br/media/sapl/public/materialegislativa/2023/3324/ind_2023_-_reforma_da_usfs_virgilio_de_paula_tourinho_neto_e_dr_aurelio_sciarreta_no_mandacaru.docx", "ementa": "Indicamos ao prefeito municipal a reforma total da USFs Virg\u00edlio de Paula Tourinho Neto na Cidade Nova e Dr Aurelio Sciarreta no Mandacaru"}, {"id": "3325", "ano": "2023", "numero": "169", "tipo__sigla": "IND", "tipo__descricao": "Indica\u00e7\u00e3o", "autoria": "San David Pereira Arag\u00e3o (San)", "texto_original": "http://sapl.jequie.ba.leg.br/media/sapl/public/materialegislativa/2023/3325/ind._169.2023_-_san_david.docx", "ementa": "Constru\u00e7\u00e3o de nova Unidade de Pronto Atendimento UPA 24h no bairro do Mandacaru"}, {"id": "3326", "ano": "2023", "numero": "170", "tipo__sigla": "IND", "tipo__descricao": "Indica\u00e7\u00e3o", "autoria": "San David Pereira Arag\u00e3o (San)", "texto_original": "http://sapl.jequie.ba.leg.br/media/sapl/public/materialegislativa/2023/3326/ind._170.2023_-_regulacao_fundiaria_do_mutirao_curral_novo.docx", "ementa": "Elabora\u00e7\u00e3o de um Projeto de Lei para regulariza\u00e7\u00e3o fundi\u00e1ria do Mutir\u00e3o no Curral Novo."}, {"id": "3327", "ano": "2023", "numero": "171", "tipo__sigla": "IND", "tipo__descricao": "Indica\u00e7\u00e3o", "autoria": "ZIEL", "texto_original": "http://sapl.jequie.ba.leg.br/media/sapl/public/materialegislativa/2023/3327/ind._171._2023-_ziel.doc", "ementa": "Instala\u00e7\u00e3o de barreira contra o sol nas portas de vidro temperado da entrada principal, e a climatiza\u00e7\u00e3o de toda a \u00e1rea interna da Unidade B\u00e1sica de Sa\u00fade Almerinda Lomanto, no bairro Joaquim Rom\u00e3o."}, {"id": "3328", "ano": "2023", "numero": "172", "tipo__sigla": "IND", "tipo__descricao": "Indica\u00e7\u00e3o", "autoria": "Sidney Magal Rodrigues de Souza (Sidney Magal)", "texto_original": "http://sapl.jequie.ba.leg.br/media/sapl/public/materialegislativa/2023/3328/ind._172.2023_-_magal.docx", "ementa": "Instala\u00e7\u00e3o de academia ao ar livre na entrada do Residencial Segredo, bairro Curral Novo, em frente \u00e0 creche da comunidade."}, {"id": "3329", "ano": "2023", "numero": "173", "tipo__sigla": "IND", "tipo__descricao": "Indica\u00e7\u00e3o", "autoria": "Sidney Magal Rodrigues de Souza (Sidney Magal)", "texto_original": "http://sapl.jequie.ba.leg.br/media/sapl/public/materialegislativa/2023/3329/ind._173.2023_-_magal.docx", "ementa": "A instala\u00e7\u00e3o de refletores e traves no campo de futebol do Povoado de Campo Largo, pr\u00f3ximo ao Pesque Pague Renascer."}, {"id": "3336", "ano": "2023", "numero": "175", "tipo__sigla": "IND", "tipo__descricao": "Indica\u00e7\u00e3o", "autoria": "Walmiral Pacheco Marinho Neto (Walmiral)", "texto_original": "http://sapl.jequie.ba.leg.br/media/sapl/public/materialegislativa/2023/3336/ind._175.2023_-_feira_livre_em_florestal.doc", "ementa": "Implanta\u00e7\u00e3o de uma feira livre no Distrito de Florestal."}, {"id": "3338", "ano": "2023", "numero": "176", "tipo__sigla": "IND", "tipo__descricao": "Indica\u00e7\u00e3o", "autoria": "Walmiral Pacheco Marinho Neto (Walmiral)", "texto_original": "http://sapl.jequie.ba.leg.br/media/sapl/public/materialegislativa/2023/3338/ind._176.2023_-_reforma_e_requalificacao_a_led_distrito_de_florestal.doc", "ementa": "Reforma e requalifica\u00e7\u00e3o com Ilumina\u00e7\u00e3o de Led e sinaliza\u00e7\u00e3o na entrada do Distrito de Florestal."}, {"id": "3339", "ano": "2023", "numero": "177", "tipo__sigla": "IND", "tipo__descricao": "Indica\u00e7\u00e3o", "autoria": "Jo\u00e3o Paulo Fernandes Silva (JP)", "texto_original": "http://sapl.jequie.ba.leg.br/media/sapl/public/materialegislativa/2023/3339/ind._177.2023_-_pavimentacao_asfaltica_loteamento_jardim_tropical.doc", "ementa": "Pavimenta\u00e7\u00e3o asf\u00e1ltica nas Quadras 31, 32 e 33, localizadas  no Loteamento Jardim Tropical, bairro Jequiezinho."}, {"id": "3340", "ano": "2023", "numero": "178", "tipo__sigla": "IND", "tipo__descricao": "Indica\u00e7\u00e3o", "autoria": "SOLDADO GILVAN", "texto_original": "http://sapl.jequie.ba.leg.br/media/sapl/public/materialegislativa/2023/3340/ind._178.2023_-_calcamento_de_vias_do_loteamento_beta_ville.doc", "ementa": "Pavimenta\u00e7\u00e3o asf\u00e1ltica das seguintes art\u00e9rias do Loteamento Beta Ville, bairro da Caixa D'\u00e1gua: Rua Moscou, Rua Assun\u00e7\u00e3o e Avenida Ademar Esteves."}, {"id": "3341", "ano": "2023", "numero": "179", "tipo__sigla": "IND", "tipo__descricao": "Indica\u00e7\u00e3o", "autoria": "SOLDADO GILVAN", "texto_original": "http://sapl.jequie.ba.leg.br/media/sapl/public/materialegislativa/2023/3341/ind._179.2023_-_calcamento_de_ruas_do_bom_sossego.doc", "ementa": "Pavimenta\u00e7\u00e3o da Rua Tocantins, da Rua Piau\u00ed e da Rua Amazonas, todas localizadas no Loteamento Bom Sossego, em nossa cidade."}, {"id": "3342", "ano": "2023", "numero": "180", "tipo__sigla": "IND", "tipo__descricao": "Indica\u00e7\u00e3o", "autoria": "RAMON FERNANDES", "texto_original": "http://sapl.jequie.ba.leg.br/media/sapl/public/materialegislativa/2023/3342/ind._180.2023_-_construcao_de_um_hospital_municipal.doc", "ementa": "Constru\u00e7\u00e3o de um Hospital Municipal em Jequi\u00e9."}, {"id": "3344", "ano": "2023", "numero": "181", "tipo__sigla": "IND", "tipo__descricao": "Indica\u00e7\u00e3o", "autoria": "SOLDADO GILVAN", "texto_original": "http://sapl.jequie.ba.leg.br/media/sapl/public/materialegislativa/2023/3344/ind._181.2023_-_gilvan.doc", "ementa": "Pavimenta\u00e7\u00e3o asf\u00e1ltica das seguintes vias localizadas no Loteamento Beta Ville, bairro da Caixa D\u00b4\u00c1gua: Rua Londres, Rua Calif\u00f3rnia e Rua A."}, {"id": "3345", "ano": "2023", "numero": "182", "tipo__sigla": "IND", "tipo__descricao": "Indica\u00e7\u00e3o", "autoria": "SOLDADO GILVAN", "texto_original": "http://sapl.jequie.ba.leg.br/media/sapl/public/materialegislativa/2023/3345/ind._182.2023_-_gilvan.doc", "ementa": "Pavimenta\u00e7\u00e3o das seguintes vias do bairro Pomp\u00edlio Sampaio: Rua Idelfonso Guedes, Rua Nossa Senhora do Carmo e Rua Almirante Tamandar\u00e9."}, {"id": "3346", "ano": "2023", "numero": "183", "tipo__sigla": "IND", "tipo__descricao": "Indica\u00e7\u00e3o", "autoria": "Walmiral Pacheco Marinho Neto (Walmiral)", "texto_original": "http://sapl.jequie.ba.leg.br/media/sapl/public/materialegislativa/2023/3346/ind._183.2023_-_construcao_de_uma_praca_no_brasil_novo.doc", "ementa": "Constru\u00e7\u00e3o de uma pra\u00e7a, dotada de quiosques, ao lado da creche situada no Conjunto Habitacional Brasil Novo."}, {"id": "3347", "ano": "2023", "numero": "184", "tipo__sigla": "IND", "tipo__descricao": "Indica\u00e7\u00e3o", "autoria": "Jo\u00e3o Paulo Fernandes Silva (JP)", "texto_original": "http://sapl.jequie.ba.leg.br/media/sapl/public/materialegislativa/2023/3347/ind._184.2023_-_programa_saude_nas_escolas_para_estudantes_da_rede_municipal.doc", "ementa": "Implantar o programa sa\u00fade nas escolas para os estudantes da rede municipal para que sejam submetidos a exames de sa\u00fade, tais como acuidade visual e auditiva."}, {"id": "3350", "ano": "2023", "numero": "186", "tipo__sigla": "IND", "tipo__descricao": "Indica\u00e7\u00e3o", "autoria": "Jo\u00e3o Paulo Fernandes Silva (JP)", "texto_original": "http://sapl.jequie.ba.leg.br/media/sapl/public/materialegislativa/2023/3350/ind._186.2023_-_implantacao_de_iluminacao_de_led_na_rua_joao_rosa.doc", "ementa": "Implanta\u00e7\u00e3o de Ilumina\u00e7\u00e3o de LED na Rua Jo\u00e3o Rosa, localizada no Jequiezinho."}, {"id": "3351", "ano": "2023", "numero": "187", "tipo__sigla": "IND", "tipo__descricao": "Indica\u00e7\u00e3o", "autoria": "Walmiral Pacheco Marinho Neto (Walmiral)", "texto_original": "http://sapl.jequie.ba.leg.br/media/sapl/public/materialegislativa/2023/3351/ind._187.2023_-_subprefeituras_em_florestal_e_itaibo.doc", "ementa": "Cria\u00e7\u00e3o de uma subprefeitura no Distrito de Florestal e no Distrito de Itajuru."}, {"id": "3352", "ano": "2023", "numero": "188", "tipo__sigla": "IND", "tipo__descricao": "Indica\u00e7\u00e3o", "autoria": "RAMON FERNANDES", "texto_original": "http://sapl.jequie.ba.leg.br/media/sapl/public/materialegislativa/2023/3352/ind._188.2023_-_construcao_de_local_para_provas_praticas_do_detran.doc", "ementa": "Indicamos ao Diretor Geral do Departamento Estadual de Tr\u00e2nsito Sr. Rodrigo Pimentel, extensivo ao Deputado Estadual Euclides Fernandes, a constru\u00e7\u00e3o do local de provas de rua e aulas na nova estrutura da 7\u00aa CIRETRAN."}, {"id": "3353", "ano": "2023", "numero": "189", "tipo__sigla": "IND", "tipo__descricao": "Indica\u00e7\u00e3o", "autoria": "MOANA", "texto_original": "http://sapl.jequie.ba.leg.br/media/sapl/public/materialegislativa/2023/3353/ind._189.2023_-_realizacao_de_festival_gastronomico_em_jequie.doc", "ementa": "Promover a cultura gastron\u00f4mica da cidade por meio da realiza\u00e7\u00e3o de um Festival Gastron\u00f4mico."}, {"id": "3354", "ano": "2023", "numero": "190", "tipo__sigla": "IND", "tipo__descricao": "Indica\u00e7\u00e3o", "autoria": "Jo\u00e3o Paulo Fernandes Silva (JP)", "texto_original": "http://sapl.jequie.ba.leg.br/media/sapl/public/materialegislativa/2023/3354/ind._190.2023_-_regularizacao_fundiaria_nas_travessas_joao_rosa.doc", "ementa": "Programa de Regula\u00e7\u00e3o Fundi\u00e1ria na 1\u00aa, 2\u00aa e 3\u00aa Travessa Jo\u00e3o Rosa, localizadas no bairro Jequiezinho."}, {"id": "3355", "ano": "2023", "numero": "191", "tipo__sigla": "IND", "tipo__descricao": "Indica\u00e7\u00e3o", "autoria": "Joaquim Caires Rocha (Joaquim Caires)", "texto_original": "http://sapl.jequie.ba.leg.br/media/sapl/public/materialegislativa/2023/3355/ind._191.2023_-_construcao_de_centro_de_educacao_infantil_no_loteamento_agua_branca....doc", "ementa": "Constru\u00e7\u00e3o de um Centro de Educa\u00e7\u00e3o Infantil no bairro \u00c1gua Branca."}, {"id": "3356", "ano": "2023", "numero": "192", "tipo__sigla": "IND", "tipo__descricao": "Indica\u00e7\u00e3o", "autoria": "Joaquim Caires Rocha (Joaquim Caires)", "texto_original": "http://sapl.jequie.ba.leg.br/media/sapl/public/materialegislativa/2023/3356/ind._192.2023_-_semianel_rodoviario.doc", "ementa": "Restaura\u00e7\u00e3o do Semianel Rodovi\u00e1rio de Jequi\u00e9."}, {"id": "3357", "ano": "2023", "numero": "193", "tipo__sigla": "IND", "tipo__descricao": "Indica\u00e7\u00e3o", "autoria": "Joaquim Caires Rocha (Joaquim Caires)", "texto_original": "http://sapl.jequie.ba.leg.br/media/sapl/public/materialegislativa/2023/3357/ind._193.2023_-_praca__no_povoado_campo_largo.doc", "ementa": "Constru\u00e7\u00e3o de uma pra\u00e7a dotada de academia ao ar livre e equipamentos de entretenimento no Povoado de Campo Largo."}, {"id": "3358", "ano": "2023", "numero": "194", "tipo__sigla": "IND", "tipo__descricao": "Indica\u00e7\u00e3o", "autoria": "Joaquim Caires Rocha (Joaquim Caires)", "texto_original": "http://sapl.jequie.ba.leg.br/media/sapl/public/materialegislativa/2023/3358/ind._194.2023_-_legalizacao_fundiaria_no_vila_vitoria.doc", "ementa": "Legaliza\u00e7\u00e3o Fundi\u00e1ria nas seguintes vias do Vila Vit\u00f3ria: Rua Santos Dumont, Rua Maria da Penha e Rua Reinaldo Pinheiro."}, {"id": "3359", "ano": "2023", "numero": "195", "tipo__sigla": "IND", "tipo__descricao": "Indica\u00e7\u00e3o", "autoria": "MOANA", "texto_original": "http://sapl.jequie.ba.leg.br/media/sapl/public/materialegislativa/2023/3359/ind._195.2023_-_lei_maria_da_penha_nas_escolas.doc", "ementa": "Cria\u00e7\u00e3o de um projeto para ensino das no\u00e7\u00f5es b\u00e1sicas da Lei Maria da Penha nas Escolas P\u00fablicas do Munic\u00edpio de Jequi\u00e9."}, {"id": "3361", "ano": "2023", "numero": "196", "tipo__sigla": "IND", "tipo__descricao": "Indica\u00e7\u00e3o", "autoria": "MOANA", "texto_original": "http://sapl.jequie.ba.leg.br/media/sapl/public/materialegislativa/2023/3361/ind._196.2023_-_moana_meira.doc", "ementa": "Constru\u00e7\u00e3o de passagem elevada na Avenida Lomanto J\u00fanior, em frente ao Grupo Escolar Professor Firmo, antigo CPM."}, {"id": "3362", "ano": "2023", "numero": "197", "tipo__sigla": "IND", "tipo__descricao": "Indica\u00e7\u00e3o", "autoria": "COLORIDO", "texto_original": "http://sapl.jequie.ba.leg.br/media/sapl/public/materialegislativa/2023/3362/ind._197.2023_-_construcao_de_muro_na_escola_do_assentamento_santa_cruz.docx", "ementa": "Construir um muro no entorno da Escola Arlindo Jos\u00e9 da Cruz, localizada no Assentamento Santa Cruz, Zona Rural de Jequi\u00e9."}, {"id": "3364", "ano": "2023", "numero": "198", "tipo__sigla": "IND", "tipo__descricao": "Indica\u00e7\u00e3o", "autoria": "COLORIDO", "texto_original": "http://sapl.jequie.ba.leg.br/media/sapl/public/materialegislativa/2023/3364/ind._198.2023_-_construcao_de_uma_quadra_no_vila_rodoviaria.docx", "ementa": "Constru\u00e7\u00e3o de uma quadra poliesportiva na Vila Rodovi\u00e1ria, bairro Jequiezinho."}, {"id": "3365", "ano": "2023", "numero": "199", "tipo__sigla": "IND", "tipo__descricao": "Indica\u00e7\u00e3o", "autoria": "PROFESSORA CIDA", "texto_original": "http://sapl.jequie.ba.leg.br/media/sapl/public/materialegislativa/2023/3365/ind._199.2023_-_restauracao_da_quadra_e_da_praca_do_sol_nascente.docx", "ementa": "Revitaliza\u00e7\u00e3o da pra\u00e7a e quadra poliesportiva da Rua Hildenfor dos Reis Rodrigues, no Loteamento Sol Nascente, bairro Joaquim Rom\u00e3o, compreendendo a  implanta\u00e7\u00e3o de quiosques, academia ao ar livre e parque infantil."}, {"id": "3366", "ano": "2023", "numero": "200", "tipo__sigla": "IND", "tipo__descricao": "Indica\u00e7\u00e3o", "autoria": "COLORIDO", "texto_original": "http://sapl.jequie.ba.leg.br/media/sapl/public/materialegislativa/2023/3366/ind._200.2023_-_reforma_da_praca_do_viveiro.docx", "ementa": "Reforma da Pra\u00e7a do Viveiro, em nossa cidade."}, {"id": "3367", "ano": "2023", "numero": "201", "tipo__sigla": "IND", "tipo__descricao": "Indica\u00e7\u00e3o", "autoria": "COLORIDO", "texto_original": "http://sapl.jequie.ba.leg.br/media/sapl/public/materialegislativa/2023/3367/ind._201.2023_-_colorido.doc", "ementa": "Constru\u00e7\u00e3o de um novo terminal Rodovi\u00e1rio em Jequi\u00e9."}, {"id": "3368", "ano": "2023", "numero": "202", "tipo__sigla": "IND", "tipo__descricao": "Indica\u00e7\u00e3o", "autoria": "PROFESSORA CIDA", "texto_original": "http://sapl.jequie.ba.leg.br/media/sapl/public/materialegislativa/2023/3368/ind._202.2023_-_projeto_de_lei_converter_licenca-premio_em_pecunia.docx", "ementa": "Sugerindo projeto de lei com vistas a converter licen\u00e7as-pr\u00eamio em licen\u00e7as-pec\u00fanias para servidores da Educa\u00e7\u00e3o do Munic\u00edpio."}, {"id": "3369", "ano": "2023", "numero": "203", "tipo__sigla": "IND", "tipo__descricao": "Indica\u00e7\u00e3o", "autoria": "PROFESSORA CIDA", "texto_original": "http://sapl.jequie.ba.leg.br/media/sapl/public/materialegislativa/2023/3369/ind._203.2023_-_cida.docx", "ementa": "Pavimenta\u00e7\u00e3o das seguintes art\u00e9rias: Ruas A, Rua B e Rua C, localizadas no Loteamento Felicidade, bairro Jequiezinho, em nossa cidade."}, {"id": "3370", "ano": "2023", "numero": "204", "tipo__sigla": "IND", "tipo__descricao": "Indica\u00e7\u00e3o", "autoria": "San David Pereira Arag\u00e3o (San)", "texto_original": "http://sapl.jequie.ba.leg.br/media/sapl/public/materialegislativa/2023/3370/ind._204.2023_-_san_david.docx", "ementa": "Constru\u00e7\u00e3o ou implanta\u00e7\u00e3o de Unidade de Sa\u00fade da Fam\u00edlia(USF), no Zibrune, bairro Mandacaru."}, {"id": "3371", "ano": "2023", "numero": "205", "tipo__sigla": "IND", "tipo__descricao": "Indica\u00e7\u00e3o", "autoria": "San David Pereira Arag\u00e3o (San)", "texto_original": "http://sapl.jequie.ba.leg.br/media/sapl/public/materialegislativa/2023/3371/ind._205.2023_-_posto_de_saude_saude_da_familia_senhorinha_no_curral_novo.docx", "ementa": "Duplica\u00e7\u00e3o e reforma da USF Senhorinha Ferreira de Ara\u00fajo, no bairro Curral Novo."}, {"id": "3372", "ano": "2023", "numero": "206", "tipo__sigla": "IND", "tipo__descricao": "Indica\u00e7\u00e3o", "autoria": "San David Pereira Arag\u00e3o (San)", "texto_original": "http://sapl.jequie.ba.leg.br/media/sapl/public/materialegislativa/2023/3372/ind.206.2023_-_san_david.docx", "ementa": "Pavimenta\u00e7\u00e3o asf\u00e1ltica e implanta\u00e7\u00e3o de nova ilumina\u00e7\u00e3o em LED nas seguintes vias do Centro: Rua L\u00e9lis Piedade, Rua Ab\u00edlio Proc\u00f3pio Ferreira e Rua Joana Ang\u00e9lica."}, {"id": "3373", "ano": "2023", "numero": "207", "tipo__sigla": "IND", "tipo__descricao": "Indica\u00e7\u00e3o", "autoria": "San David Pereira Arag\u00e3o (San)", "texto_original": "http://sapl.jequie.ba.leg.br/media/sapl/public/materialegislativa/2023/3373/ind._207.2023_-_san_david.docx", "ementa": "Elabora\u00e7\u00e3o e envio de projeto de lei para regulariza\u00e7\u00e3o fundi\u00e1ria do Loteamento Zibrune, no Mandacaru"}, {"id": "3374", "ano": "2023", "numero": "208", "tipo__sigla": "IND", "tipo__descricao": "Indica\u00e7\u00e3o", "autoria": "BUI BULH\u00d5ES", "texto_original": "http://sapl.jequie.ba.leg.br/media/sapl/public/materialegislativa/2023/3374/ind._208.2023_-_hospital_veterinario_em_jequie.doc", "ementa": "Implanta\u00e7\u00e3o de um Hospital Veterin\u00e1rio Municipal em nossa cidade."}, {"id": "3375", "ano": "2023", "numero": "209", "tipo__sigla": "IND", "tipo__descricao": "Indica\u00e7\u00e3o", "autoria": "BUI BULH\u00d5ES", "texto_original": "http://sapl.jequie.ba.leg.br/media/sapl/public/materialegislativa/2023/3375/ind._209.2023_-_refis_municipal.doc", "ementa": "Solicitando um novo Programa de Recupera\u00e7\u00e3o Fiscal do Munic\u00edpio (Refis Municipal) permitindo o parcelamento de d\u00edvidas, com descontos ou perd\u00e3o de multa e encargos."}, {"id": "3376", "ano": "2023", "numero": "210", "tipo__sigla": "IND", "tipo__descricao": "Indica\u00e7\u00e3o", "autoria": "Sidney Magal Rodrigues de Souza (Sidney Magal)", "texto_original": "http://sapl.jequie.ba.leg.br/media/sapl/public/materialegislativa/2023/3376/ind._210.2023_-_magal.docx", "ementa": "Instala\u00e7\u00e3o de sem\u00e1foros na Rua Nestor Ribeiro, no cruzamento sentido Posto Maring\u00e1 e Feira do Joaquim Rom\u00e3o."}, {"id": "3377", "ano": "2023", "numero": "211", "tipo__sigla": "IND", "tipo__descricao": "Indica\u00e7\u00e3o", "autoria": "Sidney Magal Rodrigues de Souza (Sidney Magal)", "texto_original": "http://sapl.jequie.ba.leg.br/media/sapl/public/materialegislativa/2023/3377/ind._211.2023_-_magal.docx", "ementa": "Constru\u00e7\u00e3o de uma pra\u00e7a p\u00fablica no espa\u00e7o verde localizado na Rua Ant\u00f4nio Orrico, logo ap\u00f3s a Faculdade FTC, bairro S\u00e3o Judas Tadeu."}, {"id": "3378", "ano": "2023", "numero": "212", "tipo__sigla": "IND", "tipo__descricao": "Indica\u00e7\u00e3o", "autoria": "Sidney Magal Rodrigues de Souza (Sidney Magal)", "texto_original": "http://sapl.jequie.ba.leg.br/media/sapl/public/materialegislativa/2023/3378/ind._212.2023_-_magal.docx", "ementa": "Pavimenta\u00e7\u00e3o asf\u00e1ltica da Avenida dos Oper\u00e1rios at\u00e9 o final da Rua da Banca, no bairro Jequiezinho."}, {"id": "3379", "ano": "2023", "numero": "213", "tipo__sigla": "IND", "tipo__descricao": "Indica\u00e7\u00e3o", "autoria": "BUI BULH\u00d5ES", "texto_original": "http://sapl.jequie.ba.leg.br/media/sapl/public/materialegislativa/2023/3379/ind._213.2023_-_bui_bulhoes.doc", "ementa": "Amplia\u00e7\u00e3o do n\u00famero de cotas de Neuropediatras para atender as demandas de nosso munic\u00edpio."}, {"id": "3380", "ano": "2023", "numero": "214", "tipo__sigla": "IND", "tipo__descricao": "Indica\u00e7\u00e3o", "autoria": "Sidney Magal Rodrigues de Souza (Sidney Magal)", "texto_original": "http://sapl.jequie.ba.leg.br/media/sapl/public/materialegislativa/2023/3380/ind._214.2023_-_magal.docx", "ementa": "Implanta\u00e7\u00e3o de ciclovia ou ciclofaixa na Avenida Arthur Moraes, \u201cFeirinha do Jequiezinho\u201d."}, {"id": "3381", "ano": "2023", "numero": "215", "tipo__sigla": "IND", "tipo__descricao": "Indica\u00e7\u00e3o", "autoria": "TINHO", "texto_original": "http://sapl.jequie.ba.leg.br/media/sapl/public/materialegislativa/2023/3381/ind._215.2023_-_passagem_elevada_no_agua_branca.docx", "ementa": "Passagem elevada ou uma lombar, na Rua M, na altura do n\u00famero 152, no bairro \u00c1gua Branca."}, {"id": "3383", "ano": "2023", "numero": "217", "tipo__sigla": "IND", "tipo__descricao": "Indica\u00e7\u00e3o", "autoria": "Ivan de Oliveira Santos (Ivan do Leite)", "texto_original": "http://sapl.jequie.ba.leg.br/media/sapl/public/materialegislativa/2023/3383/ind._217.2023_-_usina_de_residuos_em_jequie.doc", "ementa": "Implanta\u00e7\u00e3o de uma usina de reutiliza\u00e7\u00e3o de res\u00edduos na cidade Jequi\u00e9."}, {"id": "3384", "ano": "2023", "numero": "218", "tipo__sigla": "IND", "tipo__descricao": "Indica\u00e7\u00e3o", "autoria": "Ivan de Oliveira Santos (Ivan do Leite)", "texto_original": "http://sapl.jequie.ba.leg.br/media/sapl/public/materialegislativa/2023/3384/ind._218.2023_-_rua_florisval_almeida.doc", "ementa": "Pavimenta\u00e7\u00e3o asf\u00e1ltica da Rua Florisval Almeida, localizada no bairro Pomp\u00edlio Sampaio."}, {"id": "3385", "ano": "2023", "numero": "219", "tipo__sigla": "IND", "tipo__descricao": "Indica\u00e7\u00e3o", "autoria": "Walmiral Pacheco Marinho Neto (Walmiral)", "texto_original": "http://sapl.jequie.ba.leg.br/media/sapl/public/materialegislativa/2023/3385/ind._219.2023_-_pavimentacao_cahoeirinha.doc", "ementa": "Pavimenta\u00e7\u00e3o asf\u00e1ltica da Rua do Calc\u00e1rio, que fica localizada entre a Cachoeirinha III e IV at\u00e9 a Cachoeirinha Velha, conhecida como Torta."}, {"id": "3386", "ano": "2023", "numero": "220", "tipo__sigla": "IND", "tipo__descricao": "Indica\u00e7\u00e3o", "autoria": "Ivan de Oliveira Santos (Ivan do Leite)", "texto_original": "http://sapl.jequie.ba.leg.br/media/sapl/public/materialegislativa/2023/3386/ind._220.2023_-_calcamento_ruas_jose_portugues.doc", "ementa": "A conclus\u00e3o do asfaltamento da Rua Jos\u00e9 Portugu\u00eas e da Rua Jos\u00e9 Bento Costa, localizadas no bairro Pomp\u00edlio Sampaio."}, {"id": "3388", "ano": "2023", "numero": "221", "tipo__sigla": "IND", "tipo__descricao": "Indica\u00e7\u00e3o", "autoria": "MARCOS DO OVO", "texto_original": "http://sapl.jequie.ba.leg.br/media/sapl/public/materialegislativa/2023/3388/ind._221.2023_-_praca_na_iolanda.docx", "ementa": "Reforma da Pra\u00e7a Dr. Waldir Pires, localizada na Rua Iolanda Pires, bairro Jequiezinho."}, {"id": "3389", "ano": "2023", "numero": "222", "tipo__sigla": "IND", "tipo__descricao": "Indica\u00e7\u00e3o", "autoria": "MARCOS DO OVO", "texto_original": "http://sapl.jequie.ba.leg.br/media/sapl/public/materialegislativa/2023/3389/ind._222.2023_-_redutures_de_velocidade_na_avenida_parque_de_exposicoes.docx", "ementa": "Implementa\u00e7\u00e3o de redutores de velocidade ao longo da Avenida Parque de Exposi\u00e7\u00f5es."}, {"id": "3398", "ano": "2023", "numero": "224", "tipo__sigla": "IND", "tipo__descricao": "Indica\u00e7\u00e3o", "autoria": "MARCINHO", "texto_original": "http://sapl.jequie.ba.leg.br/media/sapl/public/materialegislativa/2023/3398/ind._224.2023_-_marcio.docx", "ementa": "Constru\u00e7\u00e3o de uma pra\u00e7a de conviv\u00eancia dotada de parque infantil, academia ao ar livre, \u00e1reas verdes, quiosques, e ainda a cobertura da quadra poliesportiva, entre o Caminho 18 e Caminho 20, e a Rua \u2018B\u2019 e Rua \u2018C\u2019, no Parque das Algarobas. (ao lado da quadra poliesportiva)"}, {"id": "3399", "ano": "2023", "numero": "225", "tipo__sigla": "IND", "tipo__descricao": "Indica\u00e7\u00e3o", "autoria": "MARCINHO", "texto_original": "http://sapl.jequie.ba.leg.br/media/sapl/public/materialegislativa/2023/3399/ind._225.2023_-_cobertura_pontos_de_taxi.docx", "ementa": "Instala\u00e7\u00e3o de cobertura dos pontos de t\u00e1xi em frente ao Mega Mix, na Rua Francisco Alves Meira; outro em frente ao Big Atacad\u00e3o, na Travessa Francisco Alves Meira, e o terceiro em frente a Pra\u00e7a Lu\u00eds Viana (entrada do Cal\u00e7ad\u00e3o da 7 de Setembro), todos no Centro de Jequi\u00e9."}, {"id": "3400", "ano": "2023", "numero": "226", "tipo__sigla": "IND", "tipo__descricao": "Indica\u00e7\u00e3o", "autoria": "MARCINHO", "texto_original": "http://sapl.jequie.ba.leg.br/media/sapl/public/materialegislativa/2023/3400/ind._226.2023_-_praca_sao_judas.docx", "ementa": "Constru\u00e7\u00e3o de uma pra\u00e7a de conviv\u00eancia com parque infantil, academia ao ar livre, \u00e1reas verdes, quiosques, e ainda a cobertura da quadra poliesportiva, no bairro S\u00e3o Judas Tadeu (pr\u00f3ximo ao antigo M\u00f3dulo Policial)."}, {"id": "3401", "ano": "2023", "numero": "227", "tipo__sigla": "IND", "tipo__descricao": "Indica\u00e7\u00e3o", "autoria": "ZIEL", "texto_original": "http://sapl.jequie.ba.leg.br/media/sapl/public/materialegislativa/2023/3401/ind._227.2023_-_ziel.doc", "ementa": "Constru\u00e7\u00e3o de pra\u00e7a no Loteamento Flamboyant, no bairro Caixa D'\u00e1gua, munida de parque infantil e academia ao ar livre."}, {"id": "3402", "ano": "2023", "numero": "228", "tipo__sigla": "IND", "tipo__descricao": "Indica\u00e7\u00e3o", "autoria": "ZIEL", "texto_original": "http://sapl.jequie.ba.leg.br/media/sapl/public/materialegislativa/2023/3402/ind._228.2023_-_ziel.doc", "ementa": "Realiza\u00e7\u00e3o de cobertura asf\u00e1ltica da importante via que liga a BR-330 ao Conjunto Habitacional Parque do Sol, no bairro Jequiezinho."}, {"id": "3403", "ano": "2023", "numero": "229", "tipo__sigla": "IND", "tipo__descricao": "Indica\u00e7\u00e3o", "autoria": "ZIEL", "texto_original": "http://sapl.jequie.ba.leg.br/media/sapl/public/materialegislativa/2023/3403/ind._229.2023_-_campo_do_cururu.doc", "ementa": "Requalifica\u00e7\u00e3o do Campo do Cururu, localizada no bairro Joaquim Rom\u00e3o."}, {"id": "3404", "ano": "2023", "numero": "230", "tipo__sigla": "IND", "tipo__descricao": "Indica\u00e7\u00e3o", "autoria": "TINHO", "texto_original": "http://sapl.jequie.ba.leg.br/media/sapl/public/materialegislativa/2023/3404/ind._230.2023_-_revitalizacao_da_lagoa_do_derba.docx", "ementa": "Revitaliza\u00e7\u00e3o da Lagoa do Derba."}, {"id": "3405", "ano": "2023", "numero": "231", "tipo__sigla": "IND", "tipo__descricao": "Indica\u00e7\u00e3o", "autoria": "TINHO", "texto_original": "http://sapl.jequie.ba.leg.br/media/sapl/public/materialegislativa/2023/3405/tinho_231.2023.docx", "ementa": "Instala\u00e7\u00e3o de ilumina\u00e7\u00e3o, com refletores, no campo de futebol da Barrinha."}, {"id": "3406", "ano": "2023", "numero": "232", "tipo__sigla": "IND", "tipo__descricao": "Indica\u00e7\u00e3o", "autoria": "ZIEL", "texto_original": "http://sapl.jequie.ba.leg.br/media/sapl/public/materialegislativa/2023/3406/ind._232.2023_-_ziel.doc", "ementa": "Constru\u00e7\u00e3o de uma pra\u00e7a na localidade do Alto da Bela Vista, no Bairro Joaquim Rom\u00e3o, nas proximidades da Rua Ivo Santos e 6\u00aa Travessa S\u00e3o Lucas."}, {"id": "3407", "ano": "2023", "numero": "233", "tipo__sigla": "IND", "tipo__descricao": "Indica\u00e7\u00e3o", "autoria": "MARCINHO", "texto_original": "http://sapl.jequie.ba.leg.br/media/sapl/public/materialegislativa/2023/3407/ind._233.2023_-_marcio.docx", "ementa": "Constru\u00e7\u00e3o do sistema de drenagem e pavimenta\u00e7\u00e3o da Vila Central, no bairro Jequiezinho."}, {"id": "3408", "ano": "2023", "numero": "234", "tipo__sigla": "IND", "tipo__descricao": "Indica\u00e7\u00e3o", "autoria": "RAMON FERNANDES", "texto_original": "http://sapl.jequie.ba.leg.br/media/sapl/public/materialegislativa/2023/3408/ind._234.2023_-_ramon.docx", "ementa": "Cria\u00e7\u00e3o de um Campus da Universidade Federal no munic\u00edpio de Jequi\u00e9, para atender as demandas da Regi\u00e3o do M\u00e9dio Rio de Contas."}, {"id": "3409", "ano": "2023", "numero": "235", "tipo__sigla": "IND", "tipo__descricao": "Indica\u00e7\u00e3o", "autoria": "RAMON FERNANDES", "texto_original": "http://sapl.jequie.ba.leg.br/media/sapl/public/materialegislativa/2023/3409/ind._235.2023_-_ramon_cachoeirinha.docx", "ementa": "Constru\u00e7\u00e3o de uma quadra poliesportiva e uma pequena arena com quiosque e campo society de grama sint\u00e9tica na Cachoeirinha."}, {"id": "3410", "ano": "2023", "numero": "236", "tipo__sigla": "IND", "tipo__descricao": "Indica\u00e7\u00e3o", "autoria": "Jo\u00e3o Paulo Fernandes Silva (JP)", "texto_original": "http://sapl.jequie.ba.leg.br/media/sapl/public/materialegislativa/2023/3410/ind._236.2023_-_optometristas_nos_psfs_do_nosso_municipio.doc", "ementa": "Inclus\u00e3o de Optometristas nos PSFs para acesso da popula\u00e7\u00e3o ao atendimento de sa\u00fade visual."}, {"id": "3411", "ano": "2023", "numero": "237", "tipo__sigla": "IND", "tipo__descricao": "Indica\u00e7\u00e3o", "autoria": "SOLDADO GILVAN", "texto_original": "http://sapl.jequie.ba.leg.br/media/sapl/public/materialegislativa/2023/3411/237.2023_-_gilvan.doc", "ementa": "Pavimenta\u00e7\u00e3o asf\u00e1ltica das seguintes art\u00e9rias do Loteamento Raio de Luz, bairro S\u00e3o Judas Tadeu: Rua Cris\u00e2ntemo, Rua das Ad\u00e1lias e Rua dos Girass\u00f3is."}, {"id": "3412", "ano": "2023", "numero": "238", "tipo__sigla": "IND", "tipo__descricao": "Indica\u00e7\u00e3o", "autoria": "BUI BULH\u00d5ES", "texto_original": "http://sapl.jequie.ba.leg.br/media/sapl/public/materialegislativa/2023/3412/ind._238.2023_-_bui.doc", "ementa": "Implanta\u00e7\u00e3o de uma universidade federal na cidade de Jequi\u00e9."}, {"id": "3413", "ano": "2023", "numero": "239", "tipo__sigla": "IND", "tipo__descricao": "Indica\u00e7\u00e3o", "autoria": "PROFESSORA CIDA", "texto_original": "http://sapl.jequie.ba.leg.br/media/sapl/public/materialegislativa/2023/3413/ind._239.2023_-_praca_manoel_bonfim_moura.docx", "ementa": "Revitalizar a Pra\u00e7a Manoel Bonfim Moura, localizada na Avenida Presidente Vargas, bairro Jequiezinho, em conflu\u00eancia com a Avenida Franz Gedeon."}, {"id": "3414", "ano": "2023", "numero": "240", "tipo__sigla": "IND", "tipo__descricao": "Indica\u00e7\u00e3o", "autoria": "SOLDADO GILVAN", "texto_original": "http://sapl.jequie.ba.leg.br/media/sapl/public/materialegislativa/2023/3414/ind._240.2023_-_calcamento_ruas_loteamento_raio_de_luz.doc", "ementa": "Pavimenta\u00e7\u00e3o asf\u00e1ltica das seguintes vias do Loteamento Raio de Luz, bairro S\u00e3o Judas Tadeu: Rua das Margaridas, Rua das Tulipas e Rua Urano."}, {"id": "3415", "ano": "2023", "numero": "241", "tipo__sigla": "IND", "tipo__descricao": "Indica\u00e7\u00e3o", "autoria": "GUTINHA", "texto_original": "http://sapl.jequie.ba.leg.br/media/sapl/public/materialegislativa/2023/3415/ind._241.2023_-_gutinha.doc", "ementa": "Pavimenta\u00e7\u00e3o asf\u00e1ltica da Rua Principal, no Distrito de Itajuru, e ainda a instala\u00e7\u00e3o de sinaliza\u00e7\u00e3o horizontal e vertical naquele distrito."}, {"id": "3421", "ano": "2023", "numero": "246", "tipo__sigla": "IND", "tipo__descricao": "Indica\u00e7\u00e3o", "autoria": "Jo\u00e3o Paulo Fernandes Silva (JP)", "texto_original": "http://sapl.jequie.ba.leg.br/media/sapl/public/materialegislativa/2023/3421/ind._246.2023_-_regularizacao_fundiaria_-_joao_paulo.doc", "ementa": "Execu\u00e7\u00e3o do Programa de Regula\u00e7\u00e3o Fundi\u00e1ria na 4\u00aa e 5\u00aa Travessa Jo\u00e3o Rosa, localizadas no bairro Jequiezinho."}, {"id": "3422", "ano": "2023", "numero": "247", "tipo__sigla": "IND", "tipo__descricao": "Indica\u00e7\u00e3o", "autoria": "Walmiral Pacheco Marinho Neto (Walmiral)", "texto_original": "http://sapl.jequie.ba.leg.br/media/sapl/public/materialegislativa/2023/3422/ind._247.2023_-_creche_em_florestal.doc", "ementa": "Constru\u00e7\u00e3o de uma creche no Distrito de Florestal."}, {"id": "3423", "ano": "2023", "numero": "248", "tipo__sigla": "IND", "tipo__descricao": "Indica\u00e7\u00e3o", "autoria": "MOANA", "texto_original": "http://sapl.jequie.ba.leg.br/media/sapl/public/materialegislativa/2023/3423/ind._248.2023_-_moana.docx", "ementa": "Implanta\u00e7\u00e3o do Programa de Pr\u00e1ticas Integrativas e Complementares de Sa\u00fade (PICS) no \u00e2mbito do Munic\u00edpio de Jequi\u00e9."}, {"id": "3424", "ano": "2023", "numero": "249", "tipo__sigla": "IND", "tipo__descricao": "Indica\u00e7\u00e3o", "autoria": "Walmiral Pacheco Marinho Neto (Walmiral)", "texto_original": "http://sapl.jequie.ba.leg.br/media/sapl/public/materialegislativa/2023/3424/ind._249.2023_-_walmiral.doc", "ementa": "Realiza\u00e7\u00e3o de concretagem no bairro Alto da Bela Vista, Distrito de Florestal."}, {"id": "3425", "ano": "2023", "numero": "250", "tipo__sigla": "IND", "tipo__descricao": "Indica\u00e7\u00e3o", "autoria": "Jo\u00e3o Paulo Fernandes Silva (JP)", "texto_original": "http://sapl.jequie.ba.leg.br/media/sapl/public/materialegislativa/2023/3425/ind._250.2023_-_canil_-_joao_paulo_canil.doc", "ementa": "Requalifica\u00e7\u00e3o e amplia\u00e7\u00e3o do Canil Municipal, em conjunto com as institui\u00e7\u00f5es protetoras de animais existentes em nossa cidade."}, {"id": "3426", "ano": "2023", "numero": "251", "tipo__sigla": "IND", "tipo__descricao": "Indica\u00e7\u00e3o", "autoria": "COLORIDO", "texto_original": "http://sapl.jequie.ba.leg.br/media/sapl/public/materialegislativa/2023/3426/ind._251.2023_-_colorido.docx", "ementa": "Constru\u00e7\u00e3o de uma pra\u00e7a p\u00fablica dotada de \u00e1rea de lazer, parque infantil e academia ao ar livre na conflu\u00eancia da Rua A, Rua B e Caminho 5, no Conjunto Habitacional Parque das Algarobas, localizado no bairro Pomp\u00edlio Sampaio, em nossa cidade."}, {"id": "3427", "ano": "2023", "numero": "252", "tipo__sigla": "IND", "tipo__descricao": "Indica\u00e7\u00e3o", "autoria": "TINHO", "texto_original": "http://sapl.jequie.ba.leg.br/media/sapl/public/materialegislativa/2023/3427/ind._252.2025_-_tinho.docx", "ementa": "Ilumina\u00e7\u00e3o com LED na URBIS III e URBIS IV, no bairro Esp\u00edrito Santo, nos postes em seu entorno quanto em seu interior."}, {"id": "3428", "ano": "2023", "numero": "253", "tipo__sigla": "IND", "tipo__descricao": "Indica\u00e7\u00e3o", "autoria": "COLORIDO", "texto_original": "http://sapl.jequie.ba.leg.br/media/sapl/public/materialegislativa/2023/3428/ind._253.2023_-_colorido.docx", "ementa": "Constru\u00e7\u00e3o de uma pra\u00e7a entre a Rua Fluminense e Rua Vasco da Gama, ambas localizadas no Loteamento Jardim Maracan\u00e3, no bairro Mandacaru, em frente \u00e0 antiga garagem da Tiradentes."}, {"id": "3429", "ano": "2023", "numero": "254", "tipo__sigla": "IND", "tipo__descricao": "Indica\u00e7\u00e3o", "autoria": "BUI BULH\u00d5ES", "texto_original": "http://sapl.jequie.ba.leg.br/media/sapl/public/materialegislativa/2023/3429/ind._254.2023_-_bui_bulhoes.doc", "ementa": "Melhorias estruturais e constru\u00e7\u00e3o de passarela para pedestres na ponte de acesso da Rua Antonio Orrico, pr\u00f3ximo \u00e0 FTC."}, {"id": "3434", "ano": "2023", "numero": "256", "tipo__sigla": "IND", "tipo__descricao": "Indica\u00e7\u00e3o", "autoria": "J\u00daNIOR BRAGA", "texto_original": "http://sapl.jequie.ba.leg.br/media/sapl/public/materialegislativa/2023/3434/ind._256.2023_-_junior_braga.docx", "ementa": "Pavimenta\u00e7\u00e3o das seguintes art\u00e9rias: 2\u00aa Travessa da Luz, Rua do Grupo Escolar, e Travessa IBC, todas localizadas no bairro Km3."}, {"id": "3435", "ano": "2023", "numero": "257", "tipo__sigla": "IND", "tipo__descricao": "Indica\u00e7\u00e3o", "autoria": "RAMON FERNANDES", "texto_original": "http://sapl.jequie.ba.leg.br/media/sapl/public/materialegislativa/2023/3435/ind._257.2023_-ramon.doc", "ementa": "Constru\u00e7\u00e3o de um conjunto habitacional do Programa Minha Casa Minha Vida em Jequi\u00e9 BA, para diminuir o d\u00e9ficit habitacional no munic\u00edpio."}, {"id": "3436", "ano": "2023", "numero": "258", "tipo__sigla": "IND", "tipo__descricao": "Indica\u00e7\u00e3o", "autoria": "DUDA SIM\u00d5ES", "texto_original": "http://sapl.jequie.ba.leg.br/media/sapl/public/materialegislativa/2023/3436/ind._258.2023_-_duda_simoes.doc", "ementa": "Constru\u00e7\u00e3o de uma quadra de esporte coberta no Distrito de Nova Esperan\u00e7a."}, {"id": "3438", "ano": "2023", "numero": "260", "tipo__sigla": "IND", "tipo__descricao": "Indica\u00e7\u00e3o", "autoria": "Ivan de Oliveira Santos (Ivan do Leite)", "texto_original": "http://sapl.jequie.ba.leg.br/media/sapl/public/materialegislativa/2023/3438/ind._260.2023.docm", "ementa": "Constru\u00e7\u00e3o de uma quadra poliesportiva no Distrito de Monte Branco."}, {"id": "3439", "ano": "2023", "numero": "261", "tipo__sigla": "IND", "tipo__descricao": "Indica\u00e7\u00e3o", "autoria": "DUDA SIM\u00d5ES", "texto_original": "http://sapl.jequie.ba.leg.br/media/sapl/public/materialegislativa/2023/3439/ind._261.2023_-_praca_boacu.doc", "ementa": "Constru\u00e7\u00e3o de uma pra\u00e7a e a implanta\u00e7\u00e3o de academia ao ar livre no Povoado de Boa\u00e7u."}, {"id": "3440", "ano": "2023", "numero": "262", "tipo__sigla": "IND", "tipo__descricao": "Indica\u00e7\u00e3o", "autoria": "MARCOS DO OVO", "texto_original": "http://sapl.jequie.ba.leg.br/media/sapl/public/materialegislativa/2023/3440/ind._262.2023_-_marcos_do_ovo.docx", "ementa": "Instala\u00e7\u00e3o de uma rotat\u00f3ria no cruzamento da Avenida Governador Lomanto J\u00fanior com a Avenida Rio Branco, em frente ao Col\u00e9gio Estadual Professor Firmo Nunes de Oliveira, antigo CPM."}, {"id": "3441", "ano": "2023", "numero": "263", "tipo__sigla": "IND", "tipo__descricao": "Indica\u00e7\u00e3o", "autoria": "MARCOS DO OVO", "texto_original": "http://sapl.jequie.ba.leg.br/media/sapl/public/materialegislativa/2023/3441/ind._263.2023_-_marcos.docx", "ementa": "Asfaltamento da Rua Israel, localizada no bairro S\u00e3o Judas Tadeu."}, {"id": "3443", "ano": "2023", "numero": "264", "tipo__sigla": "IND", "tipo__descricao": "Indica\u00e7\u00e3o", "autoria": "J\u00daNIOR BRAGA", "texto_original": "http://sapl.jequie.ba.leg.br/media/sapl/public/materialegislativa/2023/3443/ind._264.2023_-_junior_braga.docx", "ementa": "Pavimenta\u00e7\u00e3o das seguintes vias: Rua Campo S\u00e3o J\u00falio, Travessa Campo S\u00e3o J\u00falio e Rua da Gr\u00e9cia, todas localizadas no bairro Km3."}, {"id": "3444", "ano": "2023", "numero": "265", "tipo__sigla": "IND", "tipo__descricao": "Indica\u00e7\u00e3o", "autoria": "J\u00daNIOR BRAGA", "texto_original": "http://sapl.jequie.ba.leg.br/media/sapl/public/materialegislativa/2023/3444/ind._265.2023_-_jr._braga.docx", "ementa": "Pavimenta\u00e7\u00e3o das seguintes art\u00e9rias: Rua Tau\u00e1, 3\u00aa Travessa Bol\u00edvar Reis, e 1\u00aa Travessa da Luz, todas localizadas no bairro Km3."}, {"id": "3445", "ano": "2023", "numero": "266", "tipo__sigla": "IND", "tipo__descricao": "Indica\u00e7\u00e3o", "autoria": "RAMON FERNANDES", "texto_original": "http://sapl.jequie.ba.leg.br/media/sapl/public/materialegislativa/2023/3445/ind._266.2023_-_criacao_de_um_campus_universidade_estadual.docx", "ementa": "Cria\u00e7\u00e3o de um Campus da Universidade Estadual M\u00e9dio Rio das Contas no munic\u00edpio de Jequi\u00e9 para atender as demandas da regi\u00e3o."}, {"id": "3446", "ano": "2023", "numero": "267", "tipo__sigla": "IND", "tipo__descricao": "Indica\u00e7\u00e3o", "autoria": "Ivan de Oliveira Santos (Ivan do Leite)", "texto_original": "http://sapl.jequie.ba.leg.br/media/sapl/public/materialegislativa/2023/3446/ind._267.2023_-_recuperacao_ponte.docm", "ementa": "A recupera\u00e7\u00e3o da ponte da Avenida dos Oper\u00e1rios, localizada no bairro Pompilio Sampaio."}, {"id": "3447", "ano": "2023", "numero": "268", "tipo__sigla": "IND", "tipo__descricao": "Indica\u00e7\u00e3o", "autoria": "San David Pereira Arag\u00e3o (San)", "texto_original": "http://sapl.jequie.ba.leg.br/media/sapl/public/materialegislativa/2023/3447/ind._268.2023_-_san_david.docx", "ementa": "Pavimenta\u00e7\u00e3o asf\u00e1ltica dos seguintes logradouros: Rua Ernani Ribeiro Oliveira, Travessa D, e Rua Maria Ang\u00e9lica Oliveira Luna, no Loteamento Santa Luz, bairro Joaquim Rom\u00e3o, fundo da UPA 24 Horas."}, {"id": "3448", "ano": "2023", "numero": "269", "tipo__sigla": "IND", "tipo__descricao": "Indica\u00e7\u00e3o", "autoria": "San David Pereira Arag\u00e3o (San)", "texto_original": "http://sapl.jequie.ba.leg.br/media/sapl/public/materialegislativa/2023/3448/ind._269.2023_-_san_david.docx", "ementa": "Reforma total da Pra\u00e7a Euflozina Pereira Gomes, localizada entre a Rua Miguel Gomes da Silva e a Rua  Rodolfo Pereira Lisboa, no Mandacaru, dotando-a de  academia ao ar livre e parque infantil."}, {"id": "3462", "ano": "2023", "numero": "270", "tipo__sigla": "IND", "tipo__descricao": "Indica\u00e7\u00e3o", "autoria": "San David Pereira Arag\u00e3o (San)", "texto_original": "http://sapl.jequie.ba.leg.br/media/sapl/public/materialegislativa/2023/3462/ind._270.2023_-_construcao_de_praca_da_juventude_em_jequie.docx", "ementa": "Constru\u00e7\u00e3o da Pra\u00e7a da Juventude no munic\u00edpio de Jequi\u00e9, Estado da Bahia"}, {"id": "3463", "ano": "2023", "numero": "271", "tipo__sigla": "IND", "tipo__descricao": "Indica\u00e7\u00e3o", "autoria": "San David Pereira Arag\u00e3o (San)", "texto_original": "http://sapl.jequie.ba.leg.br/media/sapl/public/materialegislativa/2023/3463/ind._271.2023.docx", "ementa": "Implanta\u00e7\u00e3o do C\u00f3digo de Endere\u00e7amento Postal (CEP) nas vias do Loteamento Itaigara, no bairro Mandacaru."}, {"id": "3466", "ano": "2023", "numero": "272", "tipo__sigla": "IND", "tipo__descricao": "Indica\u00e7\u00e3o", "autoria": "GUTINHA", "texto_original": "http://sapl.jequie.ba.leg.br/media/sapl/public/materialegislativa/2023/3466/ind._272.2023_-_rua_botafogo.doc", "ementa": "Pavimenta\u00e7\u00e3o asf\u00e1ltica da Rua Botafogo, no bairro Mandacaru."}, {"id": "3467", "ano": "2023", "numero": "273", "tipo__sigla": "IND", "tipo__descricao": "Indica\u00e7\u00e3o", "autoria": "Joaquim Caires Rocha (Joaquim Caires)", "texto_original": "http://sapl.jequie.ba.leg.br/media/sapl/public/materialegislativa/2023/3467/ind._273.doc", "ementa": "Constru\u00e7\u00e3o de uma arena poliesportiva no campo do Conjunto Habitacional Brasil Novo."}, {"id": "3468", "ano": "2023", "numero": "274", "tipo__sigla": "IND", "tipo__descricao": "Indica\u00e7\u00e3o", "autoria": "Joaquim Caires Rocha (Joaquim Caires)", "texto_original": "http://sapl.jequie.ba.leg.br/media/sapl/public/materialegislativa/2023/3468/ind._274.doc", "ementa": "Constru\u00e7\u00e3o de um  canal para \u00e1guas pluviais na rua do Campo, no Conjunto Habitacional Brasil Novo."}, {"id": "3469", "ano": "2023", "numero": "275", "tipo__sigla": "IND", "tipo__descricao": "Indica\u00e7\u00e3o", "autoria": "MARCOS DO OVO", "texto_original": "http://sapl.jequie.ba.leg.br/media/sapl/public/materialegislativa/2023/3469/ind._275.docx", "ementa": "Moderniza\u00e7\u00e3o da ilumina\u00e7\u00e3o da Avenida Barragem de Pedras, no bairro Curral Novo, com coloca\u00e7\u00e3o de l\u00e2mpadas de LED em toda a extens\u00e3o da referida art\u00e9ria."}, {"id": "3471", "ano": "2023", "numero": "276", "tipo__sigla": "IND", "tipo__descricao": "Indica\u00e7\u00e3o", "autoria": "RAMON FERNANDES", "texto_original": "http://sapl.jequie.ba.leg.br/media/sapl/public/materialegislativa/2023/3471/ind._276.docx", "ementa": "Cria\u00e7\u00e3o de um frigorifico no Munic\u00edpio de Jequi\u00e9, a fim de auxiliar a Piscicultura e a Aquicultura desenvolvida no Povoado da Barragem de Pedras."}, {"id": "3472", "ano": "2023", "numero": "277", "tipo__sigla": "IND", "tipo__descricao": "Indica\u00e7\u00e3o", "autoria": "BUI BULH\u00d5ES", "texto_original": "http://sapl.jequie.ba.leg.br/media/sapl/public/materialegislativa/2023/3472/ind._277.2023_-_novo_centro_industrial.doc", "ementa": "Implanta\u00e7\u00e3o de um novo Centro Industrial em Jequi\u00e9."}, {"id": "3473", "ano": "2023", "numero": "278", "tipo__sigla": "IND", "tipo__descricao": "Indica\u00e7\u00e3o", "autoria": "BUI BULH\u00d5ES", "texto_original": "http://sapl.jequie.ba.leg.br/media/sapl/public/materialegislativa/2023/3473/ind._278.2023.doc", "ementa": "Instala\u00e7\u00e3o da cobertura da quadra do Cansan\u00e7\u00e3o."}, {"id": "3474", "ano": "2023", "numero": "279", "tipo__sigla": "IND", "tipo__descricao": "Indica\u00e7\u00e3o", "autoria": "BUI BULH\u00d5ES", "texto_original": "http://sapl.jequie.ba.leg.br/media/sapl/public/materialegislativa/2023/3474/ind._279.2023.doc", "ementa": "Ilumina\u00e7\u00e3o c\u00eanica de monumentos e espa\u00e7os p\u00fablicos e urbanos, como edif\u00edcios, pra\u00e7as, parques, elementos de transposi\u00e7\u00e3o de via, fachadas e obras de arte de valor hist\u00f3rico."}, {"id": "3475", "ano": "2023", "numero": "280", "tipo__sigla": "IND", "tipo__descricao": "Indica\u00e7\u00e3o", "autoria": "BUI BULH\u00d5ES", "texto_original": "http://sapl.jequie.ba.leg.br/media/sapl/public/materialegislativa/2023/3475/ind._280.2023....doc", "ementa": "Elabora\u00e7\u00e3o de um projeto para constru\u00e7\u00e3o de cisternas para fam\u00edlias rurais de baixa renda atingidas pela seca ou falta de \u00e1gua."}, {"id": "3477", "ano": "2023", "numero": "282", "tipo__sigla": "IND", "tipo__descricao": "Indica\u00e7\u00e3o", "autoria": "Sidney Magal Rodrigues de Souza (Sidney Magal)", "texto_original": "http://sapl.jequie.ba.leg.br/media/sapl/public/materialegislativa/2023/3477/ind._282.2023_-_praca_com_quiosque_em_frente_a_quitanda.docx", "ementa": "Constru\u00e7\u00e3o de uma pra\u00e7a p\u00fablica dotada de quiosque na Rua Pernambuco, em frente \u00e0 Quitanda."}, {"id": "3478", "ano": "2023", "numero": "283", "tipo__sigla": "IND", "tipo__descricao": "Indica\u00e7\u00e3o", "autoria": "Sidney Magal Rodrigues de Souza (Sidney Magal)", "texto_original": "http://sapl.jequie.ba.leg.br/media/sapl/public/materialegislativa/2023/3478/ind._283.2023__-_praca_na_baixa_do_bonfim.docx", "ementa": "Constru\u00e7\u00e3o de uma pra\u00e7a p\u00fablica na localidade Baixa do Bonfim, no espa\u00e7o localizado em frente ao Supermercado Calif\u00f3rnia."}, {"id": "3480", "ano": "2023", "numero": "285", "tipo__sigla": "IND", "tipo__descricao": "Indica\u00e7\u00e3o", "autoria": "SOLDADO GILVAN", "texto_original": "http://sapl.jequie.ba.leg.br/media/sapl/public/materialegislativa/2023/3480/ind._285.2023_-_rede_de_extensao_de_agua_na_comunidade_sao_paulino.doc", "ementa": "Extens\u00e3o da rede de \u00e1gua para a comunidade do S\u00e3o Paulino, fundo do aterro sanit\u00e1rio."}, {"id": "3481", "ano": "2023", "numero": "286", "tipo__sigla": "IND", "tipo__descricao": "Indica\u00e7\u00e3o", "autoria": "ZIEL", "texto_original": "http://sapl.jequie.ba.leg.br/media/sapl/public/materialegislativa/2023/3481/ind._286.2023_-_ampliacao_de_ciclovias.doc", "ementa": "Amplia\u00e7\u00e3o de ciclovias nas principais art\u00e9rias da nossa cidade, em especial na Avenida Tote Lomanto, na Avenida Leur Lomanto e  na Jo\u00e3o Goulart, se estendendo at\u00e9 a UBS J\u00falia Magalh\u00e3es."}, {"id": "3482", "ano": "2023", "numero": "287", "tipo__sigla": "IND", "tipo__descricao": "Indica\u00e7\u00e3o", "autoria": "SOLDADO GILVAN", "texto_original": "http://sapl.jequie.ba.leg.br/media/sapl/public/materialegislativa/2023/3482/ind._287.2023_-_reforma_da_praca_luiz_viana.doc", "ementa": "Reforma da Pra\u00e7a Luiz Viana, com remodela\u00e7\u00e3o dos quiosques e implanta\u00e7\u00e3o de parque infantil e reforma do edif\u00edcio onde funciona a Associa\u00e7\u00e3o dos Artes\u00e3os com instala\u00e7\u00e3o  de vidra\u00e7as e portas laterais."}, {"id": "3483", "ano": "2023", "numero": "288", "tipo__sigla": "IND", "tipo__descricao": "Indica\u00e7\u00e3o", "autoria": "PROFESSORA CIDA", "texto_original": "http://sapl.jequie.ba.leg.br/media/sapl/public/materialegislativa/2023/3483/ind._288.2023_-_praca_no_recanto_dos_passaros.docx", "ementa": "Revitaliza\u00e7\u00e3o da pra\u00e7a localizada na Rua das Gaivotas em conflu\u00eancia com a Rua das Juritis e Rua das Perdizes, no Loteamento Recanto dos P\u00e1ssaros, bairro S\u00e3o Luis."}, {"id": "3485", "ano": "2023", "numero": "290", "tipo__sigla": "IND", "tipo__descricao": "Indica\u00e7\u00e3o", "autoria": "ZIEL", "texto_original": "http://sapl.jequie.ba.leg.br/media/sapl/public/materialegislativa/2023/3485/ind._290.2023.doc", "ementa": "Cobertura asf\u00e1ltica nas seguintes art\u00e9rias: Rua Ot\u00e1vio Bispo Santos, Rua Prudente de Morais e Rua Abra\u00e3o Rodrigues, localizadas no bairro Caixa D\u2019\u00e1gua."}, {"id": "3486", "ano": "2023", "numero": "291", "tipo__sigla": "IND", "tipo__descricao": "Indica\u00e7\u00e3o", "autoria": "J\u00daNIOR BRAGA", "texto_original": "http://sapl.jequie.ba.leg.br/media/sapl/public/materialegislativa/2023/3486/ind._291.2023_-_refdorma_de_ubs.docx", "ementa": "Requalifica\u00e7\u00e3o da USF \u2013 Unidade de Sa\u00fade Dr\u00aa Isa Cleria Borges, situada na Av. Ot\u00e1vio Mangabeira, bairro Km3."}, {"id": "3487", "ano": "2023", "numero": "292", "tipo__sigla": "IND", "tipo__descricao": "Indica\u00e7\u00e3o", "autoria": "MOANA", "texto_original": "http://sapl.jequie.ba.leg.br/media/sapl/public/materialegislativa/2023/3487/ind._292.2023_-_ampliacao_ponte_joao_goulart.doc", "ementa": "Obra de revitaliza\u00e7\u00e3o, com alargamento/amplia\u00e7\u00e3o da ponte sobre o Rio Jequiezinho, na Avenida Presidente Jo\u00e3o Goulart, bairro Jequiezinho."}, {"id": "3488", "ano": "2023", "numero": "293", "tipo__sigla": "IND", "tipo__descricao": "Indica\u00e7\u00e3o", "autoria": "Jo\u00e3o Paulo Fernandes Silva (JP)", "texto_original": "http://sapl.jequie.ba.leg.br/media/sapl/public/materialegislativa/2023/3488/ind_laboratorio_em_casa.doc", "ementa": "Instituir \"Laborat\u00f3rio em Casa\" ou nas Unidades de Sa\u00fade mais pr\u00f3ximas, no sentido de auxiliar as pessoas idosas e/ou com defici\u00eancia ou mobilidade reduzida."}, {"id": "3489", "ano": "2023", "numero": "294", "tipo__sigla": "IND", "tipo__descricao": "Indica\u00e7\u00e3o", "autoria": "Jo\u00e3o Paulo Fernandes Silva (JP)", "texto_original": "http://sapl.jequie.ba.leg.br/media/sapl/public/materialegislativa/2023/3489/ind._294.2023.doc", "ementa": "Pavimenta\u00e7\u00e3o asf\u00e1ltica da Rua G, Rua H e da Rua I, localizadas no Loteamento Mirassol, bairro Jequiezinho."}, {"id": "3490", "ano": "2023", "numero": "295", "tipo__sigla": "IND", "tipo__descricao": "Indica\u00e7\u00e3o", "autoria": "Jo\u00e3o Paulo Fernandes Silva (JP)", "texto_original": "http://sapl.jequie.ba.leg.br/media/sapl/public/materialegislativa/2023/3490/ind._295.2023.doc", "ementa": "Cria\u00e7\u00e3o de um banco de empregos para a mulher v\u00edtima de viol\u00eancia dom\u00e9stica, e a reserva de vagas em creches para os filhos dessas mulheres."}, {"id": "3491", "ano": "2023", "numero": "296", "tipo__sigla": "IND", "tipo__descricao": "Indica\u00e7\u00e3o", "autoria": "Walmiral Pacheco Marinho Neto (Walmiral)", "texto_original": "http://sapl.jequie.ba.leg.br/media/sapl/public/materialegislativa/2023/3491/ind._296.2023.doc", "ementa": "Reforma geral no Cemit\u00e9rio do Povoado do Emiliano."}, {"id": "3492", "ano": "2023", "numero": "297", "tipo__sigla": "IND", "tipo__descricao": "Indica\u00e7\u00e3o", "autoria": "MOANA", "texto_original": "http://sapl.jequie.ba.leg.br/media/sapl/public/materialegislativa/2023/3492/ind._297.2023_-.doc", "ementa": "Medidas para democratizar as atividades art\u00edsticas e culturais tornando-as acess\u00edveis \u00e0s pessoas com defici\u00eancia no Munic\u00edpio de Jequi\u00e9."}, {"id": "3493", "ano": "2023", "numero": "298", "tipo__sigla": "IND", "tipo__descricao": "Indica\u00e7\u00e3o", "autoria": "SOLDADO GILVAN", "texto_original": "http://sapl.jequie.ba.leg.br/media/sapl/public/materialegislativa/2023/3493/ind._298.2023.doc", "ementa": "Pavimenta\u00e7\u00e3o asf\u00e1ltica das seguintes vias localizadas no Loteamento Beta Ville, bairro Caixa D'\u00e1gua: Rua Daniel Andrade, Rua Buenos Aires e Avenida S\u00e3o Jorge."}, {"id": "3494", "ano": "2023", "numero": "299", "tipo__sigla": "IND", "tipo__descricao": "Indica\u00e7\u00e3o", "autoria": "SOLDADO GILVAN", "texto_original": "http://sapl.jequie.ba.leg.br/media/sapl/public/materialegislativa/2023/3494/ind._299.2023_-_gilvan.doc", "ementa": "Pavimenta\u00e7\u00e3o asf\u00e1ltica das seguintes art\u00e9rias localizadas no Loteamento Beta Ville, bairro Caixa D'\u00e1gua: Rua Havana, Avenida S\u00e3o Francisco e Rua Atlanta."}, {"id": "3495", "ano": "2023", "numero": "300", "tipo__sigla": "IND", "tipo__descricao": "Indica\u00e7\u00e3o", "autoria": "Walmiral Pacheco Marinho Neto (Walmiral)", "texto_original": "http://sapl.jequie.ba.leg.br/media/sapl/public/materialegislativa/2023/3495/ind._300.2023.doc", "ementa": "Cria\u00e7\u00e3o de um alojamento no Mun\u00edcipio, com o objetivo de acomodar estudantes de outras localidades que estejam cursando faculdade em nossa cidade."}, {"id": "3497", "ano": "2023", "numero": "301", "tipo__sigla": "IND", "tipo__descricao": "Indica\u00e7\u00e3o", "autoria": "COLORIDO", "texto_original": "http://sapl.jequie.ba.leg.br/media/sapl/public/materialegislativa/2023/3497/ind._301.2023.doc", "ementa": "Pavimenta\u00e7\u00e3o asf\u00e1ltica da Rua Santo Ant\u00f4nio e da Rua Riachuelo, localizadas no Centro da cidade."}, {"id": "3499", "ano": "2023", "numero": "302", "tipo__sigla": "IND", "tipo__descricao": "Indica\u00e7\u00e3o", "autoria": "MARCOS DO OVO", "texto_original": "http://sapl.jequie.ba.leg.br/media/sapl/public/materialegislativa/2023/3499/ind._302.2023.docx", "ementa": "Servi\u00e7o de drenagem e o asfaltamento da 1\u00aa Travessa da Igreja S\u00e3o Jos\u00e9, no Conjunto Habitacional Brasil Novo."}, {"id": "3500", "ano": "2023", "numero": "303", "tipo__sigla": "IND", "tipo__descricao": "Indica\u00e7\u00e3o", "autoria": "MARCOS DO OVO", "texto_original": "http://sapl.jequie.ba.leg.br/media/sapl/public/materialegislativa/2023/3500/ind._303.2023.docx", "ementa": "Concretagem do Caminho 29, na URBIS 4, bairro Esp\u00edrito Santo."}, {"id": "3501", "ano": "2023", "numero": "304", "tipo__sigla": "IND", "tipo__descricao": "Indica\u00e7\u00e3o", "autoria": "MARCINHO", "texto_original": "http://sapl.jequie.ba.leg.br/media/sapl/public/materialegislativa/2023/3501/ind._304.2023_-_patrolamento_da_estrada_do_canoao.docx", "ementa": "Patrolamento e encascalhamento da estrada de acesso ao Povoado do Cano\u00e3o, na Zona Rural de Jequi\u00e9"}, {"id": "3502", "ano": "2023", "numero": "305", "tipo__sigla": "IND", "tipo__descricao": "Indica\u00e7\u00e3o", "autoria": "MARCOS DO OVO", "texto_original": "http://sapl.jequie.ba.leg.br/media/sapl/public/materialegislativa/2023/3502/ind._305.2023.docx", "ementa": "Reforma da Escola Municipal Professora Vilma Brito Sarmento, localizada na Rua E, no bairro \u00c1gua Branca."}, {"id": "3527", "ano": "2023", "numero": "306", "tipo__sigla": "IND", "tipo__descricao": "Indica\u00e7\u00e3o", "autoria": "RAMON FERNANDES", "texto_original": "http://sapl.jequie.ba.leg.br/media/sapl/public/materialegislativa/2023/3527/ind._306.2023.doc", "ementa": "Reforma da Pra\u00e7a Santo Ant\u00f4nio, localizada no Distrito de Itaib\u00f3."}, {"id": "3504", "ano": "2023", "numero": "307", "tipo__sigla": "IND", "tipo__descricao": "Indica\u00e7\u00e3o", "autoria": "MARCINHO", "texto_original": "http://sapl.jequie.ba.leg.br/media/sapl/public/materialegislativa/2023/3504/ind._307.2023_modernizacao_iluminacao_parque_das_algarobas.docx", "ementa": "Moderniza\u00e7\u00e3o da ilumina\u00e7\u00e3o p\u00fablica, com substitui\u00e7\u00e3o das l\u00e2mpadas atuais pela instala\u00e7\u00e3o de placas de LED, no Loteamento Parque das Algarobas."}, {"id": "3505", "ano": "2023", "numero": "308", "tipo__sigla": "IND", "tipo__descricao": "Indica\u00e7\u00e3o", "autoria": "PROFESSORA CIDA", "texto_original": "http://sapl.jequie.ba.leg.br/media/sapl/public/materialegislativa/2023/3505/ind._308.2023.docx", "ementa": "Melhoria da tubula\u00e7\u00e3o de drenagem de \u00e1guas pluviais nas Ruas A, B e C, localizadas na URBIS I, em nossa cidade."}, {"id": "3506", "ano": "2023", "numero": "309", "tipo__sigla": "IND", "tipo__descricao": "Indica\u00e7\u00e3o", "autoria": "COLORIDO", "texto_original": "http://sapl.jequie.ba.leg.br/media/sapl/public/materialegislativa/2023/3506/ind._309.2023.doc", "ementa": "Pavimenta\u00e7\u00e3o asf\u00e1ltica da Rua Santo Ant\u00f4nio e Rua Riachuelo, ambas situadas no Centro de Jequi\u00e9."}, {"id": "3507", "ano": "2023", "numero": "310", "tipo__sigla": "IND", "tipo__descricao": "Indica\u00e7\u00e3o", "autoria": "TINHO", "texto_original": "http://sapl.jequie.ba.leg.br/media/sapl/public/materialegislativa/2023/3507/ind._310.2023.docx", "ementa": "Reflorestamento das margens e nascente do Rio Crici\u00fama."}, {"id": "3508", "ano": "2023", "numero": "311", "tipo__sigla": "IND", "tipo__descricao": "Indica\u00e7\u00e3o", "autoria": "PROFESSORA CIDA", "texto_original": "http://sapl.jequie.ba.leg.br/media/sapl/public/materialegislativa/2023/3508/ind._311.2023_-_anemia_falciforme.docx", "ementa": "Implantar no Hospital Geral Prado Valadares de Jequi\u00e9 (HGPV), o Centro de Refer\u00eancia no Tratamento de Anemia Falciforme"}, {"id": "3509", "ano": "2023", "numero": "312", "tipo__sigla": "IND", "tipo__descricao": "Indica\u00e7\u00e3o", "autoria": "TINHO", "texto_original": "http://sapl.jequie.ba.leg.br/media/sapl/public/materialegislativa/2023/3509/ind._312.2023_-_conclusao_do_cie.docx", "ementa": "Conclus\u00e3o do Centro de Inicia\u00e7\u00e3o ao Esporte (CIE)."}, {"id": "3510", "ano": "2023", "numero": "313", "tipo__sigla": "IND", "tipo__descricao": "Indica\u00e7\u00e3o", "autoria": "MARCINHO", "texto_original": "http://sapl.jequie.ba.leg.br/media/sapl/public/materialegislativa/2023/3510/ind._313.2023.docx", "ementa": "Constru\u00e7\u00e3o de um Canal de \u00e1guas pluviais no espa\u00e7o compreendido entre o fundo das casas da Rua Adolfo Ribeiro e a lateral do campo de futebol, no bairro S\u00e3o Judas Tadeu"}, {"id": "3511", "ano": "2023", "numero": "314", "tipo__sigla": "IND", "tipo__descricao": "Indica\u00e7\u00e3o", "autoria": "TINHO", "texto_original": "http://sapl.jequie.ba.leg.br/media/sapl/public/materialegislativa/2023/3511/ind._314.2023.docx", "ementa": "Projeto de Arboriza\u00e7\u00e3o para a cidade de Jequi\u00e9."}, {"id": "3512", "ano": "2023", "numero": "315", "tipo__sigla": "IND", "tipo__descricao": "Indica\u00e7\u00e3o", "autoria": "GUTINHA", "texto_original": "http://sapl.jequie.ba.leg.br/media/sapl/public/materialegislativa/2023/3512/ind._315.2023.doc", "ementa": "Instala\u00e7\u00e3o de placas de sinaliza\u00e7\u00e3o com nome das ruas e avenidas do Loteamento Beta Ville, localizado na cidade de Jequi\u00e9."}, {"id": "3513", "ano": "2023", "numero": "316", "tipo__sigla": "IND", "tipo__descricao": "Indica\u00e7\u00e3o", "autoria": "PROFESSORA CIDA", "texto_original": "http://sapl.jequie.ba.leg.br/media/sapl/public/materialegislativa/2023/3513/ind._316.2023.docx", "ementa": "Revitalizar,  com quiosque e bancos, o canteiro localizado na Avenida Jos\u00e9 Moreira Sobrinho"}, {"id": "3514", "ano": "2023", "numero": "317", "tipo__sigla": "IND", "tipo__descricao": "Indica\u00e7\u00e3o", "autoria": "MOANA", "texto_original": "http://sapl.jequie.ba.leg.br/media/sapl/public/materialegislativa/2023/3514/ind._317.2023.doc", "ementa": "Reforma, amplia\u00e7\u00e3o e aquisi\u00e7\u00e3o de equipamentos para o CAPS (Centro de Apoio Psicossocial) Guito Guig\u00f3, localizado na Avenida Beira Rio, no bairro Mandacaru."}, {"id": "3515", "ano": "2023", "numero": "318", "tipo__sigla": "IND", "tipo__descricao": "Indica\u00e7\u00e3o", "autoria": "MOANA", "texto_original": "http://sapl.jequie.ba.leg.br/media/sapl/public/materialegislativa/2023/3515/ind._318.2023.doc", "ementa": "Instala\u00e7\u00e3o de um parque infantil e academia ao ar livre, com acessibilidade, na nova pra\u00e7a da Avenida Beira Rio, nas proximidades da Ponte Teodoro Sampaio, no bairro Mandacaru."}, {"id": "3516", "ano": "2023", "numero": "319", "tipo__sigla": "IND", "tipo__descricao": "Indica\u00e7\u00e3o", "autoria": "Joaquim Caires Rocha (Joaquim Caires), MOANA, TINHO", "texto_original": "http://sapl.jequie.ba.leg.br/media/sapl/public/materialegislativa/2023/3516/ind._319.2023.docx", "ementa": "Implanta\u00e7\u00e3o de um Centro de Controle de Zoonoses no Munic\u00edpio de Jequi\u00e9."}, {"id": "3517", "ano": "2023", "numero": "320", "tipo__sigla": "IND", "tipo__descricao": "Indica\u00e7\u00e3o", "autoria": "Sidney Magal Rodrigues de Souza (Sidney Magal)", "texto_original": "http://sapl.jequie.ba.leg.br/media/sapl/public/materialegislativa/2023/3517/ind._320.2013.docx", "ementa": "Melhorias na ilumina\u00e7\u00e3o p\u00fablica, e providenciar a instala\u00e7\u00e3o de bra\u00e7os de l\u00e2mpadas nos seguintes locais: Tesouro, Riacho das Pratas e Mutum."}, {"id": "3518", "ano": "2023", "numero": "321", "tipo__sigla": "IND", "tipo__descricao": "Indica\u00e7\u00e3o", "autoria": "Sidney Magal Rodrigues de Souza (Sidney Magal)", "texto_original": "http://sapl.jequie.ba.leg.br/media/sapl/public/materialegislativa/2023/3518/ind._321.2013.docx", "ementa": "Pavimenta\u00e7\u00e3o asf\u00e1ltica da Travessa 10, conhecida como Rua Canelinha, no Loteamento Amaralina."}, {"id": "3387", "ano": "2023", "numero": "322", "tipo__sigla": "IND", "tipo__descricao": "Indica\u00e7\u00e3o", "autoria": "Ivan de Oliveira Santos (Ivan do Leite)", "texto_original": "http://sapl.jequie.ba.leg.br/media/sapl/public/materialegislativa/2023/3387/ind._322.2023.doc", "ementa": "Implanta\u00e7\u00e3o do Projeto \u201cCRIAN\u00c7A COM VIS\u00c3O, FUTURO NA M\u00c3O! DE OLHO NA EDUCA\u00c7\u00c3O\u201d, nas escolas da Rede Municipal de Jequi\u00e9."}, {"id": "3534", "ano": "2023", "numero": "323", "tipo__sigla": "IND", "tipo__descricao": "Indica\u00e7\u00e3o", "autoria": "TINHO", "texto_original": "http://sapl.jequie.ba.leg.br/media/sapl/public/materialegislativa/2023/3534/ind._323.2023_-_correta.docx", "ementa": "Ilumina\u00e7\u00e3o com LED na Avenida Teixeira de Freitas e na Travessa Jo\u00e3o Bastos, na localidade do Pau Ferro."}, {"id": "3535", "ano": "2023", "numero": "324", "tipo__sigla": "IND", "tipo__descricao": "Indica\u00e7\u00e3o", "autoria": "MARCINHO", "texto_original": "http://sapl.jequie.ba.leg.br/media/sapl/public/materialegislativa/2023/3535/ind._324.2023.docx", "ementa": "Instala\u00e7\u00e3o de refletores, alambrados e a requalifica\u00e7\u00e3o do vesti\u00e1rio do Campo de Futebol do Mutir\u00e3o S\u00e3o Judas Tadeu."}, {"id": "3536", "ano": "2023", "numero": "325", "tipo__sigla": "IND", "tipo__descricao": "Indica\u00e7\u00e3o", "autoria": "GUTINHA", "texto_original": "http://sapl.jequie.ba.leg.br/media/sapl/public/materialegislativa/2023/3536/ind._325.2023.doc", "ementa": "Constru\u00e7\u00e3o de uma Unidade de Sa\u00fade no Povoado Fazenda Velha."}, {"id": "3537", "ano": "2023", "numero": "326", "tipo__sigla": "IND", "tipo__descricao": "Indica\u00e7\u00e3o", "autoria": "MOANA", "texto_original": "http://sapl.jequie.ba.leg.br/media/sapl/public/materialegislativa/2023/3537/ind._326.2023.docx", "ementa": "Sugerindo a cria\u00e7\u00e3o de um projeto de Lei que garanta a redu\u00e7\u00e3o de duas horas da carga horaria do servidor p\u00fablico municipal que tenha filho com defici\u00eancia, sem preju\u00edzo do sal\u00e1rio e sem compensa\u00e7\u00e3o de hor\u00e1rio."}, {"id": "3538", "ano": "2023", "numero": "327", "tipo__sigla": "IND", "tipo__descricao": "Indica\u00e7\u00e3o", "autoria": "Sidney Magal Rodrigues de Souza (Sidney Magal)", "texto_original": "http://sapl.jequie.ba.leg.br/media/sapl/public/materialegislativa/2023/3538/ind._327.2023_-_implantacao_de_posto_de_saude_no_conjunto_habitacional_residencial_segredo.docx", "ementa": "Posto de Sa\u00fade no Conjunto Habitacional Residencial Segredo, localizado no Curral Novo."}, {"id": "3539", "ano": "2023", "numero": "328", "tipo__sigla": "IND", "tipo__descricao": "Indica\u00e7\u00e3o", "autoria": "Sidney Magal Rodrigues de Souza (Sidney Magal)", "texto_original": "http://sapl.jequie.ba.leg.br/media/sapl/public/materialegislativa/2023/3539/ind._328.2028_-_semaforos_no_cruzamento.docx", "ementa": "Instala\u00e7\u00e3o de sem\u00e1foros no cruzamento da Rua Alvares Cabral e Rua Nestor Ribeiro, no Centro de nossa cidade."}, {"id": "3540", "ano": "2023", "numero": "329", "tipo__sigla": "IND", "tipo__descricao": "Indica\u00e7\u00e3o", "autoria": "COLORIDO", "texto_original": "http://sapl.jequie.ba.leg.br/media/sapl/public/materialegislativa/2023/3540/ind._329.2023.doc", "ementa": "Pavimenta\u00e7\u00e3o da Rua Boa Uni\u00e3o e Rua Bela Vista, ambas localizadas no KM 4."}, {"id": "3541", "ano": "2023", "numero": "330", "tipo__sigla": "IND", "tipo__descricao": "Indica\u00e7\u00e3o", "autoria": "COLORIDO", "texto_original": "http://sapl.jequie.ba.leg.br/media/sapl/public/materialegislativa/2023/3541/ind._330.2023_-_pavimentacao_vias_do_km_04.doc", "ementa": "Pavimenta\u00e7\u00e3o das seguintes vias: Ademar de Barros, Pedro Novaes e Jos\u00e9 Ferreira, localizadas no KM 4."}, {"id": "3542", "ano": "2023", "numero": "331", "tipo__sigla": "IND", "tipo__descricao": "Indica\u00e7\u00e3o", "autoria": "MARCOS DO OVO", "texto_original": "http://sapl.jequie.ba.leg.br/media/sapl/public/materialegislativa/2023/3542/ind_331.2023.docx", "ementa": "Reforma e moderniza\u00e7\u00e3o da quadra da Escola Municipal Professora Georgina Miranda Pereira, localizada no Loteamento Jardim Eldorado."}, {"id": "3543", "ano": "2023", "numero": "332", "tipo__sigla": "IND", "tipo__descricao": "Indica\u00e7\u00e3o", "autoria": "RAMON FERNANDES", "texto_original": "http://sapl.jequie.ba.leg.br/media/sapl/public/materialegislativa/2023/3543/ind._332.2023.docx", "ementa": "Implanta\u00e7\u00e3o de sistema simplificado de abastecimento de \u00e1gua para o Povoado da Volta do Rio, no munic\u00edpio de Jequi\u00e9."}, {"id": "3544", "ano": "2023", "numero": "333", "tipo__sigla": "IND", "tipo__descricao": "Indica\u00e7\u00e3o", "autoria": "PROFESSORA CIDA", "texto_original": "http://sapl.jequie.ba.leg.br/media/sapl/public/materialegislativa/2023/3544/ind._333.2023..docx", "ementa": "Recapeamento com massa asf\u00e1ltica (CBUQ), passeio de acessibilidade e passarela elevada (pr\u00f3ximo ao Mercado de Natal), na Avenida Franz Gedeon."}, {"id": "3545", "ano": "2023", "numero": "334", "tipo__sigla": "IND", "tipo__descricao": "Indica\u00e7\u00e3o", "autoria": "Ivan de Oliveira Santos (Ivan do Leite)", "texto_original": "http://sapl.jequie.ba.leg.br/media/sapl/public/materialegislativa/2023/3545/ind._334.2023.docx", "ementa": "A constru\u00e7\u00e3o de um  muro ao redor do Cemit\u00e9rio do Distrito de Itaib\u00f3."}, {"id": "3546", "ano": "2023", "numero": "335", "tipo__sigla": "IND", "tipo__descricao": "Indica\u00e7\u00e3o", "autoria": "MARCOS DO OVO", "texto_original": "http://sapl.jequie.ba.leg.br/media/sapl/public/materialegislativa/2023/3546/ind._335.2023.docx", "ementa": "Limpeza e reforma do campo do Conjunto Habitacional Brasil Novo, com ilumina\u00e7\u00e3o, alambrado e toda estrutura adequada."}, {"id": "3547", "ano": "2023", "numero": "336", "tipo__sigla": "IND", "tipo__descricao": "Indica\u00e7\u00e3o", "autoria": "MARCOS DO OVO", "texto_original": "http://sapl.jequie.ba.leg.br/media/sapl/public/materialegislativa/2023/3547/ind._336.2023.docx", "ementa": "Implanta\u00e7\u00e3o de um quebra-mola elevado na Av. Jos\u00e9 Moreira Sobrinho, no bairro Jequiezinho, em frente \u00e0 Escola Municipal Celi de Freitas."}, {"id": "3548", "ano": "2023", "numero": "337", "tipo__sigla": "IND", "tipo__descricao": "Indica\u00e7\u00e3o", "autoria": "San David Pereira Arag\u00e3o (San)", "texto_original": "http://sapl.jequie.ba.leg.br/media/sapl/public/materialegislativa/2023/3548/ind._337.2023.docx", "ementa": "Constru\u00e7\u00e3o e/ou implanta\u00e7\u00e3o do sistema de esgotamento sanit\u00e1rio e esta\u00e7\u00e3o elevat\u00f3ria de esgoto do \u201cCome Quente\u201d, localizado no Loteamento Senhor dos Passos, no bairro Curral Novo"}, {"id": "3549", "ano": "2023", "numero": "338", "tipo__sigla": "IND", "tipo__descricao": "Indica\u00e7\u00e3o", "autoria": "San David Pereira Arag\u00e3o (San)", "texto_original": "http://sapl.jequie.ba.leg.br/media/sapl/public/materialegislativa/2023/3549/ind._338.2023.docx", "ementa": "Implanta\u00e7\u00e3o de novo paisagismo, requalifica\u00e7\u00e3o dos canteiros e passeios, al\u00e9m da restaura\u00e7\u00e3o de toda infraestrutura da Avenida Exup\u00e9rio Miranda, no bairro Mandacaru."}, {"id": "3550", "ano": "2023", "numero": "339", "tipo__sigla": "IND", "tipo__descricao": "Indica\u00e7\u00e3o", "autoria": "San David Pereira Arag\u00e3o (San)", "texto_original": "http://sapl.jequie.ba.leg.br/media/sapl/public/materialegislativa/2023/3550/ind._339.2023.docx", "ementa": "Implanta\u00e7\u00e3o de seguran\u00e7a armada, c\u00e2meras de v\u00eddeo monitoramento e detector de metal nas escolas do munic\u00edpio, sediadas na zona urbana, zona rural, distritos e povoados do nosso munic\u00edpio."}, {"id": "3551", "ano": "2023", "numero": "340", "tipo__sigla": "IND", "tipo__descricao": "Indica\u00e7\u00e3o", "autoria": "SOLDADO GILVAN", "texto_original": "http://sapl.jequie.ba.leg.br/media/sapl/public/materialegislativa/2023/3551/ind._340.2023.doc", "ementa": "Pavimenta\u00e7\u00e3o asf\u00e1ltica das seguintes localidades: Rua D, no Loteamento Felicidade, pr\u00f3ximo ao CAIC, bairro Jequiezinho; da Avenida \u00c1guas Claras, Loteamento Raio de Luz, no bairro S\u00e3o Judas Tadeu; e na Travessa Central, bairro Campo do Am\u00e9rica."}, {"id": "3552", "ano": "2023", "numero": "341", "tipo__sigla": "IND", "tipo__descricao": "Indica\u00e7\u00e3o", "autoria": "SOLDADO GILVAN", "texto_original": "http://sapl.jequie.ba.leg.br/media/sapl/public/materialegislativa/2023/3552/ind._341.2023.doc", "ementa": "Pavimenta\u00e7\u00e3o asf\u00e1ltica das seguintes art\u00e9rias do Loteamento Raio de Luz, no bairro S\u00e3o Judas Tadeu: Rua dos Cravos; Rua dos Jasmins e Rua das Ang\u00e9licas."}, {"id": "3553", "ano": "2023", "numero": "342", "tipo__sigla": "IND", "tipo__descricao": "Indica\u00e7\u00e3o", "autoria": "Joaquim Caires Rocha (Joaquim Caires)", "texto_original": "http://sapl.jequie.ba.leg.br/media/sapl/public/materialegislativa/2023/3553/ind._342.2023.doc", "ementa": "Implanta\u00e7\u00e3o de uma Casa de Apoio ao Homem do Campo em nossa cidade."}, {"id": "3554", "ano": "2023", "numero": "343", "tipo__sigla": "IND", "tipo__descricao": "Indica\u00e7\u00e3o", "autoria": "ZIEL", "texto_original": "http://sapl.jequie.ba.leg.br/media/sapl/public/materialegislativa/2023/3554/ind._343.2023.doc", "ementa": "Constru\u00e7\u00e3o de passarela ligando o final da Avenida Beira Rio,no bairro Mandacaru, ao Loteamento Vila Aeroporto, no bairro Jequiezinho."}, {"id": "3555", "ano": "2023", "numero": "344", "tipo__sigla": "IND", "tipo__descricao": "Indica\u00e7\u00e3o", "autoria": "ZIEL", "texto_original": "http://sapl.jequie.ba.leg.br/media/sapl/public/materialegislativa/2023/3555/ind._344.2023.doc", "ementa": "Disponibilizar transporte escolar para estudantes residentes em bairro diferente do qual estudam."}, {"id": "3557", "ano": "2023", "numero": "345", "tipo__sigla": "IND", "tipo__descricao": "Indica\u00e7\u00e3o", "autoria": "TINHO", "texto_original": "http://sapl.jequie.ba.leg.br/media/sapl/public/materialegislativa/2023/3557/ind._345.2023.docx", "ementa": "Ilumina\u00e7\u00e3o com LED na Travessa Jo\u00e3o Rosa e na 2\u00aa Travessa Jo\u00e3o Rosa, na localidade do Pau Ferro."}, {"id": "3558", "ano": "2023", "numero": "346", "tipo__sigla": "IND", "tipo__descricao": "Indica\u00e7\u00e3o", "autoria": "PROFESSORA CIDA", "texto_original": "http://sapl.jequie.ba.leg.br/media/sapl/public/materialegislativa/2023/3558/ind._346.2023.docx", "ementa": "Pavimenta\u00e7\u00e3o asf\u00e1ltica ou concretamento da Rua Tancredo Neves, da Trav. Tancredo Neves e Rua Costa e Silva, localizadas no Loteamento Eva."}, {"id": "3561", "ano": "2023", "numero": "347", "tipo__sigla": "IND", "tipo__descricao": "Indica\u00e7\u00e3o", "autoria": "San David Pereira Arag\u00e3o (San)", "texto_original": "http://sapl.jequie.ba.leg.br/media/sapl/public/materialegislativa/2023/3561/ind._347.2023.docx", "ementa": "Instala\u00e7\u00e3o de sem\u00e1foro no cruzamento da BR 116, sentido o Curral Novo/Cidade Nova e IFBA/Centro."}, {"id": "3566", "ano": "2023", "numero": "348", "tipo__sigla": "IND", "tipo__descricao": "Indica\u00e7\u00e3o", "autoria": "PROFESSORA CIDA", "texto_original": "http://sapl.jequie.ba.leg.br/media/sapl/public/materialegislativa/2023/3566/ind._348.2023.docx", "ementa": "Requalifica\u00e7\u00e3o da quadra poliesportiva e tamb\u00e9m da pra\u00e7a do Conjunto Habitacional INOCOOP, bairro Jequiezinho."}, {"id": "3567", "ano": "2023", "numero": "349", "tipo__sigla": "IND", "tipo__descricao": "Indica\u00e7\u00e3o", "autoria": "BUI BULH\u00d5ES", "texto_original": "http://sapl.jequie.ba.leg.br/media/sapl/public/materialegislativa/2023/3567/ind._349.2023.doc", "ementa": "Revitaliza\u00e7\u00e3o do entroncamento do bairro Cidade Nova, \u00e0s margens da BR-116."}, {"id": "3568", "ano": "2023", "numero": "350", "tipo__sigla": "IND", "tipo__descricao": "Indica\u00e7\u00e3o", "autoria": "RAMON FERNANDES", "texto_original": "http://sapl.jequie.ba.leg.br/media/sapl/public/materialegislativa/2023/3568/ind._350.2023_-_programa_de_aposentadoria_voluntaria.doc", "ementa": "Projeto de Lei para a cria\u00e7\u00e3o de um Programa de Aposentadoria Voluntaria para os servidores efetivos da Prefeitura Municipal de Jequi\u00e9 e da C\u00e2mara Municipal de Jequi\u00e9."}, {"id": "3569", "ano": "2023", "numero": "351", "tipo__sigla": "IND", "tipo__descricao": "Indica\u00e7\u00e3o", "autoria": "PROFESSORA CIDA", "texto_original": "http://sapl.jequie.ba.leg.br/media/sapl/public/materialegislativa/2023/3569/ind._351.2023.docx", "ementa": "Construir uma pra\u00e7a na Rua G, no Loteamento \u00c1gua Branca, em conflu\u00eancia com o Loteamento Vila Vit\u00f3ria, bairro Jequiezinho."}, {"id": "3570", "ano": "2023", "numero": "352", "tipo__sigla": "IND", "tipo__descricao": "Indica\u00e7\u00e3o", "autoria": "Joaquim Caires Rocha (Joaquim Caires)", "texto_original": "http://sapl.jequie.ba.leg.br/media/sapl/public/materialegislativa/2023/3570/ind._352.2023.doc", "ementa": "Recupera\u00e7\u00e3o e requalifica\u00e7\u00e3o da Pra\u00e7a Vasco Filho, ao lado da sede do Corpo de Bombeiros."}, {"id": "3571", "ano": "2023", "numero": "353", "tipo__sigla": "IND", "tipo__descricao": "Indica\u00e7\u00e3o", "autoria": "RAMON FERNANDES", "texto_original": "http://sapl.jequie.ba.leg.br/media/sapl/public/materialegislativa/2023/3571/ind._353.2023.doc", "ementa": "Requalifica\u00e7\u00e3o asf\u00e1ltica da BA-558 no trecho que liga o entroncamento da BR-330, passando pelos Povoados da Volta do Rio, Tamarindo e o Distrito de Itajuru, chegando ao Munic\u00edpio de Aiquara."}, {"id": "3572", "ano": "2023", "numero": "354", "tipo__sigla": "IND", "tipo__descricao": "Indica\u00e7\u00e3o", "autoria": "RAMON FERNANDES", "texto_original": "http://sapl.jequie.ba.leg.br/media/sapl/public/materialegislativa/2023/3572/ind._354.2023.docx", "ementa": "Implanta\u00e7\u00e3o de um novo Centro de Hemodi\u00e1lise em Jequi\u00e9."}, {"id": "3573", "ano": "2023", "numero": "355", "tipo__sigla": "IND", "tipo__descricao": "Indica\u00e7\u00e3o", "autoria": "Joaquim Caires Rocha (Joaquim Caires)", "texto_original": "http://sapl.jequie.ba.leg.br/media/sapl/public/materialegislativa/2023/3573/ind._355.2023.doc", "ementa": "Restaura\u00e7\u00e3o da BA-547, estrada que liga a cidade de Jequi\u00e9 at\u00e9 o Povoado da Marcela."}, {"id": "3574", "ano": "2023", "numero": "356", "tipo__sigla": "IND", "tipo__descricao": "Indica\u00e7\u00e3o", "autoria": "SOLDADO GILVAN", "texto_original": "http://sapl.jequie.ba.leg.br/media/sapl/public/materialegislativa/2023/3574/ind._356.2023.doc", "ementa": "Pavimenta\u00e7\u00e3o asf\u00e1ltica das seguintes ruas do Loteamento Raio de Luz, no bairro S\u00e3o Judas Tadeu: Rua do Merc\u00fario, Avenida dos Cometas e Avenida do Sol."}, {"id": "3575", "ano": "2023", "numero": "357", "tipo__sigla": "IND", "tipo__descricao": "Indica\u00e7\u00e3o", "autoria": "Sidney Magal Rodrigues de Souza (Sidney Magal)", "texto_original": "http://sapl.jequie.ba.leg.br/media/sapl/public/materialegislativa/2023/3575/ind._357.2023.docx", "ementa": "Concretagem da Travessa S\u00e3o Jos\u00e9, ao lado da Loja de Material de Constru\u00e7\u00e3o \u201cTremend\u00e3o\", localizada no bairro Jequiezinho."}, {"id": "3578", "ano": "2023", "numero": "359", "tipo__sigla": "IND", "tipo__descricao": "Indica\u00e7\u00e3o", "autoria": "MARCINHO", "texto_original": "http://sapl.jequie.ba.leg.br/media/sapl/public/materialegislativa/2023/3578/ind._359.2023.docx", "ementa": "Moderniza\u00e7\u00e3o da ilumina\u00e7\u00e3o p\u00fablica com substitui\u00e7\u00e3o das l\u00e2mpadas atuais por instala\u00e7\u00e3o de placas de LED no bairro Amaralina."}, {"id": "3579", "ano": "2023", "numero": "360", "tipo__sigla": "IND", "tipo__descricao": "Indica\u00e7\u00e3o", "autoria": "MARCINHO", "texto_original": "http://sapl.jequie.ba.leg.br/media/sapl/public/materialegislativa/2023/3579/ind._360.2023.docx", "ementa": "Retorno do caf\u00e9 da manh\u00e3 nas escolas municipais de Jequi\u00e9."}, {"id": "3580", "ano": "2023", "numero": "361", "tipo__sigla": "IND", "tipo__descricao": "Indica\u00e7\u00e3o", "autoria": "Joaquim Caires Rocha (Joaquim Caires)", "texto_original": "http://sapl.jequie.ba.leg.br/media/sapl/public/materialegislativa/2023/3580/ind._361.2023.doc", "ementa": "Restaura\u00e7\u00e3o da Ponte do Brasil Novo."}, {"id": "3581", "ano": "2023", "numero": "362", "tipo__sigla": "IND", "tipo__descricao": "Indica\u00e7\u00e3o", "autoria": "ZIEL", "texto_original": "http://sapl.jequie.ba.leg.br/media/sapl/public/materialegislativa/2023/3581/ind._362.2023.doc", "ementa": "Realiza\u00e7\u00e3o de cobertura asf\u00e1ltica da Avenida Almirante Tamandar\u00e9, no bairro S\u00e3o Judas Tadeu, e o prolongamento da Rua Jos\u00e9 Augusto Barreto at\u00e9 o encontro com a Rua Dr. Jos\u00e9 Alfredo Guimar\u00e3es, no bairro S\u00e3o Lu\u00eds."}, {"id": "3582", "ano": "2023", "numero": "363", "tipo__sigla": "IND", "tipo__descricao": "Indica\u00e7\u00e3o", "autoria": "ZIEL", "texto_original": "http://sapl.jequie.ba.leg.br/media/sapl/public/materialegislativa/2023/3582/ind._363.2023.doc", "ementa": "Realiza\u00e7\u00e3o de cobertura asf\u00e1ltica e instala\u00e7\u00e3o de ilumina\u00e7\u00e3o em LED na importante via que liga a Rua Urbano de Almeida Neto, no bairro Joaquim Rom\u00e3o, \u00e0 Rua Raul Chaves Bel\u00edcio, no bairro Cidade Nova."}, {"id": "3583", "ano": "2023", "numero": "364", "tipo__sigla": "IND", "tipo__descricao": "Indica\u00e7\u00e3o", "autoria": "COLORIDO", "texto_original": "http://sapl.jequie.ba.leg.br/media/sapl/public/materialegislativa/2023/3583/ind._364.2023.doc", "ementa": "Conclus\u00e3o da pavimenta\u00e7\u00e3o das seguintes vias: Rua Professora Ferreirinha, 2\u00aa Travessa Francisco Mendes e Travessa Itua\u00e7u, todas localizadas no bairro Jequiezinho."}, {"id": "3584", "ano": "2023", "numero": "365", "tipo__sigla": "IND", "tipo__descricao": "Indica\u00e7\u00e3o", "autoria": "GUTINHA", "texto_original": "http://sapl.jequie.ba.leg.br/media/sapl/public/materialegislativa/2023/3584/ind._365.2023_correto.doc", "ementa": "Solicitamos a revitaliza\u00e7\u00e3o e moderniza\u00e7\u00e3o do terminal de \u00f4nibus da Pra\u00e7a da Bandeira, em Jequi\u00e9."}, {"id": "3585", "ano": "2023", "numero": "366", "tipo__sigla": "IND", "tipo__descricao": "Indica\u00e7\u00e3o", "autoria": "GUTINHA", "texto_original": "http://sapl.jequie.ba.leg.br/media/sapl/public/materialegislativa/2023/3585/ind._366.2023.doc", "ementa": "Instala\u00e7\u00e3o de um quebra-mola elevado na Avenida Lions Club, em frente ao Col\u00e9gio Luiz Viana Filho, bairro Jequiezinho."}, {"id": "3587", "ano": "2023", "numero": "368", "tipo__sigla": "IND", "tipo__descricao": "Indica\u00e7\u00e3o", "autoria": "BUI BULH\u00d5ES", "texto_original": "http://sapl.jequie.ba.leg.br/media/sapl/public/materialegislativa/2023/3587/ind._368.2023.doc", "ementa": "Implanta\u00e7\u00e3o de um programa de melhorias habitacionais nos bairros e distritos da cidade de Jequi\u00e9."}, {"id": "3588", "ano": "2023", "numero": "369", "tipo__sigla": "IND", "tipo__descricao": "Indica\u00e7\u00e3o", "autoria": "BUI BULH\u00d5ES", "texto_original": "http://sapl.jequie.ba.leg.br/media/sapl/public/materialegislativa/2023/3588/ind._369.2023.doc", "ementa": "Revitaliza\u00e7\u00e3o da Pra\u00e7a Nossa Senhora Aparecida, localizada no bairro Cidade Nova."}, {"id": "3589", "ano": "2023", "numero": "370", "tipo__sigla": "IND", "tipo__descricao": "Indica\u00e7\u00e3o", "autoria": "BUI BULH\u00d5ES", "texto_original": "http://sapl.jequie.ba.leg.br/media/sapl/public/materialegislativa/2023/3589/ind._370.2023.doc", "ementa": "Projeto para implanta\u00e7\u00e3o e funcionamento de redes de Wi-Fi para as pra\u00e7as e velas culturais de nossa cidade."}, {"id": "3590", "ano": "2023", "numero": "371", "tipo__sigla": "IND", "tipo__descricao": "Indica\u00e7\u00e3o", "autoria": "COLORIDO", "texto_original": "http://sapl.jequie.ba.leg.br/media/sapl/public/materialegislativa/2023/3590/ind._371.2023.doc", "ementa": "Pavimenta\u00e7\u00e3o da Avenida Cachoeirinha e Travessa Cachoeirinha, no bairro Cachoeirinha."}, {"id": "3591", "ano": "2023", "numero": "372", "tipo__sigla": "IND", "tipo__descricao": "Indica\u00e7\u00e3o", "autoria": "COLORIDO", "texto_original": "http://sapl.jequie.ba.leg.br/media/sapl/public/materialegislativa/2023/3591/ind._372.2023.doc", "ementa": "Pavimenta\u00e7\u00e3o da Rua G, localizada no Loteamento Tropical."}, {"id": "3593", "ano": "2023", "numero": "374", "tipo__sigla": "IND", "tipo__descricao": "Indica\u00e7\u00e3o", "autoria": "PROFESSORA CIDA", "texto_original": "http://sapl.jequie.ba.leg.br/media/sapl/public/materialegislativa/2023/3593/ind._374.2023....docx", "ementa": "Construir e equipar uma unidade de sa\u00fade da fam\u00edlia nas imedia\u00e7\u00f5es dos seguintes residenciais: Vida Jequi\u00e9 e Beira Rio."}, {"id": "3594", "ano": "2023", "numero": "375", "tipo__sigla": "IND", "tipo__descricao": "Indica\u00e7\u00e3o", "autoria": "RAMON FERNANDES", "texto_original": "http://sapl.jequie.ba.leg.br/media/sapl/public/materialegislativa/2023/3594/ind._375.2023.doc", "ementa": "Reforma do Posto de Sa\u00fade Dr. Danilo Sobreira, localizado no Distrito de Oriente Novo."}, {"id": "3595", "ano": "2023", "numero": "376", "tipo__sigla": "IND", "tipo__descricao": "Indica\u00e7\u00e3o", "autoria": "Walmiral Pacheco Marinho Neto (Walmiral)", "texto_original": "http://sapl.jequie.ba.leg.br/media/sapl/public/materialegislativa/2023/3595/ind._376.2023.doc", "ementa": "Requalifica\u00e7\u00e3o do Posto de Sa\u00fade da Fam\u00edlia localizado no Povoado de Tamarindo."}, {"id": "3596", "ano": "2023", "numero": "377", "tipo__sigla": "IND", "tipo__descricao": "Indica\u00e7\u00e3o", "autoria": "TINHO", "texto_original": "http://sapl.jequie.ba.leg.br/media/sapl/public/materialegislativa/2023/3596/ind._377.2023.docx", "ementa": "Asfaltamento da Rua C, que liga a Avenida Senhor do Bonfim a BR 330, no bairro Jequiezinho."}, {"id": "3597", "ano": "2023", "numero": "378", "tipo__sigla": "IND", "tipo__descricao": "Indica\u00e7\u00e3o", "autoria": "SOLDADO GILVAN", "texto_original": "http://sapl.jequie.ba.leg.br/media/sapl/public/materialegislativa/2023/3597/ind._378.2023.doc", "ementa": "Implanta\u00e7\u00e3o de um ponto de \u00f4nibus na Baixa do Bonfim, pr\u00f3ximo ao Residencial Vida Nova I, em frente ao Mercadinho Calif\u00f3rnia."}, {"id": "3598", "ano": "2023", "numero": "379", "tipo__sigla": "IND", "tipo__descricao": "Indica\u00e7\u00e3o", "autoria": "TINHO", "texto_original": "http://sapl.jequie.ba.leg.br/media/sapl/public/materialegislativa/2023/3598/ind._379.2023.docx", "ementa": "Implanta\u00e7\u00e3o do Sistema de Esgotamento Sanit\u00e1rio do bairro Itaigara."}, {"id": "3599", "ano": "2023", "numero": "380", "tipo__sigla": "IND", "tipo__descricao": "Indica\u00e7\u00e3o", "autoria": "Jo\u00e3o Paulo Fernandes Silva (JP)", "texto_original": "http://sapl.jequie.ba.leg.br/media/sapl/public/materialegislativa/2023/3599/indicacao_380.2023.doc", "ementa": "Revitaliza\u00e7\u00e3o e manuten\u00e7\u00e3o da pista Benito Galv\u00e3o, localizada no Parque de Exposi\u00e7\u00f5es Luiz Braga, bairro Jequiezinho, onde s\u00e3o realizadas equiprovas."}, {"id": "3600", "ano": "2023", "numero": "381", "tipo__sigla": "IND", "tipo__descricao": "Indica\u00e7\u00e3o", "autoria": "Jo\u00e3o Paulo Fernandes Silva (JP)", "texto_original": "http://sapl.jequie.ba.leg.br/media/sapl/public/materialegislativa/2023/3600/ind._381.2023.doc", "ementa": "Contrata\u00e7\u00e3o de profissionais pedagogos, com especializa\u00e7\u00e3o em TEA, para auxiliar os estudantes autistas, de grau severo, da Rede Municipal de Ensino de Jequi\u00e9-Bahia."}, {"id": "3601", "ano": "2023", "numero": "382", "tipo__sigla": "IND", "tipo__descricao": "Indica\u00e7\u00e3o", "autoria": "ZIEL", "texto_original": "http://sapl.jequie.ba.leg.br/media/sapl/public/materialegislativa/2023/3601/ind._382.2023ziel.doc", "ementa": "Constru\u00e7\u00e3o de faixa de pedestres elevada na Rua F\u00e9lix Batista, pr\u00f3ximo ao final da Rua Princesa Isabel, facilitando a travessia dos pedestres e reduzindo a velocidade dos ve\u00edculos no local."}, {"id": "3602", "ano": "2023", "numero": "383", "tipo__sigla": "IND", "tipo__descricao": "Indica\u00e7\u00e3o", "autoria": "ZIEL", "texto_original": "http://sapl.jequie.ba.leg.br/media/sapl/public/materialegislativa/2023/3602/ind._383.2023.doc", "ementa": "Moderniza\u00e7\u00e3o da ilumina\u00e7\u00e3o p\u00fablica no Loteamento Novo Horizonte, no bairro Campo do Am\u00e9rica, substituindo a existente por ilumina\u00e7\u00e3o em LED, em especial nas seguintes art\u00e9rias: Rua L\u00eddio Montal,  Rua Edson Costa Brito e Rua Coronel Costa Brito."}, {"id": "3606", "ano": "2023", "numero": "384", "tipo__sigla": "IND", "tipo__descricao": "Indica\u00e7\u00e3o", "autoria": "Sidney Magal Rodrigues de Souza (Sidney Magal)", "texto_original": "http://sapl.jequie.ba.leg.br/media/sapl/public/materialegislativa/2023/3606/ind._384.2023.docx", "ementa": "Pavimenta\u00e7\u00e3o da 2\u00aa Travessa Joaquim Lobo, localizada no fundo da loja Barreto Material de Constru\u00e7\u00e3o."}, {"id": "3615", "ano": "2023", "numero": "385", "tipo__sigla": "IND", "tipo__descricao": "Indica\u00e7\u00e3o", "autoria": "TINHO", "texto_original": "http://sapl.jequie.ba.leg.br/media/sapl/public/materialegislativa/2023/3615/ind._385.2023_corrigido.docx", "ementa": "Asfaltamento da Rua Jo\u00e3o Batista dos Santos, da Rua da Par\u00f3quia e da 1\u00aa Travessa da Par\u00f3quia, localizadas no bairro Cidade Nova."}, {"id": "3616", "ano": "2023", "numero": "386", "tipo__sigla": "IND", "tipo__descricao": "Indica\u00e7\u00e3o", "autoria": "BUI BULH\u00d5ES", "texto_original": "http://sapl.jequie.ba.leg.br/media/sapl/public/materialegislativa/2023/3616/ind._386.2023.doc", "ementa": "Indicamos ao Prefeito Municipal Sr. Zenildo Brand\u00e3o, para que autorize o Secret\u00e1rio de Infraestrutura, para que seja feita a revitaliza\u00e7\u00e3o da Avenida Artur Moraes, localizada no bairro Jequiezinho."}, {"id": "3617", "ano": "2023", "numero": "387", "tipo__sigla": "IND", "tipo__descricao": "Indica\u00e7\u00e3o", "autoria": "BUI BULH\u00d5ES", "texto_original": "http://sapl.jequie.ba.leg.br/media/sapl/public/materialegislativa/2023/3617/ind._387.2023.doc", "ementa": "Revitaliza\u00e7\u00e3o da Sede do Conselho Tutelar de nossa cidade."}, {"id": "3619", "ano": "2023", "numero": "389", "tipo__sigla": "IND", "tipo__descricao": "Indica\u00e7\u00e3o", "autoria": "PROFESSORA CIDA", "texto_original": "http://sapl.jequie.ba.leg.br/media/sapl/public/materialegislativa/2023/3619/ind._389.2023.docx", "ementa": "Revitaliza\u00e7\u00e3o e amplia\u00e7\u00e3o do espa\u00e7o f\u00edsico do Centro de Apoio Pedag\u00f3gico \u2013 CAP."}, {"id": "3623", "ano": "2023", "numero": "392", "tipo__sigla": "IND", "tipo__descricao": "Indica\u00e7\u00e3o", "autoria": "Jo\u00e3o Paulo Fernandes Silva (JP)", "texto_original": "http://sapl.jequie.ba.leg.br/media/sapl/public/materialegislativa/2023/3623/ind._392.2023.docx", "ementa": "Volta do Conv\u00eanio da Policl\u00ednica de Jequi\u00e9 com Hospital de Amor de Barretos, para atender pacientes em Jequi\u00e9 e regi\u00e3o."}, {"id": "3624", "ano": "2023", "numero": "393", "tipo__sigla": "IND", "tipo__descricao": "Indica\u00e7\u00e3o", "autoria": "J\u00daNIOR BRAGA", "texto_original": "http://sapl.jequie.ba.leg.br/media/sapl/public/materialegislativa/2023/3624/ind._393.2024.docx", "ementa": "Constru\u00e7\u00e3o de uma nova pra\u00e7a no espa\u00e7o \u201cQuadra do Juli\u00e3o\u201d, localizada no bairro Agenor de Arag\u00e3o."}, {"id": "3625", "ano": "2023", "numero": "394", "tipo__sigla": "IND", "tipo__descricao": "Indica\u00e7\u00e3o", "autoria": "J\u00daNIOR BRAGA", "texto_original": "http://sapl.jequie.ba.leg.br/media/sapl/public/materialegislativa/2023/3625/ind._394.2023.docx", "ementa": "Constru\u00e7\u00e3o de uma nova Creche no Residencial Vida, localizado no bairro Curral Novo."}, {"id": "3626", "ano": "2023", "numero": "395", "tipo__sigla": "IND", "tipo__descricao": "Indica\u00e7\u00e3o", "autoria": "Joaquim Caires Rocha (Joaquim Caires)", "texto_original": "http://sapl.jequie.ba.leg.br/media/sapl/public/materialegislativa/2023/3626/ind._395.2023_-_parque_da_cidade.doc", "ementa": "Cria\u00e7\u00e3o de um Parque da Cidade em nossa cidade."}, {"id": "3627", "ano": "2023", "numero": "396", "tipo__sigla": "IND", "tipo__descricao": "Indica\u00e7\u00e3o", "autoria": "COLORIDO", "texto_original": "http://sapl.jequie.ba.leg.br/media/sapl/public/materialegislativa/2023/3627/ind._396.2023.doc", "ementa": "Conclus\u00e3o da pavimenta\u00e7\u00e3o da Travessa Leonel Messias, localizada no bairro Jequiezinho"}, {"id": "3629", "ano": "2023", "numero": "398", "tipo__sigla": "IND", "tipo__descricao": "Indica\u00e7\u00e3o", "autoria": "MARCOS DO OVO", "texto_original": "http://sapl.jequie.ba.leg.br/media/sapl/public/materialegislativa/2023/3629/ind._398.2023.docx", "ementa": "Constru\u00e7\u00e3o de \u00e1reas recreativas (dog's park) em nossa cidade, para c\u00e3es de todos os portes."}, {"id": "3630", "ano": "2023", "numero": "399", "tipo__sigla": "IND", "tipo__descricao": "Indica\u00e7\u00e3o", "autoria": "Sidney Magal Rodrigues de Souza (Sidney Magal)", "texto_original": "http://sapl.jequie.ba.leg.br/media/sapl/public/materialegislativa/2023/3630/ind._399.2023.docx", "ementa": "Constru\u00e7\u00e3o de guarda-corpos na Avenida Castelo Branco e na Rua Otaviano Saback, em frente a Marcos Ve\u00edculos."}, {"id": "3633", "ano": "2023", "numero": "401", "tipo__sigla": "IND", "tipo__descricao": "Indica\u00e7\u00e3o", "autoria": "MARCINHO", "texto_original": "http://sapl.jequie.ba.leg.br/media/sapl/public/materialegislativa/2023/3633/ind._401.2023_....docx", "ementa": "Patrolamento e encascalhamento das seguintes estradas de acesso aos  seguintes povoados na Zona Rural de Jequi\u00e9:\r\n- Povoados das Queimadas / Po\u00e7o Dantas / Baeta;\r\n- Povoados da Salina / Limoeiro / Riach\u00e3o."}, {"id": "3634", "ano": "2023", "numero": "402", "tipo__sigla": "IND", "tipo__descricao": "Indica\u00e7\u00e3o", "autoria": "MARCINHO", "texto_original": "http://sapl.jequie.ba.leg.br/media/sapl/public/materialegislativa/2023/3634/ind._402.2023.docx", "ementa": "Constru\u00e7\u00e3o do sistema de drenagem e pavimenta\u00e7\u00e3o da Rua Beira Rio, no Distrito de Barra Avenida, Zona Rural de Jequi\u00e9."}, {"id": "3635", "ano": "2023", "numero": "403", "tipo__sigla": "IND", "tipo__descricao": "Indica\u00e7\u00e3o", "autoria": "RAMON FERNANDES", "texto_original": "http://sapl.jequie.ba.leg.br/media/sapl/public/materialegislativa/2023/3635/ind._403.2023.docx", "ementa": "Cria\u00e7\u00e3o da Secretaria Municipal de Mobilidade Urbana no Munic\u00edpio de Jequi\u00e9."}, {"id": "3636", "ano": "2023", "numero": "404", "tipo__sigla": "IND", "tipo__descricao": "Indica\u00e7\u00e3o", "autoria": "RAMON FERNANDES", "texto_original": "http://sapl.jequie.ba.leg.br/media/sapl/public/materialegislativa/2023/3636/ind._404.2023.docx", "ementa": "Cria\u00e7\u00e3o da Secretaria Municipal de Habita\u00e7\u00e3o e Urbanismo no Munic\u00edpio de Jequi\u00e9."}, {"id": "3638", "ano": "2023", "numero": "405", "tipo__sigla": "IND", "tipo__descricao": "Indica\u00e7\u00e3o", "autoria": "San David Pereira Arag\u00e3o (San)", "texto_original": "http://sapl.jequie.ba.leg.br/media/sapl/public/materialegislativa/2023/3638/ind._405.2023.docx", "ementa": "Cria\u00e7\u00e3o e implanta\u00e7\u00e3o do \"Programa Ouvindo Nosso Bairro\", no munic\u00edpio de Jequi\u00e9"}, {"id": "3639", "ano": "2023", "numero": "406", "tipo__sigla": "IND", "tipo__descricao": "Indica\u00e7\u00e3o", "autoria": "San David Pereira Arag\u00e3o (San)", "texto_original": "http://sapl.jequie.ba.leg.br/media/sapl/public/materialegislativa/2023/3639/ind._406.2023.docx", "ementa": "Conclus\u00e3o da pavimenta\u00e7\u00e3o asf\u00e1ltica e requalifica\u00e7\u00e3o da Avenida Beira Rio, no bairro Mandacaru."}, {"id": "3640", "ano": "2023", "numero": "407", "tipo__sigla": "IND", "tipo__descricao": "Indica\u00e7\u00e3o", "autoria": "Walmiral Pacheco Marinho Neto (Walmiral)", "texto_original": "http://sapl.jequie.ba.leg.br/media/sapl/public/materialegislativa/2023/3640/ind._407.2023.doc", "ementa": "Projeto de cria\u00e7\u00e3o de um Posto Avan\u00e7ado de Seguran\u00e7a do Homem do Campo (PASEC) nos distritos de Florestal e Itajuru."}, {"id": "3641", "ano": "2023", "numero": "408", "tipo__sigla": "IND", "tipo__descricao": "Indica\u00e7\u00e3o", "autoria": "TINHO", "texto_original": "http://sapl.jequie.ba.leg.br/media/sapl/public/materialegislativa/2023/3641/ind.408.2023_construcao_de_pontos_de_onibus_urbanos_em_toda_a_cidade_de_jequie_dotados_de_cobertura_e_bancos_com_encostos..docx", "ementa": "Elabora\u00e7\u00e3o de um projeto visando a constru\u00e7\u00e3o de pontos de \u00f4nibus urbanos em toda a cidade de Jequi\u00e9, dotados de cobertura e bancos com encostos."}, {"id": "3646", "ano": "2023", "numero": "409", "tipo__sigla": "IND", "tipo__descricao": "Indica\u00e7\u00e3o", "autoria": "RAMON FERNANDES", "texto_original": "http://sapl.jequie.ba.leg.br/media/sapl/public/materialegislativa/2023/3646/ind._409.2023.docx", "ementa": "Pagamento de Auxilio para combater a evas\u00e3o escolar no munic\u00edpio de Jequi\u00e9."}, {"id": "3647", "ano": "2023", "numero": "410", "tipo__sigla": "IND", "tipo__descricao": "Indica\u00e7\u00e3o", "autoria": "PROFESSORA CIDA", "texto_original": "http://sapl.jequie.ba.leg.br/media/sapl/public/materialegislativa/2023/3647/ind._410.2023.docx", "ementa": "Pavimenta\u00e7\u00e3o asf\u00e1ltica das art\u00e9rias:  Rua E, Rua  G e Rua C, localizadas no Jardim Oriente, bairro Jequiezinho."}, {"id": "3648", "ano": "2023", "numero": "411", "tipo__sigla": "IND", "tipo__descricao": "Indica\u00e7\u00e3o", "autoria": "MARCOS DO OVO", "texto_original": "http://sapl.jequie.ba.leg.br/media/sapl/public/materialegislativa/2023/3648/ind._411.2023.docx", "ementa": "Instala\u00e7\u00e3o  de um laborat\u00f3rio de pr\u00f3teses regional no munic\u00edpio de Jequi\u00e9."}, {"id": "3649", "ano": "2023", "numero": "412", "tipo__sigla": "IND", "tipo__descricao": "Indica\u00e7\u00e3o", "autoria": "MARCOS DO OVO", "texto_original": "http://sapl.jequie.ba.leg.br/media/sapl/public/materialegislativa/2023/3649/ind._412.2023.docx", "ementa": "Reforma da Escola Municipal Dorival Borges, na estrada Salvador Paulo Garc\u00eda, na localidade Baixa do Bonfim."}, {"id": "3650", "ano": "2023", "numero": "413", "tipo__sigla": "IND", "tipo__descricao": "Indica\u00e7\u00e3o", "autoria": "Walmiral Pacheco Marinho Neto (Walmiral)", "texto_original": "http://sapl.jequie.ba.leg.br/media/sapl/public/materialegislativa/2023/3650/ind._413.2023.doc", "ementa": "Instala\u00e7\u00e3o de uma antena telef\u00f4nica para melhoramento do sinal de telefonia celular, no Povoado do Tamarindo."}, {"id": "3651", "ano": "2023", "numero": "414", "tipo__sigla": "IND", "tipo__descricao": "Indica\u00e7\u00e3o", "autoria": "Sidney Magal Rodrigues de Souza (Sidney Magal)", "texto_original": "http://sapl.jequie.ba.leg.br/media/sapl/public/materialegislativa/2023/3651/ind._414.2023.docx", "ementa": "Constru\u00e7\u00e3o de guarda-corpo na Ponte da Avenida Landulfo Carib\u00e9."}, {"id": "3652", "ano": "2023", "numero": "415", "tipo__sigla": "IND", "tipo__descricao": "Indica\u00e7\u00e3o", "autoria": "Sidney Magal Rodrigues de Souza (Sidney Magal)", "texto_original": "http://sapl.jequie.ba.leg.br/media/sapl/public/materialegislativa/2023/3652/ind._415.2023.docx", "ementa": "Troca das l\u00e2mpadas dos postes existentes por l\u00e2mpadas mais potentes na lateral da Universidade UESB, localizada no bairro Jequiezinho."}, {"id": "3653", "ano": "2023", "numero": "416", "tipo__sigla": "IND", "tipo__descricao": "Indica\u00e7\u00e3o", "autoria": "Jo\u00e3o Paulo Fernandes Silva (JP)", "texto_original": "http://sapl.jequie.ba.leg.br/media/sapl/public/materialegislativa/2023/3653/ind._416.2023_joao_1.doc", "ementa": "Constru\u00e7\u00e3o de uma passagem elevada entre as media\u00e7\u00f5es da Igreja Santu\u00e1rio Jesus Crucificado, localizadas na Rua Felipe Neri,  bairro Jequiezinho."}, {"id": "3654", "ano": "2023", "numero": "417", "tipo__sigla": "IND", "tipo__descricao": "Indica\u00e7\u00e3o", "autoria": "BUI BULH\u00d5ES", "texto_original": "http://sapl.jequie.ba.leg.br/media/sapl/public/materialegislativa/2023/3654/ind._417.2023.doc", "ementa": "Implanta\u00e7\u00e3o de uma antena telef\u00f4nica atrav\u00e9s do Programa \u201cFala Bahia\u201d no Distrito de Itajuru."}, {"id": "3655", "ano": "2023", "numero": "418", "tipo__sigla": "IND", "tipo__descricao": "Indica\u00e7\u00e3o", "autoria": "SOLDADO GILVAN", "texto_original": "http://sapl.jequie.ba.leg.br/media/sapl/public/materialegislativa/2023/3655/ind._418.2023.doc", "ementa": "Pavimenta\u00e7\u00e3o asf\u00e1ltica das seguintes art\u00e9rias do Loteamento Beta Ville: Rua Sidney, Rua Pequim e Avenida Santo Jones."}, {"id": "3656", "ano": "2023", "numero": "419", "tipo__sigla": "IND", "tipo__descricao": "Indica\u00e7\u00e3o", "autoria": "BUI BULH\u00d5ES", "texto_original": "http://sapl.jequie.ba.leg.br/media/sapl/public/materialegislativa/2023/3656/ind._419.2023.doc", "ementa": "Pavimenta\u00e7\u00e3o em concreto da Rua Mascote 1, localizada no bairro Km 3."}, {"id": "3657", "ano": "2023", "numero": "420", "tipo__sigla": "IND", "tipo__descricao": "Indica\u00e7\u00e3o", "autoria": "SOLDADO GILVAN", "texto_original": "http://sapl.jequie.ba.leg.br/media/sapl/public/materialegislativa/2023/3657/ind._420.2023gilvan.doc", "ementa": "Pavimenta\u00e7\u00e3o das seguintes art\u00e9rias do bairro Pomp\u00edlio Sampaio: Rua Jos\u00e9 Gomes Guimar\u00e3es, II Trav. Everaldo Santos ."}, {"id": "3658", "ano": "2023", "numero": "421", "tipo__sigla": "IND", "tipo__descricao": "Indica\u00e7\u00e3o", "autoria": "SOLDADO GILVAN", "texto_original": "http://sapl.jequie.ba.leg.br/media/sapl/public/materialegislativa/2023/3658/ind._421.2023.doc", "ementa": "Pavimenta\u00e7\u00e3o da Rua B e da Rua E, localizadas no Loteamento Vicente Grillo, bairro Jequiezinho."}, {"id": "3659", "ano": "2023", "numero": "422", "tipo__sigla": "IND", "tipo__descricao": "Indica\u00e7\u00e3o", "autoria": "TINHO", "texto_original": "http://sapl.jequie.ba.leg.br/media/sapl/public/materialegislativa/2023/3659/ind._422.2023_tinho.docx", "ementa": "O asfaltamento da Rua Gustavo Santos Ribeiro, Rua Jo\u00e3o B. Santos, e Rua Flores , localizadas no bairro Cidade Nova."}, {"id": "3660", "ano": "2023", "numero": "423", "tipo__sigla": "IND", "tipo__descricao": "Indica\u00e7\u00e3o", "autoria": "San David Pereira Arag\u00e3o (San)", "texto_original": "http://sapl.jequie.ba.leg.br/media/sapl/public/materialegislativa/2023/3660/ind._423.2023.docx", "ementa": "Altera\u00e7\u00f5es no tr\u00e2nsito e implantar sentidos \u00fanicos em vias do munic\u00edpio de Jequi\u00e9."}, {"id": "3661", "ano": "2023", "numero": "424", "tipo__sigla": "IND", "tipo__descricao": "Indica\u00e7\u00e3o", "autoria": "TINHO", "texto_original": "http://sapl.jequie.ba.leg.br/media/sapl/public/materialegislativa/2023/3661/ind._424.2023.docx", "ementa": "Asfaltamento das seguintes art\u00e9rias: Rua Joventino Ant\u00f4nio Rocha, Rua Jo\u00e3o Bispo de Andrade e Avenida Gov. Aur\u00e9lio Viana Ribeiro, localizadas no bairro Cidade Nova."}, {"id": "3662", "ano": "2023", "numero": "425", "tipo__sigla": "IND", "tipo__descricao": "Indica\u00e7\u00e3o", "autoria": "Jo\u00e3o Paulo Fernandes Silva (JP)", "texto_original": "http://sapl.jequie.ba.leg.br/media/sapl/public/materialegislativa/2023/3662/ind._425.2023.doc", "ementa": "Realiza\u00e7\u00e3o de campanha de conscientiza\u00e7\u00e3o no tr\u00e2nsito referente ao \"Maio Amarelo\"."}, {"id": "3663", "ano": "2023", "numero": "426", "tipo__sigla": "IND", "tipo__descricao": "Indica\u00e7\u00e3o", "autoria": "Joaquim Caires Rocha (Joaquim Caires)", "texto_original": "http://sapl.jequie.ba.leg.br/media/sapl/public/materialegislativa/2023/3663/ind._426.2023.doc", "ementa": "Ponto de \u00f4nibus na entrada de Campo Largo."}, {"id": "3664", "ano": "2023", "numero": "427", "tipo__sigla": "IND", "tipo__descricao": "Indica\u00e7\u00e3o", "autoria": "Jo\u00e3o Paulo Fernandes Silva (JP)", "texto_original": "http://sapl.jequie.ba.leg.br/media/sapl/public/materialegislativa/2023/3664/ind._427.2023.doc", "ementa": "Implanta\u00e7\u00e3o de Ilumina\u00e7\u00e3o de LED na Avenida Lions Club, localizada no Jequiezinho."}, {"id": "3665", "ano": "2023", "numero": "428", "tipo__sigla": "IND", "tipo__descricao": "Indica\u00e7\u00e3o", "autoria": "Joaquim Caires Rocha (Joaquim Caires)", "texto_original": "http://sapl.jequie.ba.leg.br/media/sapl/public/materialegislativa/2023/3665/ind._428.2023.doc", "ementa": "Patrulha Mec\u00e2nica para o Munic\u00edpio de Jequi\u00e9."}, {"id": "3666", "ano": "2023", "numero": "429", "tipo__sigla": "IND", "tipo__descricao": "Indica\u00e7\u00e3o", "autoria": "Joaquim Caires Rocha (Joaquim Caires)", "texto_original": "http://sapl.jequie.ba.leg.br/media/sapl/public/materialegislativa/2023/3666/ind._429.2023.doc", "ementa": "Instala\u00e7\u00e3o de sem\u00e1foros no cruzamento das Avenidas Jose Moreira Sobrinho x Ant\u00f4nio Carlos Magalh\u00e3es, no bairro Jequiezinho."}, {"id": "3667", "ano": "2023", "numero": "430", "tipo__sigla": "IND", "tipo__descricao": "Indica\u00e7\u00e3o", "autoria": "COLORIDO", "texto_original": "http://sapl.jequie.ba.leg.br/media/sapl/public/materialegislativa/2023/3667/ind._430.2023.doc", "ementa": "Realizar cobertura do ponto de \u00f4nibus da Rua Ulisses Coelho, em frente \u00e0 quadra de esportes do Km 4."}, {"id": "3668", "ano": "2023", "numero": "431", "tipo__sigla": "IND", "tipo__descricao": "Indica\u00e7\u00e3o", "autoria": "ZIEL", "texto_original": "http://sapl.jequie.ba.leg.br/media/sapl/public/materialegislativa/2023/3668/ind._431.2023.doc", "ementa": "Reforma da Unidade de Sa\u00fade da Fam\u00edlia Ant\u00f4nio Carlos Martins, localizada no bairro S\u00e3o Judas Tadeu."}, {"id": "3670", "ano": "2023", "numero": "432", "tipo__sigla": "IND", "tipo__descricao": "Indica\u00e7\u00e3o", "autoria": "Walmiral Pacheco Marinho Neto (Walmiral)", "texto_original": "http://sapl.jequie.ba.leg.br/media/sapl/public/materialegislativa/2023/3670/ind._-_432.2023.doc", "ementa": "Ilumina\u00e7\u00e3o com instala\u00e7\u00e3o de l\u00e2mpadas de LED, no Distrito de Florestal."}, {"id": "3671", "ano": "2023", "numero": "433", "tipo__sigla": "IND", "tipo__descricao": "Indica\u00e7\u00e3o", "autoria": "MOANA", "texto_original": "http://sapl.jequie.ba.leg.br/media/sapl/public/materialegislativa/2023/3671/ind._433.2023_correto.doc", "ementa": "Cria\u00e7\u00e3o de um Programa Permanente de Refor\u00e7o Escolar para alunos regularmente matriculados nas unidades municipais de ensino, nas \u00e1reas urbana e rural do Munic\u00edpio de Jequi\u00e9."}, {"id": "3672", "ano": "2023", "numero": "434", "tipo__sigla": "IND", "tipo__descricao": "Indica\u00e7\u00e3o", "autoria": "San David Pereira Arag\u00e3o (San)", "texto_original": "http://sapl.jequie.ba.leg.br/media/sapl/public/materialegislativa/2023/3672/ind._434.2023.docx", "ementa": "Cria\u00e7\u00e3o de um novo Conselho Tutelar no Munic\u00edpio de Jequi\u00e9, Estado da Bahia."}, {"id": "3673", "ano": "2023", "numero": "435", "tipo__sigla": "IND", "tipo__descricao": "Indica\u00e7\u00e3o", "autoria": "MARCINHO", "texto_original": "http://sapl.jequie.ba.leg.br/media/sapl/public/materialegislativa/2023/3673/ind._435.2023.docx", "ementa": "Instala\u00e7\u00e3o de uma torre de telefonia m\u00f3vel para atender aos povoados da Barraquinha e Boa Vista, localizados na Zona Rural da cidade de Jequi\u00e9."}, {"id": "3674", "ano": "2023", "numero": "436", "tipo__sigla": "IND", "tipo__descricao": "Indica\u00e7\u00e3o", "autoria": "MARCINHO", "texto_original": "http://sapl.jequie.ba.leg.br/media/sapl/public/materialegislativa/2023/3674/ind._436.2023.docx", "ementa": "Instala\u00e7\u00e3o de uma torre de telefonia m\u00f3vel para atender aos Povoados das Queimadas e Po\u00e7o Dantas, localizados na Zona Rural da cidade de Jequi\u00e9."}, {"id": "3675", "ano": "2023", "numero": "437", "tipo__sigla": "IND", "tipo__descricao": "Indica\u00e7\u00e3o", "autoria": "MARCINHO", "texto_original": "http://sapl.jequie.ba.leg.br/media/sapl/public/materialegislativa/2023/3675/ind._437.2023.docx", "ementa": "Instala\u00e7\u00e3o de uma torre de telefonia m\u00f3vel para atender aos Povoados do Limoeiro e Riach\u00e3o, localizados na Zona Rural da cidade de Jequi\u00e9."}, {"id": "3676", "ano": "2023", "numero": "438", "tipo__sigla": "IND", "tipo__descricao": "Indica\u00e7\u00e3o", "autoria": "ZIEL", "texto_original": "http://sapl.jequie.ba.leg.br/media/sapl/public/materialegislativa/2023/3676/ind._438.2023.doc", "ementa": "Recapeamento asf\u00e1ltico nas faixas de ve\u00edculos e na ciclovia da Avenida C\u00e9sar Borges."}, {"id": "3677", "ano": "2023", "numero": "439", "tipo__sigla": "IND", "tipo__descricao": "Indica\u00e7\u00e3o", "autoria": "Sidney Magal Rodrigues de Souza (Sidney Magal)", "texto_original": "http://sapl.jequie.ba.leg.br/media/sapl/public/materialegislativa/2023/3677/ind._439.2023.docx", "ementa": "Constru\u00e7\u00e3o de uma pra\u00e7a p\u00fablica com (01) um quiosque, em frente \u00e0 Costa Moto Bike, na Rua Esp\u00edrito Santo, ao lado da loja Luan Modas e Presentes, no Inocoop."}, {"id": "3679", "ano": "2023", "numero": "440", "tipo__sigla": "IND", "tipo__descricao": "Indica\u00e7\u00e3o", "autoria": "PROFESSORA CIDA", "texto_original": "http://sapl.jequie.ba.leg.br/media/sapl/public/materialegislativa/2023/3679/ind._440.2023seg._na_escola.docx", "ementa": "Implantar porta girat\u00f3ria com detector de metais nas Unidades Escolares Estaduais e Municipais do Munic\u00edpio de Jequi\u00e9"}, {"id": "3682", "ano": "2023", "numero": "441", "tipo__sigla": "IND", "tipo__descricao": "Indica\u00e7\u00e3o", "autoria": "RAMON FERNANDES", "texto_original": "http://sapl.jequie.ba.leg.br/media/sapl/public/materialegislativa/2023/3682/indicacao_441.2023_programa_fala_bahia.docx", "ementa": "Indicamos ao Secretario de Infraestrutura do Estado da Bahia, Sr. Sergio Brito e ao Superintendente de energia e comunica\u00e7\u00e3o da Seinfra, Sr. Celso Reinaldo Cavalcante Rodrigues e ao Diretor de comunica\u00e7\u00e3o da Seinfra, Sr. Felipe Santana e ao Deputado Estadual Euclides Fernandes, envidar esfor\u00e7os para que os Distritos Itaib\u00f3 e Oriente Novo, no Munic\u00edpio de Jequi\u00e9, sejam inseridos no programa fala Bahia, que garante acesso de telefonia m\u00f3vel e internet a comunidades da zona rural."}, {"id": "3683", "ano": "2023", "numero": "442", "tipo__sigla": "IND", "tipo__descricao": "Indica\u00e7\u00e3o", "autoria": "RAMON FERNANDES", "texto_original": "http://sapl.jequie.ba.leg.br/media/sapl/public/materialegislativa/2023/3683/indicacao442.2023_programa_fala_bahia_3.3.docx", "ementa": "Indicamos ao Secretario de Infraestrutura do Estado da Bahia, Sr. Sergio Brito e ao Superintendente de energia e comunica\u00e7\u00e3o da Seinfra, Sr. Celso Reinaldo Cavalcante Rodrigues e ao Diretor de comunica\u00e7\u00e3o da Seinfra, Sr. Felipe Santana e ao Deputado Estadual Euclides Fernandes, envidar esfor\u00e7os para que os Povoados de Nova Esperan\u00e7a e Boa\u00e7u, no Munic\u00edpio de Jequi\u00e9, sejam inseridos no programa fala Bahia, que garante acesso de telefonia m\u00f3vel e internet a comunidades da zona rural."}, {"id": "3684", "ano": "2023", "numero": "443", "tipo__sigla": "IND", "tipo__descricao": "Indica\u00e7\u00e3o", "autoria": "MARCOS DO OVO", "texto_original": "http://sapl.jequie.ba.leg.br/media/sapl/public/materialegislativa/2023/3684/ind._443.2023__praca_baixa_do_bonfim.docx", "ementa": "Venho atrav\u00e9s deste, solicitar de Vossa Senhoria, a constru\u00e7\u00e3o de uma pra\u00e7a com quadra e academia ao ar livre, em frente ao col\u00e9gio Doryval Borges, na estrada Salvador Paulo Garc\u00eda, bairro Baixa do Bonfim."}, {"id": "3685", "ano": "2023", "numero": "444", "tipo__sigla": "IND", "tipo__descricao": "Indica\u00e7\u00e3o", "autoria": "MARCOS DO OVO", "texto_original": "http://sapl.jequie.ba.leg.br/media/sapl/public/materialegislativa/2023/3685/ind._444.2023_praca_vila_aeroporto.docx", "ementa": "Venho atrav\u00e9s deste, solicitar de Vossa Senhoria, a constru\u00e7\u00e3o de uma pra\u00e7a com quadra e academia ao ar livre na rua Odilon Cafezeiro, bairro Loteamento Vila Aeroporto."}, {"id": "3686", "ano": "2023", "numero": "445", "tipo__sigla": "IND", "tipo__descricao": "Indica\u00e7\u00e3o", "autoria": "Walmiral Pacheco Marinho Neto (Walmiral)", "texto_original": "http://sapl.jequie.ba.leg.br/media/sapl/public/materialegislativa/2023/3686/ind._445.2023anexo_cras.doc", "ementa": "Indicamos ao Excelent\u00edssimo Prefeito Municipal, Zenildo Brand\u00e3o, extensivo a Secret\u00e1ria de desenvolvimento Social, Patr\u00edcia Miranda Brand\u00e3o Santana, no sentido de cria\u00e7\u00e3o do anexo do CRAS, localizado na Regi\u00e3o de Florestal."}, {"id": "3687", "ano": "2023", "numero": "446", "tipo__sigla": "IND", "tipo__descricao": "Indica\u00e7\u00e3o", "autoria": "TINHO", "texto_original": "http://sapl.jequie.ba.leg.br/media/sapl/public/materialegislativa/2023/3687/indicacao_-_implantacao_do_sistema_de_rede_de_agua_e_a_implantacao_do_sistema_de_esgotamento_sanitario_na_travessa_vovo_camila_no_bairro_do_jequiezinho..docx", "ementa": "Implanta\u00e7\u00e3o do Sistema de Rede de \u00e1gua, e a implanta\u00e7\u00e3o do Sistema de Esgotamento Sanit\u00e1rio na Travessa Vov\u00f3 Camila, no bairro do Jequiezinho."}, {"id": "3688", "ano": "2023", "numero": "447", "tipo__sigla": "IND", "tipo__descricao": "Indica\u00e7\u00e3o", "autoria": "BUI BULH\u00d5ES", "texto_original": "http://sapl.jequie.ba.leg.br/media/sapl/public/materialegislativa/2023/3688/ind_447.2023__mutirao_de_limpezacaixa_dagua.doc", "ementa": "Indicamos ao Excelent\u00edssimo Senhor Prefeito Municipal Zenildo Brand\u00e3o Santana, extensivo a Secretaria competente, solicitando um mutir\u00e3o de limpeza no bairro da Caixa D\u2019\u00e1gua."}, {"id": "3689", "ano": "2023", "numero": "448", "tipo__sigla": "IND", "tipo__descricao": "Indica\u00e7\u00e3o", "autoria": "BUI BULH\u00d5ES", "texto_original": "http://sapl.jequie.ba.leg.br/media/sapl/public/materialegislativa/2023/3689/ind._448.2023_mutirao_oftalmologico.doc", "ementa": "Indicamos ao Excelent\u00edssimo Senhor Prefeito Municipal Zenildo Brand\u00e3o Santana, extensivo a Secretaria competente, solicitando um mutir\u00e3o oftalmol\u00f3gico para os alunos da rede de ensino municipal."}, {"id": "3690", "ano": "2023", "numero": "449", "tipo__sigla": "IND", "tipo__descricao": "Indica\u00e7\u00e3o", "autoria": "Jo\u00e3o Paulo Fernandes Silva (JP)", "texto_original": "http://sapl.jequie.ba.leg.br/media/sapl/public/materialegislativa/2023/3690/ind._449.2023criar_uma_secretaria_da_melhor_idade_com_assistencia.doc", "ementa": "Indicamos ao Prefeito Municipal Zenildo Brand\u00e3o, extensivo a Secret\u00e1ria de Desenvolvimento Social Patr\u00edcia Miranda Brand\u00e3o Santana, no sentido que seja criado uma secretaria da melhor idade para os idosos."}, {"id": "3691", "ano": "2023", "numero": "450", "tipo__sigla": "IND", "tipo__descricao": "Indica\u00e7\u00e3o", "autoria": "Jo\u00e3o Paulo Fernandes Silva (JP)", "texto_original": "http://sapl.jequie.ba.leg.br/media/sapl/public/materialegislativa/2023/3691/ind_450.2023_campanha_sobre_o_uso_indiscriminado_de_medicamentos.doc", "ementa": "Indicamos ao Prefeito Municipal Zenildo Brand\u00e3o, extensivo ao Secret\u00e1rio de Sa\u00fade Marlon Santos, que realize em nosso munic\u00edpio uma campanha voltada para Campanha sobre o uso indiscriminado de medicamentos."}, {"id": "3692", "ano": "2023", "numero": "451", "tipo__sigla": "IND", "tipo__descricao": "Indica\u00e7\u00e3o", "autoria": "Jo\u00e3o Paulo Fernandes Silva (JP)", "texto_original": "http://sapl.jequie.ba.leg.br/media/sapl/public/materialegislativa/2023/3692/indi451.2023-criacao_de_meia_entrada_para_professores_em_espetaculos_artisticos_culturais_e_esportivos.doc", "ementa": "Indicamos ao Prefeito Municipal Zenildo Brand\u00e3o, extensivo a Secret\u00e1ria de Educa\u00e7\u00e3o Elvia Sampaio, no sentido de criar meia entrada para professores municipais em espet\u00e1culos art\u00edsticos, culturais e esportivos em nosso Municipio."}, {"id": "3693", "ano": "2023", "numero": "452", "tipo__sigla": "IND", "tipo__descricao": "Indica\u00e7\u00e3o", "autoria": "SOLDADO GILVAN", "texto_original": "http://sapl.jequie.ba.leg.br/media/sapl/public/materialegislativa/2023/3693/ind._452.2023-_calcamento_das_ruas_loteamento_beta_ville_tunisia.doc", "ementa": "PAVIMENTA\u00c7\u00c3O ASF\u00c1LTICA DAS RUAS DO LOTEAMENTO BETA VILLE, BAIRRO CAIXA D\u00c1GUA: RUA PARIS, AVENIDA VIT\u00d3RIA E RUA TUNISIA."}, {"id": "3694", "ano": "2023", "numero": "453", "tipo__sigla": "IND", "tipo__descricao": "Indica\u00e7\u00e3o", "autoria": "SOLDADO GILVAN", "texto_original": "http://sapl.jequie.ba.leg.br/media/sapl/public/materialegislativa/2023/3694/ind._2023-_sinalizacoes_da_pedra_santa.doc", "ementa": "ENVIDAR ESFOR\u00c7OS PARA TRANSFORMAR A PEDRA SANTA NAS PROXIMIDADES DA BARRAGEM DE PEDRA EM LOCAL TURISTICO, DOTANDO AQUELA LOCALIDADE COM PLACAS DE SINALIZA\u00c7\u00d5ES E INFRAESTRUTURA NECESS\u00c1RIA."}, {"id": "3695", "ano": "2023", "numero": "454", "tipo__sigla": "IND", "tipo__descricao": "Indica\u00e7\u00e3o", "autoria": "J\u00daNIOR BRAGA", "texto_original": "http://sapl.jequie.ba.leg.br/media/sapl/public/materialegislativa/2023/3695/indi_454.2023pass.docx", "ementa": "Indicamos ao Prefeito Municipal Sr. Zenildo Brand\u00e3o e a Superintendente da SUMTRAM Sra. Karla Geambastiane, uma passagem elevada no encontro da Avenida Lomanto J\u00fanior com a Rua Anisio F\u00e9lix Batista, em frente a borracharia do \u00cdndio."}, {"id": "3696", "ano": "2023", "numero": "455", "tipo__sigla": "IND", "tipo__descricao": "Indica\u00e7\u00e3o", "autoria": "BUI BULH\u00d5ES", "texto_original": "http://sapl.jequie.ba.leg.br/media/sapl/public/materialegislativa/2023/3696/ind.__455.2023mutirao_pericia_medica_inss.doc", "ementa": "Indicamos ao Excelent\u00edssimo Senhor Presidente da Rep\u00fablica Luiz In\u00e1cio Lula da Silva, extensivo ao Deputado Federal Bacelar, ao Ministro da Casa Civil, ao Ministro da Previd\u00eancia Social e ao Superintendente Regional do INSS, para adotarem provid\u00eancias para realiza\u00e7\u00e3o de um mutir\u00e3o de per\u00edcia m\u00e9dica e contrata\u00e7\u00e3o de uma assistente social no munic\u00edpio de Jequi\u00e9-Ba."}, {"id": "3697", "ano": "2023", "numero": "456", "tipo__sigla": "IND", "tipo__descricao": "Indica\u00e7\u00e3o", "autoria": "PROFESSORA CIDA", "texto_original": "http://sapl.jequie.ba.leg.br/media/sapl/public/materialegislativa/2023/3697/ind._456.2023transportes_adefij.docx", "ementa": "Destinar emendas para a aquisi\u00e7\u00e3o de ve\u00edculo adaptado para a ADEFIJ \u2013 Associa\u00e7\u00e3o dos Deficientes F\u00edsicos de Jequi\u00e9, Regi\u00e3o e Amigos"}, {"id": "3698", "ano": "2023", "numero": "457", "tipo__sigla": "IND", "tipo__descricao": "Indica\u00e7\u00e3o", "autoria": "Joaquim Caires Rocha (Joaquim Caires)", "texto_original": "http://sapl.jequie.ba.leg.br/media/sapl/public/materialegislativa/2023/3698/ind.457.2023implantacao_de_um_psf_na_regiao_da_bateia_e_mutum.doc", "ementa": "Implanta\u00e7\u00e3o do PSF na regi\u00e3o da Bateia e Mutum"}, {"id": "3699", "ano": "2023", "numero": "458", "tipo__sigla": "IND", "tipo__descricao": "Indica\u00e7\u00e3o", "autoria": "Joaquim Caires Rocha (Joaquim Caires)", "texto_original": "http://sapl.jequie.ba.leg.br/media/sapl/public/materialegislativa/2023/3699/ind._458.2023_reforma_do_presidente_medice.doc", "ementa": "Reforma do Centro De Educa\u00e7\u00e3o Presidente Medici."}, {"id": "3760", "ano": "2023", "numero": "459", "tipo__sigla": "IND", "tipo__descricao": "Indica\u00e7\u00e3o", "autoria": "Joaquim Caires Rocha (Joaquim Caires)", "texto_original": "http://sapl.jequie.ba.leg.br/media/sapl/public/materialegislativa/2023/3760/ind_.459.2023_viabilizar_a_implantacao_de_redutor_eletronicos_de_velocidade_em_frente_ao_acaraje_da_anita_na_franz_gedeon_bairro_do_jequiezinho._corrigida.doc", "ementa": "Solicitando um redutor de velocidade na Franz Gedeon em frente ao Acaraj\u00e9 da Nita, no Bairro do Jequiezinho."}, {"id": "3701", "ano": "2023", "numero": "460", "tipo__sigla": "IND", "tipo__descricao": "Indica\u00e7\u00e3o", "autoria": "Joaquim Caires Rocha (Joaquim Caires)", "texto_original": "http://sapl.jequie.ba.leg.br/media/sapl/public/materialegislativa/2023/3701/ind._460.2023construcao_de_uma_quadra_poliesportiva_corrigida.doc", "ementa": "Constru\u00e7\u00e3o de uma Quadra Poliesportiva no Loteamento \u00c1gua Branca."}, {"id": "3702", "ano": "2023", "numero": "461", "tipo__sigla": "IND", "tipo__descricao": "Indica\u00e7\u00e3o", "autoria": "PROFESSORA CIDA", "texto_original": "http://sapl.jequie.ba.leg.br/media/sapl/public/materialegislativa/2023/3702/ind.461.2023_asceeje.docx", "ementa": "firmar conv\u00eanio com a Secretaria de Educa\u00e7\u00e3o do Estado da Bahia e a ASCEEJE \u2013 Associa\u00e7\u00e3o de Surdos Centro Educacional Especializado de Jequi\u00e9/BA"}, {"id": "3703", "ano": "2023", "numero": "462", "tipo__sigla": "IND", "tipo__descricao": "Indica\u00e7\u00e3o", "autoria": "SOLDADO GILVAN", "texto_original": "http://sapl.jequie.ba.leg.br/media/sapl/public/materialegislativa/2023/3703/ind._462.2023-_calcamento_das_ruas_mistas_itaigara_e_pompilio_gilvan_corrigida.doc", "ementa": "PAVIMENTA\u00c7\u00c3O ASF\u00c1LTICA DAS SEGUINTES LOCALIDADES: RUA A, LOTEAMENTO ALGAROBAS II E RUA JOS\u00c9 EDSON, BAIRRO POMP\u00cdLIO SAMPAIO"}, {"id": "3704", "ano": "2023", "numero": "463", "tipo__sigla": "IND", "tipo__descricao": "Indica\u00e7\u00e3o", "autoria": "Ivan de Oliveira Santos (Ivan do Leite)", "texto_original": "http://sapl.jequie.ba.leg.br/media/sapl/public/materialegislativa/2023/3704/ind.463.2023__creche_praca.doc", "ementa": "Constru\u00e7\u00e3o de uma pra\u00e7a com parque infantil e quadra de esporte no Distrito do Baix\u00e3o"}, {"id": "3705", "ano": "2023", "numero": "464", "tipo__sigla": "IND", "tipo__descricao": "Indica\u00e7\u00e3o", "autoria": "Ivan de Oliveira Santos (Ivan do Leite)", "texto_original": "http://sapl.jequie.ba.leg.br/media/sapl/public/materialegislativa/2023/3705/ind.464.2023placas_de_identificacao_de_ruas_no_pompilio_sampaio.doc", "ementa": "Programa\u00e7\u00e3o para a coloca\u00e7\u00e3o de placas de identifica\u00e7\u00e3o com nomes das ruas, afixando-as nas entradas e sa\u00eddas das vias do bairro Pompilio Sampaio."}, {"id": "3706", "ano": "2023", "numero": "465", "tipo__sigla": "IND", "tipo__descricao": "Indica\u00e7\u00e3o", "autoria": "COLORIDO", "texto_original": "http://sapl.jequie.ba.leg.br/media/sapl/public/materialegislativa/2023/3706/ind._465.2023academia_parque_do_sol.doc", "ementa": "Reforma da pra\u00e7a e instala\u00e7\u00e3o de academia ao ar livre no condom\u00ednio parque do sol no bairro Jequiezinho."}, {"id": "3707", "ano": "2023", "numero": "466", "tipo__sigla": "IND", "tipo__descricao": "Indica\u00e7\u00e3o", "autoria": "ZIEL", "texto_original": "http://sapl.jequie.ba.leg.br/media/sapl/public/materialegislativa/2023/3707/avenida_antonio_ralph_ribeiro_rua_jose_fernandes_oliveira_e_rua_j_santa_luz_ziel_corrigida.doc", "ementa": "Execu\u00e7\u00e3o de pavimenta\u00e7\u00e3o asf\u00e1ltica na Avenida Ant\u00f4nio Ralph Ribeiro e Rua J, localizadas no Loteamento Santa Luz, Bairro Joaquim Rom\u00e3o."}, {"id": "3709", "ano": "2023", "numero": "468", "tipo__sigla": "IND", "tipo__descricao": "Indica\u00e7\u00e3o", "autoria": "MARCOS DO OVO", "texto_original": "http://sapl.jequie.ba.leg.br/media/sapl/public/materialegislativa/2023/3709/ind._468.2023concretagem_urbis_lll.docx", "ementa": "Indicamos ao Prefeito Municipal de Jequi\u00e9, Zenildo Brand\u00e3o Santana, autorizar ao Secret\u00e1rio de Infraestrutura Lucindo Menezes, tomar as provid\u00eancias necess\u00e1rias para a concretagem dos caminhos vinte e sete, caminho vinte e oito e caminho vinte e nove, na URBIS 3, bairro Jequiezinho."}, {"id": "3710", "ano": "2023", "numero": "469", "tipo__sigla": "IND", "tipo__descricao": "Indica\u00e7\u00e3o", "autoria": "MARCOS DO OVO", "texto_original": "http://sapl.jequie.ba.leg.br/media/sapl/public/materialegislativa/2023/3710/ind._469.2023climpeza_e_poda_das_arvores_na_praca_duque_de_caxias.docx", "ementa": "Indicamos ao Prefeito Municipal de Jequi\u00e9, Zenildo Brand\u00e3o Santana, autorizar ao Secret\u00e1rio de Servi\u00e7os P\u00fablicos Helder Souza Santos, a tomar as provid\u00eancias necess\u00e1rias para a limpeza e poda das \u00e1rvores na Pra\u00e7a Duque de Caxias, espa\u00e7o conhecido como \u201calto da prefeitura\u201d, nas casinhas ao lado da UESB e na Urbis 1."}, {"id": "3711", "ano": "2023", "numero": "470", "tipo__sigla": "IND", "tipo__descricao": "Indica\u00e7\u00e3o", "autoria": "PROFESSORA CIDA", "texto_original": "http://sapl.jequie.ba.leg.br/media/sapl/public/materialegislativa/2023/3711/ind.470.2023_quadra_socity.docx", "ementa": "Construir uma quadra de futebol society, dotada de ilumina\u00e7\u00e3o e grama sint\u00e9tica, no Loteamento Jardim Eldorado, bairro Jequiezinho."}, {"id": "3712", "ano": "2023", "numero": "471", "tipo__sigla": "IND", "tipo__descricao": "Indica\u00e7\u00e3o", "autoria": "Sidney Magal Rodrigues de Souza (Sidney Magal)", "texto_original": "http://sapl.jequie.ba.leg.br/media/sapl/public/materialegislativa/2023/3712/indicacao_471.2023construcao_de_uma_praca_em_frente_ao_posto_hilario_terrosse.docx", "ementa": "Indicamos ao Prefeito Municipal Zenildo Brand\u00e3o Santana, adotar provid\u00eancias junto \u00e0 Secretaria de Obras e Infraestrutura, para a constru\u00e7\u00e3o de uma Pra\u00e7a P\u00fablica com (03) tr\u00eas quiosques em frente ao Posto M\u00e9dico Hil\u00e1rio Terrosi no Inocoop."}, {"id": "3714", "ano": "2023", "numero": "473", "tipo__sigla": "IND", "tipo__descricao": "Indica\u00e7\u00e3o", "autoria": "MOANA", "texto_original": "http://sapl.jequie.ba.leg.br/media/sapl/public/materialegislativa/2023/3714/ind._473.2023_asfaltamento_e_colocacao_de_academia_ao_ar_livre_adaptada_a_pessoa_com_deficiencia_parque_do_sol_corrigido.doc", "ementa": "Indicamos ao Prefeito Municipal Zenildo Brand\u00e3o, extensivo a Secretaria de infraestrutura, a instala\u00e7\u00e3o de uma academia ao ar livre, adaptada para a pessoa com defici\u00eancia f\u00edsica, no Residencial Parque do Sol, bairro Jequiezinho."}, {"id": "3715", "ano": "2023", "numero": "474", "tipo__sigla": "IND", "tipo__descricao": "Indica\u00e7\u00e3o", "autoria": "MOANA", "texto_original": "http://sapl.jequie.ba.leg.br/media/sapl/public/materialegislativa/2023/3715/indicacao_474.2023-_ampliacao_e_retomada_das_politicas_publicas_habitacionais_no_municipio_de_jequie._2.doc", "ementa": "Indicamos ao Prefeito Municipal Zenildo Brand\u00e3o, extensivo a Diretoria de Habita\u00e7\u00e3o Municipal, a amplia\u00e7\u00e3o e retomada das Pol\u00edticas P\u00fablicas Habitacionais no Munic\u00edpio de Jequi\u00e9."}, {"id": "3726", "ano": "2023", "numero": "477", "tipo__sigla": "IND", "tipo__descricao": "Indica\u00e7\u00e3o", "autoria": "RAMON FERNANDES", "texto_original": "http://sapl.jequie.ba.leg.br/media/sapl/public/materialegislativa/2023/3726/ind_477.2023_programa_fala_bahia_4.4.docx", "ementa": "Indicamos ao Secretario de Infraestrutura do Estado da Bahia, Sr. Sergio Brito e ao Superintendente de energia e comunica\u00e7\u00e3o da Seinfra, Sr. Celso Reinaldo Cavalcante Rodrigues e ao Diretor de comunica\u00e7\u00e3o da Seinfra, Sr. Felipe Santana e ao Deputado Estadual Euclides Fernandes, envidar esfor\u00e7os para que os Povoados da Cachoeirinha e Frisuba no Munic\u00edpio de Jequi\u00e9, sejam inseridos no programa fala Bahia, que garante acesso de telefonia m\u00f3vel e internet a comunidades da zona rural."}, {"id": "3727", "ano": "2023", "numero": "478", "tipo__sigla": "IND", "tipo__descricao": "Indica\u00e7\u00e3o", "autoria": "MARCOS DO OVO", "texto_original": "http://sapl.jequie.ba.leg.br/media/sapl/public/materialegislativa/2023/3727/ind._478.2023concretagem_urbis_3.docx", "ementa": "Indicamos ao Prefeito Municipal de Jequi\u00e9, Zenildo Brand\u00e3o Santana, autorizar ao Secret\u00e1rio de Infraestrutura Lucindo Menezes, tomar as provid\u00eancias necess\u00e1rias para a concretagem dos caminhos oito, caminho nove e caminho onze, na URBIS 3, bairro Jequiezinho."}, {"id": "3728", "ano": "2023", "numero": "479", "tipo__sigla": "IND", "tipo__descricao": "Indica\u00e7\u00e3o", "autoria": "San David Pereira Arag\u00e3o (San)", "texto_original": "http://sapl.jequie.ba.leg.br/media/sapl/public/materialegislativa/2023/3728/ind._479-2023_-_construcao_de_nova_quadra_poliesportiva_no_bairro_curral_novo.docx", "ementa": "Indicamos ao prefeito municipal \u00e0 constru\u00e7\u00e3o de nova quadra poliesportiva para a comunidade do Curral Novo, nas imedia\u00e7\u00f5es do Mutir\u00e3o e Loteamento Ipanema."}, {"id": "3729", "ano": "2023", "numero": "480", "tipo__sigla": "IND", "tipo__descricao": "Indica\u00e7\u00e3o", "autoria": "San David Pereira Arag\u00e3o (San)", "texto_original": "http://sapl.jequie.ba.leg.br/media/sapl/public/materialegislativa/2023/3729/ind._480.2023_-_reforma_e_ampliacao_da_sede_do_samu_192_em_jequie.docx", "ementa": "Indicamos ao prefeito municipal realizar a reforma e amplia\u00e7\u00e3o da sede do SAMU regional em Jequi\u00e9."}, {"id": "3730", "ano": "2023", "numero": "481", "tipo__sigla": "IND", "tipo__descricao": "Indica\u00e7\u00e3o", "autoria": "DUDA SIM\u00d5ES", "texto_original": "http://sapl.jequie.ba.leg.br/media/sapl/public/materialegislativa/2023/3730/ind._481.2023_calcamento_de_nova_esperanca..doc", "ementa": "Indicamos ao Prefeito Municipal Zenildo Brand\u00e3o Santana, extensivo ao Secret\u00e1rio Municipal de Infraestrutura Lucindo Tomaz Vasconcelos Menezes a Pavimenta\u00e7\u00e3o da rua principal do Povoado de Nova Esperan\u00e7a."}, {"id": "3731", "ano": "2023", "numero": "482", "tipo__sigla": "IND", "tipo__descricao": "Indica\u00e7\u00e3o", "autoria": "TINHO", "texto_original": "http://sapl.jequie.ba.leg.br/media/sapl/public/materialegislativa/2023/3731/29_-_ind-482.2023_construcao_de_quadras_poliesportivas_com_acessibilidade_adaptada_para_modalidades_paradesportivas_e_para_o_lazer_de_pessoas_com_deficiencia_corrigida_3.docx", "ementa": "Solicitamos ao Prefeito Zenildo Brand\u00e3o, extensivo a secretaria competente, a elabora\u00e7\u00e3o de um projeto para Constru\u00e7\u00e3o de Quadras Poliesportivas com acessibilidade, adaptada para modalidades paradesportivas e para o lazer de pessoas com defici\u00eancia, na cidade de Jequi\u00e9."}, {"id": "3732", "ano": "2023", "numero": "483", "tipo__sigla": "IND", "tipo__descricao": "Indica\u00e7\u00e3o", "autoria": "GUTINHA", "texto_original": "http://sapl.jequie.ba.leg.br/media/sapl/public/materialegislativa/2023/3732/ind-483.2023_pavimentacao_asfaltica_rua_estela_camara_de_dubois_corrigida.doc", "ementa": "Solicitamos a realiza\u00e7\u00e3o da pavimenta\u00e7\u00e3o asf\u00e1ltica da Rua Estela C\u00e2mara de Dubois, bairro Jequiezinho."}, {"id": "3733", "ano": "2023", "numero": "484", "tipo__sigla": "IND", "tipo__descricao": "Indica\u00e7\u00e3o", "autoria": "ZIEL", "texto_original": "http://sapl.jequie.ba.leg.br/media/sapl/public/materialegislativa/2023/3733/iind._484.2023i_trav._joventino_antonio_rocha.doc", "ementa": "Execu\u00e7\u00e3o de cobertura asf\u00e1ltica nas vias I, II e III Trav. Joventino Ant\u00f4nio Rocha no Bairro Cansan\u00e7\u00e3o."}, {"id": "3734", "ano": "2023", "numero": "485", "tipo__sigla": "IND", "tipo__descricao": "Indica\u00e7\u00e3o", "autoria": "Jo\u00e3o Paulo Fernandes Silva (JP)", "texto_original": "http://sapl.jequie.ba.leg.br/media/sapl/public/materialegislativa/2023/3734/ind._485.2023cadeiras_de_rodas_nas_reparticoes_publicas.doc", "ementa": "Indicamos ao Prefeito Municipal Zenildo Brand\u00e3o, extensivo ao Secret\u00e1rio de Sa\u00fade Marlon Santos, no sentido de fazer valer a indica\u00e7\u00e3o 294/2022 de minha autoria no que diz para instituir obrigatoriedade de cadeiras de rodas nas reparti\u00e7\u00f5es p\u00fablicas para uso dos visitantes com defici\u00eancia f\u00edsica-bem como postos de sa\u00fade e escolas municipais de Jequi\u00e9 Bahia."}, {"id": "3735", "ano": "2023", "numero": "486", "tipo__sigla": "IND", "tipo__descricao": "Indica\u00e7\u00e3o", "autoria": "Jo\u00e3o Paulo Fernandes Silva (JP)", "texto_original": "http://sapl.jequie.ba.leg.br/media/sapl/public/materialegislativa/2023/3735/ind._486.2023nais_de_interprete_de_libras_e_incluir_na_grade_escolar_municipal_libras..doc", "ementa": "Indicamos ao Prefeito Municipal Zenildo Brand\u00e3o, extensivo a Secret\u00e1ria de Educa\u00e7\u00e3o Elvia Sampaio, no sentido de contratar profissionais de Interprete de libras e incluir na grade escolar municipal Libras."}, {"id": "3736", "ano": "2023", "numero": "487", "tipo__sigla": "IND", "tipo__descricao": "Indica\u00e7\u00e3o", "autoria": "Jo\u00e3o Paulo Fernandes Silva (JP)", "texto_original": "http://sapl.jequie.ba.leg.br/media/sapl/public/materialegislativa/2023/3736/ind._487.2023iluminacao_de_led_na_avenida_lions_club.doc", "ementa": "Indicamos ao Prefeito Municipal Zenildo Brand\u00e3o, extensivo ao Secret\u00e1rio de Infraestrutura Lucindo Tomaz, no sentindo que seja feita a implanta\u00e7\u00e3o de Ilumina\u00e7\u00e3o de LED na rua Ant\u00f4nio Brand\u00e3o, localizada no Jequiezinho, pr\u00f3xima a Lagoa do Derba."}, {"id": "3737", "ano": "2023", "numero": "488", "tipo__sigla": "IND", "tipo__descricao": "Indica\u00e7\u00e3o", "autoria": "ZIEL", "texto_original": "http://sapl.jequie.ba.leg.br/media/sapl/public/materialegislativa/2023/3737/ind._488.2023ruas_a_d_e_maria_angelica_no_santa_luz_corrigida_1_2.doc", "ementa": "Execu\u00e7\u00e3o de cobertura asf\u00e1ltica na rua A, localizada no Loteamento Santa Luz, bairro Joaquim Rom\u00e3o."}, {"id": "3738", "ano": "2023", "numero": "489", "tipo__sigla": "IND", "tipo__descricao": "Indica\u00e7\u00e3o", "autoria": "SOLDADO GILVAN", "texto_original": "http://sapl.jequie.ba.leg.br/media/sapl/public/materialegislativa/2023/3738/indi_489.2023realizar_eletrocardiograma_nas_unidades_2023.doc", "ementa": "SERVI\u00c7O DE ELETROCARDIOGRAMA NAS UNIDADES B\u00c1SICAS DE SA\u00daDE."}, {"id": "3739", "ano": "2023", "numero": "490", "tipo__sigla": "IND", "tipo__descricao": "Indica\u00e7\u00e3o", "autoria": "SOLDADO GILVAN", "texto_original": "http://sapl.jequie.ba.leg.br/media/sapl/public/materialegislativa/2023/3739/ind.490.2023-_construcao_de_passagem_elevada_tote_lomanto.doc", "ementa": "CONSTRU\u00c7\u00c3O DE PASSAGEM ELEVADA NA AVENIDA TOTE LOMANTO COM A RUA DR DUARTE MUNIZ ARAG\u00c3O"}, {"id": "3740", "ano": "2023", "numero": "491", "tipo__sigla": "IND", "tipo__descricao": "Indica\u00e7\u00e3o", "autoria": "SOLDADO GILVAN", "texto_original": "http://sapl.jequie.ba.leg.br/media/sapl/public/materialegislativa/2023/3740/ind._491.2023_construcao_da_praca_do_parque_das_algarobas__2023.doc", "ementa": "CONSTRU\u00c7\u00c3O DE UMA PRA\u00c7A COM PARQUINHOS, ACADEMIA AO AR LIVRE, QUIOSQUES COM BANCOS E JARDINS, NO BAIRRO DO PARQUE DAS ALGAROBAS PR\u00d3XIMO AS RUAS C E F."}, {"id": "3741", "ano": "2023", "numero": "492", "tipo__sigla": "IND", "tipo__descricao": "Indica\u00e7\u00e3o", "autoria": "RAMON FERNANDES", "texto_original": "http://sapl.jequie.ba.leg.br/media/sapl/public/materialegislativa/2023/3741/ind._492.2023_programa_fala_bahia_2.2_1_corrigido.docx", "ementa": "Indicamos ao Secretario de Infraestrutura do Estado da Bahia, Sr. Sergio Brito e ao Superintendente de energia e comunica\u00e7\u00e3o da Seinfra, Sr. Celso Reinaldo Cavalcante Rodrigues e ao Diretor de comunica\u00e7\u00e3o da Seinfra, Sr. Felipe Santana e ao Deputado Estadual Euclides Fernandes, envidar esfor\u00e7os para que o Povoado da Marcela, no Munic\u00edpio de Jequi\u00e9, seja inserido no programa fala Bahia, que garante acesso de telefonia m\u00f3vel e internet a comunidades da zona rural."}, {"id": "3742", "ano": "2023", "numero": "493", "tipo__sigla": "IND", "tipo__descricao": "Indica\u00e7\u00e3o", "autoria": "BUI BULH\u00d5ES", "texto_original": "http://sapl.jequie.ba.leg.br/media/sapl/public/materialegislativa/2023/3742/ind._493.2023revitalizacao_postos_de_saude_odorico_mota_2_corrigido_1_2_corrigida.doc", "ementa": "Indicamos ao Prefeito Sr. Zenildo Brand\u00e3o, extensivo \u00e0 Secret\u00e1ria de Sa\u00fade, para adotarem provid\u00eancias no sentido de revitalizar e ampliar o Posto de Sa\u00fade USF Odorico Mota, localizado na localidade do Barro Preto."}, {"id": "3743", "ano": "2023", "numero": "494", "tipo__sigla": "IND", "tipo__descricao": "Indica\u00e7\u00e3o", "autoria": "BUI BULH\u00d5ES", "texto_original": "http://sapl.jequie.ba.leg.br/media/sapl/public/materialegislativa/2023/3743/ind.494.2023__escola_violenta_montal_e_xv_de_novembro_1_corrigido_1_corrigida_1.doc", "ementa": "Indicamos ao Prefeito de Jequi\u00e9 Zenildo Brand\u00e3o e Secret\u00e1ria de Educa\u00e7\u00e3o, Elvia Sampaio, solicitando a revitaliza\u00e7\u00e3o das escolas Violeta Montal no povoado do Morro Verde e da Escola XV de Novembro no povoado do Rio do Antonio."}, {"id": "3744", "ano": "2023", "numero": "495", "tipo__sigla": "IND", "tipo__descricao": "Indica\u00e7\u00e3o", "autoria": "BUI BULH\u00d5ES", "texto_original": "http://sapl.jequie.ba.leg.br/media/sapl/public/materialegislativa/2023/3744/ind.495.2023_acessibilidade_cemiterios_1_corrigido.docx", "ementa": "Indicamos ao Prefeito Sr. Zenildo Brand\u00e3o, extensivo ao Secret\u00e1rio de Infraestrutura e Servi\u00e7os P\u00fablicos, para adotar provid\u00eancias de revitaliza\u00e7\u00e3o, bem como implanta\u00e7\u00e3o de rampa de acesso a cadeirantes, para pessoas com mobilidade reduzida perene ou tempor\u00e1ria nos cemit\u00e9rios do munic\u00edpio."}, {"id": "3745", "ano": "2023", "numero": "496", "tipo__sigla": "IND", "tipo__descricao": "Indica\u00e7\u00e3o", "autoria": "TINHO", "texto_original": "http://sapl.jequie.ba.leg.br/media/sapl/public/materialegislativa/2023/3745/ind._496.2023-_instalacao_de_corrimao_sobre_a_ponte_na_vila_frisuba..docx", "ementa": "Instala\u00e7\u00e3o de corrim\u00e3o sobre a Ponte na Vila Frisuba."}, {"id": "3746", "ano": "2023", "numero": "497", "tipo__sigla": "IND", "tipo__descricao": "Indica\u00e7\u00e3o", "autoria": "Joaquim Caires Rocha (Joaquim Caires)", "texto_original": "http://sapl.jequie.ba.leg.br/media/sapl/public/materialegislativa/2023/3746/ind_497.2023_construcao_de_praca_no_loteamento_borda_da_mata.doc", "ementa": "CONSTRU\u00c7\u00c3O DA PRA\u00c7A NO LOTEAMENTO BORDA DA MATA"}, {"id": "3747", "ano": "2023", "numero": "498", "tipo__sigla": "IND", "tipo__descricao": "Indica\u00e7\u00e3o", "autoria": "COLORIDO", "texto_original": "http://sapl.jequie.ba.leg.br/media/sapl/public/materialegislativa/2023/3747/ind_498.2023_pavimentacao_asfaltica_rua_fluminense.doc", "ementa": "Solicitando a restaura\u00e7\u00e3o da pavimenta\u00e7\u00e3o asf\u00e1ltica das ruas Fluminense, Cruzeiro e Afr\u00e2nio Peixoto ambas localizadas no bairro Mandacaru ."}, {"id": "3748", "ano": "2023", "numero": "499", "tipo__sigla": "IND", "tipo__descricao": "Indica\u00e7\u00e3o", "autoria": "TINHO", "texto_original": "http://sapl.jequie.ba.leg.br/media/sapl/public/materialegislativa/2023/3748/ind._499.2023_-_construcao_de_um_parque_infantil_na_vila_frisuba.docx", "ementa": "Constru\u00e7\u00e3o de um parque infantil, na Vila Frisuba"}, {"id": "3749", "ano": "2023", "numero": "500", "tipo__sigla": "IND", "tipo__descricao": "Indica\u00e7\u00e3o", "autoria": "Sidney Magal Rodrigues de Souza (Sidney Magal)", "texto_original": "http://sapl.jequie.ba.leg.br/media/sapl/public/materialegislativa/2023/3749/ins._500.2023_requalificacao_praca_jardim_amaralina.docx", "ementa": "Indicamos ao Prefeito Municipal Zenildo Brand\u00e3o Santana, adotar provid\u00eancias junto \u00e0 Secretaria de Infraestrutura propor a Requalifica\u00e7\u00e3o da Pra\u00e7a, que fica localizada no Jardim Amaralina."}, {"id": "3750", "ano": "2023", "numero": "501", "tipo__sigla": "IND", "tipo__descricao": "Indica\u00e7\u00e3o", "autoria": "Walmiral Pacheco Marinho Neto (Walmiral)", "texto_original": "http://sapl.jequie.ba.leg.br/media/sapl/public/materialegislativa/2023/3750/ind._501.2023maternidade_florestal.doc", "ementa": "Indicamos ao Prefeito Municipal Zenildo Brand\u00e3o, extensivo ao Secret\u00e1rio de Infraestrutura Lucindo Tomaz Vasconcelos, no sentido de implantar uma maternidade no Distrito de Florestal"}, {"id": "3751", "ano": "2023", "numero": "502", "tipo__sigla": "IND", "tipo__descricao": "Indica\u00e7\u00e3o", "autoria": "Joaquim Caires Rocha (Joaquim Caires)", "texto_original": "http://sapl.jequie.ba.leg.br/media/sapl/public/materialegislativa/2023/3751/ind._502.2023_-__pavimentacao_do_sunvilli_corrigida_1_2_3.doc", "ementa": "Solicitamos a pavimenta\u00e7\u00e3o asf\u00e1ltica das ruas Garanhuns, Gafanhotos e Abelhas no loteamento Sunville 1."}, {"id": "3752", "ano": "2023", "numero": "503", "tipo__sigla": "IND", "tipo__descricao": "Indica\u00e7\u00e3o", "autoria": "MARCOS DO OVO", "texto_original": "http://sapl.jequie.ba.leg.br/media/sapl/public/materialegislativa/2023/3752/ind._503.2023sec_educacao_caixa_dagua.docx", "ementa": "Indicamos ao Prefeito Municipal de Jequi\u00e9, Zenildo Brand\u00e3o Santana, autorizar a Secret\u00e1ria de educa\u00e7\u00e3o Elvia Sampaio, tomar as provid\u00eancias necess\u00e1rias para a reforma da Escola Municipal Gercino Coelho, localizado no bairro Caixa D\u2019\u00e1gua."}, {"id": "3754", "ano": "2023", "numero": "505", "tipo__sigla": "IND", "tipo__descricao": "Indica\u00e7\u00e3o", "autoria": "MARCINHO", "texto_original": "http://sapl.jequie.ba.leg.br/media/sapl/public/materialegislativa/2023/3754/ind._505.2023_praca_do_pompilio_sampaio__2023_3.docx", "ementa": "Constru\u00e7\u00e3o de uma pra\u00e7a com quadra poliesportiva coberta, quiosques, parque Infantil, academia ao ar livre e \u00e1reas verdes, no espa\u00e7o localizado entre as ruas Dr. Ant\u00f4nio Astolfo, Jos\u00e9 Gomes Guimar\u00e3es e Idelfonso Guedes, ao lado da Unidade de Sa\u00fade Dr. Gilson Pinheiro, no bairro Pomp\u00edlio Sampaio."}, {"id": "3755", "ano": "2023", "numero": "506", "tipo__sigla": "IND", "tipo__descricao": "Indica\u00e7\u00e3o", "autoria": "MARCINHO", "texto_original": "http://sapl.jequie.ba.leg.br/media/sapl/public/materialegislativa/2023/3755/ind._506.2023_reforma_do_posto_de_saude_da_amaralina.docx", "ementa": "A reforma da Unidade de Sa\u00fade Dr. Jo\u00e3o Caricchio Filho, situado no bairro da Amaralina."}, {"id": "3756", "ano": "2023", "numero": "507", "tipo__sigla": "IND", "tipo__descricao": "Indica\u00e7\u00e3o", "autoria": "MARCINHO", "texto_original": "http://sapl.jequie.ba.leg.br/media/sapl/public/materialegislativa/2023/3756/ind.__507.2023implantacao_de_paisagismo_e_jardinagem_nas_margens_do_rio_jequiezinho.docx", "ementa": "Implanta\u00e7\u00e3o de paisagismo e jardinagem nas margens do Rio Jequiezinho."}, {"id": "3757", "ano": "2023", "numero": "508", "tipo__sigla": "IND", "tipo__descricao": "Indica\u00e7\u00e3o", "autoria": "MARCINHO", "texto_original": "http://sapl.jequie.ba.leg.br/media/sapl/public/materialegislativa/2023/3757/ind._508.2023recapeamento_das_ruas_do_bairro_amaralina_corrigida_1.docx", "ementa": "Solicitamos recapeamento asf\u00e1ltico das ruas babatim\u00e3o, aroeiras e algarobas, no Bairro Amaralina."}, {"id": "3758", "ano": "2023", "numero": "509", "tipo__sigla": "IND", "tipo__descricao": "Indica\u00e7\u00e3o", "autoria": "TINHO, MOANA", "texto_original": "http://sapl.jequie.ba.leg.br/media/sapl/public/materialegislativa/2023/3758/ind._509.2023_-abertura_do_acesso_da_avenida_beira_rio_a_ponte_teodoro_sampaio..docx", "ementa": "Abertura do Acesso da Avenida Beira Rio \u00e0 Ponte Teodoro Sampaio, no bairro do Mandacaru."}, {"id": "3759", "ano": "2023", "numero": "510", "tipo__sigla": "IND", "tipo__descricao": "Indica\u00e7\u00e3o", "autoria": "MOANA", "texto_original": "http://sapl.jequie.ba.leg.br/media/sapl/public/materialegislativa/2023/3759/ind_510.2023_ruas_da_rua_miguel_sebastiao_figueredo_j._romao_corrigido.doc", "ementa": "Indicamos ao Excelent\u00edssimo Prefeito Zenildo Brand\u00e3o Santana em extensivo ao Secret\u00e1rio de Infraestrutura Lucindo Tomaz Vasconcelos, no sentido de realizar a Pavimenta\u00e7\u00e3o asf\u00e1ltica da Rua Miguel Sebasti\u00e3o Figueredo,\r\nno Bairro do Joaquim Rom\u00e3o, sendo a entrada em frente a Igreja Batista Bet\u00e2nia."}, {"id": "3764", "ano": "2023", "numero": "511", "tipo__sigla": "IND", "tipo__descricao": "Indica\u00e7\u00e3o", "autoria": "PROFESSORA CIDA", "texto_original": "http://sapl.jequie.ba.leg.br/media/sapl/public/materialegislativa/2023/3764/ind._511.2023pavimentacao_beira_rio_e_caribe_corrigida.docx", "ementa": "Recapeamento com massa asf\u00e1ltica (CBUQ), implantando passeio de acessibilidade e passarela elevada nos per\u00edmetros da via Landulfo Carib\u00e9, bairro do Jequiezinho."}, {"id": "3766", "ano": "2023", "numero": "512", "tipo__sigla": "IND", "tipo__descricao": "Indica\u00e7\u00e3o", "autoria": "MOANA", "texto_original": "http://sapl.jequie.ba.leg.br/media/sapl/public/materialegislativa/2023/3766/ind._512.2023_limpeza_da_praca_na_rua_vitoria_mandacaru.doc", "ementa": "Indicamos ao Prefeito Municipal Zenildo Brand\u00e3o, extensivo a Secretaria de Servi\u00e7os P\u00fablicos, limpeza da Pra\u00e7a na Rua Vit\u00f3ria, no Bairro Mandacaru."}, {"id": "3771", "ano": "2023", "numero": "513", "tipo__sigla": "IND", "tipo__descricao": "Indica\u00e7\u00e3o", "autoria": "PROFESSORA CIDA", "texto_original": "http://sapl.jequie.ba.leg.br/media/sapl/public/materialegislativa/2023/3771/ind._513.20232_canteiro_vovo_camila.docx", "ementa": "CONSTRUIR UM CANTEIRO COM PERGOLATO NA RUA VOV\u00d3 CAMILA"}, {"id": "3772", "ano": "2023", "numero": "514", "tipo__sigla": "IND", "tipo__descricao": "Indica\u00e7\u00e3o", "autoria": "MARCOS DO OVO", "texto_original": "http://sapl.jequie.ba.leg.br/media/sapl/public/materialegislativa/2023/3772/ind._514.2023infraes_praca_urbis_corrigida.docx", "ementa": "Indicamos ao Prefeito Municipal de Jequi\u00e9, Zenildo Brand\u00e3o Santana, autorizar ao Secret\u00e1rio de Infraestrutura Lucindo Menezes, tomar as provid\u00eancias necess\u00e1rias para a constru\u00e7\u00e3o de uma pra\u00e7a com academia ao ar livre na Av. Braz Arl\u00e9o, Urbis 3."}, {"id": "3773", "ano": "2023", "numero": "515", "tipo__sigla": "IND", "tipo__descricao": "Indica\u00e7\u00e3o", "autoria": "San David Pereira Arag\u00e3o (San)", "texto_original": "http://sapl.jequie.ba.leg.br/media/sapl/public/materialegislativa/2023/3773/ind._515.2023_criacao_de_posto_avancado_ou_novo_cras_para_atender_o_bairro_curral_novo.docx", "ementa": "Indicamos ao Prefeito Municipal extensivo a secret\u00e1ria de desenvolvimento social, viabilizar implanta\u00e7\u00e3o de posto avan\u00e7ado ou cria\u00e7\u00e3o de nova sede de CRAS no bairro Curral Novo, para atender as necessidades do bairro e adjac\u00eancias."}, {"id": "3774", "ano": "2023", "numero": "516", "tipo__sigla": "IND", "tipo__descricao": "Indica\u00e7\u00e3o", "autoria": "San David Pereira Arag\u00e3o (San)", "texto_original": "http://sapl.jequie.ba.leg.br/media/sapl/public/materialegislativa/2023/3774/pavimentacao_curral_novo_corrigida.docx", "ementa": "Indicamos ao Prefeito Municipal realizar a pavimenta\u00e7\u00e3o asf\u00e1ltica da Travessa Santa Rita de C\u00e1ssia, bairro Curral Novo."}, {"id": "3775", "ano": "2023", "numero": "517", "tipo__sigla": "IND", "tipo__descricao": "Indica\u00e7\u00e3o", "autoria": "San David Pereira Arag\u00e3o (San)", "texto_original": "http://sapl.jequie.ba.leg.br/media/sapl/public/materialegislativa/2023/3775/ind_517.2023_-_criacao_de_isencao_do_iptu_para_paciente_de_cancer_e_aids_do_municipio_de_jequie-ba_1.docx", "ementa": "Indicamos ao prefeito municipal extensivo a secretaria da Fazenda, no sentido de viabilizar elabora\u00e7\u00e3o de legisla\u00e7\u00e3o municipal, criando ISEN\u00c7\u00c3O de IPTU para pessoas portadoras de c\u00e2ncer e o v\u00edrus da AIDS no munic\u00edpio de Jequi\u00e9-BA."}, {"id": "3776", "ano": "2023", "numero": "518", "tipo__sigla": "IND", "tipo__descricao": "Indica\u00e7\u00e3o", "autoria": "San David Pereira Arag\u00e3o (San)", "texto_original": "http://sapl.jequie.ba.leg.br/media/sapl/public/materialegislativa/2023/3776/ind.518.2023_elevar_o_nivel_da_aps_do_inss_de_jequie_para_ge_e_implantacao_de_nova_aps_na_cidade.docx", "ementa": "Indicamos ao prefeito municipal extensivo ao ministro de Estado da Previd\u00eancia Social do governo federal, Sr. Carlos Lupi e ao Conselho Nacional de Previd\u00eancia Social - CNPS, no sentido de viabilizar a eleva\u00e7\u00e3o de n\u00edvel da APS de Jequi\u00e9 para GEX (gerencia executiva) e/ou implanta\u00e7\u00e3o de nova APS no munic\u00edpio, buscando atender a alta demanda existente que engloba dois territ\u00f3rios e cidades pr\u00f3ximas."}, {"id": "3777", "ano": "2023", "numero": "519", "tipo__sigla": "IND", "tipo__descricao": "Indica\u00e7\u00e3o", "autoria": "RAMON FERNANDES", "texto_original": "http://sapl.jequie.ba.leg.br/media/sapl/public/materialegislativa/2023/3777/ind519.2023_cachoeirinha_e_curral_novo.docx", "ementa": "Indicamos ao Deputado Estadual Euclides Fernandes, envidar esfor\u00e7os junto a Secretaria de Sa\u00fade do Estado da Bahia, Sra. Roberta Santana, solicitando a \u201cfeira sa\u00fade mais perto\u201d, nos Bairros Curral Novo e Cachoeirinha no Munic\u00edpio de Jequi\u00e9."}, {"id": "3778", "ano": "2023", "numero": "520", "tipo__sigla": "IND", "tipo__descricao": "Indica\u00e7\u00e3o", "autoria": "RAMON FERNANDES", "texto_original": "http://sapl.jequie.ba.leg.br/media/sapl/public/materialegislativa/2023/3778/ind_520.2023_feira_km_3_e_km_4.docx", "ementa": "Indicamos ao Deputado Estadual Euclides Fernandes, envidar esfor\u00e7os junto a Secretaria de Sa\u00fade do Estado da Bahia, Sra. Roberta Santana, solicitando a \u201cfeira sa\u00fade mais perto\u201d, nos Bairros KM 3 E  KM 4, no Munic\u00edpio de Jequi\u00e9."}, {"id": "3779", "ano": "2023", "numero": "521", "tipo__sigla": "IND", "tipo__descricao": "Indica\u00e7\u00e3o", "autoria": "RAMON FERNANDES", "texto_original": "http://sapl.jequie.ba.leg.br/media/sapl/public/materialegislativa/2023/3779/ind._521.2023_feira_itaibo_e_oriente_novo.docx", "ementa": "Indicamos ao Deputado Estadual Euclides Fernandes, envidar esfor\u00e7os junto a Secretaria de Sa\u00fade do Estado da Bahia, Sra. Roberta Santana, solicitando a \u201cfeira sa\u00fade mais perto\u201d, nos Distritos de Oriente Novo e Itaibo, no Munic\u00edpio de Jequi\u00e9."}, {"id": "3780", "ano": "2023", "numero": "522", "tipo__sigla": "IND", "tipo__descricao": "Indica\u00e7\u00e3o", "autoria": "ZIEL", "texto_original": "http://sapl.jequie.ba.leg.br/media/sapl/public/materialegislativa/2023/3780/ind._522.2023cursinho_pre_vestibular_gratuito.doc", "ementa": "Implanta\u00e7\u00e3o de curso pr\u00e9-vestibular para atender aos estudantes que conclu\u00edrem o ensino m\u00e9dio em institui\u00e7\u00f5es p\u00fablicas de ensino."}, {"id": "3781", "ano": "2023", "numero": "523", "tipo__sigla": "IND", "tipo__descricao": "Indica\u00e7\u00e3o", "autoria": "Jo\u00e3o Paulo Fernandes Silva (JP)", "texto_original": "http://sapl.jequie.ba.leg.br/media/sapl/public/materialegislativa/2023/3781/ind._523.2023_contratacao_de_um_farmaceutico_nas_usf-unidade_de_saude_da_familia.doc", "ementa": "Indicamos ao Prefeito Municipal Zenildo Brand\u00e3o, extensivo ao Secret\u00e1rio de Sa\u00fade Marlon Santos, que tome provid\u00eancias quanto a contrata\u00e7\u00e3o de um Farmac\u00eautico nas USF-Unidade de Sa\u00fade da Fam\u00edlia"}, {"id": "3782", "ano": "2023", "numero": "524", "tipo__sigla": "IND", "tipo__descricao": "Indica\u00e7\u00e3o", "autoria": "Jo\u00e3o Paulo Fernandes Silva (JP)", "texto_original": "http://sapl.jequie.ba.leg.br/media/sapl/public/materialegislativa/2023/3782/ind._524.2023pavimentacao_asfaltica_rua_acm.doc", "ementa": "Indicamos ao Prefeito Municipal Zenildo Brand\u00e3o, extensivo ao Secret\u00e1rio de Infraestrutura Lucindo Tomaz, no sentido que seja feita a pavimenta\u00e7\u00e3o asf\u00e1ltica na rua Ant\u00f4nio Carlos Magalh\u00e3es (ACM), localizada no bairro S\u00e3o Judas Tadeu."}, {"id": "3783", "ano": "2023", "numero": "525", "tipo__sigla": "IND", "tipo__descricao": "Indica\u00e7\u00e3o", "autoria": "Jo\u00e3o Paulo Fernandes Silva (JP)", "texto_original": "http://sapl.jequie.ba.leg.br/media/sapl/public/materialegislativa/2023/3783/ind._525.2023plano_de_arborizacao_urbana.doc", "ementa": "Indicamos ao Prefeito Municipal Zenildo Brand\u00e3o, extensivo ao Secret\u00e1rio de Agricultura, Irriga\u00e7\u00e3o e Meio Ambiente Jos\u00e9 Claudemiro Passos Brand\u00e3o, provid\u00eancias para elabora\u00e7\u00e3o de um Plano ou Projeto de Arboriza\u00e7\u00e3o Urbana na Pra\u00e7a Governador Roberto Santos-Pra\u00e7a dos Ca\u00e7ambeiros localizada na Av. Landulfo Carib\u00e9-Centro."}, {"id": "3784", "ano": "2023", "numero": "526", "tipo__sigla": "IND", "tipo__descricao": "Indica\u00e7\u00e3o", "autoria": "COLORIDO", "texto_original": "http://sapl.jequie.ba.leg.br/media/sapl/public/materialegislativa/2023/3784/ind._526.2023banheiro_publico_de_oriente_novo.docx", "ementa": "Reforma dos banheiros p\u00fablicos, no Distrito de Oriente Novo."}, {"id": "3785", "ano": "2023", "numero": "527", "tipo__sigla": "IND", "tipo__descricao": "Indica\u00e7\u00e3o", "autoria": "Jo\u00e3o Paulo Fernandes Silva (JP)", "texto_original": "http://sapl.jequie.ba.leg.br/media/sapl/public/materialegislativa/2023/3785/ind_527.2023__posto_de_saude_ou_usb-jardim_tropical_1.doc", "ementa": "Indicamos ao Prefeito Municipal Zenildo Brand\u00e3o, no sentindo que fa\u00e7a valer a indica\u00e7\u00e3o 344/2021,para que Vossa Excel\u00eancia encaminhe a C\u00e2mara Municipal de Jequi\u00e9, um projeto para que as Organiza\u00e7\u00f5es da Sociedade Civil (OSCs) que fazem parte do terceiro setor possam ser isentas das taxas de lPTUs em nosso municipio."}, {"id": "3786", "ano": "2023", "numero": "528", "tipo__sigla": "IND", "tipo__descricao": "Indica\u00e7\u00e3o", "autoria": "MOANA", "texto_original": "http://sapl.jequie.ba.leg.br/media/sapl/public/materialegislativa/2023/3786/ind._528.2023ruas_cansacao_corrigida_1_2_3.docx", "ementa": "Indicamos ao Prefeito Municipal Zenildo Brand\u00e3o Santana (Z\u00e9 Coca), extensivo ao secret\u00e1rio de infraestrutura Lucindo Menezes, no sentido de realizar pavimenta\u00e7\u00e3o asf\u00e1ltica na Rua Beatriz Fernandes Bahiense (2\u00baTv N), Rua Satumino Nunes Bahiense (antiga rua L) e Rua Morena Bahiense (antiga Rua G) no Loteamento Santa Luz, bairro do Cansan\u00e7\u00e3o."}, {"id": "3787", "ano": "2023", "numero": "529", "tipo__sigla": "IND", "tipo__descricao": "Indica\u00e7\u00e3o", "autoria": "SOLDADO GILVAN", "texto_original": "http://sapl.jequie.ba.leg.br/media/sapl/public/materialegislativa/2023/3787/ind_529.2023_pavimentacao_asfaltica_tauane_liz.doc", "ementa": "PAVIMENTA\u00c7\u00c3O EM ASFALTO NA RUA TAUANE LIZ, BAIRRO JEQUIEZINHO"}, {"id": "3788", "ano": "2023", "numero": "530", "tipo__sigla": "IND", "tipo__descricao": "Indica\u00e7\u00e3o", "autoria": "SOLDADO GILVAN", "texto_original": "http://sapl.jequie.ba.leg.br/media/sapl/public/materialegislativa/2023/3788/ind_530.2023_construcao_da_praca_na_rua_tauane_liz.doc", "ementa": "CONSTRU\u00c7\u00c3O DE UMA PRA\u00c7A COM PARQUE INFANTIL NA RUA TAUANE LIZ, BAIRRO JEQUIEZINHO (FINAL DA RUA)"}, {"id": "3789", "ano": "2023", "numero": "531", "tipo__sigla": "IND", "tipo__descricao": "Indica\u00e7\u00e3o", "autoria": "SOLDADO GILVAN", "texto_original": "http://sapl.jequie.ba.leg.br/media/sapl/public/materialegislativa/2023/3789/ind_531.2023_construcao_da_praca_dos_operarios_2023.doc", "ementa": "CONSTRU\u00c7\u00c3O DE UMA PRA\u00c7A NA AVENIDA DOS OPER\u00c1RIOS, ESQUINA COM A RUA FELIC\u00cdSSIMO J.SILVA, BAIRRO JEQUIEZINHO."}, {"id": "3790", "ano": "2023", "numero": "532", "tipo__sigla": "IND", "tipo__descricao": "Indica\u00e7\u00e3o", "autoria": "SOLDADO GILVAN", "texto_original": "http://sapl.jequie.ba.leg.br/media/sapl/public/materialegislativa/2023/3790/ind.532.2023-_construcao_de_passagem_elevada_nestor_ribeiro.doc", "ementa": "CONSTRU\u00c7\u00c3O DE UMA PASSAGEM ELEVADA NA RUA NESTOR RIBEIRO, CENTRO, (EM FRENTE A CLIRAM)."}, {"id": "3791", "ano": "2023", "numero": "533", "tipo__sigla": "IND", "tipo__descricao": "Indica\u00e7\u00e3o", "autoria": "MOANA", "texto_original": "http://sapl.jequie.ba.leg.br/media/sapl/public/materialegislativa/2023/3791/ind_533.2023_passagem_elevada_em_frente_ao_estadio_waldomiro_borges_corrigida.doc", "ementa": "Indicamos ao Prefeito Municipal Zenildo Brand\u00e3o, extensivo a Secretaria de infraestrutura, uma passagem elevada na Avenida Exup\u00e9rio Miranda, ligando o Est\u00e1dio Municipal Waldomiro Borges \u00e0 Pra\u00e7a Valter Gomes de Santana."}, {"id": "3792", "ano": "2023", "numero": "534", "tipo__sigla": "IND", "tipo__descricao": "Indica\u00e7\u00e3o", "autoria": "J\u00daNIOR BRAGA", "texto_original": "http://sapl.jequie.ba.leg.br/media/sapl/public/materialegislativa/2023/3792/ind_534.2023.docx", "ementa": "Indicamos ao Prefeito Municipal Sr. Zenildo Brand\u00e3o, extensivo ao Secretario de Infraestrutura Sr. Luncindo Tomaz Vasconcelos, Constru\u00e7\u00e3o de uma nova pra\u00e7a com quiosques e parque infantil na Av. Ulisses Coelho Lima, uma proposta de quiosques para a reloca\u00e7\u00e3o dos barraqueiros, come\u00e7ando da antiga Madereira Bispo, at\u00e9 o Supermercado Mundial."}, {"id": "3793", "ano": "2023", "numero": "535", "tipo__sigla": "IND", "tipo__descricao": "Indica\u00e7\u00e3o", "autoria": "J\u00daNIOR BRAGA", "texto_original": "http://sapl.jequie.ba.leg.br/media/sapl/public/materialegislativa/2023/3793/ind_535.2023.docx", "ementa": "Indicamos ao Governador do Estado Sr. Jer\u00f3nimo Rodrigues, extensivo ao Departamento Nacional de Infraestrutura e Transportes (DNIT), pelo Sr. Fabr\u00edcio de Oliveira, a constru\u00e7\u00e3o de uma ciclovia come\u00e7ando no trevo do Km4 at\u00e9 a Usina da Barragem de Pedra."}, {"id": "3794", "ano": "2023", "numero": "536", "tipo__sigla": "IND", "tipo__descricao": "Indica\u00e7\u00e3o", "autoria": "J\u00daNIOR BRAGA", "texto_original": "http://sapl.jequie.ba.leg.br/media/sapl/public/materialegislativa/2023/3794/indicacao_536.2023.docx", "ementa": "Indicamos ao Prefeito Municipal Sr. Zenildo Brand\u00e3o, extensivo a Superintendente da SUMTRAN Sra. Karla Geambastiane, sinaleiras na Av. Exup\u00e9rio Miranda, bairro Mandacaru."}, {"id": "3795", "ano": "2023", "numero": "537", "tipo__sigla": "IND", "tipo__descricao": "Indica\u00e7\u00e3o", "autoria": "Joaquim Caires Rocha (Joaquim Caires)", "texto_original": "http://sapl.jequie.ba.leg.br/media/sapl/public/materialegislativa/2023/3795/ind_537.2023_ceasa.doc", "ementa": "Implanta\u00e7\u00e3o de uma CEASA (CENTRAL DE ABASTECIMENTO) em Jequi\u00e9."}, {"id": "3796", "ano": "2023", "numero": "538", "tipo__sigla": "IND", "tipo__descricao": "Indica\u00e7\u00e3o", "autoria": "Joaquim Caires Rocha (Joaquim Caires)", "texto_original": "http://sapl.jequie.ba.leg.br/media/sapl/public/materialegislativa/2023/3796/ind._538.2023implantacao_de_um_psf_na_regiao_do_rio_do_antonio.doc", "ementa": "Implantar unidades de Posto de Sa\u00fade Familiar (PSF), no povoado do Rio do Ant\u00f4nio."}, {"id": "3797", "ano": "2023", "numero": "539", "tipo__sigla": "IND", "tipo__descricao": "Indica\u00e7\u00e3o", "autoria": "Joaquim Caires Rocha (Joaquim Caires)", "texto_original": "http://sapl.jequie.ba.leg.br/media/sapl/public/materialegislativa/2023/3797/ind._539.2023instalacao_de__um_semafaro.doc", "ementa": "Instala\u00e7\u00e3o de um conjunto semaf\u00f3rico no cruzamento da Avenida Jequitib\u00e1 com a BR 330, sa\u00edda de Jequi\u00e9 para Jita\u00fana."}, {"id": "3798", "ano": "2023", "numero": "540", "tipo__sigla": "IND", "tipo__descricao": "Indica\u00e7\u00e3o", "autoria": "Joaquim Caires Rocha (Joaquim Caires)", "texto_original": "http://sapl.jequie.ba.leg.br/media/sapl/public/materialegislativa/2023/3798/ind.540.2023_limpeza_do_canal_pluviral.doc", "ementa": "Limpeza Geral do Canal Pluvial no inicio da rua da Banca at\u00e9 a rua U do loteamento \u00c1gua Branca."}, {"id": "3799", "ano": "2023", "numero": "541", "tipo__sigla": "IND", "tipo__descricao": "Indica\u00e7\u00e3o", "autoria": "GUTINHA", "texto_original": "http://sapl.jequie.ba.leg.br/media/sapl/public/materialegislativa/2023/3799/ind_-541.2023_requalificacao_da_praca_pompilio_sampaio_corrigida.doc", "ementa": "Requalifica\u00e7\u00e3o da Pra\u00e7a Pomp\u00edlio Sampaio, situada entre as ruas Siqueira Campos e Jo\u00e3o Jos\u00e9 Duarte, no Bairro Joaquim Rom\u00e3o."}, {"id": "3800", "ano": "2023", "numero": "542", "tipo__sigla": "IND", "tipo__descricao": "Indica\u00e7\u00e3o", "autoria": "Walmiral Pacheco Marinho Neto (Walmiral)", "texto_original": "http://sapl.jequie.ba.leg.br/media/sapl/public/materialegislativa/2023/3800/ind._542.2023modernizacao_da_iluminacao_led_av_tropical_1.doc", "ementa": "Indicamos ao Prefeito Municipal Zenildo Brand\u00e3o, autorizar ao Secret\u00e1rio de Servi\u00e7os P\u00fablicos, Helder Santos, adotar as provid\u00eancias necess\u00e1rias para realizar a moderniza\u00e7\u00e3o e instalar a ilumina\u00e7\u00e3o de LED da Avenida Tropical, Avenida senhor do Bomfim e a Rua do Calc\u00e1rio que d\u00e1 acesso aos residenciais cachoeirinha 1,2,3 e 4, no Bairro do Jequiezinho."}, {"id": "3801", "ano": "2023", "numero": "543", "tipo__sigla": "IND", "tipo__descricao": "Indica\u00e7\u00e3o", "autoria": "BUI BULH\u00d5ES", "texto_original": "http://sapl.jequie.ba.leg.br/media/sapl/public/materialegislativa/2023/3801/ind._543.2023__mercado_municipal_1.doc", "ementa": "Indicamos ao Prefeito Sr. Zenildo Brand\u00e3o, extensivo ao Secret\u00e1rio de Infraestrutura, para adotar provid\u00eancias no sentido de realizar a reforma e revitaliza\u00e7\u00e3o do Mercado Municipal Armando Santos Cardoso."}, {"id": "3802", "ano": "2023", "numero": "544", "tipo__sigla": "IND", "tipo__descricao": "Indica\u00e7\u00e3o", "autoria": "Walmiral Pacheco Marinho Neto (Walmiral)", "texto_original": "http://sapl.jequie.ba.leg.br/media/sapl/public/materialegislativa/2023/3802/ind._544.2023pavimentacao_asfaltica_da_via_rua_nova_localizada_no_loteamento_mirassol.doc", "ementa": "Indicamos ao Prefeito Municipal Zenildo Brand\u00e3o Santana (Z\u00e9 Coc\u00e1), adotar provid\u00eancias junto \u00e0 Secretaria de Infraestrutura Lucindo Menezes com sentido de atender a indica\u00e7\u00e3o n\u00ba 882/2022 pavimenta\u00e7\u00e3o asf\u00e1ltica da via: Rua nova, localizada no Loteamento Mirassol (via acesso a avenida senhor do Bonfim), atrav\u00e9s de concretagem, massa asf\u00e1ltica"}, {"id": "3803", "ano": "2023", "numero": "545", "tipo__sigla": "IND", "tipo__descricao": "Indica\u00e7\u00e3o", "autoria": "Walmiral Pacheco Marinho Neto (Walmiral)", "texto_original": "http://sapl.jequie.ba.leg.br/media/sapl/public/materialegislativa/2023/3803/ind._545.2023troca_de_lampadas_comuns_por_lampadas_1.doc", "ementa": "Indicamos ao Prefeito Municipal Zenildo Brand\u00e3o, autorizar ao Secret\u00e1rio de Servi\u00e7os P\u00fablicos, Helder Santos, adotar as provid\u00eancias necess\u00e1rias para realizar a moderniza\u00e7\u00e3o a troca de l\u00e2mpadas comuns por l\u00e2mpadas de Led em todos os postes, na Rua G, Rua H e Rua I, localizadas no Loteamento Mirassol, bairro Jequiezinho."}, {"id": "3804", "ano": "2023", "numero": "546", "tipo__sigla": "IND", "tipo__descricao": "Indica\u00e7\u00e3o", "autoria": "BUI BULH\u00d5ES", "texto_original": "http://sapl.jequie.ba.leg.br/media/sapl/public/materialegislativa/2023/3804/ind.546.2023__home_care_odontologico.doc", "ementa": "Indicamos ao Excelent\u00edssimo Senhor Prefeito Municipal Zenildo Brand\u00e3o Santana, extensivo a ao Secret\u00e1rio de Sa\u00fade, para adotarem providencias para implanta\u00e7\u00e3o do Home Care Odontol\u00f3gico para atender o munic\u00edpio de Jequi\u00e9."}, {"id": "3805", "ano": "2023", "numero": "547", "tipo__sigla": "IND", "tipo__descricao": "Indica\u00e7\u00e3o", "autoria": "BUI BULH\u00d5ES", "texto_original": "http://sapl.jequie.ba.leg.br/media/sapl/public/materialegislativa/2023/3805/indi547.2023_placar_eletronico.docx", "ementa": "Indicamos ao Exmo. Senhor Prefeito Municipal Zenildo Brand\u00e3o Santana, extensivo ao Secret\u00e1rio Municipal de Esportes e Lazer, Matheus Roberto Oliveira Macedo o esfor\u00e7o necess\u00e1rio para implanta\u00e7\u00e3o de um placar eletr\u00f4nico no Est\u00e1dio Municipal Waldomiro Borges."}, {"id": "3806", "ano": "2023", "numero": "548", "tipo__sigla": "IND", "tipo__descricao": "Indica\u00e7\u00e3o", "autoria": "Walmiral Pacheco Marinho Neto (Walmiral)", "texto_original": "http://sapl.jequie.ba.leg.br/media/sapl/public/materialegislativa/2023/3806/ind._548.2023requalificacao_da_quadra_poliesportivas.odt", "ementa": "Indicamos ao Prefeito Municipal Zenildo Brand\u00e3o, extensivo ao Secret\u00e1rio de Infraestrutura Lucindo Tomaz, ao Secret\u00e1rio de Esportes Mateus Roberto Oliveira Macedo, adotar as medidas cab\u00edveis e necess\u00e1rias para realizar a requalifica\u00e7\u00e3o da quadra poliesportiva do Conjunto Habitacional Minha Casa Minha Vida, na Baixa do Bonfim, Jequiezinho."}, {"id": "3807", "ano": "2023", "numero": "549", "tipo__sigla": "IND", "tipo__descricao": "Indica\u00e7\u00e3o", "autoria": "BUI BULH\u00d5ES", "texto_original": "http://sapl.jequie.ba.leg.br/media/sapl/public/materialegislativa/2023/3807/ind._549.2023campo_morro_verd.doc", "ementa": "Indicamos ao Excelent\u00edssimo Senhor Prefeito Municipal Zenildo Brand\u00e3o Santana, extensivo ao setor competente, solicitando a constru\u00e7\u00e3o de um campo e um vesti\u00e1rio no povoado do Morro Verde.  Esse obra ser\u00e1 de grande benef\u00edcio para os desportistas da mencionada localidade."}, {"id": "3808", "ano": "2023", "numero": "550", "tipo__sigla": "IND", "tipo__descricao": "Indica\u00e7\u00e3o", "autoria": "COLORIDO", "texto_original": "http://sapl.jequie.ba.leg.br/media/sapl/public/materialegislativa/2023/3808/projeto_550.2023__de_limpeza_de_aguadas_1.docx", "ementa": "Criar projeto de limpeza e requalifica\u00e7\u00e3o de aguadas da zona rural de Jequi\u00e9."}, {"id": "3809", "ano": "2023", "numero": "551", "tipo__sigla": "IND", "tipo__descricao": "Indica\u00e7\u00e3o", "autoria": "MARCOS DO OVO", "texto_original": "http://sapl.jequie.ba.leg.br/media/sapl/public/materialegislativa/2023/3809/ind._551.2023upa_sao_judas_tadeu.docx", "ementa": "Indicamos ao Governador Jer\u00f4nimo Rodrigues e ao Deputado Estadual, Euclides Fernandes, autorizar \u00e0 Secret\u00e1ria de Sa\u00fade do Estado Roberta Silva de Carvalho Santana, tomar as provid\u00eancias necess\u00e1rias para a instala\u00e7\u00e3o de uma Unidade de Pronto Atendimento (UPA) para o bairro S\u00e3o Judas Tadeu."}, {"id": "3810", "ano": "2023", "numero": "552", "tipo__sigla": "IND", "tipo__descricao": "Indica\u00e7\u00e3o", "autoria": "MARCOS DO OVO", "texto_original": "http://sapl.jequie.ba.leg.br/media/sapl/public/materialegislativa/2023/3810/ind._552.2023bicicletarios.docx", "ementa": "Indicamos ao Prefeito Municipal de Jequi\u00e9, Zenildo Brand\u00e3o Santana, autorizar ao Secret\u00e1rio de Infraestrutura Lucindo Menezes, tomar as provid\u00eancias necess\u00e1rias para a implementa\u00e7\u00e3o de biciclet\u00e1rios na regi\u00e3o do centro da cidade."}, {"id": "3811", "ano": "2023", "numero": "553", "tipo__sigla": "IND", "tipo__descricao": "Indica\u00e7\u00e3o", "autoria": "PROFESSORA CIDA", "texto_original": "http://sapl.jequie.ba.leg.br/media/sapl/public/materialegislativa/2023/3811/ind.553.2023_terceira_idade.docx", "ementa": "Constru\u00e7\u00e3o de um Centro de Conviv\u00eancia para a terceira idade no munic\u00edpio de Jequi\u00e9."}, {"id": "3814", "ano": "2023", "numero": "554", "tipo__sigla": "IND", "tipo__descricao": "Indica\u00e7\u00e3o", "autoria": "RAMON FERNANDES", "texto_original": "http://sapl.jequie.ba.leg.br/media/sapl/public/materialegislativa/2023/3814/indi_554.2023_capsia_km3_1.docx", "ementa": "Indicamos ao Prefeito Zenildo Brand\u00e3o, extensivo ao Secretario de Sa\u00fade de Jequi\u00e9, Sr. Marlon Pereira, no sentido de implementar no Bairro KM 3 no munic\u00edpio de Jequi\u00e9, um CAPSia (inf\u00e2ncia e adolesc\u00eancia)."}, {"id": "3815", "ano": "2023", "numero": "555", "tipo__sigla": "IND", "tipo__descricao": "Indica\u00e7\u00e3o", "autoria": "MOANA", "texto_original": "http://sapl.jequie.ba.leg.br/media/sapl/public/materialegislativa/2023/3815/ind._555.2023_implantacao_do_capsi_corrigida.docx", "ementa": "Indicamos ao Excelent\u00edssimo Senhor Prefeito Zenildo Brand\u00e3o, em extens\u00e3o ao Secret\u00e1rio de Sa\u00fade Marlon Pereira, no sentido de que seja implantado o CAPSia -Centro de Aten\u00e7\u00e3o Psicossocial (inf\u00e2ncia e adolesc\u00eancia) no bairro Mandacaru."}, {"id": "3816", "ano": "2023", "numero": "556", "tipo__sigla": "IND", "tipo__descricao": "Indica\u00e7\u00e3o", "autoria": "MARCOS DO OVO", "texto_original": "http://sapl.jequie.ba.leg.br/media/sapl/public/materialegislativa/2023/3816/ind.__556.2023desenvolvimento_social_cras_1.docx", "ementa": "Indicamos ao Prefeito Municipal de Jequi\u00e9, Zenildo Brand\u00e3o Santana, autorizar \u00e0 Secret\u00e1ria de desenvolvimento social Patr\u00edcia Miranda, tomar as provid\u00eancias necess\u00e1rias para a instala\u00e7\u00e3o de um Centro de Refer\u00eancia de Assist\u00eancia Social (CRAS), nos bairro S\u00e3o Judas Tadeu, Mutir\u00e3o do S\u00e3o Judas e Amaralina."}, {"id": "3817", "ano": "2023", "numero": "557", "tipo__sigla": "IND", "tipo__descricao": "Indica\u00e7\u00e3o", "autoria": "PROFESSORA CIDA", "texto_original": "http://sapl.jequie.ba.leg.br/media/sapl/public/materialegislativa/2023/3817/ind.557.2023__praca__rua_2_el_dorado.docx", "ementa": "Revitaliza\u00e7\u00e3o da Pra\u00e7a localizada entres as ruas 1 e 2, no loteamento Jardim Eldorado."}, {"id": "3818", "ano": "2023", "numero": "558", "tipo__sigla": "IND", "tipo__descricao": "Indica\u00e7\u00e3o", "autoria": "MOANA", "texto_original": "http://sapl.jequie.ba.leg.br/media/sapl/public/materialegislativa/2023/3818/ind_558.2023isencao_de_pagamento_de_iptu_1.docx", "ementa": "Indicamos ao Exmo.Senhor Prefeito Municipal Zenildo Brand\u00e3o, que estude e elabore projeto de Lei que objetive a isen\u00e7\u00e3o de IPTU \u2013 Imposto Territorial Urbano aos aposentados, pensionista de previd\u00eancia Social, benefici\u00e1rio de Ben\u00e9fico de presta\u00e7\u00e3o continuada da assist\u00eancia Social BPC -LOAS, estendendo esse benef\u00edcio a pessoas idosas que n\u00e3o necessariamente seja aposentado ou pensionista na condi\u00e7\u00e3o de propriet\u00e1rio, usufrutu\u00e1rio ou benefici\u00e1rio de carta da data com alvar\u00e1 para constru\u00e7\u00e3o, de somente um im\u00f3vel, destinado \u00e0 sua pr\u00f3pria resid\u00eancia e nele resida."}, {"id": "3819", "ano": "2023", "numero": "559", "tipo__sigla": "IND", "tipo__descricao": "Indica\u00e7\u00e3o", "autoria": "ZIEL", "texto_original": "http://sapl.jequie.ba.leg.br/media/sapl/public/materialegislativa/2023/3819/ind._559.2023ponte_ceavig.doc", "ementa": "Constru\u00e7\u00e3o de ponte ligando a Pra\u00e7a Artur Pereira no Centro \u00e0 Rua Gustavo Santos no Bairro Jequiezinho."}, {"id": "3820", "ano": "2023", "numero": "560", "tipo__sigla": "IND", "tipo__descricao": "Indica\u00e7\u00e3o", "autoria": "Sidney Magal Rodrigues de Souza (Sidney Magal)", "texto_original": "http://sapl.jequie.ba.leg.br/media/sapl/public/materialegislativa/2023/3820/ind_560.2023_pavimentacao_asfaltica_cidade_nova_corrigida.docx", "ementa": "Indicamos ao Prefeito Municipal Zenildo Brand\u00e3o Santana, adotar provid\u00eancias junto \u00e0 Secretaria de Infraestrutura para Pavimenta\u00e7\u00e3o Asf\u00e1ltica da Rua Jean Torres de Oliveira e Rua Kennedy, localizadas no bairro Cidade Nova."}, {"id": "3821", "ano": "2023", "numero": "561", "tipo__sigla": "IND", "tipo__descricao": "Indica\u00e7\u00e3o", "autoria": "Sidney Magal Rodrigues de Souza (Sidney Magal)", "texto_original": "http://sapl.jequie.ba.leg.br/media/sapl/public/materialegislativa/2023/3821/ind561.2023_instalacao_de_poste_de_energia_loteamento_novo_mundo_1_corrigida.docx", "ementa": "Indicamos ao Prefeito Municipal Zenildo Brand\u00e3o Santana, adotar provid\u00eancias junto \u00e0 Secretaria de Servi\u00e7os P\u00fablicos para a implanta\u00e7\u00e3o de postes de ilumina\u00e7\u00e3o nas seguintes art\u00e9rias: Rua A, Rua D e Rua U, no loteamento Novo Mundo."}, {"id": "3822", "ano": "2023", "numero": "562", "tipo__sigla": "IND", "tipo__descricao": "Indica\u00e7\u00e3o", "autoria": "Sidney Magal Rodrigues de Souza (Sidney Magal)", "texto_original": "http://sapl.jequie.ba.leg.br/media/sapl/public/materialegislativa/2023/3822/indicacao562.2023_instalacao_de__poste_de_energia_loteamento_agua_branca.docx", "ementa": "Indicamos ao Prefeito Municipal Zenildo Brand\u00e3o Santana, adotar provid\u00eancias junto \u00e0 Secretaria de Servi\u00e7os P\u00fablicos para a implanta\u00e7\u00e3o de postes de Ilumina\u00e7\u00e3o na Rua U do Loteamento \u00c1gua Branca."}, {"id": "3823", "ano": "2023", "numero": "563", "tipo__sigla": "IND", "tipo__descricao": "Indica\u00e7\u00e3o", "autoria": "MARCINHO", "texto_original": "http://sapl.jequie.ba.leg.br/media/sapl/public/materialegislativa/2023/3823/ind._563.2023construcao_de__um_espaco_adequado_para_pratica_do_weeling_.docx", "ementa": "Constru\u00e7\u00e3o de um espa\u00e7o adequado para pr\u00e1tica de Moto Wheeling, esporte popularmente conhecido como \u201cGrau\u2019\u2019."}, {"id": "3824", "ano": "2023", "numero": "564", "tipo__sigla": "IND", "tipo__descricao": "Indica\u00e7\u00e3o", "autoria": "MARCINHO", "texto_original": "http://sapl.jequie.ba.leg.br/media/sapl/public/materialegislativa/2023/3824/31_-_realizacao_dos_campeonatos_de_futsal_nas_quadras_poliesportivas_e_nos_bairros_de_jequie.docx.docx", "ementa": "A realiza\u00e7\u00e3o dos Campeonatos de Futsal nas Quadras Poliesportivas dos bairros de Jequi\u00e9."}, {"id": "3825", "ano": "2023", "numero": "565", "tipo__sigla": "IND", "tipo__descricao": "Indica\u00e7\u00e3o", "autoria": "MARCINHO", "texto_original": "http://sapl.jequie.ba.leg.br/media/sapl/public/materialegislativa/2023/3825/ind._565.2023-_placas_com_nomes_das_ruas_amaralina_mutirao_e_algarobas.docx", "ementa": "Instala\u00e7\u00e3o de placas de sinaliza\u00e7\u00e3o com nomes das ruas nos bairros Amaralina, Mutir\u00e3o S\u00e3o Judas Tadeu e Parque das Algarobas."}, {"id": "3826", "ano": "2023", "numero": "566", "tipo__sigla": "IND", "tipo__descricao": "Indica\u00e7\u00e3o", "autoria": "MARCINHO", "texto_original": "http://sapl.jequie.ba.leg.br/media/sapl/public/materialegislativa/2023/3826/ind._566.2023_bueiros_inteligentes.docx", "ementa": "Instala\u00e7\u00e3o de \"Bueiros Inteligentes\", na Pra\u00e7a da Bandeira (Centro), Pra\u00e7a da Rodovi\u00e1ria (Joaquim Rom\u00e3o) e Av. Landulfo Carib\u00e9 (pr\u00f3ximo a Marlene Marinho)."}, {"id": "3850", "ano": "2023", "numero": "567", "tipo__sigla": "IND", "tipo__descricao": "Indica\u00e7\u00e3o", "autoria": "Sidney Magal Rodrigues de Souza (Sidney Magal)", "texto_original": "http://sapl.jequie.ba.leg.br/media/sapl/public/materialegislativa/2023/3850/ind._567.2023_limpeza_de_todas_as_ruas_do_loteamento_novo_mundo.docx", "ementa": "Indicamos ao Prefeito Municipal Zenildo Brand\u00e3o Santana, adotar provid\u00eancias junto a Secretaria de Servi\u00e7os P\u00fablicos, solicitar em car\u00e1ter emergencial a Limpeza da Rua A do Loteamento Novo mundo."}, {"id": "3852", "ano": "2023", "numero": "568", "tipo__sigla": "IND", "tipo__descricao": "Indica\u00e7\u00e3o", "autoria": "Sidney Magal Rodrigues de Souza (Sidney Magal)", "texto_original": "http://sapl.jequie.ba.leg.br/media/sapl/public/materialegislativa/2023/3852/ind_568.2023_implementacao_do_programa_educacao_financeira_e_empreendedora_nas_escolas_municipais..docx", "ementa": "Indicamos ao Prefeito Municipal Zenildo Brand\u00e3o Santana, adotar provid\u00eancias junto \u00e0 Secretaria Municipal de Educa\u00e7\u00e3o e aos demais Setores competentes para a implementa\u00e7\u00e3o do Programa de Educa\u00e7\u00e3o Financeira e Empreendedorismo nas Escolas Municipais da regi\u00e3o."}, {"id": "3854", "ano": "2023", "numero": "569", "tipo__sigla": "IND", "tipo__descricao": "Indica\u00e7\u00e3o", "autoria": "COLORIDO", "texto_original": "http://sapl.jequie.ba.leg.br/media/sapl/public/materialegislativa/2023/3854/ind._569.2023_praca_no_assentamento_santa_cruz.docx", "ementa": "Indicamos a constru\u00e7\u00e3o de uma pra\u00e7a p\u00fablica com \u00e1rea de lazer e parque infantil no Assentamento Santa Cruz, Zona Rural de Jequi\u00e9 \u2013 Ba."}, {"id": "3855", "ano": "2023", "numero": "570", "tipo__sigla": "IND", "tipo__descricao": "Indica\u00e7\u00e3o", "autoria": "Walmiral Pacheco Marinho Neto (Walmiral)", "texto_original": "http://sapl.jequie.ba.leg.br/media/sapl/public/materialegislativa/2023/3855/ind._570.2023campo_de_futebol_do_distrito_de_florestal_1_corigida_1.doc", "ementa": "Realizar uma requalifica\u00e7\u00e3o com instala\u00e7\u00e3o de refletores, alambrados e constru\u00e7\u00e3o de um vesti\u00e1rio e de uma arquibancada no Campo de Futebol do Distrito de Florestal."}, {"id": "3856", "ano": "2023", "numero": "571", "tipo__sigla": "IND", "tipo__descricao": "Indica\u00e7\u00e3o", "autoria": "Walmiral Pacheco Marinho Neto (Walmiral)", "texto_original": "http://sapl.jequie.ba.leg.br/media/sapl/public/materialegislativa/2023/3856/ind._571.2023assentamento_na_localidade_flor_da_terra_no_povoado_de_tamarindo..doc", "ementa": "Servi\u00e7o de saneamento b\u00e1sico e pavimenta\u00e7\u00e3o ou concretagem no Assentamento Flor da Terra, no Povoado de Tamarindo."}, {"id": "3857", "ano": "2023", "numero": "572", "tipo__sigla": "IND", "tipo__descricao": "Indica\u00e7\u00e3o", "autoria": "PROFESSORA CIDA", "texto_original": "http://sapl.jequie.ba.leg.br/media/sapl/public/materialegislativa/2023/3857/ind._572.2023viaduto_1_corrigida.docx", "ementa": "Estudo t\u00e9cnico para implanta\u00e7\u00e3o de viaduto na Cidade Nova na rodovia da BR 116, em Jequi\u00e9 BA."}, {"id": "3858", "ano": "2023", "numero": "573", "tipo__sigla": "IND", "tipo__descricao": "Indica\u00e7\u00e3o", "autoria": "PROFESSORA CIDA", "texto_original": "http://sapl.jequie.ba.leg.br/media/sapl/public/materialegislativa/2023/3858/ind.573.2023_anel_viario.docx", "ementa": "COMPLEMENTA\u00c7\u00c3O DO ANEL VI\u00c1RIO  DA BR 330 X BR 116 (ALTURA DA CACHOEIRINHA), EM JEQUI\u00c9 BA."}, {"id": "3859", "ano": "2023", "numero": "574", "tipo__sigla": "IND", "tipo__descricao": "Indica\u00e7\u00e3o", "autoria": "SOLDADO GILVAN", "texto_original": "http://sapl.jequie.ba.leg.br/media/sapl/public/materialegislativa/2023/3859/indi._574.2023_ambulancia_para_itaibo_corrigida.doc", "ementa": "SOLICITA\u00c7\u00c3O DE UMA AMBUL\u00c2NCIA PARA O DISTRITO DE ITAIB\u00d3."}, {"id": "3860", "ano": "2023", "numero": "575", "tipo__sigla": "IND", "tipo__descricao": "Indica\u00e7\u00e3o", "autoria": "MOANA", "texto_original": "http://sapl.jequie.ba.leg.br/media/sapl/public/materialegislativa/2023/3860/ind._575.2023sobre_a_insercao_simbolo_do_autismo_nos_assentos_preferenciais_dos_onibus.2023.docx", "ementa": "Indicamos ao Prefeito Municipal Zenildo Brand\u00e3o, extensivo ao s.r. Edgar dos Santos Presidente da COOBMA- Jequi\u00e9 e a quem for de direito, que seja inserido o S\u00edmbolo do Transtorno do Espectro Autista (TEA) conhecido como \u201cfita quebra-cabe\u00e7a\u201d na indica\u00e7\u00e3o de assentos preferenciais do transporte coletivo p\u00fablico de nossa cidade. Segue foto do modelo em anexo."}, {"id": "3861", "ano": "2023", "numero": "576", "tipo__sigla": "IND", "tipo__descricao": "Indica\u00e7\u00e3o", "autoria": "MOANA", "texto_original": "http://sapl.jequie.ba.leg.br/media/sapl/public/materialegislativa/2023/3861/ind_576.2023_centro_municipal_de_atencao_ao_diabetes.doc", "ementa": "Indicamos ao Prefeito Municipal Zenildo Brand\u00e3o, extensivo o secret\u00e1rio de Sa\u00fade Marlon Pereira, que implante no munic\u00edpio um (CMAD) Centro Municipal de Aten\u00e7\u00e3o ao Diabetes."}, {"id": "3862", "ano": "2023", "numero": "577", "tipo__sigla": "IND", "tipo__descricao": "Indica\u00e7\u00e3o", "autoria": "GUTINHA", "texto_original": "http://sapl.jequie.ba.leg.br/media/sapl/public/materialegislativa/2023/3862/ind-577.2023_pavimentacao_asfaltica_das_ruas_ipiranga_nilo_pecanha_e_desembargador_andrade_teixeira_no_bairro_joaquim_romao..doc", "ementa": "Solicitamos a pavimenta\u00e7\u00e3o asf\u00e1ltica das Ruas Ipiranga; Nilo Pe\u00e7anha e Desembargador Andrade Teixeira, no bairro Joaquim Rom\u00e3o."}, {"id": "3863", "ano": "2023", "numero": "578", "tipo__sigla": "IND", "tipo__descricao": "Indica\u00e7\u00e3o", "autoria": "GUTINHA", "texto_original": "http://sapl.jequie.ba.leg.br/media/sapl/public/materialegislativa/2023/3863/ind-578.2023_realizacao_da_pavimentacao_asfaltica_das_ruas_santa_maria_1_de_maio_e_manoel_pinto_de_araujo_no_bairro_joaquim_romao..doc", "ementa": "Solicitamos a pavimenta\u00e7\u00e3o asf\u00e1ltica das Ruas: Santa Maria; 1\u00b0 de maio e Manoel Pinto de Ara\u00fajo, no bairro Joaquim Rom\u00e3o."}, {"id": "3864", "ano": "2023", "numero": "579", "tipo__sigla": "IND", "tipo__descricao": "Indica\u00e7\u00e3o", "autoria": "TINHO", "texto_original": "http://sapl.jequie.ba.leg.br/media/sapl/public/materialegislativa/2023/3864/ind._579.2023_-_recapeamento_da_rua_almerinda_lomanto_no_bairro_do_itaigara.docx", "ementa": "Recapeamento asf\u00e1ltico da Rua Almerinda Lomanto, no Bairro Itaigara."}, {"id": "3866", "ano": "2023", "numero": "581", "tipo__sigla": "IND", "tipo__descricao": "Indica\u00e7\u00e3o", "autoria": "MARCOS DO OVO", "texto_original": "http://sapl.jequie.ba.leg.br/media/sapl/public/materialegislativa/2023/3866/ind._581.2023ponto_de_onibus_da_igreja.docx", "ementa": "Indicamos ao Prefeito Municipal de Jequi\u00e9, Zenildo Brand\u00e3o Santana, autorizar ao Secret\u00e1rio de Servi\u00e7os P\u00fablicos Helder Souza Santos, a tomar as provid\u00eancias necess\u00e1rias para a reforma e moderniza\u00e7\u00e3o do ponto de \u00f4nibus, localizado na rua Brigadeiro S\u00e1 Bittencourt, bairro Jequiezinho."}, {"id": "3870", "ano": "2023", "numero": "582", "tipo__sigla": "IND", "tipo__descricao": "Indica\u00e7\u00e3o", "autoria": "GUTINHA", "texto_original": "http://sapl.jequie.ba.leg.br/media/sapl/public/materialegislativa/2023/3870/ind-2023_realizacao_da_pavimentacao_asfaltica_das_ruas_aiquara_capitao_silvino_de_araujo_e_itajuru_no_bairro_joaquim_romao._corrigida.doc", "ementa": "Solicitamos a pavimenta\u00e7\u00e3o asf\u00e1ltica das Ruas: Aiquara, Capit\u00e3o Silvino de Ara\u00fajo e Itajuru, no bairro Joaquim Rom\u00e3o."}, {"id": "3871", "ano": "2023", "numero": "583", "tipo__sigla": "IND", "tipo__descricao": "Indica\u00e7\u00e3o", "autoria": "MARCINHO", "texto_original": "http://sapl.jequie.ba.leg.br/media/sapl/public/materialegislativa/2023/3871/ind._583.2023construcao_de_sistema_de_drenagem_da_rua_08_a_rua_01__no_bairro_amaralina..docx", "ementa": "Constru\u00e7\u00e3o de Sistema de Drenagem entre as ruas Buriti (Rua 08) e Andiroba (Rua 01), em dire\u00e7\u00e3o a estrada de acesso \u00e0s Queimadas, no bairro da Amaralina."}, {"id": "3872", "ano": "2023", "numero": "584", "tipo__sigla": "IND", "tipo__descricao": "Indica\u00e7\u00e3o", "autoria": "Sidney Magal Rodrigues de Souza (Sidney Magal)", "texto_original": "http://sapl.jequie.ba.leg.br/media/sapl/public/materialegislativa/2023/3872/ind_584.2023_publicos_poda_ou_retirada_de_arvore..docx", "ementa": "Indicamos ao Prefeito Municipal Zenildo Brand\u00e3o Santana, adotar provid\u00eancias junto \u00e0 Secretaria Municipal de Servi\u00e7os P\u00fablicos, para Vistoria T\u00e9cnica, tendo em vista que as ra\u00edzes das \u00e1rvores est\u00e3o trazendo preju\u00edzo as resid\u00eancias, localizada na Pra\u00e7a do Inocoop."}, {"id": "3873", "ano": "2023", "numero": "585", "tipo__sigla": "IND", "tipo__descricao": "Indica\u00e7\u00e3o", "autoria": "ZIEL", "texto_original": "http://sapl.jequie.ba.leg.br/media/sapl/public/materialegislativa/2023/3873/ind._585.2023praca_vicente_grilo.doc", "ementa": "Requalifica\u00e7\u00e3o da Pra\u00e7a Vicente Grilo (conhecida como a pra\u00e7a do Posto de Sa\u00fade do Campo do Am\u00e9rica) no Bairro Campo do Am\u00e9rica."}, {"id": "3874", "ano": "2023", "numero": "586", "tipo__sigla": "IND", "tipo__descricao": "Indica\u00e7\u00e3o", "autoria": "SOLDADO GILVAN", "texto_original": "http://sapl.jequie.ba.leg.br/media/sapl/public/materialegislativa/2023/3874/ind-_586.2023construcao_de_mangueiro_publico_2023.doc", "ementa": "Indicamos ao Prefeito Zenildo Brand\u00e3o Santana, extensivo ao Secret\u00e1rio de Infraestrutura Lucindo Tom\u00e1s Vasconcelos, no sentido de adotar provid\u00eancias para viabilizar a constru\u00e7\u00e3o de um mangueiro p\u00fablico nesta cidade."}, {"id": "3895", "ano": "2023", "numero": "587", "tipo__sigla": "IND", "tipo__descricao": "Indica\u00e7\u00e3o", "autoria": "RAMON FERNANDES", "texto_original": "http://sapl.jequie.ba.leg.br/media/sapl/public/materialegislativa/2023/3895/indi_587.2023_capsia_curral_novo.docx", "ementa": "Indicamos ao Prefeito Zenildo Brand\u00e3o, extensivo ao Secretario de Sa\u00fade de Jequi\u00e9, Sr. Marlon Pereira, no sentido de implementar no Bairro Curral Novo no munic\u00edpio de Jequi\u00e9, um CAPSia (inf\u00e2ncia e adolesc\u00eancia)."}, {"id": "3896", "ano": "2023", "numero": "588", "tipo__sigla": "IND", "tipo__descricao": "Indica\u00e7\u00e3o", "autoria": "MARCOS DO OVO", "texto_original": "http://sapl.jequie.ba.leg.br/media/sapl/public/materialegislativa/2023/3896/588.2023limpeza_brinco_de_ouro_2.docx", "ementa": "Indicamos ao Prefeito Municipal de Jequi\u00e9, Zenildo Brand\u00e3o Santana, autorizar ao Secret\u00e1rio de Servi\u00e7os P\u00fablicos Helder Souza Santos, a tomar as provid\u00eancias necess\u00e1rias para a limpeza e poda das \u00e1rvores da Pra\u00e7a Brinco de Ouro, no bairro do Jequiezinho."}, {"id": "3897", "ano": "2023", "numero": "589", "tipo__sigla": "IND", "tipo__descricao": "Indica\u00e7\u00e3o", "autoria": "MARCOS DO OVO", "texto_original": "http://sapl.jequie.ba.leg.br/media/sapl/public/materialegislativa/2023/3897/589.2023sec_educacao_km03.docx", "ementa": "Indicamos ao Prefeito Municipal de Jequi\u00e9, Zenildo Brand\u00e3o Santana, autorizar a Secret\u00e1ria de Educa\u00e7\u00e3o Elvia Sampaio, tomar as provid\u00eancias necess\u00e1rias para a reforma da Escola Municipal Nossa Senhora da Luz, na rua Ulisses Coelho Lima, bairro Km 03."}, {"id": "3898", "ano": "2023", "numero": "590", "tipo__sigla": "IND", "tipo__descricao": "Indica\u00e7\u00e3o", "autoria": "GUTINHA", "texto_original": "http://sapl.jequie.ba.leg.br/media/sapl/public/materialegislativa/2023/3898/ind-590.2023_realizacao_da_pavimentacao_asfaltica_das_ruas_leur_brito_mario_lins_e_sertaneja_no_bairro_joaquim_romao..doc", "ementa": "Solicitamos a realiza\u00e7\u00e3o da pavimenta\u00e7\u00e3o asf\u00e1ltica das Ruas: Leur Brito; Mario Lins e Sertaneja, no bairro Joaquim Rom\u00e3o."}, {"id": "3899", "ano": "2023", "numero": "591", "tipo__sigla": "IND", "tipo__descricao": "Indica\u00e7\u00e3o", "autoria": "MOANA", "texto_original": "http://sapl.jequie.ba.leg.br/media/sapl/public/materialegislativa/2023/3899/ind_591.2023_lagoa_do_sunville_turistico_2023.doc", "ementa": "Indicamos ao Excelent\u00edssimo Prefeito Zenildo Brand\u00e3o, Secret\u00e1rio de Infraestrutura Lucindo Tomaz, Secret\u00e1rio do Meio Ambiente Jos\u00e9 Claudemiro e aos demais \u00f3rg\u00e3os competentes, no sentido que analise a possibilidade de realizar parceria p\u00fablica/privada, para que seja realizada obras de revitaliza\u00e7\u00e3o da lagoa do Sunville, no sentido de que a mesma se torne um ponto tur\u00edstico de nosso Munic\u00edpio."}, {"id": "3900", "ano": "2023", "numero": "592", "tipo__sigla": "IND", "tipo__descricao": "Indica\u00e7\u00e3o", "autoria": "Sidney Magal Rodrigues de Souza (Sidney Magal)", "texto_original": "http://sapl.jequie.ba.leg.br/media/sapl/public/materialegislativa/2023/3900/ind._592.2023.docx", "ementa": "Indicamos ao Prefeito Municipal Zenildo Brand\u00e3o Santana, adotar provid\u00eancias junto \u00e0 Secretaria de Infraestrutura para pavimenta\u00e7\u00e3o do   Caminho 2 (Lot. Jd. Eldorado), Vila Rodovi\u00e1ria."}, {"id": "3901", "ano": "2023", "numero": "593", "tipo__sigla": "IND", "tipo__descricao": "Indica\u00e7\u00e3o", "autoria": "San David Pereira Arag\u00e3o (San)", "texto_original": "http://sapl.jequie.ba.leg.br/media/sapl/public/materialegislativa/2023/3901/indicacao_593-2023_-_reforma_e_ampliacao_do_cemiterio_sao_sebastiao_no_curral_novo.docx", "ementa": "Indicamos ao Excelent\u00edssimo Prefeito Municipal Zenildo Brand\u00e3o (Z\u00e9 Coc\u00e1) extensivo ao secret\u00e1rio municipal servi\u00e7os p\u00fablicos, Sr. Helder Souza Santos, no sentido de viabilizar obra de execu\u00e7\u00e3o de reforma e amplia\u00e7\u00e3o do Cemit\u00e9rio S\u00e3o Sebasti\u00e3o, bem como reforma do Velatorio Municipal anexo ao mesmo no bairro Curral Novo."}, {"id": "3902", "ano": "2023", "numero": "594", "tipo__sigla": "IND", "tipo__descricao": "Indica\u00e7\u00e3o", "autoria": "San David Pereira Arag\u00e3o (San)", "texto_original": "http://sapl.jequie.ba.leg.br/media/sapl/public/materialegislativa/2023/3902/indicacao_594-2023_-_regionalizacao_do_inema_unidade_de_jequie.docx", "ementa": "Indicamos ao Excelent\u00edssimo Governador da Bahia Jer\u00f4nimo Rodrigues extensivo ao Deputado Estadual Hassan Iossef, ao secret\u00e1rio de Meio Ambiente da Bahia, Sr. Eduardo Mendon\u00e7a Sodr\u00e9 Martins, e a Diretora Geral do INEMA Sr.\u00aa M\u00e1rcia Cristina Telles de Ara\u00fajo Lima no sentido de viabilizar retorno da autonomia e regionaliza\u00e7\u00e3o do INEMA em Jequi\u00e9"}, {"id": "3903", "ano": "2023", "numero": "595", "tipo__sigla": "IND", "tipo__descricao": "Indica\u00e7\u00e3o", "autoria": "San David Pereira Arag\u00e3o (San)", "texto_original": "http://sapl.jequie.ba.leg.br/media/sapl/public/materialegislativa/2023/3903/indicacao_595.2023_-_construcao_de_nova_ponte_sobre_o_rio_jequiezinho_ligando_o_sao_judas_tadeu_ao_centro_atraves_da_rua_antonio_orrico.docx", "ementa": "Indicamos ao Excelent\u00edssimo Prefeito Zenildo Brand\u00e3o Santana (Z\u00e9 Coc\u00e1), extensivo ao secret\u00e1rio municipal de infraestrutura, Sr. Lucindo Tomaz Vasconcelos Menezes e aos Deputados Hassan Iossef \u2013 Estadual e Charles Fernandes - Federal no sentido de viabilizar recursos ou emendas parlamentares, elabora\u00e7\u00e3o de projeto e constru\u00e7\u00e3o de nova ponte sobre o Rio Jequiezinho, mais ampla, mais larga e com mais seguran\u00e7a para os transeuntes e os ve\u00edculos ligando o bairro S\u00e3o Judas Tadeu ao Centro atrav\u00e9s da Rua Antonio Orrico."}, {"id": "3904", "ano": "2023", "numero": "596", "tipo__sigla": "IND", "tipo__descricao": "Indica\u00e7\u00e3o", "autoria": "San David Pereira Arag\u00e3o (San)", "texto_original": "http://sapl.jequie.ba.leg.br/media/sapl/public/materialegislativa/2023/3904/indicacao_596.2023_-_realizacao_de_ppps_para_realizar_cirurgias_eletivas_no_municipio_de_jequie.docx", "ementa": "Indicamos ao Excelent\u00edssimo Prefeito Zenildo Brand\u00e3o Santana (Z\u00e9 Coc\u00e1), extensivo ao secret\u00e1rio municipal de Sa\u00fade, Marlon Pereira dos Santos, bem como aos Deputados Hassan Iossef \u2013 Estadual e Charles Fernandes \u2013 Federal no sentido de viabilizar recursos ou emendas parlamentares para elabora\u00e7\u00e3o de PPPs (Parcerias P\u00fablico Privada) buscando diminuir filas por espera de cirurgias eletivas no munic\u00edpio de Jequi\u00e9, em contra partida o munic\u00edpio poder\u00e1 oferecer garantias e a compensa\u00e7\u00e3o de d\u00e9bitos tribut\u00e1rios de institui\u00e7\u00f5es de sa\u00fade, cl\u00ednicas e hospitais privados da cidade por meio da presta\u00e7\u00e3o destes servi\u00e7os a popula\u00e7\u00e3o, desde o primeiro atendimento, acolhimento e triagem, exames pr\u00e9-operat\u00f3rios e a realiza\u00e7\u00e3o das cirurgias."}, {"id": "3905", "ano": "2023", "numero": "597", "tipo__sigla": "IND", "tipo__descricao": "Indica\u00e7\u00e3o", "autoria": "GUTINHA", "texto_original": "http://sapl.jequie.ba.leg.br/media/sapl/public/materialegislativa/2023/3905/ind-597.2023_pavimentacao_asfaltica_rua_travessa_arismar_neto_no_sao_judas.doc", "ementa": "Solicitamos a realiza\u00e7\u00e3o da pavimenta\u00e7\u00e3o asf\u00e1ltica da Travessa Arismar Neto, no bairro S\u00e3o Judas Tadeu."}, {"id": "3906", "ano": "2023", "numero": "598", "tipo__sigla": "IND", "tipo__descricao": "Indica\u00e7\u00e3o", "autoria": "Sidney Magal Rodrigues de Souza (Sidney Magal)", "texto_original": "http://sapl.jequie.ba.leg.br/media/sapl/public/materialegislativa/2023/3906/indicacao_598.2023_de_radares_eletronicos_em_toda_extensao_da_avenida_jose_moreira_sobrinho.docx", "ementa": "Indicamos ao Prefeito Municipal Zenildo Brand\u00e3o Santana, adotar provid\u00eancias junto ao Setor Competente que estude a Viabilidade de instala\u00e7\u00e3o de Radares Eletr\u00f4nicos para inibir a velocidade e educar os motoristas e assim, como consequ\u00eancia diminuir os acidentes e melhorar o tr\u00e2nsito de pedestres e ve\u00edculos\u201d na Avenida Jos\u00e9 Moreira Sobrinho, Bairro Jequiezinho em decorr\u00eancia dos constantes acidentes neste local."}, {"id": "3907", "ano": "2023", "numero": "599", "tipo__sigla": "IND", "tipo__descricao": "Indica\u00e7\u00e3o", "autoria": "PROFESSORA CIDA", "texto_original": "http://sapl.jequie.ba.leg.br/media/sapl/public/materialegislativa/2023/3907/ind._599.2023concurso_publico.docx", "ementa": "Indicamos ao Excelent\u00edssimo Senhor Prefeito Municipal, Zenildo Brand\u00e3o Santana, a Exma. Sra. Secretaria Municipal de Educa\u00e7\u00e3o, Elvia Sampaio, medidas cab\u00edveis e necess\u00e1rias para a realiza\u00e7\u00e3o de Concurso P\u00fablico, para Professores da Carreira do Magist\u00e9rio, para suprir as Unidades Escolares Municipais da Zona Urbana, Zona Rural, Distritos e Povoados de Jequi\u00e9."}, {"id": "3908", "ano": "2023", "numero": "600", "tipo__sigla": "IND", "tipo__descricao": "Indica\u00e7\u00e3o", "autoria": "MOANA", "texto_original": "http://sapl.jequie.ba.leg.br/media/sapl/public/materialegislativa/2023/3908/indicacao_600.2023_rotatoria_moradas_do_vale.doc", "ementa": "Indicamos ao Prefeito Municipal Zenildo Brand\u00e3o Santana (Z\u00e9 Coca), adotar provid\u00eancias junto a Sra. Karla Carine Rodrigues Geanbastiane, Superintendente de tr\u00e2nsito de Jequi\u00e9, e ao secret\u00e1rio de infraestrutura para a Constru\u00e7\u00e3o de uma Rotat\u00f3ria no acesso ao condom\u00ednio Moradas do Vale, pr\u00f3ximo ao poliduto de Jequi\u00e9."}, {"id": "3909", "ano": "2023", "numero": "601", "tipo__sigla": "IND", "tipo__descricao": "Indica\u00e7\u00e3o", "autoria": "MOANA", "texto_original": "http://sapl.jequie.ba.leg.br/media/sapl/public/materialegislativa/2023/3909/indicacao_601.2023endometriose_2023.doc", "ementa": "Indicamos ao Prefeito Municipal Zenildo Brand\u00e3o, extensivo ao secret\u00e1rio de Sa\u00fade Marlon Pereira, a instala\u00e7\u00e3o de um centro de Refer\u00eancia de Tratamento da Endometriose, onde seja poss\u00edvel os exames diagn\u00f3sticos e tratamento adequado, em nosso munic\u00edpio."}, {"id": "3910", "ano": "2023", "numero": "602", "tipo__sigla": "IND", "tipo__descricao": "Indica\u00e7\u00e3o", "autoria": "Joaquim Caires Rocha (Joaquim Caires)", "texto_original": "http://sapl.jequie.ba.leg.br/media/sapl/public/materialegislativa/2023/3910/ind.602.2023_posto_de_saude_agua_vermelha.doc", "ementa": "Indicamos ao Prefeito Municipal Zenildo Brand\u00e3o, extensivo aos Secret\u00e1rios de Infraestrutura e Sa\u00fade, solicitando transformar o im\u00f3vel onde funcionava a Escola Maria Natividade que foi desativada, em um posto de sa\u00fade no Povoado de \u00c1gua Vermelha."}, {"id": "3911", "ano": "2023", "numero": "603", "tipo__sigla": "IND", "tipo__descricao": "Indica\u00e7\u00e3o", "autoria": "Joaquim Caires Rocha (Joaquim Caires)", "texto_original": "http://sapl.jequie.ba.leg.br/media/sapl/public/materialegislativa/2023/3911/ind_603.2023_-_feira_cidada_em_campo_largo.doc", "ementa": "Indicamos ao Prefeito Municipal Zenildo Brand\u00e3o, extensivo a Secret\u00e1ria do desenvolvimento social Patr\u00edcia Miranda, ao secret\u00e1rio de sa\u00fade Marlon, solicitando a realiza\u00e7\u00e3o de uma feira Cidad\u00e3 no distrito de Campo Largo."}, {"id": "3912", "ano": "2023", "numero": "604", "tipo__sigla": "IND", "tipo__descricao": "Indica\u00e7\u00e3o", "autoria": "Joaquim Caires Rocha (Joaquim Caires)", "texto_original": "http://sapl.jequie.ba.leg.br/media/sapl/public/materialegislativa/2023/3912/ind_604.2023_-_colocacao_de_redutor_de_velocidade_na_entrada_de_agua_vermelha.doc", "ementa": "Instala\u00e7\u00e3o de um redutor de velocidade no Povoado de \u00c1gua Vermelha."}, {"id": "3913", "ano": "2023", "numero": "605", "tipo__sigla": "IND", "tipo__descricao": "Indica\u00e7\u00e3o", "autoria": "ZIEL", "texto_original": "http://sapl.jequie.ba.leg.br/media/sapl/public/materialegislativa/2023/3913/ind._605.2023tv_jose_alfredo_guimaraes.doc", "ementa": "Execu\u00e7\u00e3o de pavimenta\u00e7\u00e3o em concreto na Travessa Dr. Jos\u00e9 Alfredo Guimar\u00e3es no Bairro Campo do Am\u00e9rica."}, {"id": "3914", "ano": "2023", "numero": "606", "tipo__sigla": "IND", "tipo__descricao": "Indica\u00e7\u00e3o", "autoria": "MOANA", "texto_original": "http://sapl.jequie.ba.leg.br/media/sapl/public/materialegislativa/2023/3914/indicacao_606.2023_limpeza_dos_residencial_mandacaru_i_e_ii.doc", "ementa": "Indicamos ao Prefeito Municipal Zenildo Brand\u00e3o, extensivo a Secretaria de Servi\u00e7os P\u00fablicos Helder Souza Santos, a limpeza geral do Residencial Mandacaru I e II, bairro do Mandacaru."}, {"id": "3915", "ano": "2023", "numero": "607", "tipo__sigla": "IND", "tipo__descricao": "Indica\u00e7\u00e3o", "autoria": "BUI BULH\u00d5ES", "texto_original": "http://sapl.jequie.ba.leg.br/media/sapl/public/materialegislativa/2023/3915/ind.607.2023recapeamento_rua_b_parque_das_algarobas.doc", "ementa": "Indicamos ao Prefeito Municipal Sr. Zenildo Brand\u00e3o, para que autorize o Secret\u00e1rio de Infraestrutura, para que seja feito o recapeamento asf\u00e1ltico da Rua B, localizada no Parque das Algarobas."}, {"id": "3916", "ano": "2023", "numero": "608", "tipo__sigla": "IND", "tipo__descricao": "Indica\u00e7\u00e3o", "autoria": "Walmiral Pacheco Marinho Neto (Walmiral)", "texto_original": "http://sapl.jequie.ba.leg.br/media/sapl/public/materialegislativa/2023/3916/ind._608.2023pavimentacao_na_baixa_do_bomfim.doc", "ementa": "Indicamos ao Prefeito Municipal, Zenildo Brand\u00e3o Santana, extensivo ao Secret\u00e1rio de Infraestrutura, Lucindo Tomaz Vasconcelos Menezes, a pavimenta\u00e7\u00e3o asf\u00e1ltica da estrada Salvador Paulo Garc\u00eda, junto com a via que liga a 6\u00aaTravessa Senhor do Bonfim, pr\u00f3ximo ao Col\u00e9gio Doryval Borges."}, {"id": "3917", "ano": "2023", "numero": "609", "tipo__sigla": "IND", "tipo__descricao": "Indica\u00e7\u00e3o", "autoria": "Walmiral Pacheco Marinho Neto (Walmiral)", "texto_original": "http://sapl.jequie.ba.leg.br/media/sapl/public/materialegislativa/2023/3917/ind._609.2023posto_policial.docx", "ementa": "Indicamos ao Prefeito Municipal, Zenildo Brand\u00e3o Santana, adotar provid\u00eancias junto aos \u00f3rg\u00e3os competentes, para a reabertura do Posto da Pol\u00edcia Militar no Distrito de Florestal e a disponibilidade de patrulha, principalmente aos finais de semana."}, {"id": "3918", "ano": "2023", "numero": "610", "tipo__sigla": "IND", "tipo__descricao": "Indica\u00e7\u00e3o", "autoria": "Walmiral Pacheco Marinho Neto (Walmiral)", "texto_original": "http://sapl.jequie.ba.leg.br/media/sapl/public/materialegislativa/2023/3918/ind_610.2023campo_de_fotebol_rio_do_antonio.docx", "ementa": "Indicamos ao Excelent\u00edssimo Prefeito , Zenildo Brand\u00e3o Santana, e ao Secret\u00e1rio de Esporte e Lazer, Matheus Roberto Oliveira, e ao Secret\u00e1rio de Infraestrutura, Lucindo Menezes, a requalifica\u00e7\u00e3o nos Campo de Futebol e a constru\u00e7\u00e3o de um vesti\u00e1rio no campo principal com instala\u00e7\u00e3o de refletores no Povoado Rio do Ant\u00f4nio."}, {"id": "3919", "ano": "2023", "numero": "611", "tipo__sigla": "IND", "tipo__descricao": "Indica\u00e7\u00e3o", "autoria": "Walmiral Pacheco Marinho Neto (Walmiral)", "texto_original": "http://sapl.jequie.ba.leg.br/media/sapl/public/materialegislativa/2023/3919/ind._611.2023buqueirao_de_itajuru.docx", "ementa": "Indicamos ao Prefeito Municipal, Zenildo Brand\u00e3o Santana, extensivo ao Secret\u00e1rio de Infraestrutura, Lucindo Tomaz de Vasconcelos Menezes, a realiza\u00e7\u00e3o de patrolamento e encascalhamento do Povoado do Boqueir\u00e3o de Itajuru, e que possa conseguir um pouco de material mais conhecido como expurgo."}, {"id": "3920", "ano": "2023", "numero": "612", "tipo__sigla": "IND", "tipo__descricao": "Indica\u00e7\u00e3o", "autoria": "PROFESSORA CIDA", "texto_original": "http://sapl.jequie.ba.leg.br/media/sapl/public/materialegislativa/2023/3920/ind.612.2023_praca_da_rua_ituacu.docx", "ementa": "Constru\u00e7\u00e3o de uma pra\u00e7a dotando-a de parque infantil e academia ao ar livre na Rua Itua\u00e7u (antiga Rua do Sal), no Bairro do Jequiezinho."}, {"id": "3921", "ano": "2023", "numero": "613", "tipo__sigla": "IND", "tipo__descricao": "Indica\u00e7\u00e3o", "autoria": "MARCOS DO OVO", "texto_original": "http://sapl.jequie.ba.leg.br/media/sapl/public/materialegislativa/2023/3921/ind._613.2023servicos_publicos_lixeiras.docx", "ementa": "Indicamos ao Prefeito Municipal, Zenildo Brand\u00e3o Santana, autorizar ao Secret\u00e1rio de Servi\u00e7os P\u00fablicos, Helder Souza Santos, tomar as provid\u00eancias necess\u00e1rias para implementa\u00e7\u00e3o de uma quantidade maior de lixeiras pelo centro da cidade."}, {"id": "3922", "ano": "2023", "numero": "614", "tipo__sigla": "IND", "tipo__descricao": "Indica\u00e7\u00e3o", "autoria": "MARCOS DO OVO", "texto_original": "http://sapl.jequie.ba.leg.br/media/sapl/public/materialegislativa/2023/3922/ind._614.2023infraestrutura_video_monitoramento.docx", "ementa": "Indicamos ao Prefeito Municipal de Jequi\u00e9, Zenildo Brand\u00e3o Santana, autorizar ao Secret\u00e1rio de Infraestrutura Lucindo Menezes, tomar as provid\u00eancias necess\u00e1rias para a implanta\u00e7\u00e3o de uma c\u00e2mera de monitoramento ao longo da Av. Vav\u00e1 Lomanto, bairro Jequiezinho."}, {"id": "3924", "ano": "2023", "numero": "615", "tipo__sigla": "IND", "tipo__descricao": "Indica\u00e7\u00e3o", "autoria": "Joaquim Caires Rocha (Joaquim Caires)", "texto_original": "http://sapl.jequie.ba.leg.br/media/sapl/public/materialegislativa/2023/3924/ind.615.2023_de_cobertura_de_canal_na_pedreira.doc", "ementa": "Indicamos ao Prefeito Zenildo Brand\u00e3o Santana, extensivo ao Secret\u00e1rio Municipal de Infraestrutura, Lucindo Menezes, solicitando conserto da cobertura do canal de \u00e1guas pluviais das ruas: \u00c1lvaro Souto, Jo\u00e3o Nepomuceno e Pedro Teles, todas na localidade da Pedreira."}, {"id": "3940", "ano": "2023", "numero": "617", "tipo__sigla": "IND", "tipo__descricao": "Indica\u00e7\u00e3o", "autoria": "MARCOS DO OVO", "texto_original": "http://sapl.jequie.ba.leg.br/media/sapl/public/materialegislativa/2023/3940/ind._617.2023redutor_de_velocidade_infraes_mandacaru.docx", "ementa": "Indicamos ao Prefeito Municipal de Jequi\u00e9, Zenildo Brand\u00e3o Santana, autorizar ao Secret\u00e1rio de Infraestrutura Lucindo Menezes, tomar as provid\u00eancias necess\u00e1rias para a implementa\u00e7\u00e3o de redutores de velocidade ao longo da Av. Ot\u00e1vio Mangabeira, bairro Jequiezinho."}, {"id": "3941", "ano": "2023", "numero": "618", "tipo__sigla": "IND", "tipo__descricao": "Indica\u00e7\u00e3o", "autoria": "MARCOS DO OVO", "texto_original": "http://sapl.jequie.ba.leg.br/media/sapl/public/materialegislativa/2023/3941/ind._618.2023redutor_de_velocidade_infraes_viveiro.docx", "ementa": "Indicamos ao Prefeito Municipal de Jequi\u00e9, Zenildo Brand\u00e3o Santana, autorizar ao Secret\u00e1rio de Servi\u00e7os P\u00fablicos Helder Souza Santos e a superintendente de tr\u00e2nsito Karla Geanbastiane, a tomar as provid\u00eancias necess\u00e1rias para a implementa\u00e7\u00e3o de redutores de velocidade ao longo da Av. Adolfo Ribeiro, nas imedia\u00e7\u00f5es do Am\u00e9rica Burguer, pr\u00f3ximo ao Viveiro."}, {"id": "3943", "ano": "2023", "numero": "619", "tipo__sigla": "IND", "tipo__descricao": "Indica\u00e7\u00e3o", "autoria": "GUTINHA", "texto_original": "http://sapl.jequie.ba.leg.br/media/sapl/public/materialegislativa/2023/3943/ind-2023_pavimentacao_asfaltica_das_ruas_antonio_raimundo_cafezeiro_corrigida_3.doc", "ementa": "Indicamos ao Prefeito Municipal Zenildo Brand\u00e3o, extensivo ao Secret\u00e1rio de Infraestrutura Lucindo Tomaz Vasconcelos, no sentido de adotar provid\u00eancias necess\u00e1rias para realizar pavimenta\u00e7\u00e3o asf\u00e1ltica das Ruas Ant\u00f4nio Raimundo Cafezeiro e Projetada 86, localizadas no Loteamento Vila Aeroporto."}, {"id": "3963", "ano": "2023", "numero": "620", "tipo__sigla": "IND", "tipo__descricao": "Indica\u00e7\u00e3o", "autoria": "GUTINHA", "texto_original": "http://sapl.jequie.ba.leg.br/media/sapl/public/materialegislativa/2023/3963/ind_-620._2023__construcao_de_um_canteiro_na_rua_siqueira_campos.doc", "ementa": "Indicamos ao Prefeito Municipal, Zenildo Brand\u00e3o Santana, extensivo ao Secret\u00e1rio de Servi\u00e7os P\u00fablicos Sr. Helder Souza Santos, a constru\u00e7\u00e3o de um canteiro central entre a rua Siqueira Campos e o Largo do Cedil, bairro Joaquim Rom\u00e3o."}, {"id": "3945", "ano": "2023", "numero": "621", "tipo__sigla": "IND", "tipo__descricao": "Indica\u00e7\u00e3o", "autoria": "ZIEL", "texto_original": "http://sapl.jequie.ba.leg.br/media/sapl/public/materialegislativa/2023/3945/ind._621.2023ademia_pc_irma_dulce.doc", "ementa": "Indicamos ao Prefeito Municipal, Zenildo Brand\u00e3o, extensivo ao Secret\u00e1rio de Esporte e Lazer, Matheus Roberto Oliveira Macedo, a instala\u00e7\u00e3o de academia ao ar livre na Pra\u00e7a Irm\u00e3 Dulce, localizada na Avenida Tote Lomanto."}, {"id": "3949", "ano": "2023", "numero": "622", "tipo__sigla": "IND", "tipo__descricao": "Indica\u00e7\u00e3o", "autoria": "PROFESSORA CIDA", "texto_original": "http://sapl.jequie.ba.leg.br/media/sapl/public/materialegislativa/2023/3949/ind._622.2023_praca_rua_rio_grande_do_sul.docx", "ementa": "Indicamos ao Exmo. Sr. Prefeito Municipal Zenildo Brand\u00e3o Santana, extensivo ao Secret\u00e1rio Municipal de Infraestrutura Sr Lucindo Tomaz Vasconcelos Menezes, e ao Secret\u00e1rio de Esporte e Lazer Matheus Roberto Oliveira Macedo, adotarem as medidas cab\u00edveis e necess\u00e1rias para revitalizar uma pra\u00e7a situada na Rua Rio Grande do Sul, pr\u00f3ximo a Kitanda, localizada no Bom Sossego, bairro Jequiezinho, dotando-a de ilumina\u00e7\u00e3o p\u00fablica adequada."}, {"id": "3950", "ano": "2023", "numero": "623", "tipo__sigla": "IND", "tipo__descricao": "Indica\u00e7\u00e3o", "autoria": "SOLDADO GILVAN", "texto_original": "http://sapl.jequie.ba.leg.br/media/sapl/public/materialegislativa/2023/3950/ind._623.2023_pavimentacao_asfaltica_jardim_paqueta_prof.faraildes2023.doc", "ementa": "Indicamos ao Prefeito Municipal Zenildo Brand\u00e3o, extensivo ao Secret\u00e1rio de Infraestrutura Lucindo Tomaz Vasconcelos, no sentido de adotar provid\u00eancias para que seja realizada a pavimenta\u00e7\u00e3o em asfalto das Ruas C e E, Loteamento Jardim Paquet\u00e1, Bairro S\u00e3o Judas Tadeu."}, {"id": "3951", "ano": "2023", "numero": "624", "tipo__sigla": "IND", "tipo__descricao": "Indica\u00e7\u00e3o", "autoria": "PROFESSORA CIDA", "texto_original": "http://sapl.jequie.ba.leg.br/media/sapl/public/materialegislativa/2023/3951/ind._624.2023praca_da_crianca.docx", "ementa": "Indicamos Exmo. Sr. Governador do Estado da Bahia, Jer\u00f4nimo Rodrigues Souza; Exmo. Sr. Deputado Federal Jorge Sola; Exmo. Sr. Deputado Estadual, Euclides Fernandes; Exmo. Sr. Prefeito Municipal, Zenildo Brand\u00e3o Santana, extensivo ao Secret\u00e1rio Municipal de Infraestrutura, Sr. Lucindo Tomaz Vasconcelos Menezes, viabilizar estudo para construir uma PRA\u00c7A PARA CRIAN\u00c7AS no Munic\u00edpio de Jequi\u00e9."}, {"id": "3953", "ano": "2023", "numero": "625", "tipo__sigla": "IND", "tipo__descricao": "Indica\u00e7\u00e3o", "autoria": "DUDA SIM\u00d5ES", "texto_original": "http://sapl.jequie.ba.leg.br/media/sapl/public/materialegislativa/2023/3953/ind._625.2023construcao_de_uma_creche_na_cacoeirinha_2_corrigida.doc", "ementa": "Indicamos ao Prefeito Municipal de Jequi\u00e9, Zenildo Brand\u00e3o Santana; extensivo \u00e0 Secret\u00e1ria de Educa\u00e7\u00e3o Elvia Sampaio e Sampaio, no sentido de enviarem esfor\u00e7os para a Constru\u00e7\u00e3o de uma Creche no bairro da Cachoeirinha."}, {"id": "3955", "ano": "2023", "numero": "626", "tipo__sigla": "IND", "tipo__descricao": "Indica\u00e7\u00e3o", "autoria": "SOLDADO GILVAN", "texto_original": "http://sapl.jequie.ba.leg.br/media/sapl/public/materialegislativa/2023/3955/ind_626.2023_iluminacao_e_limpeza_para_o_residencial_cachoeirinha.doc", "ementa": "Indicamos ao Prefeito Zenildo Brand\u00e3o, extensivo ao Secret\u00e1rio de Servi\u00e7os P\u00fablicos Sr. Helder Souza Santos, no sentido de adotar provid\u00eancias para realizar ilumina\u00e7\u00e3o e limpeza em geral no Residencial da Cachoeirinha I, II e III."}, {"id": "3956", "ano": "2023", "numero": "627", "tipo__sigla": "IND", "tipo__descricao": "Indica\u00e7\u00e3o", "autoria": "SOLDADO GILVAN", "texto_original": "http://sapl.jequie.ba.leg.br/media/sapl/public/materialegislativa/2023/3956/ind_627.2023_de_parque_infantil_da_praca_do_segredo.doc", "ementa": "Indicamos ao Prefeito Municipal, Zenildo Brand\u00e3o Santana, extensivo ao Secret\u00e1rio de Infraestrutura, Sr. Lucindo Tom\u00e1s Vasconcelos Menezes, instala\u00e7\u00e3o de parque infantil na pra\u00e7a do Residencial Segredo (Curral Novo)."}, {"id": "3957", "ano": "2023", "numero": "628", "tipo__sigla": "IND", "tipo__descricao": "Indica\u00e7\u00e3o", "autoria": "PROFESSORA CIDA", "texto_original": "http://sapl.jequie.ba.leg.br/media/sapl/public/materialegislativa/2023/3957/ind_cidade_de_brasilia_corrigida.docx", "ementa": "Indicamos Excelent\u00edssimo Senhor Prefeito Municipal, Zenildo Brand\u00e3o Santana, extensivo ao Secret\u00e1rio Municipal de Infraestrutura, Sr. Lucindo Tomaz Vasconcelos Menezes, medidas cab\u00edveis e necess\u00e1rias para pavimenta\u00e7\u00e3o asf\u00e1ltica da Rua Cidade de Bras\u00edlia, localizada no Brasil Novo."}, {"id": "3959", "ano": "2023", "numero": "629", "tipo__sigla": "IND", "tipo__descricao": "Indica\u00e7\u00e3o", "autoria": "PROFESSORA CIDA", "texto_original": "http://sapl.jequie.ba.leg.br/media/sapl/public/materialegislativa/2023/3959/ind_629.2023_vila_rica.docx", "ementa": "Indicamos ao Prefeito Municipal Zenildo Brand\u00e3o Santana, extensivo ao Secret\u00e1rio de Infraestrutura Luncindo Tomaz Vasconcelos Menezes, no sentido de adotar provid\u00eancias para que sejam pavimentadas as Ruas A, B e C no Loteamento Vila Rica(em frente ao CAIC), Bairro Jequiezinho."}, {"id": "3960", "ano": "2023", "numero": "630", "tipo__sigla": "IND", "tipo__descricao": "Indica\u00e7\u00e3o", "autoria": "Joaquim Caires Rocha (Joaquim Caires)", "texto_original": "http://sapl.jequie.ba.leg.br/media/sapl/public/materialegislativa/2023/3960/feira_de_saude_no_parque_do_sol_e_eldorado_corrigida.doc", "ementa": "Indicamos ao Prefeito Municipal, Zenildo Brand\u00e3o, extensivo ao Secret\u00e1rio de sa\u00fade Marlon Pereira, e a Secret\u00e1ria de desenvolvimento social, Patr\u00edcia Miranda, solicitando a realiza\u00e7\u00e3o de uma feira macro de sa\u00fade, \u201cdenominada de sa\u00fade na comunidade\u201d, na localidade do Parque do Sol e Eldorado."}, {"id": "3961", "ano": "2023", "numero": "631", "tipo__sigla": "IND", "tipo__descricao": "Indica\u00e7\u00e3o", "autoria": "Joaquim Caires Rocha (Joaquim Caires)", "texto_original": "http://sapl.jequie.ba.leg.br/media/sapl/public/materialegislativa/2023/3961/ind.631.2023ampliacao_do_horario_de_atendimento_no_setor_de_.doc", "ementa": "Indicamos ao Prefeito Municipal Zenildo Brand\u00e3o, extensivo ao Excelent\u00edssimo Governador Rui Costa e ao Deputado Estadual Euclides Fernandes e a gerencia regional de atendimentos dos correios, adotar provid\u00eancias para que amplie o hor\u00e1rio de atendimento do setor de encomendas na cidade de Jequi\u00e9."}, {"id": "3962", "ano": "2023", "numero": "632", "tipo__sigla": "IND", "tipo__descricao": "Indica\u00e7\u00e3o", "autoria": "Joaquim Caires Rocha (Joaquim Caires)", "texto_original": "http://sapl.jequie.ba.leg.br/media/sapl/public/materialegislativa/2023/3962/ind._632.2023passarela_de_acesso_da_fabrica_total_flex_para_o_cafe_mascote_localizado_no_bairro_km_3_corrigida.doc", "ementa": "Indicamos ao Prefeito Sr. Zenildo Brand\u00e3o Santana, extensivo ao secret\u00e1rio de infraestrutura Lucindo Menezes e a secretaria de infraestrutura da Bahia, solicitando a cria\u00e7\u00e3o de uma Passarela de acesso da f\u00e1brica Total Flex para o caf\u00e9 mascote, localizado no bairro KM 3."}, {"id": "3964", "ano": "2023", "numero": "633", "tipo__sigla": "IND", "tipo__descricao": "Indica\u00e7\u00e3o", "autoria": "GUTINHA", "texto_original": "http://sapl.jequie.ba.leg.br/media/sapl/public/materialegislativa/2023/3964/ind-633.2023_pavimentacao_asfaltica_da_rua_oscar_sa_no_bairro_joaquim_romao..doc", "ementa": "Indicamos ao Prefeito Municipal Zenildo Brand\u00e3o, extensivo ao Secret\u00e1rio de Infraestrutura Luncindo Tomaz Vasconcelos, no sentido de adotar provid\u00eancias para a realiza\u00e7\u00e3o da pavimenta\u00e7\u00e3o asf\u00e1ltica na rua Oscar S\u00e1, no bairro Joaquim Rom\u00e3o."}, {"id": "3965", "ano": "2023", "numero": "634", "tipo__sigla": "IND", "tipo__descricao": "Indica\u00e7\u00e3o", "autoria": "GUTINHA", "texto_original": "http://sapl.jequie.ba.leg.br/media/sapl/public/materialegislativa/2023/3965/ind_634.2023-_2023__construcao_de_um_campo_society_na_escola_firmo_nunes_corrigida.doc", "ementa": "Indicamos ao Prefeito Municipal Zenildo Brand\u00e3o Santana, extensivo a Secret\u00e1ria de Educa\u00e7\u00e3o Elvia Sampaio de Sampaio, a constru\u00e7\u00e3o de um campo Society de grama sint\u00e9tica no Col\u00e9gio Estadual Professor Firmo Nunes de Oliveira, no Joaquim Rom\u00e3o."}, {"id": "3967", "ano": "2023", "numero": "635", "tipo__sigla": "IND", "tipo__descricao": "Indica\u00e7\u00e3o", "autoria": "ZIEL", "texto_original": "http://sapl.jequie.ba.leg.br/media/sapl/public/materialegislativa/2023/3967/ind._635.2023ciclovias_calcada_mandaca_km_04.doc", "ementa": "Instala\u00e7\u00e3o de ciclovia e cal\u00e7ada exclusiva para o tr\u00e1fego de pedestres entre ao bairros Mandacaru e Km 4 passando pelas avenidas Ot\u00e1vio Mangabeira e Ulisses Coelho."}, {"id": "3968", "ano": "2023", "numero": "636", "tipo__sigla": "IND", "tipo__descricao": "Indica\u00e7\u00e3o", "autoria": "ZIEL", "texto_original": "http://sapl.jequie.ba.leg.br/media/sapl/public/materialegislativa/2023/3968/ind._636.2023central_de_cursos_pedreiro_eletricista_e_domestica.doc", "ementa": "Indicamos ao Prefeito Municipal Zenildo Brand\u00e3o, extensivo \u00e0 Secret\u00e1ria de Desenvolvimento Social Patr\u00edcia Miranda Brand\u00e3o Santana, a amplia\u00e7\u00e3o dos cursos oferecidos pela Central de Cursos do munic\u00edpio para \u00e1reas voltadas a presta\u00e7\u00f5es de servi\u00e7o como pedreiros, eletricistas, empregado dom\u00e9stico e cuidador de idosos."}, {"id": "3969", "ano": "2023", "numero": "637", "tipo__sigla": "IND", "tipo__descricao": "Indica\u00e7\u00e3o", "autoria": "COLORIDO", "texto_original": "http://sapl.jequie.ba.leg.br/media/sapl/public/materialegislativa/2023/3969/ind._637.2023construcao_de_uma_praca_no_assentamento_sao_judas_tadeu.docx", "ementa": "Indicamos a constru\u00e7\u00e3o de uma pra\u00e7a p\u00fablica com \u00e1rea de lazer e parque infantil no Assentamento S\u00e3o Judas Tadeu, Zona Rural de Jequi\u00e9 \u2013 Ba."}, {"id": "3970", "ano": "2023", "numero": "638", "tipo__sigla": "IND", "tipo__descricao": "Indica\u00e7\u00e3o", "autoria": "Sidney Magal Rodrigues de Souza (Sidney Magal)", "texto_original": "http://sapl.jequie.ba.leg.br/media/sapl/public/materialegislativa/2023/3970/indicacao_638.2023_pavimentacao_e_revitalizacao_urbis_1_casas_populares.docx", "ementa": "Indicamos ao Prefeito Municipal Zenildo Brand\u00e3o Santana, adotar provid\u00eancias junto \u00e0 Secretaria de Infraestrutura para Pavimenta\u00e7\u00e3o Asf\u00e1ltica e Revitaliza\u00e7\u00e3o das Ruas \u201cM\u201d, \u201cCaminho N\u201d e \u201cCaminho O\u201d, localizadas no bairro Jequiezinho, localiza\u00e7\u00e3o pr\u00f3xima a Universidade UESB."}, {"id": "3971", "ano": "2023", "numero": "639", "tipo__sigla": "IND", "tipo__descricao": "Indica\u00e7\u00e3o", "autoria": "Sidney Magal Rodrigues de Souza (Sidney Magal)", "texto_original": "http://sapl.jequie.ba.leg.br/media/sapl/public/materialegislativa/2023/3971/51_-_indicacao_concretagem_rua_tv_espinhaco_do_boi.docx", "ementa": "Indicamos ao Prefeito Municipal Zenildo Brand\u00e3o Santana, adotar provid\u00eancias junto a Secretaria de Infraestrutura, solicitando que seja realizada a CONCRETAGEM na Rua Espinha\u00e7o, localiza\u00e7\u00e3o pr\u00f3xima a Rua da Banca, no Bairro do Jequiezinho."}, {"id": "3972", "ano": "2023", "numero": "640", "tipo__sigla": "IND", "tipo__descricao": "Indica\u00e7\u00e3o", "autoria": "Sidney Magal Rodrigues de Souza (Sidney Magal)", "texto_original": "http://sapl.jequie.ba.leg.br/media/sapl/public/materialegislativa/2023/3972/ind._640.2023_sec._de_servic_pub_instalacao_de_corrimaos.docx", "ementa": "Indicamos ao Prefeito Municipal Zenildo Brand\u00e3o Santana, adotar provid\u00eancias junto \u00e0 Secretaria Municipal de Servi\u00e7os P\u00fablicos, para que estude a viabilidade de instala\u00e7\u00e3o de Corrim\u00e3os na subida da Unidade de Sa\u00fade da Fam\u00edlia Dr. Armando Ribeiro Borges e Servi\u00e7o de Ilumina\u00e7\u00e3o, ambos servi\u00e7os localizados na Rua Q, bairro \u00c1gua Branca em Jequi\u00e9."}, {"id": "3973", "ano": "2023", "numero": "641", "tipo__sigla": "IND", "tipo__descricao": "Indica\u00e7\u00e3o", "autoria": "BUI BULH\u00d5ES", "texto_original": "http://sapl.jequie.ba.leg.br/media/sapl/public/materialegislativa/2023/3973/ind.641.2023__pavimentacao_da_rua_elza_galvao_1.doc", "ementa": "Indicamos ao Prefeito Municipal Sr. Zenildo Brand\u00e3o, para que autorize o Secret\u00e1rio de Infraestrutura, para que seja feita a drenagem e pavimenta\u00e7\u00e3o em asfalto da Rua Elza Galv\u00e3o Vaz e suas adjac\u00eancias, localizada no bairro Jequiezinho."}, {"id": "3974", "ano": "2023", "numero": "642", "tipo__sigla": "IND", "tipo__descricao": "Indica\u00e7\u00e3o", "autoria": "BUI BULH\u00d5ES", "texto_original": "http://sapl.jequie.ba.leg.br/media/sapl/public/materialegislativa/2023/3974/ind._642.2023aquisicao_de_abafadores_de_ruidos.doc", "ementa": "Indicamos ao Excelent\u00edssimo Senhor Prefeito Municipal Zenildo Brand\u00e3o Santana, extensivo a Secretaria de Educa\u00e7\u00e3o, solicitando a aquisi\u00e7\u00e3o de abafadores de ru\u00eddos para alunos da rede de ensino municipal que tenham hipersensibilidade auditiva e necessitam desse suporte."}, {"id": "3976", "ano": "2023", "numero": "643", "tipo__sigla": "IND", "tipo__descricao": "Indica\u00e7\u00e3o", "autoria": "Sidney Magal Rodrigues de Souza (Sidney Magal)", "texto_original": "http://sapl.jequie.ba.leg.br/media/sapl/public/materialegislativa/2023/3976/ind._643.2023o_redutor_de_velocidade_rua_siqueira_campos_bairro_joaquim_romao.docx", "ementa": "Indicamos ao Prefeito Municipal Zenildo Brand\u00e3o Santana, adotar provid\u00eancias junto \u00e0 Secretaria de Infraestrutura para a instala\u00e7\u00e3o de Redutor de Velocidade, localizado na Rua Siqueira Campos \u2013 Bairro Joaquim Rom\u00e3o, em frente a Igreja do Evangelho Quadrangular."}, {"id": "3977", "ano": "2023", "numero": "644", "tipo__sigla": "IND", "tipo__descricao": "Indica\u00e7\u00e3o", "autoria": "BUI BULH\u00d5ES", "texto_original": "http://sapl.jequie.ba.leg.br/media/sapl/public/materialegislativa/2023/3977/ind_644.2023__revitalizacao_da_praca_da_amizade.doc", "ementa": "Indicamos ao Excelent\u00edssimo Senhor Prefeito Municipal Zenildo Brand\u00e3o Santana, extensivo a Secretaria competente, solicitando a revitaliza\u00e7\u00e3o da Pra\u00e7a da Amizade localizada na Urbis l, bairro Jequiezinho."}, {"id": "3981", "ano": "2023", "numero": "645", "tipo__sigla": "IND", "tipo__descricao": "Indica\u00e7\u00e3o", "autoria": "J\u00daNIOR BRAGA", "texto_original": "http://sapl.jequie.ba.leg.br/media/sapl/public/materialegislativa/2023/3981/ind645.2023_cras.docx", "ementa": "Indicamos ao Prefeito Sr. Zenildo Brand\u00e3o, extensivo a Secret\u00e1ria de Desenvolvimento Social, Sr. Patricia Miranda, a implanta\u00e7\u00e3o de Servi\u00e7o de Conviv\u00eancia e Fortalecimento de V\u00ednculo (SCFV), no bairro KM3, beneficiando n\u00e3o s\u00f3 o referido, mas tamb\u00e9m o Agenor de Arag\u00e3o e KM4."}, {"id": "3982", "ano": "2023", "numero": "646", "tipo__sigla": "IND", "tipo__descricao": "Indica\u00e7\u00e3o", "autoria": "RAMON FERNANDES", "texto_original": "http://sapl.jequie.ba.leg.br/media/sapl/public/materialegislativa/2023/3982/ind._646.2023ambulante_legal_2023.doc", "ementa": "Indicamos ao Prefeito Zenildo Brand\u00e3o, extensivo ao Secret\u00e1rio de Servi\u00e7os p\u00fablicos Sr. Elder Souza, a cria\u00e7\u00e3o do Programa Ambulante Legal."}, {"id": "3983", "ano": "2023", "numero": "647", "tipo__sigla": "IND", "tipo__descricao": "Indica\u00e7\u00e3o", "autoria": "RAMON FERNANDES", "texto_original": "http://sapl.jequie.ba.leg.br/media/sapl/public/materialegislativa/2023/3983/ind_647.2023_cerb_itaibo_e_jiboinha.docx", "ementa": "Indicamos ao Diretor Presidente da CERB, Sr. Alexsandro Freitas Silva e ao Deputado Estadual Euclides Fernandes, implanta\u00e7\u00e3o de sistema simplificado de abastecimento de \u00e1gua para o Distrito de Itaib\u00f3."}, {"id": "3984", "ano": "2023", "numero": "648", "tipo__sigla": "IND", "tipo__descricao": "Indica\u00e7\u00e3o", "autoria": "SOLDADO GILVAN", "texto_original": "http://sapl.jequie.ba.leg.br/media/sapl/public/materialegislativa/2023/3984/ind_648.2023_trocas_de_lampadas_de_led_do_residencial_eldorado.doc", "ementa": "Indicamos ao Prefeito Municipal Zenildo Brand\u00e3o, extensivo ao Secret\u00e1rio de Servi\u00e7os P\u00fablicos Helder Souza Santos, adotar provid\u00eancias para que seja feita as trocas de l\u00e2mpadas comuns para a instala\u00e7\u00e3o de l\u00e2mpadas de LED em todo o Residencial Eldorado, Bairro Jequiezinho."}, {"id": "3985", "ano": "2023", "numero": "649", "tipo__sigla": "IND", "tipo__descricao": "Indica\u00e7\u00e3o", "autoria": "SOLDADO GILVAN", "texto_original": "http://sapl.jequie.ba.leg.br/media/sapl/public/materialegislativa/2023/3985/ind_649.2023_reforma_da_quadra_do_residencial_eldorado.doc", "ementa": "Indicamos ao Prefeito Municipal Zenildo Brand\u00e3o, extensivo ao Secret\u00e1rio de Infraestrutura Lucindo Tomaz Vasconcelos, adotar provid\u00eancias para que seja feita a conclus\u00e3o da reforma da quadra localizada no Residencial Eldorado, Bairro Jequiezinho."}, {"id": "3989", "ano": "2023", "numero": "651", "tipo__sigla": "IND", "tipo__descricao": "Indica\u00e7\u00e3o", "autoria": "BUI BULH\u00d5ES", "texto_original": "http://sapl.jequie.ba.leg.br/media/sapl/public/materialegislativa/2023/3989/ind.651.2023__revitalizacao_da_cesar_borges_2_corrigida.doc", "ementa": "Indicamos ao Excelent\u00edssimo Senhor Prefeito Municipal Zenildo Brand\u00e3o Santana, extensivo a Secretaria competente, a constru\u00e7\u00e3o de passeios com acessibilidade para pessoas com mobilidade reduzida, bem como, implanta\u00e7\u00e3o de um canteiro central no trecho da Jequi\u00e9 Som ao Posto Ipiranga, na Avenida C\u00e9sar Borges."}, {"id": "3990", "ano": "2023", "numero": "652", "tipo__sigla": "IND", "tipo__descricao": "Indica\u00e7\u00e3o", "autoria": "Walmiral Pacheco Marinho Neto (Walmiral)", "texto_original": "http://sapl.jequie.ba.leg.br/media/sapl/public/materialegislativa/2023/3990/ind._652.2023nardy_indicacao_enviado_1_corrigida.docx", "ementa": "Indicamos ao Excelent\u00edssimo Prefeito Municipal, Zenildo Brand\u00e3o, extensivo a Secret\u00e1ria de desenvolvimento Social, Patr\u00edcia Miranda Brand\u00e3o Santana, no sentido de cria\u00e7\u00e3o do anexo do CRAS em Itajuru."}, {"id": "3991", "ano": "2023", "numero": "653", "tipo__sigla": "IND", "tipo__descricao": "Indica\u00e7\u00e3o", "autoria": "Walmiral Pacheco Marinho Neto (Walmiral)", "texto_original": "http://sapl.jequie.ba.leg.br/media/sapl/public/materialegislativa/2023/3991/ind._653.2023nardy_indicacao_678.docx", "ementa": "Indicamos ao Prefeito Municipal Zenildo Brand\u00e3o, extensivo ao Secret\u00e1rio de Infraestrutura, Lucindo Tomaz, no sentido de adotarem as medidas cab\u00edveis e necess\u00e1rias para realizar uma limpeza e uma reforma geral no Cemit\u00e9rio do distrito de Florestal."}, {"id": "4003", "ano": "2023", "numero": "654", "tipo__sigla": "IND", "tipo__descricao": "Indica\u00e7\u00e3o", "autoria": "Walmiral Pacheco Marinho Neto (Walmiral)", "texto_original": "http://sapl.jequie.ba.leg.br/media/sapl/public/materialegislativa/2023/4003/ind._654.2023nardy_indicacao_33.docx", "ementa": "Indicamos ao Prefeito Municipal de Jequi\u00e9, Zenildo Brand\u00e3o Santana; extensivo \u00e0 Secret\u00e1ria de Educa\u00e7\u00e3o Elvia Sampaio e Sampaio, no sentido de enviarem esfor\u00e7os para a Constru\u00e7\u00e3o de uma Creche no bairro da Cachoeirinha lV."}, {"id": "3993", "ano": "2023", "numero": "655", "tipo__sigla": "IND", "tipo__descricao": "Indica\u00e7\u00e3o", "autoria": "Joaquim Caires Rocha (Joaquim Caires)", "texto_original": "http://sapl.jequie.ba.leg.br/media/sapl/public/materialegislativa/2023/3993/ind._655.2023ponte_corrigida.doc", "ementa": "Indicamos ao Prefeito Municipal Zenildo Brand\u00e3o Santana, extensivo ao secret\u00e1rio de infraestrutura Lucindo Tomaz Vasconcelos, a constru\u00e7\u00e3o de uma ponte nas proximidades do col\u00e9gio Hilda Rodrigues, na entrada da cachoeira do rio das pedras, pr\u00f3ximo a casa de Jeir, regi\u00e3o de Florestal."}, {"id": "3994", "ano": "2023", "numero": "656", "tipo__sigla": "IND", "tipo__descricao": "Indica\u00e7\u00e3o", "autoria": "Joaquim Caires Rocha (Joaquim Caires)", "texto_original": "http://sapl.jequie.ba.leg.br/media/sapl/public/materialegislativa/2023/3994/ind_656.2023_feira_de_saude_no_povoado_rio_do_antonio.doc", "ementa": "Indicamos ao Prefeito Municipal Zenildo Brand\u00e3o, extensivo ao Secret\u00e1rio de sa\u00fade Marlon Pereira e a secretaria do desenvolvimento social, a realiza\u00e7\u00e3o de uma feira macro de sa\u00fade, com diversos atendimentos, no povoado do Rio do Ant\u00f4nio."}, {"id": "3995", "ano": "2023", "numero": "657", "tipo__sigla": "IND", "tipo__descricao": "Indica\u00e7\u00e3o", "autoria": "Joaquim Caires Rocha (Joaquim Caires)", "texto_original": "http://sapl.jequie.ba.leg.br/media/sapl/public/materialegislativa/2023/3995/ind._657.2023reforma_limpeza_do_cimiterio_do_povoado_campo_largo.doc", "ementa": "Indicamos ao Prefeito Municipal Zenildo Brand\u00e3o, extensivo ao Secret\u00e1rio de Infraestrutura, Lucindo Tomaz, adotar medidas cab\u00edveis e necess\u00e1rias para realizar uma reforma geral no Cemit\u00e9rio do Povoado de Campo Largo."}, {"id": "3997", "ano": "2023", "numero": "658", "tipo__sigla": "IND", "tipo__descricao": "Indica\u00e7\u00e3o", "autoria": "Joaquim Caires Rocha (Joaquim Caires)", "texto_original": "http://sapl.jequie.ba.leg.br/media/sapl/public/materialegislativa/2023/3997/ind._658-2023_internet_nas_pracas_publicas_distrito.doc", "ementa": "Indicamos ao Prefeito Municipal Zenildo Brand\u00e3o, extensivo ao Secret\u00e1rio de desenvolvimento econ\u00f4mico Celso Galv\u00e3o, adotar providencias para instala\u00e7\u00e3o de Wi-fi gratuito nas pra\u00e7as p\u00fablicas de Florestal, Itajuru e Monte Branco."}, {"id": "3996", "ano": "2023", "numero": "659", "tipo__sigla": "IND", "tipo__descricao": "Indica\u00e7\u00e3o", "autoria": "PROFESSORA CIDA", "texto_original": "http://sapl.jequie.ba.leg.br/media/sapl/public/materialegislativa/2023/3996/ind_659.2023redutor_velocidade_urbis.docx", "ementa": "Indicamos ao Prefeito Municipal, Zenildo Brand\u00e3o Santana, autorizar \u00e0 Superintendente da SUMTRAN, Karla Carine Rodrigues Geanbastiani, para adotar as medidas cab\u00edveis e necess\u00e1rias para a implanta\u00e7\u00e3o de uma passarela elevada na Av. Braz Arl\u00e9o, pr\u00f3ximo ao campo de futebol (lateral do muro do aeroporto), bairro Esp\u00edrito Santo."}, {"id": "3998", "ano": "2023", "numero": "660", "tipo__sigla": "IND", "tipo__descricao": "Indica\u00e7\u00e3o", "autoria": "ZIEL", "texto_original": "http://sapl.jequie.ba.leg.br/media/sapl/public/materialegislativa/2023/3998/ind._660.2023bifurcacao_maria_eca_nestor_ribeiro.doc", "ementa": "Indicamos ao Prefeito Municipal Zenildo Brand\u00e3o, extensivo ao Secret\u00e1rio de Infraestrutura Lucindo Tomaz Vasconcelos Menezes, o alargamento da Rua Nestor Ribeiro na bifurca\u00e7\u00e3o com a Rua Maria E\u00e7a, centro da cidade."}, {"id": "3999", "ano": "2023", "numero": "661", "tipo__sigla": "IND", "tipo__descricao": "Indica\u00e7\u00e3o", "autoria": "ZIEL", "texto_original": "http://sapl.jequie.ba.leg.br/media/sapl/public/materialegislativa/2023/3999/ind._661.2023asfalto_belo_horizonte_e_jose_alfredo_guimaraes.doc", "ementa": "Indicamos ao Prefeito Municipal Zenildo Brand\u00e3o, extensivo ao Secret\u00e1rio de Infraestrutura Lucindo Tomaz Vasconcelos Menezes, a realiza\u00e7\u00e3o de cobertura asf\u00e1ltica das ruas Belo Horizonte e Jos\u00e9 Alfredo Guimar\u00e3es, bairro Campo do Am\u00e9rica."}, {"id": "4000", "ano": "2023", "numero": "662", "tipo__sigla": "IND", "tipo__descricao": "Indica\u00e7\u00e3o", "autoria": "Walmiral Pacheco Marinho Neto (Walmiral)", "texto_original": "http://sapl.jequie.ba.leg.br/media/sapl/public/materialegislativa/2023/4000/ind._662_2023_nardy_indicacao_novo999.docx", "ementa": "Indicamos ao Excelent\u00edssimo Prefeito de Jequi\u00e9, Zenildo Brand\u00e3o Santana ao Secret\u00e1rio de Esporte e Lazer Matheus Roberto Oliveira e ao Secret\u00e1rio de Infraestrutura Lucindo Menezes, solicitar a requalifica\u00e7\u00e3o da quadra no distrito de Itajuru e adotar ilumina\u00e7\u00e3o de LED ao local."}, {"id": "4004", "ano": "2023", "numero": "663", "tipo__sigla": "IND", "tipo__descricao": "Indica\u00e7\u00e3o", "autoria": "Sidney Magal Rodrigues de Souza (Sidney Magal)", "texto_original": "http://sapl.jequie.ba.leg.br/media/sapl/public/materialegislativa/2023/4004/ind._663.2023proibe_circulacao_de_bicicletas_em_pracas_publicas.docx", "ementa": "Indicamos ao Prefeito Municipal Zenildo Brand\u00e3o Santana, adotar provid\u00eancias junto \u00e0 Secretaria Competente que providencie em medidas e a\u00e7\u00f5es que visam proibir a circula\u00e7\u00e3o de bicicletas quando conduzidas por adultos e adolescentes, no espa\u00e7o interno das Pra\u00e7as P\u00fablicas."}, {"id": "4005", "ano": "2023", "numero": "664", "tipo__sigla": "IND", "tipo__descricao": "Indica\u00e7\u00e3o", "autoria": "Sidney Magal Rodrigues de Souza (Sidney Magal)", "texto_original": "http://sapl.jequie.ba.leg.br/media/sapl/public/materialegislativa/2023/4005/ind._664.2023instacao_de__energia_fotovoltaica_solar_em_predios_publicos_do_municipio.docx", "ementa": "Indicamos ao Prefeito Municipal Zenildo Brand\u00e3o Santana, adotar provid\u00eancias junto ao Departamento Competente para estudar a possibilidade de instala\u00e7\u00e3o de Energia Fotovoltaica (solar) nos Pr\u00e9dios P\u00fablicos Municipais."}, {"id": "4006", "ano": "2023", "numero": "665", "tipo__sigla": "IND", "tipo__descricao": "Indica\u00e7\u00e3o", "autoria": "Sidney Magal Rodrigues de Souza (Sidney Magal)", "texto_original": "http://sapl.jequie.ba.leg.br/media/sapl/public/materialegislativa/2023/4006/ind._665_2023_manutencao_de_calcada_na_avenida_jose_moreira_sobrinho.docx", "ementa": "Indicamos ao Prefeito Municipal Zenildo Brand\u00e3o Santana, adotar provid\u00eancias junto \u00e0 Secretaria de Infraestrutura para manuten\u00e7\u00e3o em cal\u00e7ada localizada na Avenida Jos\u00e9 Moreira Sobrinho, na lateral da Cl\u00ednica de Sa\u00fade Ocupacional \u201cAcescon\u201d, no bairro Jequiezinho."}, {"id": "4007", "ano": "2023", "numero": "666", "tipo__sigla": "IND", "tipo__descricao": "Indica\u00e7\u00e3o", "autoria": "PROFESSORA CIDA", "texto_original": "http://sapl.jequie.ba.leg.br/media/sapl/public/materialegislativa/2023/4007/ind_666.2023ana_cruz.docx", "ementa": "Indicamos ao Prefeito Municipal Zenildo Brand\u00e3o Santana, autorizar ao Secret\u00e1rio Municipal de Esporte e Lazer, Matheus Roberto Oliveira Macedo, extensivo ao Secret\u00e1rio Municipal de Infraestrutura, Sr Lucindo Tomaz Vasconcelos Menezes, medidas cab\u00edveis e necess\u00e1rias para construir uma quadra poliesportiva com cobertura anexa \u00e0 Creche Ana Cruz, localizada no Residencial Beira Rio."}, {"id": "4008", "ano": "2023", "numero": "667", "tipo__sigla": "IND", "tipo__descricao": "Indica\u00e7\u00e3o", "autoria": "PROFESSORA CIDA", "texto_original": "http://sapl.jequie.ba.leg.br/media/sapl/public/materialegislativa/2023/4008/ind._667_2023_carro_flor_da_terra.docx", "ementa": "Aquisi\u00e7\u00e3o de ve\u00edculo para a Associa\u00e7\u00e3o de Mulheres do Assentamento Flor da Terra, no Distrito de Itajuru, para o deslocamento dos g\u00eaneros aliment\u00edcios manufaturados."}, {"id": "4009", "ano": "2023", "numero": "668", "tipo__sigla": "IND", "tipo__descricao": "Indica\u00e7\u00e3o", "autoria": "PROFESSORA CIDA", "texto_original": "http://sapl.jequie.ba.leg.br/media/sapl/public/materialegislativa/2023/4009/ind._668_2023_casa_de_farinha.docx", "ementa": "Construir e equipar uma casa de farinha para a Associa\u00e7\u00e3o de Mulheres do Assentamento Flor da Terra, no Distrito de Itajuru, zona rural de Jequi\u00e9."}, {"id": "4010", "ano": "2023", "numero": "669", "tipo__sigla": "IND", "tipo__descricao": "Indica\u00e7\u00e3o", "autoria": "Sidney Magal Rodrigues de Souza (Sidney Magal)", "texto_original": "http://sapl.jequie.ba.leg.br/media/sapl/public/materialegislativa/2023/4010/ind._669_2023_pavimentacao_em_concreto_rua_da_banca.docx", "ementa": "Indicamos ao Prefeito Municipal Zenildo Brand\u00e3o Santana, adotar provid\u00eancias junto \u00e0 Secretaria de Infraestrutura para Pavimenta\u00e7\u00e3o em Concreto, localizada na Rua Albertino Pereira, pr\u00f3xima \u00e0 Rua da Banca, bairro Jequiezinho."}, {"id": "4011", "ano": "2023", "numero": "670", "tipo__sigla": "IND", "tipo__descricao": "Indica\u00e7\u00e3o", "autoria": "SOLDADO GILVAN", "texto_original": "http://sapl.jequie.ba.leg.br/media/sapl/public/materialegislativa/2023/4011/ind._670_2023_cidade_nova_ii_trav.paroquia_corrigida.doc", "ementa": "Indicamos ao Prefeito Municipal Zenildo Brand\u00e3o, extensivo ao Secret\u00e1rio de Infraestrutura Lucindo Tomaz Vasconcelos, adotar provid\u00eancias para que seja realizada a pavimenta\u00e7\u00e3o asf\u00e1ltica da 2\u00aaTravessa da Par\u00f3quia, bairro Cidade Nova."}, {"id": "4012", "ano": "2023", "numero": "671", "tipo__sigla": "IND", "tipo__descricao": "Indica\u00e7\u00e3o", "autoria": "MARCINHO", "texto_original": "http://sapl.jequie.ba.leg.br/media/sapl/public/materialegislativa/2023/4012/ind._671.2023conclsao_do_esgotamento_da_amaralina.docx", "ementa": "Indicamos ao Governador da Bahia, Jer\u00f4nimo Rodrigues, extensivo ao Diretor Presidente da EMBASA, Leonardo G\u00f3es, e ao Deputado Estadual Euclides Fernandes, para que seja feita a conclus\u00e3o do esgotamento sanit\u00e1rio do bairro Amaralina."}, {"id": "4013", "ano": "2023", "numero": "672", "tipo__sigla": "IND", "tipo__descricao": "Indica\u00e7\u00e3o", "autoria": "MOANA", "texto_original": "http://sapl.jequie.ba.leg.br/media/sapl/public/materialegislativa/2023/4013/ind_672.2023_praca_sunville_corrigida.docx", "ementa": "Indicamos ao Exm\u00ba Prefeito Municipal Zenildo Brand\u00e3o, extensivo ao Secret\u00e1rio de Infraestrutura, Lucindo Tomaz Vasconcelos Menezes, no sentindo de adotar medidas necess\u00e1rias para a constru\u00e7\u00e3o de uma pra\u00e7a dotada de parque infantil, academia ao ar livre, ilumina\u00e7\u00e3o de led, nas proximidades da Avenida das Abelhas, no loteamento Sunville."}, {"id": "4014", "ano": "2023", "numero": "673", "tipo__sigla": "IND", "tipo__descricao": "Indica\u00e7\u00e3o", "autoria": "MOANA", "texto_original": "http://sapl.jequie.ba.leg.br/media/sapl/public/materialegislativa/2023/4014/ind._673.2023_fisioterapia_domiciliar.docx", "ementa": "Implantar fisioterapia domiciliar, ofertada pelo SUS, para pacientes acamados ou que tenha alguma defici\u00eancia ou comorbidade."}, {"id": "4015", "ano": "2023", "numero": "674", "tipo__sigla": "IND", "tipo__descricao": "Indica\u00e7\u00e3o", "autoria": "MOANA", "texto_original": "http://sapl.jequie.ba.leg.br/media/sapl/public/materialegislativa/2023/4015/ind._674.2023moana.docx", "ementa": "Reforma geral e amplia\u00e7\u00e3o da quadra poliesportiva da Escola Municipal Al\u00edria Argolo, situada no bairro do Mandacaru."}, {"id": "4017", "ano": "2023", "numero": "675", "tipo__sigla": "IND", "tipo__descricao": "Indica\u00e7\u00e3o", "autoria": "GUTINHA", "texto_original": "http://sapl.jequie.ba.leg.br/media/sapl/public/materialegislativa/2023/4017/ind-675.20232023_realizacao_da_pavimentacao_asfaltica_da_rua_perminio_amorim_joaquim_romao.doc", "ementa": "Indicamos ao Prefeito Municipal Zenildo Brand\u00e3o, extensivo ao Secret\u00e1rio de Infraestrutura Luncindo Tomaz Vasconcelos no sentido de adotar provid\u00eancias para realizar a pavimenta\u00e7\u00e3o asf\u00e1ltica da rua Perm\u00ednio Amorim, bairro Joaquim Rom\u00e3o."}, {"id": "4018", "ano": "2023", "numero": "676", "tipo__sigla": "IND", "tipo__descricao": "Indica\u00e7\u00e3o", "autoria": "MARCOS DO OVO", "texto_original": "http://sapl.jequie.ba.leg.br/media/sapl/public/materialegislativa/2023/4018/ind._676.2023infraes_praca_sao_judas.docx", "ementa": "Indicamos ao Prefeito Municipal de Jequi\u00e9, Zenildo Brand\u00e3o Santana, autorizar ao Secret\u00e1rio de Infraestrutura Lucindo Menezes, tomar as provid\u00eancias necess\u00e1rias para constru\u00e7\u00e3o de uma pra\u00e7a com parquinho e academia ao ar livre no canteiro central, em frente ao posto de combust\u00edvel Radar, na rua Luiz Teles, bairro S\u00e3o Judas Tadeu."}, {"id": "4019", "ano": "2023", "numero": "677", "tipo__sigla": "IND", "tipo__descricao": "Indica\u00e7\u00e3o", "autoria": "MARCOS DO OVO", "texto_original": "http://sapl.jequie.ba.leg.br/media/sapl/public/materialegislativa/2023/4019/ind._677.2023redutor_de_velocidade_sao_judas_tadeu_escola.docx", "ementa": "Indicamos ao Prefeito Municipal de Jequi\u00e9, Zenildo Brand\u00e3o Santana, autorizar ao Secret\u00e1rio de Infraestrutura Lucindo Menezes, tomar as provid\u00eancias necess\u00e1rias para a implementa\u00e7\u00e3o de um redutor de velocidade em frente \u00e0 escola municipal Doutor Carlos Aguiar Ribeiro, bairro S\u00e3o Judas Tadeu."}, {"id": "4020", "ano": "2023", "numero": "678", "tipo__sigla": "IND", "tipo__descricao": "Indica\u00e7\u00e3o", "autoria": "MARCOS DO OVO", "texto_original": "http://sapl.jequie.ba.leg.br/media/sapl/public/materialegislativa/2023/4020/ind._678_2023_asfaltamento_pompilio_sampaio.docx", "ementa": "Indicamos ao Prefeito Municipal de Jequi\u00e9, Zenildo Brand\u00e3o Santana, autorizar ao Secret\u00e1rio de Infraestrutura Lucindo Menezes, tomar as provid\u00eancias necess\u00e1rias para o asfaltamento da 1\u00aaTravessa Everaldo Santos, bairro Pompilio Sampaio."}, {"id": "4021", "ano": "2023", "numero": "679", "tipo__sigla": "IND", "tipo__descricao": "Indica\u00e7\u00e3o", "autoria": "MARCOS DO OVO", "texto_original": "http://sapl.jequie.ba.leg.br/media/sapl/public/materialegislativa/2023/4021/ind._679_2023_iluminacao_publica_pompilio_sampaio.docx", "ementa": "Indicamos ao Prefeito Municipal de Jequi\u00e9, Zenildo Brand\u00e3o Santana, autorizar ao Secret\u00e1rio de Servi\u00e7os P\u00fablicos Helder Souza Santos, a tomar as provid\u00eancias necess\u00e1rias para a moderniza\u00e7\u00e3o da ilumina\u00e7\u00e3o em l\u00e2mpadas de LED das ruas Crist\u00f3v\u00e3o Meira Gondim, Arn\u00f3bio Aguiar e Erotilde Soares, bairro Pompilio Sampaio."}, {"id": "4024", "ano": "2023", "numero": "680", "tipo__sigla": "IND", "tipo__descricao": "Indica\u00e7\u00e3o", "autoria": "San David Pereira Arag\u00e3o (San)", "texto_original": "http://sapl.jequie.ba.leg.br/media/sapl/public/materialegislativa/2023/4024/ind._680_2023_implantacao_de_novo_sistema_de_iluminacao_publica_em_led_para_o_zibrune.docx", "ementa": "Indicamos ao Prefeito Municipal, Zenildo Brand\u00e3o, extensivo ao Secret\u00e1rio de Servi\u00e7os P\u00fablicos, Helder Souza Santos, realizar a implanta\u00e7\u00e3o de novo sistema de ilumina\u00e7\u00e3o p\u00fablica em LED para o Zibrune."}, {"id": "4025", "ano": "2023", "numero": "681", "tipo__sigla": "IND", "tipo__descricao": "Indica\u00e7\u00e3o", "autoria": "San David Pereira Arag\u00e3o (San)", "texto_original": "http://sapl.jequie.ba.leg.br/media/sapl/public/materialegislativa/2023/4025/ind._681_2023_implantacao_do_sistema_simplificado_de_abastecimento_de_agua_para_o_povoado_do_brejo_novo.docx", "ementa": "Indicamos ao Excelent\u00edssimo Diretor Presidente da CERB Alexandro Freitas Silva, extensivo ao Deputado Estadual Hassan Iossef e ao Deputado Federal Charles Fernandes, a implanta\u00e7\u00e3o do sistema simplificado de abastecimento de \u00e1gua para o Povoado do Brejo Novo."}, {"id": "4026", "ano": "2023", "numero": "682", "tipo__sigla": "IND", "tipo__descricao": "Indica\u00e7\u00e3o", "autoria": "San David Pereira Arag\u00e3o (San)", "texto_original": "http://sapl.jequie.ba.leg.br/media/sapl/public/materialegislativa/2023/4026/ind._682.2023....docx", "ementa": "Implanta\u00e7\u00e3o de novo sistema de ilumina\u00e7\u00e3o p\u00fablica em LED em todo o Itaigara."}, {"id": "4027", "ano": "2023", "numero": "683", "tipo__sigla": "IND", "tipo__descricao": "Indica\u00e7\u00e3o", "autoria": "TINHO", "texto_original": "http://sapl.jequie.ba.leg.br/media/sapl/public/materialegislativa/2023/4027/ind._683_2023_alteracao_do_nome_da_guarda_municipal.docx", "ementa": "Indicamos ao Excelent\u00edssimo Prefeito, Zenildo Brand\u00e3o Santana, extensivo ao Comandante da Guarda Municipal, Sr. Valdinelio Santos Barros, a altera\u00e7\u00e3o do nome da Guarda Municipal de Jequi\u00e9 para Guarda Civil Municipal de Jequi\u00e9."}, {"id": "4028", "ano": "2023", "numero": "684", "tipo__sigla": "IND", "tipo__descricao": "Indica\u00e7\u00e3o", "autoria": "TINHO", "texto_original": "http://sapl.jequie.ba.leg.br/media/sapl/public/materialegislativa/2023/4028/ind._684.2023-_construcao_de_um_centro_de_diagnostica_de_imagem_no_municipio_de_jequie.docx", "ementa": "Constru\u00e7\u00e3o de um Centro de Diagn\u00f3stica de Imagem no Munic\u00edpio de Jequi\u00e9."}, {"id": "4029", "ano": "2023", "numero": "685", "tipo__sigla": "IND", "tipo__descricao": "Indica\u00e7\u00e3o", "autoria": "Ivan de Oliveira Santos (Ivan do Leite)", "texto_original": "http://sapl.jequie.ba.leg.br/media/sapl/public/materialegislativa/2023/4029/ind._685_2023_placa_cachoerinha_certo.docx", "ementa": "Indicamos ao Prefeito Municipal, Zenildo Brand\u00e3o, extensivo ao Secret\u00e1rio de Servi\u00e7os P\u00fablicos, Helder Souza, adotar provid\u00eancias para que seja realizada a instala\u00e7\u00e3o de placas de sinaliza\u00e7\u00e3o com nome das ruas do bairro Cachoeirinha."}, {"id": "4030", "ano": "2023", "numero": "686", "tipo__sigla": "IND", "tipo__descricao": "Indica\u00e7\u00e3o", "autoria": "PROFESSORA CIDA", "texto_original": "http://sapl.jequie.ba.leg.br/media/sapl/public/materialegislativa/2023/4030/ind._686.2023.docx", "ementa": "Instala\u00e7\u00e3o de placas de energia solar na Sede da Associa\u00e7\u00e3o de Mulheres do Assentamento Flor da Terra, no Distrito de Itajuru."}, {"id": "4083", "ano": "2023", "numero": "687", "tipo__sigla": "IND", "tipo__descricao": "Indica\u00e7\u00e3o", "autoria": "TINHO", "texto_original": "http://sapl.jequie.ba.leg.br/media/sapl/public/materialegislativa/2023/4083/ind._687.2023.doc", "ementa": "Reforma da quadra do Conjunto Habitacional Segredo (trave, ilumina\u00e7\u00e3o etc.), localizado no bairro Curral Novo, nesta Cidade."}, {"id": "4032", "ano": "2023", "numero": "688", "tipo__sigla": "IND", "tipo__descricao": "Indica\u00e7\u00e3o", "autoria": "RAMON FERNANDES", "texto_original": "http://sapl.jequie.ba.leg.br/media/sapl/public/materialegislativa/2023/4032/ind._688_2023_reforma_do_mercado_municipal.doc", "ementa": "Indicamos o Prefeito Municipal, Zenildo Brand\u00e3o, extensivo ao Secret\u00e1rio de Infraestrutura, Lucindo Menezes, a reforma do antigo Mercado Municipal de Itaib\u00f3."}, {"id": "4034", "ano": "2023", "numero": "689", "tipo__sigla": "IND", "tipo__descricao": "Indica\u00e7\u00e3o", "autoria": "RAMON FERNANDES", "texto_original": "http://sapl.jequie.ba.leg.br/media/sapl/public/materialegislativa/2023/4034/ind._689.2023.doc", "ementa": "Constru\u00e7\u00e3o de uma Unidade de Acolhimento Institucional(UAI) em Jequi\u00e9."}, {"id": "4036", "ano": "2023", "numero": "690", "tipo__sigla": "IND", "tipo__descricao": "Indica\u00e7\u00e3o", "autoria": "Walmiral Pacheco Marinho Neto (Walmiral)", "texto_original": "http://sapl.jequie.ba.leg.br/media/sapl/public/materialegislativa/2023/4036/ind._690.2023.docx", "ementa": "Realiza\u00e7\u00e3o de uma feira macro de sa\u00fade nos Povoados do Tesouro, Riacho das Pratas e Mutum."}, {"id": "4037", "ano": "2023", "numero": "691", "tipo__sigla": "IND", "tipo__descricao": "Indica\u00e7\u00e3o", "autoria": "ZIEL", "texto_original": "http://sapl.jequie.ba.leg.br/media/sapl/public/materialegislativa/2023/4037/ind._691_2023_iluminacao_augusto_barreto.doc", "ementa": "Indicamos ao Prefeito Municipal, Zenildo Brand\u00e3o, extensivo ao Secret\u00e1rio de Servi\u00e7os P\u00fablicos, Helder Souza Santos, a instala\u00e7\u00e3o de ilumina\u00e7\u00e3o em LED na rua Jos\u00e9 Augusto Barreto, via que liga o Bairro Campo do Am\u00e9rica ao Bairro S\u00e3o Judas Tadeu."}, {"id": "4038", "ano": "2023", "numero": "692", "tipo__sigla": "IND", "tipo__descricao": "Indica\u00e7\u00e3o", "autoria": "ZIEL", "texto_original": "http://sapl.jequie.ba.leg.br/media/sapl/public/materialegislativa/2023/4038/ind._692_2023_rua_e_travessa_bom_climerio.doc", "ementa": "Indicamos ao Prefeito Municipal, Zenildo Brand\u00e3o, extensivo ao Secret\u00e1rio de Infraestrutura, Lucindo Tomaz Vasconcelos Menezes, a cobertura asf\u00e1ltica da Rua Don Clim\u00e9rio e da Travessa Dom Clim\u00e9rio no Bairro Caixa D\u2019\u00e1gua."}, {"id": "4039", "ano": "2023", "numero": "693", "tipo__sigla": "IND", "tipo__descricao": "Indica\u00e7\u00e3o", "autoria": "Joaquim Caires Rocha (Joaquim Caires)", "texto_original": "http://sapl.jequie.ba.leg.br/media/sapl/public/materialegislativa/2023/4039/ind._693.2023.doc", "ementa": "Disponibilizar a estrutura f\u00edsica onde funcionava a Escola Municipal Romualdo, transformando-o em posto de sa\u00fade."}, {"id": "4040", "ano": "2023", "numero": "694", "tipo__sigla": "IND", "tipo__descricao": "Indica\u00e7\u00e3o", "autoria": "Joaquim Caires Rocha (Joaquim Caires)", "texto_original": "http://sapl.jequie.ba.leg.br/media/sapl/public/materialegislativa/2023/4040/ind._694.2023.doc", "ementa": "Instala\u00e7\u00e3o de redutor de velocidade na 2\u00aaTravessa Duque de Caxias, localizada no bairro Joaquim Rom\u00e3o."}, {"id": "4041", "ano": "2023", "numero": "695", "tipo__sigla": "IND", "tipo__descricao": "Indica\u00e7\u00e3o", "autoria": "SOLDADO GILVAN", "texto_original": "http://sapl.jequie.ba.leg.br/media/sapl/public/materialegislativa/2023/4041/ind._695.2023.doc", "ementa": "Patrolamento e cascalhamento das seguintes art\u00e9rias do bairro S\u00e3o Judas: Rua Maestro Epitaciano,  rua de acesso ao SESC e ao Conjunto Habitacional Bela Vista; e Rua Ant\u00f4nio Alves Guimar\u00e3es, pr\u00f3ximo ao Restaurante Apetite."}, {"id": "4042", "ano": "2023", "numero": "696", "tipo__sigla": "IND", "tipo__descricao": "Indica\u00e7\u00e3o", "autoria": "PROFESSORA CIDA", "texto_original": "http://sapl.jequie.ba.leg.br/media/sapl/public/materialegislativa/2023/4042/ind._696.2023.docx", "ementa": "Construir uma pra\u00e7a na Rua A, em conflu\u00eancia com as Ruas H e J, no Loteamento \u00c1gua Branca."}, {"id": "4043", "ano": "2023", "numero": "697", "tipo__sigla": "IND", "tipo__descricao": "Indica\u00e7\u00e3o", "autoria": "Sidney Magal Rodrigues de Souza (Sidney Magal)", "texto_original": "http://sapl.jequie.ba.leg.br/media/sapl/public/materialegislativa/2023/4043/ind._697.2023.....docx", "ementa": "Pavimenta\u00e7\u00e3o asf\u00e1ltica da rua Cara\u00edba, no Loteamento Jardim Amaralina, bairro S\u00e3o Judas Tadeu."}, {"id": "4044", "ano": "2023", "numero": "698", "tipo__sigla": "IND", "tipo__descricao": "Indica\u00e7\u00e3o", "autoria": "Sidney Magal Rodrigues de Souza (Sidney Magal)", "texto_original": "http://sapl.jequie.ba.leg.br/media/sapl/public/materialegislativa/2023/4044/ind._698.2023.....docx", "ementa": "Limpeza e manuten\u00e7\u00e3o na cal\u00e7ada da Rua Felipe Nery, no bairro Jequiezinho, em frente \u00e0 Escola Santos Dumont."}, {"id": "4045", "ano": "2023", "numero": "699", "tipo__sigla": "IND", "tipo__descricao": "Indica\u00e7\u00e3o", "autoria": "Walmiral Pacheco Marinho Neto (Walmiral)", "texto_original": "http://sapl.jequie.ba.leg.br/media/sapl/public/materialegislativa/2023/4045/ind._699.2023_-_corrigida.docx", "ementa": "Adotar provid\u00eancias necess\u00e1rias para colocar ilumina\u00e7\u00e3o em LED e construir uma arquibancada e um vesti\u00e1rio no campo de futebol do bairro da Cachoeirinha l e ll."}, {"id": "4046", "ano": "2023", "numero": "700", "tipo__sigla": "IND", "tipo__descricao": "Indica\u00e7\u00e3o", "autoria": "BUI BULH\u00d5ES", "texto_original": "http://sapl.jequie.ba.leg.br/media/sapl/public/materialegislativa/2023/4046/ind._700.2023_-vila_central_jequiezinho.doc", "ementa": "Pavimenta\u00e7\u00e3o em asfalto das Ruas 1, 2 e 3, Vila central, localizadas no Jequiezinho."}, {"id": "4049", "ano": "2023", "numero": "701", "tipo__sigla": "IND", "tipo__descricao": "Indica\u00e7\u00e3o", "autoria": "MARCOS DO OVO", "texto_original": "http://sapl.jequie.ba.leg.br/media/sapl/public/materialegislativa/2023/4049/ind._701.2023.docx", "ementa": "Instala\u00e7\u00e3o de uma c\u00e2mera de vigil\u00e2ncia no cruzamento da Rua Jo\u00e3o Braga com a Rua Prof\u00aa. Virginia Ribeiro, na O\u00e1sis, bairro Jequiezinho."}, {"id": "4050", "ano": "2023", "numero": "702", "tipo__sigla": "IND", "tipo__descricao": "Indica\u00e7\u00e3o", "autoria": "MARCOS DO OVO", "texto_original": "http://sapl.jequie.ba.leg.br/media/sapl/public/materialegislativa/2023/4050/ind._702.2023_......docx", "ementa": "Provid\u00eancias necess\u00e1rias para a sinaliza\u00e7\u00e3o adequada do redutor de velocidade na Rua Everaldo Santos, bairro Pomp\u00edlio Sampaio."}, {"id": "4051", "ano": "2023", "numero": "703", "tipo__sigla": "IND", "tipo__descricao": "Indica\u00e7\u00e3o", "autoria": "J\u00daNIOR BRAGA", "texto_original": "http://sapl.jequie.ba.leg.br/media/sapl/public/materialegislativa/2023/4051/ind._703.2023_escola_luiz_navarro.docx", "ementa": "Espa\u00e7o para a implanta\u00e7\u00e3o da nova Sede e da modalidade integral da Escola Luiz Navarro de Brito, no bairro Km3."}, {"id": "4052", "ano": "2023", "numero": "704", "tipo__sigla": "IND", "tipo__descricao": "Indica\u00e7\u00e3o", "autoria": "ZIEL", "texto_original": "http://sapl.jequie.ba.leg.br/media/sapl/public/materialegislativa/2023/4052/ind.704.2023canal_pluvial_i_tv_duque_1.doc", "ementa": "Requalifica\u00e7\u00e3o total da cobertura do canal de \u00e1guas pluviais que passa pela 1\u00aaTv. Duque de Caxias e se estende at\u00e9 o Campo de Chic\u00e3o."}, {"id": "4067", "ano": "2023", "numero": "705", "tipo__sigla": "IND", "tipo__descricao": "Indica\u00e7\u00e3o", "autoria": "Jo\u00e3o Paulo Fernandes Silva (JP)", "texto_original": "http://sapl.jequie.ba.leg.br/media/sapl/public/materialegislativa/2023/4067/ind._705.2023.doc", "ementa": "Implementa\u00e7\u00e3o de ilumina\u00e7\u00e3o p\u00fablica a LED na Rua C, lateral do Parque de Exposi\u00e7\u00f5es - Jequiezinho."}, {"id": "4068", "ano": "2023", "numero": "706", "tipo__sigla": "IND", "tipo__descricao": "Indica\u00e7\u00e3o", "autoria": "Jo\u00e3o Paulo Fernandes Silva (JP)", "texto_original": "http://sapl.jequie.ba.leg.br/media/sapl/public/materialegislativa/2023/4068/ind._706.2023.doc", "ementa": "Incluir a Rua Jo\u00e3o Rosa, localizada no bairro Jequiezinho, no Programa Municipal Asfalto por toda Cidade."}, {"id": "4069", "ano": "2023", "numero": "707", "tipo__sigla": "IND", "tipo__descricao": "Indica\u00e7\u00e3o", "autoria": "San David Pereira Arag\u00e3o (San)", "texto_original": "http://sapl.jequie.ba.leg.br/media/sapl/public/materialegislativa/2023/4069/ind._707.2023....docx", "ementa": "Viabilizar a requalifica\u00e7\u00e3o da grama sint\u00e9tica e toda estrutura da quadra society, localizada na Pra\u00e7a de Esportes Valter Gomes de Santana (Foca) no bairro Mandacaru."}, {"id": "4070", "ano": "2023", "numero": "708", "tipo__sigla": "IND", "tipo__descricao": "Indica\u00e7\u00e3o", "autoria": "GUTINHA", "texto_original": "http://sapl.jequie.ba.leg.br/media/sapl/public/materialegislativa/2023/4070/ind._708.2023.doc", "ementa": "Constru\u00e7\u00e3o de uma cobertura na quadra poliesportiva, que fica localizada na Pra\u00e7a da Rodovi\u00e1ria, no bairro Joaquim Rom\u00e3o."}, {"id": "4090", "ano": "2023", "numero": "710", "tipo__sigla": "IND", "tipo__descricao": "Indica\u00e7\u00e3o", "autoria": "Walmiral Pacheco Marinho Neto (Walmiral)", "texto_original": "http://sapl.jequie.ba.leg.br/media/sapl/public/materialegislativa/2023/4090/ind._710.2023_-_correta.docx", "ementa": "Reforma do posto de sa\u00fade do Distrito de Itajuru."}, {"id": "4073", "ano": "2023", "numero": "711", "tipo__sigla": "IND", "tipo__descricao": "Indica\u00e7\u00e3o", "autoria": "Joaquim Caires Rocha (Joaquim Caires)", "texto_original": "http://sapl.jequie.ba.leg.br/media/sapl/public/materialegislativa/2023/4073/ind._711.2023.doc", "ementa": "Pavimenta\u00e7\u00e3o asf\u00e1ltica da Rua Cidade de Rio de Contas, localizada no Brasil Novo."}, {"id": "4074", "ano": "2023", "numero": "712", "tipo__sigla": "IND", "tipo__descricao": "Indica\u00e7\u00e3o", "autoria": "SOLDADO GILVAN", "texto_original": "http://sapl.jequie.ba.leg.br/media/sapl/public/materialegislativa/2023/4074/ind._712.2023...doc", "ementa": "Implanta\u00e7\u00e3o do Programa Viver Melhor no Munic\u00edpio de Jequi\u00e9."}, {"id": "4075", "ano": "2023", "numero": "713", "tipo__sigla": "IND", "tipo__descricao": "Indica\u00e7\u00e3o", "autoria": "BUI BULH\u00d5ES", "texto_original": "http://sapl.jequie.ba.leg.br/media/sapl/public/materialegislativa/2023/4075/ind._713.2023.doc", "ementa": "Instala\u00e7\u00e3o de passeios com acessibilidade para pessoas como mobilidade reduzida na Avenida Lomanto J\u00fanior."}, {"id": "4076", "ano": "2023", "numero": "714", "tipo__sigla": "IND", "tipo__descricao": "Indica\u00e7\u00e3o", "autoria": "PROFESSORA CIDA", "texto_original": "http://sapl.jequie.ba.leg.br/media/sapl/public/materialegislativa/2023/4076/ind._714.2023.docx", "ementa": "Implanta\u00e7\u00e3o de  passagem elevada em sua toda a extens\u00e3o da Rua Cidade de Bras\u00edlia, no Brasil Novo."}, {"id": "4077", "ano": "2023", "numero": "715", "tipo__sigla": "IND", "tipo__descricao": "Indica\u00e7\u00e3o", "autoria": "SOLDADO GILVAN", "texto_original": "http://sapl.jequie.ba.leg.br/media/sapl/public/materialegislativa/2023/4077/ind._715.2023.doc", "ementa": "Implanta\u00e7\u00e3o de uma Escola C\u00edvico Militar Municipal em nossa cidade."}, {"id": "4082", "ano": "2023", "numero": "716", "tipo__sigla": "IND", "tipo__descricao": "Indica\u00e7\u00e3o", "autoria": "Sidney Magal Rodrigues de Souza (Sidney Magal)", "texto_original": "http://sapl.jequie.ba.leg.br/media/sapl/public/materialegislativa/2023/4082/ind._716.2023....docx", "ementa": "Manuten\u00e7\u00e3o (rebaixamento de redutor de velocidade (quebra-molas), localizado na Avenida Jos\u00e9 Moreira Sobrinho, em frente \u00e0 UESB, no bairro Jequiezinho."}, {"id": "4084", "ano": "2023", "numero": "717", "tipo__sigla": "IND", "tipo__descricao": "Indica\u00e7\u00e3o", "autoria": "Sidney Magal Rodrigues de Souza (Sidney Magal)", "texto_original": "http://sapl.jequie.ba.leg.br/media/sapl/public/materialegislativa/2023/4084/ind._717.2023.docx", "ementa": "Constru\u00e7\u00e3o de quebra-molas, redutor de velocidade, na Rua Fluminense, bairro Mandacaru."}, {"id": "4085", "ano": "2023", "numero": "718", "tipo__sigla": "IND", "tipo__descricao": "Indica\u00e7\u00e3o", "autoria": "GUTINHA", "texto_original": "http://sapl.jequie.ba.leg.br/media/sapl/public/materialegislativa/2023/4085/ind._718.2023.doc", "ementa": "Instala\u00e7\u00e3o de um redutor de velocidade (passagem elevada), na Rua Artur Alves Pereira, Centro, nas proximidades do n\u00famero 114."}, {"id": "4086", "ano": "2023", "numero": "719", "tipo__sigla": "IND", "tipo__descricao": "Indica\u00e7\u00e3o", "autoria": "PROFESSORA CIDA", "texto_original": "http://sapl.jequie.ba.leg.br/media/sapl/public/materialegislativa/2023/4086/ind._719.2023.docx", "ementa": "Constru\u00e7\u00e3o de uma quadra poliesportiva coberta e um sal\u00e3o para fins de trabalhos sociais na Rua da Banca, em conflu\u00eancia com a Rua Professora Ferreirinha,"}, {"id": "4087", "ano": "2023", "numero": "720", "tipo__sigla": "IND", "tipo__descricao": "Indica\u00e7\u00e3o", "autoria": "MARCOS DO OVO", "texto_original": "http://sapl.jequie.ba.leg.br/media/sapl/public/materialegislativa/2023/4087/ind._720.2023.docx", "ementa": "Implementa\u00e7\u00e3o de ilumina\u00e7\u00e3o em l\u00e2mpadas de LED da Rua Projetada Oitenta e Seis, bairro Jequiezinho, pr\u00f3ximo \u00e0 Arena SR6."}, {"id": "4088", "ano": "2023", "numero": "721", "tipo__sigla": "IND", "tipo__descricao": "Indica\u00e7\u00e3o", "autoria": "MARCOS DO OVO", "texto_original": "http://sapl.jequie.ba.leg.br/media/sapl/public/materialegislativa/2023/4088/ind._721.2023.docx", "ementa": "Realiza\u00e7\u00e3o de mutir\u00e3o de limpeza no bairro Jequiezinho."}, {"id": "4089", "ano": "2023", "numero": "722", "tipo__sigla": "IND", "tipo__descricao": "Indica\u00e7\u00e3o", "autoria": "MARCINHO", "texto_original": "http://sapl.jequie.ba.leg.br/media/sapl/public/materialegislativa/2023/4089/ind._722.2023....docx", "ementa": "Constru\u00e7\u00e3o de passagens molhadas para acesso \u00e0s resid\u00eancias no Povoado do Limoeiro, na Zona Rural de Jequi\u00e9."}, {"id": "4091", "ano": "2023", "numero": "723", "tipo__sigla": "IND", "tipo__descricao": "Indica\u00e7\u00e3o", "autoria": "J\u00daNIOR BRAGA", "texto_original": "http://sapl.jequie.ba.leg.br/media/sapl/public/materialegislativa/2023/4091/ind._723.2023.docx", "ementa": "Aquisi\u00e7\u00e3o e instala\u00e7\u00e3o de radares eletr\u00f4nicos no Centro Industrial at\u00e9 o bairro do Km4."}, {"id": "4092", "ano": "2023", "numero": "724", "tipo__sigla": "IND", "tipo__descricao": "Indica\u00e7\u00e3o", "autoria": "J\u00daNIOR BRAGA", "texto_original": "http://sapl.jequie.ba.leg.br/media/sapl/public/materialegislativa/2023/4092/ind._724.2023.docx", "ementa": "Constru\u00e7\u00e3o de um m\u00f3dulo ou patrulhamento policial no Povoado da Fazenda Velha."}, {"id": "4099", "ano": "2023", "numero": "725", "tipo__sigla": "IND", "tipo__descricao": "Indica\u00e7\u00e3o", "autoria": "PROFESSORA CIDA", "texto_original": "http://sapl.jequie.ba.leg.br/media/sapl/public/materialegislativa/2023/4099/ind._725.2023_cida.docx", "ementa": "Servi\u00e7os de drenagem na Rua Costa e Silva, no Loteamento Vila Vit\u00f3ria, em conflu\u00eancia com o Loteamento Eva."}, {"id": "4100", "ano": "2023", "numero": "726", "tipo__sigla": "IND", "tipo__descricao": "Indica\u00e7\u00e3o", "autoria": "RAMON FERNANDES", "texto_original": "http://sapl.jequie.ba.leg.br/media/sapl/public/materialegislativa/2023/4100/ind._726.2023.....doc", "ementa": "Constru\u00e7\u00e3o dos DOG PARKS no munic\u00edpio de Jequi\u00e9."}, {"id": "4101", "ano": "2023", "numero": "727", "tipo__sigla": "IND", "tipo__descricao": "Indica\u00e7\u00e3o", "autoria": "RAMON FERNANDES", "texto_original": "http://sapl.jequie.ba.leg.br/media/sapl/public/materialegislativa/2023/4101/ind._727.2023....doc", "ementa": "Cria\u00e7\u00e3o do Projeto Escolas de Lutas na Rede Municipal de Educa\u00e7\u00e3o."}, {"id": "4102", "ano": "2023", "numero": "728", "tipo__sigla": "IND", "tipo__descricao": "Indica\u00e7\u00e3o", "autoria": "ZIEL", "texto_original": "http://sapl.jequie.ba.leg.br/media/sapl/public/materialegislativa/2023/4102/ind._728.2023.doc", "ementa": "Pavimenta\u00e7\u00e3o em concreto das seguintes art\u00e9rias:  Rua Aderbal Moreira, Rua  S\u00e3o Geraldo e Rua Jean Marcos de Jesus, no bairro Curral Novo."}, {"id": "4103", "ano": "2023", "numero": "729", "tipo__sigla": "IND", "tipo__descricao": "Indica\u00e7\u00e3o", "autoria": "BUI BULH\u00d5ES", "texto_original": "http://sapl.jequie.ba.leg.br/media/sapl/public/materialegislativa/2023/4103/ind._729.2023.doc", "ementa": "Implanta\u00e7\u00e3o do sistema de ilumina\u00e7\u00e3o em LED no Povoado da Barragem de Pedras."}, {"id": "4104", "ano": "2023", "numero": "730", "tipo__sigla": "IND", "tipo__descricao": "Indica\u00e7\u00e3o", "autoria": "BUI BULH\u00d5ES", "texto_original": "http://sapl.jequie.ba.leg.br/media/sapl/public/materialegislativa/2023/4104/ind._730.2023.doc", "ementa": "Revitaliza\u00e7\u00e3o do Cemit\u00e9rio do Distrito de Itajuru."}, {"id": "4105", "ano": "2023", "numero": "731", "tipo__sigla": "IND", "tipo__descricao": "Indica\u00e7\u00e3o", "autoria": "PROFESSORA CIDA, RAMON FERNANDES", "texto_original": "http://sapl.jequie.ba.leg.br/media/sapl/public/materialegislativa/2023/4105/ind_731.2023feira_de_saude.docx", "ementa": "Promover Feira de Sa\u00fade em parceria ao Servi\u00e7o de Atendimento ao Cidad\u00e3o/SAC, na Pra\u00e7a da Bandeira, na cidade de Jequi\u00e9."}, {"id": "4106", "ano": "2023", "numero": "732", "tipo__sigla": "IND", "tipo__descricao": "Indica\u00e7\u00e3o", "autoria": "PROFESSORA CIDA", "texto_original": "http://sapl.jequie.ba.leg.br/media/sapl/public/materialegislativa/2023/4106/ind._732.2023.docx", "ementa": "Realiza\u00e7\u00e3o de uma Feira de Sa\u00fade no Loteamento Vila Vit\u00f3ria e no Bom Sossego."}, {"id": "4107", "ano": "2023", "numero": "733", "tipo__sigla": "IND", "tipo__descricao": "Indica\u00e7\u00e3o", "autoria": "MOANA", "texto_original": "http://sapl.jequie.ba.leg.br/media/sapl/public/materialegislativa/2023/4107/ind._733.2023.moana_meira.docx", "ementa": "Disponibilizar uma das salas do im\u00f3vel onde funciona a Central de Cursos, para a Sede do Conselho Municipal dos Direitos da Pessoa com Defici\u00eancia -COMDEF, no Munic\u00edpio de Jequi\u00e9."}, {"id": "4108", "ano": "2023", "numero": "734", "tipo__sigla": "IND", "tipo__descricao": "Indica\u00e7\u00e3o", "autoria": "Walmiral Pacheco Marinho Neto (Walmiral)", "texto_original": "http://sapl.jequie.ba.leg.br/media/sapl/public/materialegislativa/2023/4108/ind._734.2023_2_corrigida_walmiral.docx", "ementa": "Transformar a Unidade de Sa\u00fade de Florestal em Unidade de Pronto Atendimento (UPA)."}, {"id": "4109", "ano": "2023", "numero": "735", "tipo__sigla": "IND", "tipo__descricao": "Indica\u00e7\u00e3o", "autoria": "Walmiral Pacheco Marinho Neto (Walmiral)", "texto_original": "http://sapl.jequie.ba.leg.br/media/sapl/public/materialegislativa/2023/4109/ind._735.2023.docx", "ementa": "Reposi\u00e7\u00e3o de bra\u00e7os de luz e melhorias da ilumina\u00e7\u00e3o com a coloca\u00e7\u00e3o de l\u00e2mpadas de LED nas localidades de Rio do Ant\u00f4nio e Deus Dar\u00e1."}, {"id": "4110", "ano": "2023", "numero": "736", "tipo__sigla": "IND", "tipo__descricao": "Indica\u00e7\u00e3o", "autoria": "Walmiral Pacheco Marinho Neto (Walmiral)", "texto_original": "http://sapl.jequie.ba.leg.br/media/sapl/public/materialegislativa/2023/4110/ind._736.2023.docx", "ementa": "Reposi\u00e7\u00e3o de bra\u00e7os de luz e realiza\u00e7\u00e3o de melhorias na ilumina\u00e7\u00e3o com coloca\u00e7\u00e3o de l\u00e2mpadas de LED nas localidades de Rio das Pedras e Santo Ant\u00f4nio."}, {"id": "4111", "ano": "2023", "numero": "737", "tipo__sigla": "IND", "tipo__descricao": "Indica\u00e7\u00e3o", "autoria": "Joaquim Caires Rocha (Joaquim Caires)", "texto_original": "http://sapl.jequie.ba.leg.br/media/sapl/public/materialegislativa/2023/4111/ind._737.2023.doc", "ementa": "Realiza\u00e7\u00e3o de Campanha Educativa no Tr\u00e2nsito"}, {"id": "4112", "ano": "2023", "numero": "738", "tipo__sigla": "IND", "tipo__descricao": "Indica\u00e7\u00e3o", "autoria": "Joaquim Caires Rocha (Joaquim Caires)", "texto_original": "http://sapl.jequie.ba.leg.br/media/sapl/public/materialegislativa/2023/4112/ind._738.2023.doc", "ementa": "Implanta\u00e7\u00e3o de uma Autoescola P\u00fablica de Tr\u00e2nsito em Jequi\u00e9."}, {"id": "4113", "ano": "2023", "numero": "739", "tipo__sigla": "IND", "tipo__descricao": "Indica\u00e7\u00e3o", "autoria": "Joaquim Caires Rocha (Joaquim Caires)", "texto_original": "http://sapl.jequie.ba.leg.br/media/sapl/public/materialegislativa/2023/4113/ind._739.2023.doc", "ementa": "Elabora\u00e7\u00e3o de um plano para a cria\u00e7\u00e3o de uma via alternativa de tr\u00e2nsito na Rua Urbano de Almeida Neto."}, {"id": "4117", "ano": "2023", "numero": "740", "tipo__sigla": "IND", "tipo__descricao": "Indica\u00e7\u00e3o", "autoria": "Sidney Magal Rodrigues de Souza (Sidney Magal)", "texto_original": "http://sapl.jequie.ba.leg.br/media/sapl/public/materialegislativa/2023/4117/ind._740.2023....docx", "ementa": "Instala\u00e7\u00e3o de conjunto semaf\u00f3rico no cruzamento que d\u00e1 acesso ao Conjunto Habitacional Brasil Novo, precisamente na Rua Mission\u00e1rio Gerson Cardoso Alves, bairro Pomp\u00edlio Sampaio."}, {"id": "4118", "ano": "2023", "numero": "741", "tipo__sigla": "IND", "tipo__descricao": "Indica\u00e7\u00e3o", "autoria": "Sidney Magal Rodrigues de Souza (Sidney Magal)", "texto_original": "http://sapl.jequie.ba.leg.br/media/sapl/public/materialegislativa/2023/4118/ind._741.2023...docx", "ementa": "Pavimenta\u00e7\u00e3o das seguintes art\u00e9rias: Rua Corredor S\u00e3o Francisco e Rua Valdecir Souza Braga (antiga Rua S\u00e3o Francisco), ambas localizadas no bairro KM \u2013 3."}, {"id": "4119", "ano": "2023", "numero": "742", "tipo__sigla": "IND", "tipo__descricao": "Indica\u00e7\u00e3o", "autoria": "MARCOS DO OVO", "texto_original": "http://sapl.jequie.ba.leg.br/media/sapl/public/materialegislativa/2023/4119/ind._742.2023.docx", "ementa": "Asfaltamento da Rua Sol Itapu\u00e3 e Rua P, localizadas no bairro Jequiezinho, no fundo do CAIC."}, {"id": "4120", "ano": "2023", "numero": "743", "tipo__sigla": "IND", "tipo__descricao": "Indica\u00e7\u00e3o", "autoria": "MARCOS DO OVO", "texto_original": "http://sapl.jequie.ba.leg.br/media/sapl/public/materialegislativa/2023/4120/ind._743.2023.docx", "ementa": "Moderniza\u00e7\u00e3o da ilumina\u00e7\u00e3o em l\u00e2mpadas de LED na Rua Magalh\u00e3es Caetit\u00e9 e na Travessa Pedro Paulo Ferreira, ambas localizadas no bairro Jequiezinho."}, {"id": "4121", "ano": "2023", "numero": "744", "tipo__sigla": "IND", "tipo__descricao": "Indica\u00e7\u00e3o", "autoria": "MARCOS DO OVO", "texto_original": "http://sapl.jequie.ba.leg.br/media/sapl/public/materialegislativa/2023/4121/ind._744.2023.docx", "ementa": "Limpeza e poda das \u00e1rvores da Rua L, no bairro Esp\u00edrito Santo, Urbis IV."}, {"id": "4122", "ano": "2023", "numero": "745", "tipo__sigla": "IND", "tipo__descricao": "Indica\u00e7\u00e3o", "autoria": "MARCOS DO OVO", "texto_original": "http://sapl.jequie.ba.leg.br/media/sapl/public/materialegislativa/2023/4122/ind._745.2023.docx", "ementa": "Sinaliza\u00e7\u00e3o adequada para pedestres e motoristas nos pontos de acesso da rotat\u00f3ria em frente ao Aeroposto, bairro Jequiezinho."}, {"id": "4123", "ano": "2023", "numero": "746", "tipo__sigla": "IND", "tipo__descricao": "Indica\u00e7\u00e3o", "autoria": "TINHO", "texto_original": "http://sapl.jequie.ba.leg.br/media/sapl/public/materialegislativa/2023/4123/ind._746.2023.docx", "ementa": "Constru\u00e7\u00e3o de uma pra\u00e7a com academia ao ar livre, bancos, parque infantil, dentre outros equipamentos, na Urbis I, entre os Caminhos C, D, bairro Jequiezinho."}, {"id": "4124", "ano": "2023", "numero": "747", "tipo__sigla": "IND", "tipo__descricao": "Indica\u00e7\u00e3o", "autoria": "Walmiral Pacheco Marinho Neto (Walmiral)", "texto_original": "http://sapl.jequie.ba.leg.br/media/sapl/public/materialegislativa/2023/4124/ind._747.2023correrio_itajuru.docx", "ementa": "Indicamos a abertura de um posto de distribui\u00e7\u00e3o dos correios no Distrito de Itajuru."}, {"id": "4125", "ano": "2023", "numero": "748", "tipo__sigla": "IND", "tipo__descricao": "Indica\u00e7\u00e3o", "autoria": "Joaquim Caires Rocha (Joaquim Caires)", "texto_original": "http://sapl.jequie.ba.leg.br/media/sapl/public/materialegislativa/2023/4125/ind._748.2023.doc", "ementa": "Pavimenta\u00e7\u00e3o asf\u00e1ltica na Rua Boa Vista, bairro KM 03."}, {"id": "4126", "ano": "2023", "numero": "749", "tipo__sigla": "IND", "tipo__descricao": "Indica\u00e7\u00e3o", "autoria": "PROFESSORA CIDA", "texto_original": "http://sapl.jequie.ba.leg.br/media/sapl/public/materialegislativa/2023/4126/ind._749.2023.docx", "ementa": "Revitaliza\u00e7\u00e3o do estacionamento em frente ao Terminal Aerovi\u00e1rio Vicente Grillo."}, {"id": "4127", "ano": "2023", "numero": "750", "tipo__sigla": "IND", "tipo__descricao": "Indica\u00e7\u00e3o", "autoria": "MOANA", "texto_original": "http://sapl.jequie.ba.leg.br/media/sapl/public/materialegislativa/2023/4127/ind._750.2023.docx", "ementa": "Pavimenta\u00e7\u00e3o asf\u00e1ltica da Rua Lu\u00eds Fernando Verissimo, Localizada no Loteamento Sunville."}, {"id": "4128", "ano": "2023", "numero": "751", "tipo__sigla": "IND", "tipo__descricao": "Indica\u00e7\u00e3o", "autoria": "COLORIDO", "texto_original": "http://sapl.jequie.ba.leg.br/media/sapl/public/materialegislativa/2023/4128/ind._751.2023.docx", "ementa": "Solicitamos um sal\u00e3o comunit\u00e1rio para o Povoado de Busca Vida."}, {"id": "4129", "ano": "2023", "numero": "752", "tipo__sigla": "IND", "tipo__descricao": "Indica\u00e7\u00e3o", "autoria": "MARCINHO", "texto_original": "http://sapl.jequie.ba.leg.br/media/sapl/public/materialegislativa/2023/4129/ind._752.2023.docx", "ementa": "Moderniza\u00e7\u00e3o da ilumina\u00e7\u00e3o p\u00fablica com substitui\u00e7\u00e3o das l\u00e2mpadas atuais pela instala\u00e7\u00e3o de placas de LED no Loteamento Parque das Algarobas II."}, {"id": "4136", "ano": "2023", "numero": "753", "tipo__sigla": "IND", "tipo__descricao": "Indica\u00e7\u00e3o", "autoria": "MARCOS DO OVO", "texto_original": "http://sapl.jequie.ba.leg.br/media/sapl/public/materialegislativa/2023/4136/ind._753.2023redutor_de_velocidade_agua_branca_escola_1.docx", "ementa": "Instala\u00e7\u00e3o de redutor de velocidade em frente \u00e0 Escola Municipal Vilma Brito Sarmento, na rua E, conhecida como a rua principal do \u00f4nibus, Loteamento \u00c1gua Branca."}, {"id": "4139", "ano": "2023", "numero": "754", "tipo__sigla": "IND", "tipo__descricao": "Indica\u00e7\u00e3o", "autoria": "SOLDADO GILVAN", "texto_original": "http://sapl.jequie.ba.leg.br/media/sapl/public/materialegislativa/2023/4139/ind._754.2023.doc", "ementa": "Reforma da Pra\u00e7a Jos\u00e9 de Alencar, localizada no bairro Joaquim Rom\u00e3o, com reparos nos quiosques e implanta\u00e7\u00e3o de parque infantil."}, {"id": "4140", "ano": "2023", "numero": "755", "tipo__sigla": "IND", "tipo__descricao": "Indica\u00e7\u00e3o", "autoria": "DUDA SIM\u00d5ES", "texto_original": "http://sapl.jequie.ba.leg.br/media/sapl/public/materialegislativa/2023/4140/ind._755.2023.doc", "ementa": "Instala\u00e7\u00e3o de postes e ilumina\u00e7\u00e3o de Led no trevo de acesso ao Complexo Penal de Jequi\u00e9."}, {"id": "4141", "ano": "2023", "numero": "756", "tipo__sigla": "IND", "tipo__descricao": "Indica\u00e7\u00e3o", "autoria": "ZIEL", "texto_original": "http://sapl.jequie.ba.leg.br/media/sapl/public/materialegislativa/2023/4141/ind._756.2023_-_correto.doc", "ementa": "Cobertura asf\u00e1ltica das seguintes art\u00e9rias: Rua F\u00e1bio Clay dos Santos, \u00c1lvaro Miranda e Jo\u00e3o Batista, todas localizadas no bairro Curral Novo."}, {"id": "4143", "ano": "2023", "numero": "757", "tipo__sigla": "IND", "tipo__descricao": "Indica\u00e7\u00e3o", "autoria": "Joaquim Caires Rocha (Joaquim Caires)", "texto_original": "http://sapl.jequie.ba.leg.br/media/sapl/public/materialegislativa/2023/4143/ind_757.2023.doc", "ementa": "Requalifica\u00e7\u00e3o da Pra\u00e7a Navarro de Brito, localizada no bairro KM 03."}, {"id": "4145", "ano": "2023", "numero": "758", "tipo__sigla": "IND", "tipo__descricao": "Indica\u00e7\u00e3o", "autoria": "ZIEL", "texto_original": "http://sapl.jequie.ba.leg.br/media/sapl/public/materialegislativa/2023/4145/ind._758.2023.doc", "ementa": "Cobertura asf\u00e1ltica da Rua Gustavo Santos Ribeiro e da Rua Jos\u00e9 Cl\u00e1udio Mota, ambas localizadas no bairro Curral Novo."}, {"id": "4146", "ano": "2023", "numero": "759", "tipo__sigla": "IND", "tipo__descricao": "Indica\u00e7\u00e3o", "autoria": "SOLDADO GILVAN", "texto_original": "http://sapl.jequie.ba.leg.br/media/sapl/public/materialegislativa/2023/4146/ind._759.2023.doc", "ementa": "Cria\u00e7\u00e3o da Secretaria Municipal de Seguran\u00e7a P\u00fablica."}, {"id": "4147", "ano": "2023", "numero": "760", "tipo__sigla": "IND", "tipo__descricao": "Indica\u00e7\u00e3o", "autoria": "PROFESSORA CIDA", "texto_original": "http://sapl.jequie.ba.leg.br/media/sapl/public/materialegislativa/2023/4147/ind._760.2023.docx", "ementa": "Revitaliza\u00e7\u00e3o do carteiro localizado na BR-330 at\u00e9 a Ag\u00eancia O\u00c1SIS."}, {"id": "4151", "ano": "2023", "numero": "761", "tipo__sigla": "IND", "tipo__descricao": "Indica\u00e7\u00e3o", "autoria": "San David Pereira Arag\u00e3o (San)", "texto_original": "http://sapl.jequie.ba.leg.br/media/sapl/public/materialegislativa/2023/4151/ind._761.2023.docx", "ementa": "Constru\u00e7\u00e3o e/ou implanta\u00e7\u00e3o de passarela ligando a Av. Governador Lomanto Jr. ao Caf\u00e9 Mascote."}, {"id": "4148", "ano": "2023", "numero": "762", "tipo__sigla": "IND", "tipo__descricao": "Indica\u00e7\u00e3o", "autoria": "TINHO", "texto_original": "http://sapl.jequie.ba.leg.br/media/sapl/public/materialegislativa/2023/4148/ind._762.2023.docx", "ementa": "Implanta\u00e7\u00e3o de ponto de \u00f4nibus com cobertura em frente \u00e0 Costa Motos, na Avenida Lomanto J\u00fanior."}, {"id": "4152", "ano": "2023", "numero": "763", "tipo__sigla": "IND", "tipo__descricao": "Indica\u00e7\u00e3o", "autoria": "Sidney Magal Rodrigues de Souza (Sidney Magal)", "texto_original": "http://sapl.jequie.ba.leg.br/media/sapl/public/materialegislativa/2023/4152/ind.763.2023.docx", "ementa": "Requalifica\u00e7\u00e3o da \u00e1rea verde localizada no Caminho A, bairro Jequiezinho."}, {"id": "4153", "ano": "2023", "numero": "764", "tipo__sigla": "IND", "tipo__descricao": "Indica\u00e7\u00e3o", "autoria": "Sidney Magal Rodrigues de Souza (Sidney Magal)", "texto_original": "http://sapl.jequie.ba.leg.br/media/sapl/public/materialegislativa/2023/4153/ind._764.2023.docx", "ementa": "Instala\u00e7\u00e3o de conjunto semaf\u00f3rico no cruzamento localizado na Pra\u00e7a Governador Juracy Magalh\u00e3es \u2013 bairro Jequiezinho."}, {"id": "4154", "ano": "2023", "numero": "765", "tipo__sigla": "IND", "tipo__descricao": "Indica\u00e7\u00e3o", "autoria": "Walmiral Pacheco Marinho Neto (Walmiral)", "texto_original": "http://sapl.jequie.ba.leg.br/media/sapl/public/materialegislativa/2023/4154/ind._765.2023.docx", "ementa": "Implanta\u00e7\u00e3o de servi\u00e7os de saneamento b\u00e1sico no bairro Curral Novo."}, {"id": "4155", "ano": "2023", "numero": "766", "tipo__sigla": "IND", "tipo__descricao": "Indica\u00e7\u00e3o", "autoria": "Walmiral Pacheco Marinho Neto (Walmiral)", "texto_original": "http://sapl.jequie.ba.leg.br/media/sapl/public/materialegislativa/2023/4155/ind._766.2023.docx", "ementa": "Limpeza e revitaliza\u00e7\u00e3o do rio na Regi\u00e3o de Florestal."}, {"id": "4156", "ano": "2023", "numero": "767", "tipo__sigla": "IND", "tipo__descricao": "Indica\u00e7\u00e3o", "autoria": "Joaquim Caires Rocha (Joaquim Caires)", "texto_original": "http://sapl.jequie.ba.leg.br/media/sapl/public/materialegislativa/2023/4156/ind._767.2023.doc", "ementa": "Solicitando uma passagem elevada para pedestres na Avenida C\u00e9sar Borges, lado oposto ao GBarbosa, em frente \u00e0 passarela"}, {"id": "4158", "ano": "2023", "numero": "768", "tipo__sigla": "IND", "tipo__descricao": "Indica\u00e7\u00e3o", "autoria": "SOLDADO GILVAN", "texto_original": "http://sapl.jequie.ba.leg.br/media/sapl/public/materialegislativa/2023/4158/ind._768.2023.doc", "ementa": "Constru\u00e7\u00e3o da Sede pr\u00f3pria da Guarda Municipal de Jequi\u00e9."}, {"id": "4159", "ano": "2023", "numero": "769", "tipo__sigla": "IND", "tipo__descricao": "Indica\u00e7\u00e3o", "autoria": "J\u00daNIOR BRAGA", "texto_original": "http://sapl.jequie.ba.leg.br/media/sapl/public/materialegislativa/2023/4159/ind._769.2023.docx", "ementa": "Constru\u00e7\u00e3o de uma pra\u00e7a na Vila Esperan\u00e7a, em frente \u00e0 Igreja Cat\u00f3lica do bairro Km3."}, {"id": "4160", "ano": "2023", "numero": "770", "tipo__sigla": "IND", "tipo__descricao": "Indica\u00e7\u00e3o", "autoria": "MARCOS DO OVO", "texto_original": "http://sapl.jequie.ba.leg.br/media/sapl/public/materialegislativa/2023/4160/ind._770.2023.docx", "ementa": "Constru\u00e7\u00e3o de um redutor de velocidade em frente \u00e0 Escola Municipal An\u00edsio Teixeira, bairro Jequiezinho."}, {"id": "4161", "ano": "2023", "numero": "771", "tipo__sigla": "IND", "tipo__descricao": "Indica\u00e7\u00e3o", "autoria": "MARCOS DO OVO", "texto_original": "http://sapl.jequie.ba.leg.br/media/sapl/public/materialegislativa/2023/4161/ind._771.2023.docx", "ementa": "Colocar um cont\u00eainer ao lado do Bar e Churrascaria Tradi\u00e7\u00e3o, localizado na Av. Jos\u00e9 Moreira Sobrinho, bairro Jequiezinho."}, {"id": "4162", "ano": "2023", "numero": "772", "tipo__sigla": "IND", "tipo__descricao": "Indica\u00e7\u00e3o", "autoria": "MARCOS DO OVO", "texto_original": "http://sapl.jequie.ba.leg.br/media/sapl/public/materialegislativa/2023/4162/ind._772.2023.docx", "ementa": "Reforma da Escola Municipal Rotary Club Jequi\u00e9, localizada na Rua S\u00e3o Bernardo, bairro Caixa D\u2019\u00e1gua."}, {"id": "4163", "ano": "2023", "numero": "773", "tipo__sigla": "IND", "tipo__descricao": "Indica\u00e7\u00e3o", "autoria": "Sidney Magal Rodrigues de Souza (Sidney Magal)", "texto_original": "http://sapl.jequie.ba.leg.br/media/sapl/public/materialegislativa/2023/4163/ind._773.2023_magal.docx", "ementa": "Viabilizar o Projeto Canta Bahia para a cidade de Jequi\u00e9."}, {"id": "4166", "ano": "2023", "numero": "774", "tipo__sigla": "IND", "tipo__descricao": "Indica\u00e7\u00e3o", "autoria": "MOANA", "texto_original": "http://sapl.jequie.ba.leg.br/media/sapl/public/materialegislativa/2023/4166/ind._774.2023.docx", "ementa": "Realizar a pavimenta\u00e7\u00e3o asf\u00e1ltica das seguintes art\u00e9rias: Rua Guimaraes Rosa, Rua Clarice Lispector e Rua Carlos Drummond de Andrade, todas localizadas no Loteamento Sunville II."}, {"id": "4167", "ano": "2023", "numero": "775", "tipo__sigla": "IND", "tipo__descricao": "Indica\u00e7\u00e3o", "autoria": "MOANA", "texto_original": "http://sapl.jequie.ba.leg.br/media/sapl/public/materialegislativa/2023/4167/ind._775.2023..._corrigida.docx", "ementa": "Pavimenta\u00e7\u00e3o asf\u00e1ltica das seguintes art\u00e9rias:  Rua Monteiro Lobato, Rua Euclides da Cunha, e Rua M\u00e1rio Quintana, todas localizadas no Sunville II."}, {"id": "4215", "ano": "2023", "numero": "776", "tipo__sigla": "IND", "tipo__descricao": "Indica\u00e7\u00e3o", "autoria": "MOANA", "texto_original": "http://sapl.jequie.ba.leg.br/media/sapl/public/materialegislativa/2023/4215/ind._776.2023_corrigida.doc", "ementa": "Pavimenta\u00e7\u00e3o asf\u00e1ltica das seguintes art\u00e9rias: Rua Tanajuras, louva a Deus e Rua do Zang\u00e3o, localizadas no Loteamento Sunville I."}, {"id": "4169", "ano": "2023", "numero": "777", "tipo__sigla": "IND", "tipo__descricao": "Indica\u00e7\u00e3o", "autoria": "MOANA", "texto_original": "http://sapl.jequie.ba.leg.br/media/sapl/public/materialegislativa/2023/4169/ind.777.2023asfaltamento_ruas_do_sunville_i_03.docx", "ementa": "Solicitando a pavimenta\u00e7\u00e3o asf\u00e1ltica das Ruas das borboletas, das Vespas e Esperan\u00e7as, Localizadas no Loteamento Sunville I."}, {"id": "4170", "ano": "2023", "numero": "778", "tipo__sigla": "IND", "tipo__descricao": "Indica\u00e7\u00e3o", "autoria": "GUTINHA", "texto_original": "http://sapl.jequie.ba.leg.br/media/sapl/public/materialegislativa/2023/4170/ind._778.2023.doc", "ementa": "Conclus\u00e3o da pavimenta\u00e7\u00e3o asf\u00e1ltica da Rua Alves Cabral, no Centro, ligando uma parte da Rua Deputado Manoel Novaes e a Rua Roque Sampaio, no bairro S\u00e3o Lu\u00eds, que d\u00e1 acesso ao Loteamento Recanto dos P\u00e1ssaros."}, {"id": "4171", "ano": "2023", "numero": "779", "tipo__sigla": "IND", "tipo__descricao": "Indica\u00e7\u00e3o", "autoria": "COLORIDO", "texto_original": "http://sapl.jequie.ba.leg.br/media/sapl/public/materialegislativa/2023/4171/ind._779.2023.doc", "ementa": "Patrolamento e cascalhamento na estrada que liga o Assentamento Santa Cruz e Assentamento S\u00e3o Judas ao bairro Mandacaru."}, {"id": "4173", "ano": "2023", "numero": "780", "tipo__sigla": "IND", "tipo__descricao": "Indica\u00e7\u00e3o", "autoria": "BUI BULH\u00d5ES", "texto_original": "http://sapl.jequie.ba.leg.br/media/sapl/public/materialegislativa/2023/4173/ind._780.2023.doc", "ementa": "Revitaliza\u00e7\u00e3o e amplia\u00e7\u00e3o do Centro de Cultura Ant\u00f4nio Carlos Magalh\u00e3es."}, {"id": "4174", "ano": "2023", "numero": "781", "tipo__sigla": "IND", "tipo__descricao": "Indica\u00e7\u00e3o", "autoria": "Joaquim Caires Rocha (Joaquim Caires)", "texto_original": "http://sapl.jequie.ba.leg.br/media/sapl/public/materialegislativa/2023/4174/ind._781.2023.doc", "ementa": "Constru\u00e7\u00e3o de um cemit\u00e9rio para animais em Jequi\u00e9."}, {"id": "4175", "ano": "2023", "numero": "782", "tipo__sigla": "IND", "tipo__descricao": "Indica\u00e7\u00e3o", "autoria": "Joaquim Caires Rocha (Joaquim Caires)", "texto_original": "http://sapl.jequie.ba.leg.br/media/sapl/public/materialegislativa/2023/4175/ind._782.2023.doc", "ementa": "Constru\u00e7\u00e3o de um Centro de Educa\u00e7\u00e3o Infantil no bairro Algarobas."}, {"id": "4176", "ano": "2023", "numero": "783", "tipo__sigla": "IND", "tipo__descricao": "Indica\u00e7\u00e3o", "autoria": "PROFESSORA CIDA", "texto_original": "http://sapl.jequie.ba.leg.br/media/sapl/public/materialegislativa/2023/4176/ind._783.2023_cida_1_corrigida.docx", "ementa": "Drenagem e pavimenta\u00e7\u00e3o da Rua Nelson Rodrigues, localizada no Sunville II."}, {"id": "4177", "ano": "2023", "numero": "784", "tipo__sigla": "IND", "tipo__descricao": "Indica\u00e7\u00e3o", "autoria": "PROFESSORA CIDA", "texto_original": "http://sapl.jequie.ba.leg.br/media/sapl/public/materialegislativa/2023/4177/ind._784.2023passarela_elevada_c_america.docx", "ementa": "Implanta\u00e7\u00e3o de uma passarela elevada na Rua Profa. Faraildes Santos CEP 45.203-124, Campo do Am\u00e9rica."}, {"id": "4178", "ano": "2023", "numero": "785", "tipo__sigla": "IND", "tipo__descricao": "Indica\u00e7\u00e3o", "autoria": "Sidney Magal Rodrigues de Souza (Sidney Magal)", "texto_original": "http://sapl.jequie.ba.leg.br/media/sapl/public/materialegislativa/2023/4178/ind_785.2023_pavimentizacao_das_ruas_no_bairro_km-4..._1_corrigida.docx", "ementa": "Pavimenta\u00e7\u00e3o da Rua da Usina e Rua Estrada das Pedreiras, localizadas no Bairro Km4."}, {"id": "4181", "ano": "2023", "numero": "786", "tipo__sigla": "IND", "tipo__descricao": "Indica\u00e7\u00e3o", "autoria": "COLORIDO", "texto_original": "http://sapl.jequie.ba.leg.br/media/sapl/public/materialegislativa/2023/4181/ind._786.2023.doc", "ementa": "Ilumina\u00e7\u00e3o p\u00fablica no Anel Vi\u00e1rio de Jequi\u00e9, no per\u00edmetro urbano entre o Loteamento Amaralina e a Santa Casa de Miseric\u00f3rdia, no S\u00e3o Judas Tadeu."}, {"id": "4199", "ano": "2023", "numero": "787", "tipo__sigla": "IND", "tipo__descricao": "Indica\u00e7\u00e3o", "autoria": "SOLDADO GILVAN", "texto_original": "http://sapl.jequie.ba.leg.br/media/sapl/public/materialegislativa/2023/4199/ind._787.2023.doc", "ementa": "Pavimenta\u00e7\u00e3o da parte final da Avenida Bela Vista, no Loteamento Jardim Tropical, bairro Jequiezinho, e da Rua I, bairro Esp\u00edrito Santo (pr\u00f3ximo \u00e0 Igreja Metodista)."}, {"id": "4200", "ano": "2023", "numero": "788", "tipo__sigla": "IND", "tipo__descricao": "Indica\u00e7\u00e3o", "autoria": "SOLDADO GILVAN", "texto_original": "http://sapl.jequie.ba.leg.br/media/sapl/public/materialegislativa/2023/4200/ind._788.2023.doc", "ementa": "Melhorias na parte superior do Viaduto Daniel Andrade, situado na Avenida Rio Branco, no Centro da cidade."}, {"id": "4201", "ano": "2023", "numero": "789", "tipo__sigla": "IND", "tipo__descricao": "Indica\u00e7\u00e3o", "autoria": "SOLDADO GILVAN", "texto_original": "http://sapl.jequie.ba.leg.br/media/sapl/public/materialegislativa/2023/4201/ind_789.2023_rampa_jequiezinho.doc", "ementa": "Constru\u00e7\u00e3o de uma Rampa de Acesso no final da rua Magalh\u00e3es Caetit\u00e9, Bairro Jequiezinho (pr\u00f3ximo ao Polivalente)."}, {"id": "4202", "ano": "2023", "numero": "790", "tipo__sigla": "IND", "tipo__descricao": "Indica\u00e7\u00e3o", "autoria": "COLORIDO", "texto_original": "http://sapl.jequie.ba.leg.br/media/sapl/public/materialegislativa/2023/4202/ind._790.2023.doc", "ementa": "Restaura\u00e7\u00e3o da pavimenta\u00e7\u00e3o da Rua Alvino Ramos, situada no Alto do Amor, no bairro Caixa D\u2019\u00e1gua."}, {"id": "4203", "ano": "2023", "numero": "791", "tipo__sigla": "IND", "tipo__descricao": "Indica\u00e7\u00e3o", "autoria": "ZIEL", "texto_original": "http://sapl.jequie.ba.leg.br/media/sapl/public/materialegislativa/2023/4203/ind._791.2023.doc", "ementa": "Execu\u00e7\u00e3o de pavimenta\u00e7\u00e3o asf\u00e1ltica na Rua Manoel Francisco Rosa e Rua B, ambas localizadas no bairro Curral Novo."}, {"id": "4204", "ano": "2023", "numero": "792", "tipo__sigla": "IND", "tipo__descricao": "Indica\u00e7\u00e3o", "autoria": "MARCINHO", "texto_original": "http://sapl.jequie.ba.leg.br/media/sapl/public/materialegislativa/2023/4204/ind._792.2023.docx", "ementa": "Instala\u00e7\u00e3o de rede de abastecimento de \u00e1gua pot\u00e1vel na regi\u00e3o da Fontinha, Zona Rural de Jequi\u00e9"}, {"id": "4207", "ano": "2023", "numero": "793", "tipo__sigla": "IND", "tipo__descricao": "Indica\u00e7\u00e3o", "autoria": "RAMON FERNANDES", "texto_original": "http://sapl.jequie.ba.leg.br/media/sapl/public/materialegislativa/2023/4207/ind._793.2023...doc", "ementa": "Viabilizar a ilumina\u00e7\u00e3o em Led da Estrada que liga a BR 330 ao Povoado da Barragem da Pedra, no total de 6,5 km (seis quil\u00f4metros e meio)."}, {"id": "4208", "ano": "2023", "numero": "794", "tipo__sigla": "IND", "tipo__descricao": "Indica\u00e7\u00e3o", "autoria": "Walmiral Pacheco Marinho Neto (Walmiral)", "texto_original": "http://sapl.jequie.ba.leg.br/media/sapl/public/materialegislativa/2023/4208/ind._794.2023.docx", "ementa": "Realizar um projeto de Muay Thai para alunos do Ensino Infantil e Fundamental do Centro Educacional Landulfo Carib\u00e9, no Distrito de Florestal."}, {"id": "4220", "ano": "2023", "numero": "795", "tipo__sigla": "IND", "tipo__descricao": "Indica\u00e7\u00e3o", "autoria": "MARCOS DO OVO", "texto_original": "http://sapl.jequie.ba.leg.br/media/sapl/public/materialegislativa/2023/4220/ind._795.2023asfaltamento_jequiezinho_lado_da_uesb.docx", "ementa": "Indicamos o asfaltamento da rua Dois, rua I e rua Iolanda Pires, bairro Jequiezinho."}, {"id": "4221", "ano": "2023", "numero": "796", "tipo__sigla": "IND", "tipo__descricao": "Indica\u00e7\u00e3o", "autoria": "MARCOS DO OVO", "texto_original": "http://sapl.jequie.ba.leg.br/media/sapl/public/materialegislativa/2023/4221/ind._796.2023.docx", "ementa": "Reforma e moderniza\u00e7\u00e3o do ponto de \u00f4nibus localizado na Av. Lomanto J\u00fanior, no bairro Joaquim Rom\u00e3o, em frente \u00e0 Academia ATM Fitness."}, {"id": "4222", "ano": "2023", "numero": "797", "tipo__sigla": "IND", "tipo__descricao": "Indica\u00e7\u00e3o", "autoria": "BUI BULH\u00d5ES", "texto_original": "http://sapl.jequie.ba.leg.br/media/sapl/public/materialegislativa/2023/4222/ind._797.2023.doc", "ementa": "Revitaliza\u00e7\u00e3o da Pra\u00e7a Olavo Proc\u00f3pio Ferreira Filho, localizada no bairro Jequiezinho."}, {"id": "4224", "ano": "2023", "numero": "798", "tipo__sigla": "IND", "tipo__descricao": "Indica\u00e7\u00e3o", "autoria": "BUI BULH\u00d5ES", "texto_original": "http://sapl.jequie.ba.leg.br/media/sapl/public/materialegislativa/2023/4224/ind._798.2023.doc", "ementa": "Realizar um trabalho de conscientiza\u00e7\u00e3o sobre o comportamento e a import\u00e2ncia dos ciclistas no tr\u00e2nsito em nossa cidade."}, {"id": "4225", "ano": "2023", "numero": "799", "tipo__sigla": "IND", "tipo__descricao": "Indica\u00e7\u00e3o", "autoria": "BUI BULH\u00d5ES", "texto_original": "http://sapl.jequie.ba.leg.br/media/sapl/public/materialegislativa/2023/4225/ind._799.2023.doc", "ementa": "Cria\u00e7\u00e3o da Secretaria Municipal de Pol\u00edticas P\u00fablicas para as Mulheres, \u201cSecretaria da Mulher\u201d."}, {"id": "4226", "ano": "2023", "numero": "800", "tipo__sigla": "IND", "tipo__descricao": "Indica\u00e7\u00e3o", "autoria": "MOANA", "texto_original": "http://sapl.jequie.ba.leg.br/media/sapl/public/materialegislativa/2023/4226/ind._800.2023....docx", "ementa": "Pavimenta\u00e7\u00e3o a asf\u00e1ltica das seguintes art\u00e9rias: Rua Jos\u00e9 Lins do Rego, M\u00e1rio De Andrade e Rua Graciliano Ramos, localizadas no Loteamento Sunville II."}, {"id": "4227", "ano": "2023", "numero": "801", "tipo__sigla": "IND", "tipo__descricao": "Indica\u00e7\u00e3o", "autoria": "MOANA", "texto_original": "http://sapl.jequie.ba.leg.br/media/sapl/public/materialegislativa/2023/4227/ind._801.2023_sanville_ii-07_4_corrigida.docx", "ementa": "Pavimenta\u00e7\u00e3o asf\u00e1lticas das seguintes art\u00e9rias: Rua Cipriano Pereira de Bulh\u00f5es, Oswald de Andrade e Rua Jo\u00e3o Cabral de Melo Neto, localizadas no Loteamento Sunville II."}, {"id": "4228", "ano": "2023", "numero": "802", "tipo__sigla": "IND", "tipo__descricao": "Indica\u00e7\u00e3o", "autoria": "MOANA", "texto_original": "http://sapl.jequie.ba.leg.br/media/sapl/public/materialegislativa/2023/4228/ind._802.2023...._1.docx", "ementa": "Pavimenta\u00e7\u00e3o asf\u00e1ltica da Rua Mangang\u00e1 e Rua das Aranhas, localizadas no Loteamento Sunville I."}, {"id": "4229", "ano": "2023", "numero": "803", "tipo__sigla": "IND", "tipo__descricao": "Indica\u00e7\u00e3o", "autoria": "MOANA", "texto_original": "http://sapl.jequie.ba.leg.br/media/sapl/public/materialegislativa/2023/4229/ind._803.2023....docx", "ementa": "Pavimenta\u00e7\u00e3o asf\u00e1ltica das seguintes art\u00e9rias: Av. Jo\u00e3o Ubaldo Ribeiro, e Av. Jorge Amado, localizadas no Loteamento Sunville."}, {"id": "4230", "ano": "2023", "numero": "804", "tipo__sigla": "IND", "tipo__descricao": "Indica\u00e7\u00e3o", "autoria": "ZIEL", "texto_original": "http://sapl.jequie.ba.leg.br/media/sapl/public/materialegislativa/2023/4230/ind._804.2023...doc", "ementa": "Atendimento priorit\u00e1rio e aten\u00e7\u00e3o imediata a pessoas com ideias suicidas em todos os servi\u00e7os de sa\u00fade do munic\u00edpio."}, {"id": "4231", "ano": "2023", "numero": "805", "tipo__sigla": "IND", "tipo__descricao": "Indica\u00e7\u00e3o", "autoria": "PROFESSORA CIDA", "texto_original": "http://sapl.jequie.ba.leg.br/media/sapl/public/materialegislativa/2023/4231/ind._805.2023.docx", "ementa": "Servi\u00e7o de drenagem e pavimenta\u00e7\u00e3o da Rua Osvaldo Costa Brito e Rua Jos\u00e9 Limongi, (Pr\u00f3ximo ao Col\u00e9gio Social) Jequi\u00e9/BA."}, {"id": "4232", "ano": "2023", "numero": "806", "tipo__sigla": "IND", "tipo__descricao": "Indica\u00e7\u00e3o", "autoria": "PROFESSORA CIDA", "texto_original": "http://sapl.jequie.ba.leg.br/media/sapl/public/materialegislativa/2023/4232/ind._806.2023.docx", "ementa": "Conclus\u00e3o da pavimenta\u00e7\u00e3o da Rua G, localizada no Loteamento Belin\u00f3polis, bairro Jequiezinho."}, {"id": "4233", "ano": "2023", "numero": "807", "tipo__sigla": "IND", "tipo__descricao": "Indica\u00e7\u00e3o", "autoria": "MARCOS DO OVO", "texto_original": "http://sapl.jequie.ba.leg.br/media/sapl/public/materialegislativa/2023/4233/ind._807.2023.docx", "ementa": "Limpeza e poda das \u00e1rvores em frente ao Terminal Aerovi\u00e1rio Vicente Grillo, bairro Jequiezinho."}, {"id": "4234", "ano": "2023", "numero": "808", "tipo__sigla": "IND", "tipo__descricao": "Indica\u00e7\u00e3o", "autoria": "ZIEL", "texto_original": "http://sapl.jequie.ba.leg.br/media/sapl/public/materialegislativa/2023/4234/ind._808.2023.doc", "ementa": "Pavimenta\u00e7\u00e3o asf\u00e1ltica da Rua F e da Rua I, ambas localizadas no Loteamento Ipanema, no bairro Curral Novo."}, {"id": "4235", "ano": "2023", "numero": "809", "tipo__sigla": "IND", "tipo__descricao": "Indica\u00e7\u00e3o", "autoria": "Joaquim Caires Rocha (Joaquim Caires)", "texto_original": "http://sapl.jequie.ba.leg.br/media/sapl/public/materialegislativa/2023/4235/ind._809.2023.doc", "ementa": "Constru\u00e7\u00e3o de ponto de \u00f4nibus com cobertura no final de linha da URBIS III."}, {"id": "4236", "ano": "2023", "numero": "810", "tipo__sigla": "IND", "tipo__descricao": "Indica\u00e7\u00e3o", "autoria": "Joaquim Caires Rocha (Joaquim Caires)", "texto_original": "http://sapl.jequie.ba.leg.br/media/sapl/public/materialegislativa/2023/4236/ind._810.2023.doc", "ementa": "Restaura\u00e7\u00e3o de um bueiro na Regi\u00e3o da Bateia, pr\u00f3ximo da Casa de Chico Bas\u00edlio."}, {"id": "4237", "ano": "2023", "numero": "811", "tipo__sigla": "IND", "tipo__descricao": "Indica\u00e7\u00e3o", "autoria": "PROFESSORA CIDA", "texto_original": "http://sapl.jequie.ba.leg.br/media/sapl/public/materialegislativa/2023/4237/ind._811.2023.docx", "ementa": "Constru\u00e7\u00e3o de uma pra\u00e7a na Rua Virg\u00edlio Azevedo, implantando parque infantil, academia ao ar livre, Loteamento Belin\u00f3polis."}, {"id": "4238", "ano": "2023", "numero": "812", "tipo__sigla": "IND", "tipo__descricao": "Indica\u00e7\u00e3o", "autoria": "Walmiral Pacheco Marinho Neto (Walmiral)", "texto_original": "http://sapl.jequie.ba.leg.br/media/sapl/public/materialegislativa/2023/4238/ind._812.2023.docx", "ementa": "Requalificar a entrada do Distrito de Florestal abrangendo a constru\u00e7\u00e3o de um monumento no referido local."}, {"id": "4239", "ano": "2023", "numero": "813", "tipo__sigla": "IND", "tipo__descricao": "Indica\u00e7\u00e3o", "autoria": "Walmiral Pacheco Marinho Neto (Walmiral)", "texto_original": "http://sapl.jequie.ba.leg.br/media/sapl/public/materialegislativa/2023/4239/ind._813.2023.docx", "ementa": "Realiza\u00e7\u00e3o de oficinas de pintura para estudantes da educa\u00e7\u00e3o infantil."}, {"id": "4240", "ano": "2023", "numero": "814", "tipo__sigla": "IND", "tipo__descricao": "Indica\u00e7\u00e3o", "autoria": "SOLDADO GILVAN", "texto_original": "http://sapl.jequie.ba.leg.br/media/sapl/public/materialegislativa/2023/4240/ind._814.2023.doc", "ementa": "Instala\u00e7\u00e3o de lixeiras na Avenida C\u00e9sar Borges, em locais estrat\u00e9gicos como pontos de \u00f4nibus, farm\u00e1cias e supermercados."}, {"id": "4242", "ano": "2023", "numero": "816", "tipo__sigla": "IND", "tipo__descricao": "Indica\u00e7\u00e3o", "autoria": "SOLDADO GILVAN", "texto_original": "http://sapl.jequie.ba.leg.br/media/sapl/public/materialegislativa/2023/4242/ind._816.2023.doc", "ementa": "Solicitamos uma Biblioteca Itinerante nos bairros da nossa cidade."}, {"id": "4243", "ano": "2023", "numero": "817", "tipo__sigla": "IND", "tipo__descricao": "Indica\u00e7\u00e3o", "autoria": "COLORIDO", "texto_original": "http://sapl.jequie.ba.leg.br/media/sapl/public/materialegislativa/2023/4243/ind._817.2023.docx", "ementa": "Solicitamos a constru\u00e7\u00e3o de um sal\u00e3o comunit\u00e1rio para o Povoado da Barraquinha."}, {"id": "4244", "ano": "2023", "numero": "818", "tipo__sigla": "IND", "tipo__descricao": "Indica\u00e7\u00e3o", "autoria": "COLORIDO", "texto_original": "http://sapl.jequie.ba.leg.br/media/sapl/public/materialegislativa/2023/4244/ind._818.2023.docx", "ementa": "Constru\u00e7\u00e3o de uma academia ao ar livre no Povoado da Barraquinha."}, {"id": "4247", "ano": "2023", "numero": "820", "tipo__sigla": "IND", "tipo__descricao": "Indica\u00e7\u00e3o", "autoria": "MARCOS DO OVO", "texto_original": "http://sapl.jequie.ba.leg.br/media/sapl/public/materialegislativa/2023/4247/ind._820.2023.docx", "ementa": "Conclus\u00e3o da reforma do Teatro Municipal localizado na Av. Rio Branco, bairro Centro."}, {"id": "4248", "ano": "2023", "numero": "821", "tipo__sigla": "IND", "tipo__descricao": "Indica\u00e7\u00e3o", "autoria": "Joaquim Caires Rocha (Joaquim Caires)", "texto_original": "http://sapl.jequie.ba.leg.br/media/sapl/public/materialegislativa/2023/4248/ind._821.2023.doc", "ementa": "Legaliza\u00e7\u00e3o fundi\u00e1ria nas seguintes art\u00e9rias: Rua Dom Pedro II, Rua Joana Ang\u00e9lica e Rua Dr. Sim\u00e3o de Souza, localizadas no Loteamento Vila Vit\u00f3ria."}, {"id": "4249", "ano": "2023", "numero": "822", "tipo__sigla": "IND", "tipo__descricao": "Indica\u00e7\u00e3o", "autoria": "Joaquim Caires Rocha (Joaquim Caires)", "texto_original": "http://sapl.jequie.ba.leg.br/media/sapl/public/materialegislativa/2023/4249/ind._822.2023....doc", "ementa": "Instala\u00e7\u00e3o de sem\u00e1foros intermitentes em algumas avenidas de nossa cidade."}, {"id": "4258", "ano": "2023", "numero": "823", "tipo__sigla": "IND", "tipo__descricao": "Indica\u00e7\u00e3o", "autoria": "MARCOS DO OVO", "texto_original": "http://sapl.jequie.ba.leg.br/media/sapl/public/materialegislativa/2023/4258/ind._823.2023.docx", "ementa": "Limpeza e poda das \u00e1rvores do canteiro central na Av. Jos\u00e9 Moreira Sobrinho, bairro Jequiezinho."}, {"id": "4259", "ano": "2023", "numero": "824", "tipo__sigla": "IND", "tipo__descricao": "Indica\u00e7\u00e3o", "autoria": "BUI BULH\u00d5ES", "texto_original": "http://sapl.jequie.ba.leg.br/media/sapl/public/materialegislativa/2023/4259/ind._824.2023saude_na_comunidade_morro_verde_1.doc", "ementa": "Realiza\u00e7\u00e3o do programa Sa\u00fade na Comunidade no Povoado do Morro Verde."}, {"id": "4260", "ano": "2023", "numero": "825", "tipo__sigla": "IND", "tipo__descricao": "Indica\u00e7\u00e3o", "autoria": "BUI BULH\u00d5ES", "texto_original": "http://sapl.jequie.ba.leg.br/media/sapl/public/materialegislativa/2023/4260/ind._825.2023.doc", "ementa": "Realiza\u00e7\u00e3o do Programa Sa\u00fade na Comunidade no Povoado da Barragem de Pedras."}, {"id": "4261", "ano": "2023", "numero": "826", "tipo__sigla": "IND", "tipo__descricao": "Indica\u00e7\u00e3o", "autoria": "BUI BULH\u00d5ES", "texto_original": "http://sapl.jequie.ba.leg.br/media/sapl/public/materialegislativa/2023/4261/ind_826.2023.docx", "ementa": "Realiza\u00e7\u00e3o do Programa Sa\u00fade na Comunidade nos Distritos de Florestal e Itajuru."}, {"id": "4262", "ano": "2023", "numero": "827", "tipo__sigla": "IND", "tipo__descricao": "Indica\u00e7\u00e3o", "autoria": "PROFESSORA CIDA", "texto_original": "http://sapl.jequie.ba.leg.br/media/sapl/public/materialegislativa/2023/4262/ind.827.2023.docx", "ementa": "Construir canal de drenagem de \u00e1guas pluviais na Rua Virg\u00edlio Azevedo, localizada no Loteamento Belin\u00f3polis, bairro Jequiezinho."}, {"id": "4263", "ano": "2023", "numero": "828", "tipo__sigla": "IND", "tipo__descricao": "Indica\u00e7\u00e3o", "autoria": "PROFESSORA CIDA", "texto_original": "http://sapl.jequie.ba.leg.br/media/sapl/public/materialegislativa/2023/4263/ind._828.2023.docx", "ementa": "Implanta\u00e7\u00e3o de passagens elevada em frente \u00e0s seguintes unidades escolares: Escola Municipal Jornalista Fernando Barreto, (Jequiezinho); Col\u00e9gio Estadual Milton Santos (antigo Duque de Caxias) Joaquim Rom\u00e3o; e em frente \u00e0 Escola Santos Drumont, na Rua Felipe Nery, Jequiezinho."}, {"id": "4270", "ano": "2023", "numero": "829", "tipo__sigla": "IND", "tipo__descricao": "Indica\u00e7\u00e3o", "autoria": "MARCINHO", "texto_original": "http://sapl.jequie.ba.leg.br/media/sapl/public/materialegislativa/2023/4270/ind._829.2023....docx", "ementa": "Concretagem da 2\u00aa Travessa Vov\u00f3 Camila, via que faz liga\u00e7\u00e3o entre o bairro Jequiezinho e o Loteamento Jardim Eldorado."}, {"id": "4272", "ano": "2023", "numero": "830", "tipo__sigla": "IND", "tipo__descricao": "Indica\u00e7\u00e3o", "autoria": "MARCINHO", "texto_original": "http://sapl.jequie.ba.leg.br/media/sapl/public/materialegislativa/2023/4272/ind._830.2023.docx", "ementa": "Moderniza\u00e7\u00e3o da Pra\u00e7a Miguel Bahiense, no Campo do Am\u00e9rica."}, {"id": "4274", "ano": "2023", "numero": "831", "tipo__sigla": "IND", "tipo__descricao": "Indica\u00e7\u00e3o", "autoria": "MARCINHO", "texto_original": "http://sapl.jequie.ba.leg.br/media/sapl/public/materialegislativa/2023/4274/42_-_extensao_e_rede_de_agua_potavel_laranjeira_aroeira_e_salina...docx", "ementa": "Instala\u00e7\u00e3o de \u00e1gua pot\u00e1vel nas regi\u00f5es da Laranjeira, Ch\u00e1cara Arueira e Salina, Zona Rural de Jequi\u00e9."}, {"id": "4275", "ano": "2023", "numero": "832", "tipo__sigla": "IND", "tipo__descricao": "Indica\u00e7\u00e3o", "autoria": "Sidney Magal Rodrigues de Souza (Sidney Magal)", "texto_original": "http://sapl.jequie.ba.leg.br/media/sapl/public/materialegislativa/2023/4275/ind._832.2023....doc", "ementa": "Instala\u00e7\u00e3o de redutores de velocidade em frente \u00e0 Pra\u00e7a Auzenil Rodrigues, localizada no Loteamento Bom Sossego."}, {"id": "4276", "ano": "2023", "numero": "833", "tipo__sigla": "IND", "tipo__descricao": "Indica\u00e7\u00e3o", "autoria": "Walmiral Pacheco Marinho Neto (Walmiral)", "texto_original": "http://sapl.jequie.ba.leg.br/media/sapl/public/materialegislativa/2023/4276/ind._833.2023....docx", "ementa": "Servi\u00e7o de coleta de lixo e instala\u00e7\u00e3o de 02 (dois) cont\u00eaineres no Assentamento S\u00e3o Judas Tadeu."}, {"id": "4277", "ano": "2023", "numero": "834", "tipo__sigla": "IND", "tipo__descricao": "Indica\u00e7\u00e3o", "autoria": "MOANA", "texto_original": "http://sapl.jequie.ba.leg.br/media/sapl/public/materialegislativa/2023/4277/ind._834.2023...docx", "ementa": "Realiza\u00e7\u00e3o da pavimenta\u00e7\u00e3o asf\u00e1ltica das seguintes vias: Rua Ferreira Goullart, Rua Machado de Assis e Rua Vinicius de Moraes, todas localizadas no Loteamento Sunville II."}, {"id": "4278", "ano": "2023", "numero": "835", "tipo__sigla": "IND", "tipo__descricao": "Indica\u00e7\u00e3o", "autoria": "MOANA", "texto_original": "http://sapl.jequie.ba.leg.br/media/sapl/public/materialegislativa/2023/4278/ind._835.2023...docx", "ementa": "Pavimenta\u00e7\u00e3o asf\u00e1ltica das seguintes vias: Rua Grilos, Rua Lib\u00e9lulas e Rua Cigarras, localizadas no Loteamento Sunville I."}, {"id": "4279", "ano": "2023", "numero": "836", "tipo__sigla": "IND", "tipo__descricao": "Indica\u00e7\u00e3o", "autoria": "Joaquim Caires Rocha (Joaquim Caires)", "texto_original": "http://sapl.jequie.ba.leg.br/media/sapl/public/materialegislativa/2023/4279/ind._836.2023.doc", "ementa": "Pavimenta\u00e7\u00e3o asf\u00e1ltica da Rua Padre de Altino Freire e da Rua Tiradentes, localizadas no Centro da nossa cidade."}, {"id": "4280", "ano": "2023", "numero": "837", "tipo__sigla": "IND", "tipo__descricao": "Indica\u00e7\u00e3o", "autoria": "Joaquim Caires Rocha (Joaquim Caires)", "texto_original": "http://sapl.jequie.ba.leg.br/media/sapl/public/materialegislativa/2023/4280/ind._837.2023.doc", "ementa": "Pavimenta\u00e7\u00e3o asf\u00e1ltica da Rua Sinh\u00e1 Soares, bairro Campo do Am\u00e9rica."}, {"id": "4281", "ano": "2023", "numero": "838", "tipo__sigla": "IND", "tipo__descricao": "Indica\u00e7\u00e3o", "autoria": "PROFESSORA CIDA", "texto_original": "http://sapl.jequie.ba.leg.br/media/sapl/public/materialegislativa/2023/4281/ind._838.2023.docx", "ementa": "Implanta\u00e7\u00e3o de sistema para conten\u00e7\u00e3o de \u00e1gua pluvial (bacias de capta\u00e7\u00e3o de enxurradas) no final da Rua Maria Ad\u00e9lia em conflu\u00eancia com a Rua Profa. Virginia Ribeiro."}, {"id": "4282", "ano": "2023", "numero": "839", "tipo__sigla": "IND", "tipo__descricao": "Indica\u00e7\u00e3o", "autoria": "PROFESSORA CIDA", "texto_original": "http://sapl.jequie.ba.leg.br/media/sapl/public/materialegislativa/2023/4282/ind.839.2023.docx", "ementa": "Revitaliza\u00e7\u00e3o da Pra\u00e7a Jornalista Jorge Calmon,  localizada na Avenida Lions Club, Jequiezinho."}, {"id": "4283", "ano": "2023", "numero": "840", "tipo__sigla": "IND", "tipo__descricao": "Indica\u00e7\u00e3o", "autoria": "COLORIDO", "texto_original": "http://sapl.jequie.ba.leg.br/media/sapl/public/materialegislativa/2023/4283/ind._840.2023.docx", "ementa": "Constru\u00e7\u00e3o de  uma pra\u00e7a entre as ruas Bangu e Corinthians, no terreno localizado  em frente \u00e1 igreja Assembleia de Deus Cana\u00e3, no Loteamento Jardim Maracan\u00e3, bairro Mandacaru."}, {"id": "4285", "ano": "2023", "numero": "841", "tipo__sigla": "IND", "tipo__descricao": "Indica\u00e7\u00e3o", "autoria": "Joaquim Caires Rocha (Joaquim Caires)", "texto_original": "http://sapl.jequie.ba.leg.br/media/sapl/public/materialegislativa/2023/4285/ind._841.2023.docx", "ementa": "Plano de Recupera\u00e7\u00e3o e um Projeto de Revitaliza\u00e7\u00e3o da Bacia do Rio das Contas."}, {"id": "4286", "ano": "2023", "numero": "842", "tipo__sigla": "IND", "tipo__descricao": "Indica\u00e7\u00e3o", "autoria": "Joaquim Caires Rocha (Joaquim Caires)", "texto_original": "http://sapl.jequie.ba.leg.br/media/sapl/public/materialegislativa/2023/4286/842_2023.docx", "ementa": "Pavimenta\u00e7\u00e3o asf\u00e0ltica da Rua Fenelon Freire Lima."}, {"id": "4287", "ano": "2023", "numero": "843", "tipo__sigla": "IND", "tipo__descricao": "Indica\u00e7\u00e3o", "autoria": "MOANA", "texto_original": "http://sapl.jequie.ba.leg.br/media/sapl/public/materialegislativa/2023/4287/ind._843.2023....docx", "ementa": "Realiza\u00e7\u00e3o da pavimenta\u00e7\u00e3o asf\u00e1ltica das seguintes Ruas:  Escaravelhos, Mariposas e  Vaga-lumes, Localizadas no Loteamento Sunville I."}, {"id": "4288", "ano": "2023", "numero": "844", "tipo__sigla": "IND", "tipo__descricao": "Indica\u00e7\u00e3o", "autoria": "MARCOS DO OVO", "texto_original": "http://sapl.jequie.ba.leg.br/media/sapl/public/materialegislativa/2023/4288/ind_844.2023....docx", "ementa": "Constru\u00e7\u00e3o de um cemit\u00e9rio nas imedia\u00e7\u00f5es da Baixa do Bonfim, em um terreno que fica localizado nas proximidades do Conjunto Penitenci\u00e1rio de Jequi\u00e9."}, {"id": "4289", "ano": "2023", "numero": "845", "tipo__sigla": "IND", "tipo__descricao": "Indica\u00e7\u00e3o", "autoria": "MARCOS DO OVO", "texto_original": "http://sapl.jequie.ba.leg.br/media/sapl/public/materialegislativa/2023/4289/845.2023.docx", "ementa": "Reforma e moderniza\u00e7\u00e3o do ponto de \u00f4nibus localizado na Av. Lions Club, no bairro jequiezinho, em frente ao Aeroporto Vicente Grillo."}, {"id": "4290", "ano": "2023", "numero": "846", "tipo__sigla": "IND", "tipo__descricao": "Indica\u00e7\u00e3o", "autoria": "MARCOS DO OVO", "texto_original": "http://sapl.jequie.ba.leg.br/media/sapl/public/materialegislativa/2023/4290/ind._846.2023..docx", "ementa": "Concretagem do Caminho 2, Caminho 3 e Caminho 4, na URBIS 3, bairro Esp\u00edrito Santo."}, {"id": "4291", "ano": "2023", "numero": "847", "tipo__sigla": "IND", "tipo__descricao": "Indica\u00e7\u00e3o", "autoria": "TINHO", "texto_original": "http://sapl.jequie.ba.leg.br/media/sapl/public/materialegislativa/2023/4291/ind._847.2023...docx", "ementa": "Concretagem da Rua Jos\u00e9 Coelho e Rua Augusto Cruz, ambas localizadas no bairro Curral Novo."}, {"id": "4292", "ano": "2023", "numero": "848", "tipo__sigla": "IND", "tipo__descricao": "Indica\u00e7\u00e3o", "autoria": "TINHO", "texto_original": "http://sapl.jequie.ba.leg.br/media/sapl/public/materialegislativa/2023/4292/ind_848.2023....docx", "ementa": "Constru\u00e7\u00e3o de uma pra\u00e7a dotada de academia ao ar livre, bancos, parque infantil, dentre outros, entre a Rua Jos\u00e9 Coelho e Rua Augusto Cruz, localizadas no bairro Curral Novo."}, {"id": "4293", "ano": "2023", "numero": "849", "tipo__sigla": "IND", "tipo__descricao": "Indica\u00e7\u00e3o", "autoria": "MOANA", "texto_original": "http://sapl.jequie.ba.leg.br/media/sapl/public/materialegislativa/2023/4293/ind_849.2023.docx", "ementa": "Pavimenta\u00e7\u00e3o asf\u00e1ltica das seguintes art\u00e9rias:  Rua Ariano Suassuna, Fernando Pessoa e Rua Zelia Gatai, localizadas no Loteamento Sunville II."}, {"id": "4296", "ano": "2023", "numero": "850", "tipo__sigla": "IND", "tipo__descricao": "Indica\u00e7\u00e3o", "autoria": "TINHO", "texto_original": "http://sapl.jequie.ba.leg.br/media/sapl/public/materialegislativa/2023/4296/ind._850.2023.docx", "ementa": "Implanta\u00e7\u00e3o de um ponto de \u00f4nibus ao lado da  Lot\u00e9rica localizada na Pra\u00e7a Gov. Juracy Magalh\u00e3es, bairro Jequiezinho."}, {"id": "4297", "ano": "2023", "numero": "851", "tipo__sigla": "IND", "tipo__descricao": "Indica\u00e7\u00e3o", "autoria": "ZIEL", "texto_original": "http://sapl.jequie.ba.leg.br/media/sapl/public/materialegislativa/2023/4297/ind._851.2023.doc", "ementa": "Constru\u00e7\u00e3o de uma pra\u00e7a dotada de quiosques, parque infantil e academia ao ar livre, na Avenida Nazar\u00e9, bairro Caixa D\u2019\u00e1gua."}, {"id": "4299", "ano": "2023", "numero": "852", "tipo__sigla": "IND", "tipo__descricao": "Indica\u00e7\u00e3o", "autoria": "ZIEL", "texto_original": "http://sapl.jequie.ba.leg.br/media/sapl/public/materialegislativa/2023/4299/ind__852.2023.docx", "ementa": "Constru\u00e7\u00e3o de centro para a pr\u00e1tica de equiprovas."}, {"id": "4304", "ano": "2023", "numero": "853", "tipo__sigla": "IND", "tipo__descricao": "Indica\u00e7\u00e3o", "autoria": "PROFESSORA CIDA", "texto_original": "http://sapl.jequie.ba.leg.br/media/sapl/public/materialegislativa/2023/4304/ind_853.2023.docm", "ementa": "Servi\u00e7o de drenagem e a pavimenta\u00e7\u00e3o asf\u00e1ltica para as vias: Rua Guilherme Fernandes, Neuton Souza Anjos e a Rua do Bloco."}, {"id": "4305", "ano": "2023", "numero": "854", "tipo__sigla": "IND", "tipo__descricao": "Indica\u00e7\u00e3o", "autoria": "ZIEL", "texto_original": "http://sapl.jequie.ba.leg.br/media/sapl/public/materialegislativa/2023/4305/ind__854_2023.docx", "ementa": "Constru\u00e7\u00e3o de pra\u00e7a p\u00fablica dotada de parque infantil, quiosque e academia ao ar livre no Loteamento Ipanema, bairro Curral Novo."}, {"id": "4306", "ano": "2023", "numero": "855", "tipo__sigla": "IND", "tipo__descricao": "Indica\u00e7\u00e3o", "autoria": "Walmiral Pacheco Marinho Neto (Walmiral)", "texto_original": "http://sapl.jequie.ba.leg.br/media/sapl/public/materialegislativa/2023/4306/ind._855.2023.docx", "ementa": "Instala\u00e7\u00e3o de Bebedouro com \u00e1gua e ra\u00e7\u00e3o nas ruas de Florestal."}, {"id": "4307", "ano": "2023", "numero": "856", "tipo__sigla": "IND", "tipo__descricao": "Indica\u00e7\u00e3o", "autoria": "Walmiral Pacheco Marinho Neto (Walmiral)", "texto_original": "http://sapl.jequie.ba.leg.br/media/sapl/public/materialegislativa/2023/4307/ind._856_2023....docx", "ementa": "Instala\u00e7\u00e3o de Bebedouro com \u00e1gua e ra\u00e7\u00e3o nas ruas de Itajuru e Tamarindo."}, {"id": "4308", "ano": "2023", "numero": "857", "tipo__sigla": "IND", "tipo__descricao": "Indica\u00e7\u00e3o", "autoria": "Walmiral Pacheco Marinho Neto (Walmiral)", "texto_original": "http://sapl.jequie.ba.leg.br/media/sapl/public/materialegislativa/2023/4308/ind._857.2023...docx", "ementa": "Requalifica\u00e7\u00e3o da pra\u00e7a do Loteamento Jardim Tropical, bairro Jequiezinho."}, {"id": "4309", "ano": "2023", "numero": "858", "tipo__sigla": "IND", "tipo__descricao": "Indica\u00e7\u00e3o", "autoria": "Joaquim Caires Rocha (Joaquim Caires)", "texto_original": "http://sapl.jequie.ba.leg.br/media/sapl/public/materialegislativa/2023/4309/ind._858.2023.docx", "ementa": "Cobertura do canal de \u00e1gua pluvial na Rua Jos\u00e9 Miranda e Rua Zafira, ambas localizadas na Pedreira, bairro Joaquim Rom\u00e3o."}, {"id": "4310", "ano": "2023", "numero": "859", "tipo__sigla": "IND", "tipo__descricao": "Indica\u00e7\u00e3o", "autoria": "Joaquim Caires Rocha (Joaquim Caires)", "texto_original": "http://sapl.jequie.ba.leg.br/media/sapl/public/materialegislativa/2023/4310/ind.859.2023.docx", "ementa": "Implanta\u00e7\u00e3o de um N\u00facleo de Inform\u00e1tica na Escola Municipal Vilma Britto Sarmento."}, {"id": "4311", "ano": "2023", "numero": "860", "tipo__sigla": "IND", "tipo__descricao": "Indica\u00e7\u00e3o", "autoria": "Joaquim Caires Rocha (Joaquim Caires)", "texto_original": "http://sapl.jequie.ba.leg.br/media/sapl/public/materialegislativa/2023/4311/ind._860.2023.docx", "ementa": "Pavimenta\u00e7\u00e3o asf\u00e1ltica das Ruas A, B e D, no Loteamento Jardim Oriente, bairro Jequiezinho."}, {"id": "4312", "ano": "2023", "numero": "861", "tipo__sigla": "IND", "tipo__descricao": "Indica\u00e7\u00e3o", "autoria": "Joaquim Caires Rocha (Joaquim Caires)", "texto_original": "http://sapl.jequie.ba.leg.br/media/sapl/public/materialegislativa/2023/4312/ind.861.2023_pavimentacao_de_croncretagem_na_segunda_travessa_pedro_teles.doc", "ementa": "Realiza\u00e7\u00e3o de concretagem da II Travessa Pedro Teles, na Pedreira."}, {"id": "4313", "ano": "2023", "numero": "862", "tipo__sigla": "IND", "tipo__descricao": "Indica\u00e7\u00e3o", "autoria": "BUI BULH\u00d5ES", "texto_original": "http://sapl.jequie.ba.leg.br/media/sapl/public/materialegislativa/2023/4313/ind._862.2023.docx", "ementa": "Revitaliza\u00e7\u00e3o da Pra\u00e7a Nossa Senhora Aparecida, localizada no bairro Cidade Nova."}, {"id": "4314", "ano": "2023", "numero": "863", "tipo__sigla": "IND", "tipo__descricao": "Indica\u00e7\u00e3o", "autoria": "Walmiral Pacheco Marinho Neto (Walmiral)", "texto_original": "http://sapl.jequie.ba.leg.br/media/sapl/public/materialegislativa/2023/4314/ind._863.2023...docx", "ementa": "Patrolamento e cascalhamento na localidade do Assentamento Flor da Terra."}, {"id": "4329", "ano": "2023", "numero": "864", "tipo__sigla": "IND", "tipo__descricao": "Indica\u00e7\u00e3o", "autoria": "RAMON FERNANDES", "texto_original": "http://sapl.jequie.ba.leg.br/media/sapl/public/materialegislativa/2023/4329/ind._864.2023..._2.docx", "ementa": "Asfaltamento da estrada que liga a BR 330 ao Povoado da Barragem de Pedras, no total de 6/5 KM, (seis quil\u00f4metros e meio)."}, {"id": "4319", "ano": "2023", "numero": "865", "tipo__sigla": "IND", "tipo__descricao": "Indica\u00e7\u00e3o", "autoria": "TINHO", "texto_original": "http://sapl.jequie.ba.leg.br/media/sapl/public/materialegislativa/2023/4319/ind._865.2023....docx", "ementa": "Instala\u00e7\u00e3o da Escola em Tempo Integral no Col\u00e9gio Municipal Stela C\u00e2mara Dubois no munic\u00edpio de Jequi\u00e9."}, {"id": "4320", "ano": "2023", "numero": "866", "tipo__sigla": "IND", "tipo__descricao": "Indica\u00e7\u00e3o", "autoria": "TINHO", "texto_original": "http://sapl.jequie.ba.leg.br/media/sapl/public/materialegislativa/2023/4320/ind._866.2023...docx", "ementa": "Reforma do Posto de Sa\u00fade no Distrito de Monte Branco, localizada na regi\u00e3o da Caatinga de Jequi\u00e9."}, {"id": "4321", "ano": "2023", "numero": "867", "tipo__sigla": "IND", "tipo__descricao": "Indica\u00e7\u00e3o", "autoria": "MARCOS DO OVO", "texto_original": "http://sapl.jequie.ba.leg.br/media/sapl/public/materialegislativa/2023/4321/ind._867.2023.docx", "ementa": "Instala\u00e7\u00e3o de uma caixa de lixo ao lado da Padaria P\u00e3o e Cia, na Rua C, bairro Jequiezinho."}, {"id": "4322", "ano": "2023", "numero": "868", "tipo__sigla": "IND", "tipo__descricao": "Indica\u00e7\u00e3o", "autoria": "MARCOS DO OVO", "texto_original": "http://sapl.jequie.ba.leg.br/media/sapl/public/materialegislativa/2023/4322/ind._868.2023.docx", "ementa": "Asfaltamento da Rua Augusto Marqu\u00eas e Rua Carlos Andrade, bairro Jequiezinho."}, {"id": "4323", "ano": "2023", "numero": "869", "tipo__sigla": "IND", "tipo__descricao": "Indica\u00e7\u00e3o", "autoria": "MARCOS DO OVO", "texto_original": "http://sapl.jequie.ba.leg.br/media/sapl/public/materialegislativa/2023/4323/ind._869.2023..docx", "ementa": "Sinaliza\u00e7\u00e3o adequada para pedestres e motoristas na travessia entre a Franz Gedeon com a Rua Profa. Virginia Ribeiro, bairro Jequiezinho."}, {"id": "4324", "ano": "2023", "numero": "870", "tipo__sigla": "IND", "tipo__descricao": "Indica\u00e7\u00e3o", "autoria": "MARCOS DO OVO", "texto_original": "http://sapl.jequie.ba.leg.br/media/sapl/public/materialegislativa/2023/4324/ind._870.2023sinalizacao_de_transito_ciclofaixas.docx", "ementa": "Sinaliza\u00e7\u00e3o adequada para os ciclistas ao longo de toda a Av. C\u00e9sar Borges."}, {"id": "4326", "ano": "2023", "numero": "872", "tipo__sigla": "IND", "tipo__descricao": "Indica\u00e7\u00e3o", "autoria": "SOLDADO GILVAN", "texto_original": "http://sapl.jequie.ba.leg.br/media/sapl/public/materialegislativa/2023/4326/ind._872.2023.docx", "ementa": "Reabertura do Horto Florestal  de Jequi\u00e9."}, {"id": "4327", "ano": "2023", "numero": "873", "tipo__sigla": "IND", "tipo__descricao": "Indica\u00e7\u00e3o", "autoria": "Sidney Magal Rodrigues de Souza (Sidney Magal)", "texto_original": "http://sapl.jequie.ba.leg.br/media/sapl/public/materialegislativa/2023/4327/ind._873.2023...docx", "ementa": "Patrolamento e cascalhamento da estrada vicinal da regi\u00e3o de Massaranduda 3, pr\u00f3ximo a localidade de Itaib\u00f3."}, {"id": "4328", "ano": "2023", "numero": "874", "tipo__sigla": "IND", "tipo__descricao": "Indica\u00e7\u00e3o", "autoria": "Sidney Magal Rodrigues de Souza (Sidney Magal)", "texto_original": "http://sapl.jequie.ba.leg.br/media/sapl/public/materialegislativa/2023/4328/ind._874.2023....docx", "ementa": "Conserto de duas pontes e a instala\u00e7\u00e3o de corrim\u00e3os nas mesmas,  pontes estas que est\u00e3o localizadas na Rua Pernambuco e Vov\u00f3 Camila, em frente \u00e0 Mercearia Quitanda, no Loteamento Bom Sossego."}, {"id": "4344", "ano": "2023", "numero": "875", "tipo__sigla": "IND", "tipo__descricao": "Indica\u00e7\u00e3o", "autoria": "ZIEL", "texto_original": "http://sapl.jequie.ba.leg.br/media/sapl/public/materialegislativa/2023/4344/ind._875.2023.doc", "ementa": "Instala\u00e7\u00e3o de ilumina\u00e7\u00e3o p\u00fablica em LED do Povoado da Fazenda Velha \u00e0 entrada da Usina Hidrel\u00e9trica Pedra."}, {"id": "4346", "ano": "2023", "numero": "876", "tipo__sigla": "IND", "tipo__descricao": "Indica\u00e7\u00e3o", "autoria": "Joaquim Caires Rocha (Joaquim Caires)", "texto_original": "http://sapl.jequie.ba.leg.br/media/sapl/public/materialegislativa/2023/4346/ind._876.2023.doc", "ementa": "Instala\u00e7\u00e3o de um cont\u00eainer para Coleta de Lixo na Rua Fenelon Freire Lima, localizada no bairro Jequiezinho, pr\u00f3ximo \u00e0 Distribuidora Frijel."}, {"id": "4348", "ano": "2023", "numero": "877", "tipo__sigla": "IND", "tipo__descricao": "Indica\u00e7\u00e3o", "autoria": "Joaquim Caires Rocha (Joaquim Caires)", "texto_original": "http://sapl.jequie.ba.leg.br/media/sapl/public/materialegislativa/2023/4348/ind._877.2023.doc", "ementa": "Implanta\u00e7\u00e3o de rondas policiais em Campo Largo."}, {"id": "4349", "ano": "2023", "numero": "878", "tipo__sigla": "IND", "tipo__descricao": "Indica\u00e7\u00e3o", "autoria": "MOANA", "texto_original": "http://sapl.jequie.ba.leg.br/media/sapl/public/materialegislativa/2023/4349/ind._878.2023....docx", "ementa": "Realiza\u00e7\u00e3o da pavimenta\u00e7\u00e3o asf\u00e1ltica das seguintes vias: Rua Alu\u00edzio Azevedo, Rua \u00c9rico Verissimo e Rua Jos\u00e9 Alencar, localizadas no Loteamento Sunville II."}, {"id": "4350", "ano": "2023", "numero": "879", "tipo__sigla": "IND", "tipo__descricao": "Indica\u00e7\u00e3o", "autoria": "MOANA", "texto_original": "http://sapl.jequie.ba.leg.br/media/sapl/public/materialegislativa/2023/4350/ind._879.2023....docx", "ementa": "Pavimenta\u00e7\u00e3o asf\u00e1ltica das seguintes art\u00e9rias: Rua Rubens Braga, Rua Paulo Coelho e Rua Rachel de Queiroz, todas localizadas no Sunville II."}, {"id": "4352", "ano": "2023", "numero": "880", "tipo__sigla": "IND", "tipo__descricao": "Indica\u00e7\u00e3o", "autoria": "MOANA", "texto_original": "http://sapl.jequie.ba.leg.br/media/sapl/public/materialegislativa/2023/4352/ind._880.2023....docx", "ementa": "Cria\u00e7\u00e3o de um programa de ouvidoria nas escolas municipais de Jequi\u00e9, para disponibilizar os alunos, professores e funcion\u00e1rios um canal de atendimento seguro para den\u00fancia e viol\u00eancia."}, {"id": "4353", "ano": "2023", "numero": "881", "tipo__sigla": "IND", "tipo__descricao": "Indica\u00e7\u00e3o", "autoria": "GUTINHA", "texto_original": "http://sapl.jequie.ba.leg.br/media/sapl/public/materialegislativa/2023/4353/ind._881.2023.doc", "ementa": "Instala\u00e7\u00e3o de sem\u00e1foro entre as ruas Nestor Ribeiro e Dom Pedro II, localizadas no Centro de nossa cidade."}, {"id": "4354", "ano": "2023", "numero": "882", "tipo__sigla": "IND", "tipo__descricao": "Indica\u00e7\u00e3o", "autoria": "Joaquim Caires Rocha (Joaquim Caires)", "texto_original": "http://sapl.jequie.ba.leg.br/media/sapl/public/materialegislativa/2023/4354/ind._882.2023.doc", "ementa": "Constru\u00e7\u00e3o de redutor de velocidade na Rua S, localizada no Loteamento \u00c1gua Branca, em frente ao Supermercado \"Da gente\"."}, {"id": "4356", "ano": "2023", "numero": "883", "tipo__sigla": "IND", "tipo__descricao": "Indica\u00e7\u00e3o", "autoria": "ZIEL", "texto_original": "http://sapl.jequie.ba.leg.br/media/sapl/public/materialegislativa/2023/4356/ind._883.2023.doc", "ementa": "Refazer a sinaliza\u00e7\u00e3o horizontal da Avenida C\u00e9sar Borges."}, {"id": "4357", "ano": "2023", "numero": "884", "tipo__sigla": "IND", "tipo__descricao": "Indica\u00e7\u00e3o", "autoria": "PROFESSORA CIDA", "texto_original": "http://sapl.jequie.ba.leg.br/media/sapl/public/materialegislativa/2023/4357/ind._884.2023.docx", "ementa": "Pavimenta\u00e7\u00e3o da Rua I, CEP 45.206-021, bairro Pomp\u00edlio Sampaio,(conhecido tamb\u00e9m como Parque da Colina) Jequi\u00e9/BA"}, {"id": "4358", "ano": "2023", "numero": "885", "tipo__sigla": "IND", "tipo__descricao": "Indica\u00e7\u00e3o", "autoria": "PROFESSORA CIDA", "texto_original": "http://sapl.jequie.ba.leg.br/media/sapl/public/materialegislativa/2023/4358/ind._885.2023.docx", "ementa": "Servi\u00e7os de drenagem e pavimenta\u00e7\u00e3o da Travessa da Rua I, Loteamento \u00c1gua Branca, ao lado do condom\u00ednio Borda da Mata) bairro Jequiezinho."}, {"id": "4359", "ano": "2023", "numero": "886", "tipo__sigla": "IND", "tipo__descricao": "Indica\u00e7\u00e3o", "autoria": "PROFESSORA CIDA", "texto_original": "http://sapl.jequie.ba.leg.br/media/sapl/public/materialegislativa/2023/4359/ind._886.2023.docx", "ementa": "Pavimenta\u00e7\u00e3o da Rua Valdeck Pinto Ara\u00fajo, bairro Jequiezinho."}, {"id": "4360", "ano": "2023", "numero": "887", "tipo__sigla": "IND", "tipo__descricao": "Indica\u00e7\u00e3o", "autoria": "Joaquim Caires Rocha (Joaquim Caires)", "texto_original": "http://sapl.jequie.ba.leg.br/media/sapl/public/materialegislativa/2023/4360/ind._887.2023.doc", "ementa": "Pavimenta\u00e7\u00e3o asf\u00e1ltica da Rua F, no Alto da Colina."}, {"id": "4361", "ano": "2023", "numero": "888", "tipo__sigla": "IND", "tipo__descricao": "Indica\u00e7\u00e3o", "autoria": "San David Pereira Arag\u00e3o (San)", "texto_original": "http://sapl.jequie.ba.leg.br/media/sapl/public/materialegislativa/2023/4361/ind._888.2023.docx", "ementa": "Implanta\u00e7\u00e3o do balizamento noturno e ilumina\u00e7\u00e3o da pista do Aeroporto Vicente Grillo em Jequi\u00e9, para pousos e decolagem \u00e0 noite de aeronaves de pequeno ou m\u00e9dio porte."}, {"id": "4362", "ano": "2023", "numero": "889", "tipo__sigla": "IND", "tipo__descricao": "Indica\u00e7\u00e3o", "autoria": "San David Pereira Arag\u00e3o (San)", "texto_original": "http://sapl.jequie.ba.leg.br/media/sapl/public/materialegislativa/2023/4362/ind._889.2023.docx", "ementa": "Implanta\u00e7\u00e3o de passagem elevada pr\u00f3ximo \u00e0 Distribuidora Souza, na BR 330, no trecho urbano do bairro Curral Novo (Rodovia Barragem de Pedra)."}, {"id": "4363", "ano": "2023", "numero": "890", "tipo__sigla": "IND", "tipo__descricao": "Indica\u00e7\u00e3o", "autoria": "Walmiral Pacheco Marinho Neto (Walmiral)", "texto_original": "http://sapl.jequie.ba.leg.br/media/sapl/public/materialegislativa/2023/4363/ind._890.2023....odt", "ementa": "Instala\u00e7\u00e3o de uma urna eleitoral no Assentamento Flor da Terra."}, {"id": "4364", "ano": "2023", "numero": "891", "tipo__sigla": "IND", "tipo__descricao": "Indica\u00e7\u00e3o", "autoria": "MARCOS DO OVO", "texto_original": "http://sapl.jequie.ba.leg.br/media/sapl/public/materialegislativa/2023/4364/ind._891.2023.docx", "ementa": "Constru\u00e7\u00e3o de uma pra\u00e7a dotada de parquinho e academia ao ar livre na Cachoeirinha."}, {"id": "4365", "ano": "2023", "numero": "892", "tipo__sigla": "IND", "tipo__descricao": "Indica\u00e7\u00e3o", "autoria": "MARCOS DO OVO", "texto_original": "http://sapl.jequie.ba.leg.br/media/sapl/public/materialegislativa/2023/4365/ind._892.2023.docx", "ementa": "Moderniza\u00e7\u00e3o da ilumina\u00e7\u00e3o em l\u00e2mpadas de LED na estrada da Frisuba."}, {"id": "4366", "ano": "2023", "numero": "893", "tipo__sigla": "IND", "tipo__descricao": "Indica\u00e7\u00e3o", "autoria": "MARCOS DO OVO", "texto_original": "http://sapl.jequie.ba.leg.br/media/sapl/public/materialegislativa/2023/4366/ind._893.2023.docx", "ementa": "Moderniza\u00e7\u00e3o do campo de areia na Rua do Calc\u00e1rio, localidade da Baixa do Bonfim."}, {"id": "4369", "ano": "2023", "numero": "894", "tipo__sigla": "IND", "tipo__descricao": "Indica\u00e7\u00e3o", "autoria": "RAMON FERNANDES", "texto_original": "http://sapl.jequie.ba.leg.br/media/sapl/public/materialegislativa/2023/4369/ind._894.2023.docx", "ementa": "Implanta\u00e7\u00e3o de sistema simplificado de abastecimento de \u00e1gua para o Distrito de Oriente Novo."}, {"id": "4372", "ano": "2023", "numero": "895", "tipo__sigla": "IND", "tipo__descricao": "Indica\u00e7\u00e3o", "autoria": "RAMON FERNANDES", "texto_original": "http://sapl.jequie.ba.leg.br/media/sapl/public/materialegislativa/2023/4372/ind._895.2023.doc", "ementa": "Reforma da Unidade B\u00e1sica Ol\u00edmpio Anjos, no bairro do Cansan\u00e7\u00e3o."}, {"id": "4373", "ano": "2023", "numero": "896", "tipo__sigla": "IND", "tipo__descricao": "Indica\u00e7\u00e3o", "autoria": "RAMON FERNANDES", "texto_original": "http://sapl.jequie.ba.leg.br/media/sapl/public/materialegislativa/2023/4373/ind._896.2023...doc", "ementa": "Solicitando a obrigatoriedade da presen\u00e7a de um profissional habilitado a prestar primeiros socorros nas escolas da rede municipal de nosso munic\u00edpio."}, {"id": "4374", "ano": "2023", "numero": "897", "tipo__sigla": "IND", "tipo__descricao": "Indica\u00e7\u00e3o", "autoria": "RAMON FERNANDES", "texto_original": "http://sapl.jequie.ba.leg.br/media/sapl/public/materialegislativa/2023/4374/ind._897.2023....doc", "ementa": "Reforma do Centro Cultural Ant\u00f4nio Sales, no Distrito de Oriente Novo."}, {"id": "4376", "ano": "2023", "numero": "898", "tipo__sigla": "IND", "tipo__descricao": "Indica\u00e7\u00e3o", "autoria": "COLORIDO", "texto_original": "http://sapl.jequie.ba.leg.br/media/sapl/public/materialegislativa/2023/4376/ind._898.2023.docx", "ementa": "A instala\u00e7\u00e3o de \u201ccorrim\u00e3os\u201d na Rua Nova, localidade da Pedreira, bairro Joaquim Rom\u00e3o."}, {"id": "4377", "ano": "2023", "numero": "899", "tipo__sigla": "IND", "tipo__descricao": "Indica\u00e7\u00e3o", "autoria": "COLORIDO", "texto_original": "http://sapl.jequie.ba.leg.br/media/sapl/public/materialegislativa/2023/4377/ind._899.2023.docx", "ementa": "Constru\u00e7\u00e3o do \u201cBosque da Cidade\u201d no Loteamento Morada do Parque, no bairro Jequiezinho (antiga Lagoa do Padre)."}, {"id": "4378", "ano": "2023", "numero": "900", "tipo__sigla": "IND", "tipo__descricao": "Indica\u00e7\u00e3o", "autoria": "MOANA", "texto_original": "http://sapl.jequie.ba.leg.br/media/sapl/public/materialegislativa/2023/4378/ind._900.2023.doc", "ementa": "Acessibilidade arquitet\u00f4nica em todas escolas do munic\u00edpio de Jequi\u00e9."}, {"id": "4379", "ano": "2023", "numero": "901", "tipo__sigla": "IND", "tipo__descricao": "Indica\u00e7\u00e3o", "autoria": "MARCOS DO OVO", "texto_original": "http://sapl.jequie.ba.leg.br/media/sapl/public/materialegislativa/2023/4379/ind._901.2023.docx", "ementa": "Coloca\u00e7\u00e3o de uma caixa de lixo na Av. Jo\u00e3o Goulart, em frente a Ivan Moto Pe\u00e7as, no bairro Jequiezinho."}, {"id": "4380", "ano": "2023", "numero": "902", "tipo__sigla": "IND", "tipo__descricao": "Indica\u00e7\u00e3o", "autoria": "Walmiral Pacheco Marinho Neto (Walmiral)", "texto_original": "http://sapl.jequie.ba.leg.br/media/sapl/public/materialegislativa/2023/4380/ind._902.2023.docx", "ementa": "Sistema de purifica\u00e7\u00e3o da \u00e1gua de maneira simplificada, no Distrito de Itajuru e Florestal."}, {"id": "4381", "ano": "2023", "numero": "903", "tipo__sigla": "IND", "tipo__descricao": "Indica\u00e7\u00e3o", "autoria": "Walmiral Pacheco Marinho Neto (Walmiral)", "texto_original": "http://sapl.jequie.ba.leg.br/media/sapl/public/materialegislativa/2023/4381/ind._903.2023.docx", "ementa": "Constru\u00e7\u00e3o e implanta\u00e7\u00e3o de uma Escola Fam\u00edlia Agr\u00edcola no Distrito de Florestal, Zona Rural de Jequi\u00e9-BA."}, {"id": "4382", "ano": "2023", "numero": "904", "tipo__sigla": "IND", "tipo__descricao": "Indica\u00e7\u00e3o", "autoria": "Walmiral Pacheco Marinho Neto (Walmiral)", "texto_original": "http://sapl.jequie.ba.leg.br/media/sapl/public/materialegislativa/2023/4382/ind._904.2023....docx", "ementa": "Constru\u00e7\u00e3o e implanta\u00e7\u00e3o de uma Escola Fam\u00edlia Agr\u00edcola no Distrito de Itajuru, Zona Rural de Jequi\u00e9-BA."}, {"id": "4385", "ano": "2023", "numero": "905", "tipo__sigla": "IND", "tipo__descricao": "Indica\u00e7\u00e3o", "autoria": "MARCOS DO OVO", "texto_original": "http://sapl.jequie.ba.leg.br/media/sapl/public/materialegislativa/2023/4385/ind._905.2023_corrigida.docx", "ementa": "Reforma e moderniza\u00e7\u00e3o do campo de areia na Rua Viriato, bairro Km 03."}, {"id": "4386", "ano": "2023", "numero": "906", "tipo__sigla": "IND", "tipo__descricao": "Indica\u00e7\u00e3o", "autoria": "MARCOS DO OVO", "texto_original": "http://sapl.jequie.ba.leg.br/media/sapl/public/materialegislativa/2023/4386/ind._906.2023.docx", "ementa": "Reforma e moderniza\u00e7\u00e3o do ponto de \u00f4nibus localizado na Av. Ulisses Coelho, em frente ao restaurante Panela Virada, no bairro KM 03."}, {"id": "4387", "ano": "2023", "numero": "907", "tipo__sigla": "IND", "tipo__descricao": "Indica\u00e7\u00e3o", "autoria": "MARCOS DO OVO", "texto_original": "http://sapl.jequie.ba.leg.br/media/sapl/public/materialegislativa/2023/4387/ind._907.2023.docx", "ementa": "Constru\u00e7\u00e3o de uma pra\u00e7a com parquinho e academia ao ar livre na Rua Cl\u00e9riston Andrade, no bairro KM 03."}, {"id": "4388", "ano": "2023", "numero": "908", "tipo__sigla": "IND", "tipo__descricao": "Indica\u00e7\u00e3o", "autoria": "ZIEL", "texto_original": "http://sapl.jequie.ba.leg.br/media/sapl/public/materialegislativa/2023/4388/ind._908.2023....doc", "ementa": "Capinagem e pintura dos meio-fios da Rua Desembargador Andrade Teixeira e ruas transversais, no bairro Joaquim Rom\u00e3o."}, {"id": "4389", "ano": "2023", "numero": "909", "tipo__sigla": "IND", "tipo__descricao": "Indica\u00e7\u00e3o", "autoria": "ZIEL", "texto_original": "http://sapl.jequie.ba.leg.br/media/sapl/public/materialegislativa/2023/4389/ind._909.2023.doc", "ementa": "Interven\u00e7\u00e3o paisag\u00edstica em canteiro existente no cruzamento entre a Rua Osvaldo Souza Rocha e a Trav. Taurino Bispo, no bairro Joaquim Rom\u00e3o."}, {"id": "4390", "ano": "2023", "numero": "910", "tipo__sigla": "IND", "tipo__descricao": "Indica\u00e7\u00e3o", "autoria": "COLORIDO", "texto_original": "http://sapl.jequie.ba.leg.br/media/sapl/public/materialegislativa/2023/4390/ind._910.2023.doc", "ementa": "Pavimenta\u00e7\u00e3o asf\u00e1ltica na Rua 5 da Fortaleza, no bairro Cidade Nova."}, {"id": "4391", "ano": "2023", "numero": "911", "tipo__sigla": "IND", "tipo__descricao": "Indica\u00e7\u00e3o", "autoria": "Joaquim Caires Rocha (Joaquim Caires)", "texto_original": "http://sapl.jequie.ba.leg.br/media/sapl/public/materialegislativa/2023/4391/ind._911.2023.doc", "ementa": "Implanta\u00e7\u00e3o do Sistema de Esgotamento Sanit\u00e1rio da Rua C, localizada no Loteamento Alto da Colina, bairro Jequiezinho."}, {"id": "4430", "ano": "2023", "numero": "912", "tipo__sigla": "IND", "tipo__descricao": "Indica\u00e7\u00e3o", "autoria": "TINHO", "texto_original": "http://sapl.jequie.ba.leg.br/media/sapl/public/materialegislativa/2023/4430/ind._912.2023.doc", "ementa": "Indicamos a amplia\u00e7\u00e3o da rede de \u00e1gua, como tamb\u00e9m, a rede de esgoto nas ruas T, G e 2\u00aa Travessa Vov\u00f3 Camila, ambas localizadas na Vov\u00f3 Camila, Bairro do Jequiezinho."}, {"id": "4393", "ano": "2023", "numero": "913", "tipo__sigla": "IND", "tipo__descricao": "Indica\u00e7\u00e3o", "autoria": "Joaquim Caires Rocha (Joaquim Caires)", "texto_original": "http://sapl.jequie.ba.leg.br/media/sapl/public/materialegislativa/2023/4393/ind._913.2023.doc", "ementa": "Cria\u00e7\u00e3o de postos avan\u00e7ados do CRAS, no bairro Jequiezinho, para atender \u00e0s fam\u00edlias do bairro \u00c1gua Branca, e das localidades de  Vila Vit\u00f3ria, Brasil Novo, Bom Sossego e Banca."}, {"id": "4394", "ano": "2023", "numero": "914", "tipo__sigla": "IND", "tipo__descricao": "Indica\u00e7\u00e3o", "autoria": "Sidney Magal Rodrigues de Souza (Sidney Magal)", "texto_original": "http://sapl.jequie.ba.leg.br/media/sapl/public/materialegislativa/2023/4394/ind._914.2023.doc", "ementa": "Pavimenta\u00e7\u00e3o da Rua S\u00e3o Domingos no bairro do Mandacaru, pr\u00f3ximo ao ponto de Encomendas Cidade Sol."}, {"id": "4395", "ano": "2023", "numero": "915", "tipo__sigla": "IND", "tipo__descricao": "Indica\u00e7\u00e3o", "autoria": "Jo\u00e3o Paulo Fernandes Silva (JP)", "texto_original": "http://sapl.jequie.ba.leg.br/media/sapl/public/materialegislativa/2023/4395/ind.915.2023.doc", "ementa": "Constru\u00e7\u00e3o de um alambrado no campo de futebol do Pau-Ferro, bairro Jequiezinho."}, {"id": "4396", "ano": "2023", "numero": "916", "tipo__sigla": "IND", "tipo__descricao": "Indica\u00e7\u00e3o", "autoria": "Jo\u00e3o Paulo Fernandes Silva (JP)", "texto_original": "http://sapl.jequie.ba.leg.br/media/sapl/public/materialegislativa/2023/4396/ind._916.2023.doc", "ementa": "Realiza\u00e7\u00e3o de pinturas e manuten\u00e7\u00e3o nas faixas de pedestres na Av. Landulfo Carib\u00e9, no Centro, nas proximidades da Pra\u00e7a Governador Roberto Santos (Pra\u00e7a dos Ca\u00e7ambeiros)."}, {"id": "4397", "ano": "2023", "numero": "917", "tipo__sigla": "IND", "tipo__descricao": "Indica\u00e7\u00e3o", "autoria": "Jo\u00e3o Paulo Fernandes Silva (JP)", "texto_original": "http://sapl.jequie.ba.leg.br/media/sapl/public/materialegislativa/2023/4397/ind._917.2023.doc", "ementa": "Realiza\u00e7\u00e3o do Projeto \u201cSa\u00fade no Bairro\u201d, no Conjunto Habitacional Mandacaru I e II."}, {"id": "4398", "ano": "2023", "numero": "918", "tipo__sigla": "IND", "tipo__descricao": "Indica\u00e7\u00e3o", "autoria": "PROFESSORA CIDA", "texto_original": "http://sapl.jequie.ba.leg.br/media/sapl/public/materialegislativa/2023/4398/ind.918.2023", "ementa": "Pavimenta\u00e7\u00e3o asf\u00e1ltica da Avenida Brigadeiro S\u00e1 Bittencourt e Rua Nossa Senhora do Perpetuo Socorro, bairro Jequiezinho."}, {"id": "4399", "ano": "2023", "numero": "919", "tipo__sigla": "IND", "tipo__descricao": "Indica\u00e7\u00e3o", "autoria": "PROFESSORA CIDA", "texto_original": "http://sapl.jequie.ba.leg.br/media/sapl/public/materialegislativa/2023/4399/ind.919.2023", "ementa": "Revitaliza\u00e7\u00e3o do canteiro e cobertura com placas de identifica\u00e7\u00e3o, para os pontos de T\u00e1xi e Moto T\u00e1xi, Rua Jo\u00e3o Braga em conflu\u00eancia com a Avenida Brigadeiro S\u00e1 Bittencourt"}, {"id": "4400", "ano": "2023", "numero": "920", "tipo__sigla": "IND", "tipo__descricao": "Indica\u00e7\u00e3o", "autoria": "RAMON FERNANDES", "texto_original": "http://sapl.jequie.ba.leg.br/media/sapl/public/materialegislativa/2023/4400/ind.920.2023.doc", "ementa": "Revitaliza\u00e7\u00e3o do campo de futebol do Povoado do S\u00e3o Jo\u00e3o."}, {"id": "4408", "ano": "2023", "numero": "921", "tipo__sigla": "IND", "tipo__descricao": "Indica\u00e7\u00e3o", "autoria": "Joaquim Caires Rocha (Joaquim Caires)", "texto_original": "http://sapl.jequie.ba.leg.br/media/sapl/public/materialegislativa/2023/4408/ind._921.2023.doc", "ementa": "Constru\u00e7\u00e3o de tr\u00eas redutores de velocidade na Rua da Banca: em frente \u00e0 Borracharia Seja Bem-Vinda, em frente \u00e0 Casa de Materiais de Constru\u00e7\u00e3o Sampaio, e outro em frente \u00e0 Borracharia Sol Pneus, pr\u00f3ximo ao La\u00e7o de Ouro."}, {"id": "4402", "ano": "2023", "numero": "922", "tipo__sigla": "IND", "tipo__descricao": "Indica\u00e7\u00e3o", "autoria": "Walmiral Pacheco Marinho Neto (Walmiral)", "texto_original": "http://sapl.jequie.ba.leg.br/media/sapl/public/materialegislativa/2023/4402/ind._922.2023.docx", "ementa": "Implementa\u00e7\u00e3o de um programa de inclus\u00e3o social chamado 'Inclus\u00e3o para Todos\" no Distrito de Florestal e de Itajuru."}, {"id": "4403", "ano": "2023", "numero": "923", "tipo__sigla": "IND", "tipo__descricao": "Indica\u00e7\u00e3o", "autoria": "Walmiral Pacheco Marinho Neto (Walmiral)", "texto_original": "http://sapl.jequie.ba.leg.br/media/sapl/public/materialegislativa/2023/4403/ind._923.2023.docx", "ementa": "Implementa\u00e7\u00e3o de um projeto de seguran\u00e7a denominado 'Florestal Segura' na entrada do Distrito de Florestal."}, {"id": "4404", "ano": "2023", "numero": "924", "tipo__sigla": "IND", "tipo__descricao": "Indica\u00e7\u00e3o", "autoria": "Walmiral Pacheco Marinho Neto (Walmiral)", "texto_original": "http://sapl.jequie.ba.leg.br/media/sapl/public/materialegislativa/2023/4404/ind._924.2023.docx", "ementa": "Implementa\u00e7\u00e3o de um projeto de seguran\u00e7a denominado 'Itajuru Segura' na entrada do Distrito de Itajuru."}, {"id": "4405", "ano": "2023", "numero": "925", "tipo__sigla": "IND", "tipo__descricao": "Indica\u00e7\u00e3o", "autoria": "MARCOS DO OVO", "texto_original": "http://sapl.jequie.ba.leg.br/media/sapl/public/materialegislativa/2023/4405/ind._925.2023.docx", "ementa": "Conclus\u00e3o da reforma da quadra da Escola Municipal Adolfo Ribeiro, bairro S\u00e3o Judas."}, {"id": "4406", "ano": "2023", "numero": "926", "tipo__sigla": "IND", "tipo__descricao": "Indica\u00e7\u00e3o", "autoria": "PROFESSORA CIDA", "texto_original": "http://sapl.jequie.ba.leg.br/media/sapl/public/materialegislativa/2023/4406/ind._926.2023_corrigida.docx", "ementa": "Solicitamos servi\u00e7o de drenagem e pavimenta\u00e7\u00e3o asf\u00e1ltica da Rua I, no Loteamento Jardim Oriente (entre o Parque da Colina e Brasil Novo) bairro do Jequiezinho."}, {"id": "4407", "ano": "2023", "numero": "927", "tipo__sigla": "IND", "tipo__descricao": "Indica\u00e7\u00e3o", "autoria": "PROFESSORA CIDA", "texto_original": "http://sapl.jequie.ba.leg.br/media/sapl/public/materialegislativa/2023/4407/ind._927.2023.docx", "ementa": "Construir passarela rodovi\u00e1ria pr\u00f3ximo a nova sede do Col\u00e9gio Estadual Navarro de Brito, que est\u00e1 sendo constru\u00eddo na Avenida Ulisses Coelho, Km 3 (pr\u00f3ximo ao 19\u00b0 Batalh\u00e3o da Policia Militar) munic\u00edpio de Jequi\u00e9."}, {"id": "4410", "ano": "2023", "numero": "928", "tipo__sigla": "IND", "tipo__descricao": "Indica\u00e7\u00e3o", "autoria": "MARCOS DO OVO", "texto_original": "http://sapl.jequie.ba.leg.br/media/sapl/public/materialegislativa/2023/4410/ind._928.2023_corrigida.docx", "ementa": "Solicitamos o asfaltamento da Rua 11, localizada no bairro Jequiezinho, pr\u00f3ximo \u00e0 Lagoa do DERBA."}, {"id": "4436", "ano": "2023", "numero": "929", "tipo__sigla": "IND", "tipo__descricao": "Indica\u00e7\u00e3o", "autoria": "MARCOS DO OVO", "texto_original": "http://sapl.jequie.ba.leg.br/media/sapl/public/materialegislativa/2023/4436/ind._929.2023_sinalizacao_de_transito_social.docx", "ementa": "Solicitamos um redutor de velocidade na Av. Franz Gedeon, em frente a madeireira VB, no bairro Jequiezinho."}, {"id": "4422", "ano": "2023", "numero": "930", "tipo__sigla": "IND", "tipo__descricao": "Indica\u00e7\u00e3o", "autoria": "PROFESSORA CIDA", "texto_original": "http://sapl.jequie.ba.leg.br/media/sapl/public/materialegislativa/2023/4422/ind._930.2023pav._alto_da_prefeitura.docx", "ementa": "Pavimenta\u00e7\u00e3o da Rua Ant\u00f4nio Soares Pereira e da Trav. Ant\u00f4nio Soares Pereira, no Alto da Prefeitura, bairro Jequiezinho."}, {"id": "4424", "ano": "2023", "numero": "931", "tipo__sigla": "IND", "tipo__descricao": "Indica\u00e7\u00e3o", "autoria": "PROFESSORA CIDA", "texto_original": "http://sapl.jequie.ba.leg.br/media/sapl/public/materialegislativa/2023/4424/ind_931.2023semafaro_tote_lomanto_1.docx", "ementa": "Instala\u00e7\u00e3o de Sem\u00e1foros no cruzamento da Av. Tote Lomanto em conflu\u00eancia com as Rua Osvaldo Souza Rocha (que d\u00e1 acesso ao Largo do Cedil) e a Rua D. Clim\u00e9rio (que d\u00e1 acesso ao Col\u00e9gio Est. Milton Santos), bairro Joaquim Rom\u00e3o."}, {"id": "4423", "ano": "2023", "numero": "932", "tipo__sigla": "IND", "tipo__descricao": "Indica\u00e7\u00e3o", "autoria": "ZIEL", "texto_original": "http://sapl.jequie.ba.leg.br/media/sapl/public/materialegislativa/2023/4423/ind._932.2023aquisicao_de_carro_funerario.doc", "ementa": "Aquisi\u00e7\u00e3o de ve\u00edculo funer\u00e1rio para atender \u00e0s fam\u00edlias de baixa renda."}, {"id": "4426", "ano": "2023", "numero": "934", "tipo__sigla": "IND", "tipo__descricao": "Indica\u00e7\u00e3o", "autoria": "Joaquim Caires Rocha (Joaquim Caires)", "texto_original": "http://sapl.jequie.ba.leg.br/media/sapl/public/materialegislativa/2023/4426/ind.934.2023_cobertura_do_canal_do_rio_jequiezinho_entre_as_pontes_das_avenidas_franz_gedeon_e_joao_goulart..doc", "ementa": "Viabilizar a cobertura do canal do Rio Jequiezinho, entre as pontes das avenidas Franz Gedeon e Jo\u00e3o Goulart."}, {"id": "4427", "ano": "2023", "numero": "935", "tipo__sigla": "IND", "tipo__descricao": "Indica\u00e7\u00e3o", "autoria": "Walmiral Pacheco Marinho Neto (Walmiral)", "texto_original": "http://sapl.jequie.ba.leg.br/media/sapl/public/materialegislativa/2023/4427/ind._935.2023quadra_rio_do_antonio.docx", "ementa": "Solicitamos a constru\u00e7\u00e3o de uma quadra poliesportiva com ilumina\u00e7\u00e3o de LED, arquibancada e vesti\u00e1rio, na regi\u00e3o do Rio do Ant\u00f4nio."}, {"id": "4428", "ano": "2023", "numero": "936", "tipo__sigla": "IND", "tipo__descricao": "Indica\u00e7\u00e3o", "autoria": "J\u00daNIOR BRAGA", "texto_original": "http://sapl.jequie.ba.leg.br/media/sapl/public/materialegislativa/2023/4428/indicacao_936.2023.docx", "ementa": "Indicamos ao Prefeito Zenildo Brand\u00e3o, extensivo ao Secret\u00e1rio de Infraestrutura Sr. Lucindo Tomaz, a pavimenta\u00e7\u00e3o do estacionamento da Funda\u00e7\u00e3o Leur Britto (Abrigo dos Idosos)."}, {"id": "4431", "ano": "2023", "numero": "937", "tipo__sigla": "IND", "tipo__descricao": "Indica\u00e7\u00e3o", "autoria": "SOLDADO GILVAN, ZIEL", "texto_original": "http://sapl.jequie.ba.leg.br/media/sapl/public/materialegislativa/2023/4431/ind.937.2023_implatacao_unidadede_saude_da_familia_bairro_sol_nascente.doc", "ementa": "Indicamos realizar a adequa\u00e7\u00e3o da antiga Escola Aurino Nery, no Loteamento Sol Nascente, bairro Joaquim Rom\u00e3o, para a implanta\u00e7\u00e3o de uma Unidade de Sa\u00fade da Fam\u00edlia naquele espa\u00e7o."}, {"id": "4440", "ano": "2023", "numero": "938", "tipo__sigla": "IND", "tipo__descricao": "Indica\u00e7\u00e3o", "autoria": "PROFESSORA CIDA", "texto_original": "http://sapl.jequie.ba.leg.br/media/sapl/public/materialegislativa/2023/4440/ind.938.2023_praca_alto_da_prefeitura.docx", "ementa": "Solicitamos a constru\u00e7\u00e3o de uma Pra\u00e7a na Rua Ant\u00f4nio Soares Pereira, em frente ao Cart\u00f3rio Eleitoral, no Alto da Prefeitura, bairro Jequiezinho."}, {"id": "4441", "ano": "2023", "numero": "939", "tipo__sigla": "IND", "tipo__descricao": "Indica\u00e7\u00e3o", "autoria": "MARCOS DO OVO", "texto_original": "http://sapl.jequie.ba.leg.br/media/sapl/public/materialegislativa/2023/4441/ind._939.2023asfaltamento_jequiezinho.docx", "ementa": "Indicamos o asfaltamento da rua Jos\u00e9 Meira, rua Edvaldo Gon\u00e7alves e rua Osvaldo Costa, bairro Jequiezinho."}, {"id": "4442", "ano": "2023", "numero": "940", "tipo__sigla": "IND", "tipo__descricao": "Indica\u00e7\u00e3o", "autoria": "MARCOS DO OVO", "texto_original": "http://sapl.jequie.ba.leg.br/media/sapl/public/materialegislativa/2023/4442/ind._940.2023limpeza_rio_jequiezinho.docx", "ementa": "Indicamos a limpeza do Rio Jequiezinho, Centro."}, {"id": "4443", "ano": "2023", "numero": "941", "tipo__sigla": "IND", "tipo__descricao": "Indica\u00e7\u00e3o", "autoria": "COLORIDO", "texto_original": "http://sapl.jequie.ba.leg.br/media/sapl/public/materialegislativa/2023/4443/ind._941.2023passagem_elevada_em_frente_a_escola_jose__francisco_de_almeida.doc", "ementa": "Solicitamos Passagem elevada em frente \u00e0 escola Jos\u00e9 Francisco de Almeida, no Curral Novo."}, {"id": "4444", "ano": "2023", "numero": "942", "tipo__sigla": "IND", "tipo__descricao": "Indica\u00e7\u00e3o", "autoria": "Jo\u00e3o Paulo Fernandes Silva (JP)", "texto_original": "http://sapl.jequie.ba.leg.br/media/sapl/public/materialegislativa/2023/4444/ind._942.2023a_implantacao_de_iluminacao_de_led_na_rua_a_proximo_ao_caic-jequiezinho..doc", "ementa": "Indicamos a implanta\u00e7\u00e3o de Ilumina\u00e7\u00e3o de LED na Rua A, pr\u00f3ximo ao Caic, Jequiezinho."}, {"id": "4454", "ano": "2023", "numero": "943", "tipo__sigla": "IND", "tipo__descricao": "Indica\u00e7\u00e3o", "autoria": "MOANA", "texto_original": "http://sapl.jequie.ba.leg.br/media/sapl/public/materialegislativa/2023/4454/ind._943.2023sec.educacao-solicitando_diretora.docx", "ementa": "Indicamos ao Exm\u00ba Prefeito Municipal Zenildo Brand\u00e3o Santana, extensivo a Secret\u00e1ria de Educa\u00e7\u00e3o Elvia Sampaio, que seja designado um professor(a) para desenvolver a fun\u00e7\u00e3o de Diretor(a) da Escola Municipal Celi de Freitas."}, {"id": "4447", "ano": "2023", "numero": "945", "tipo__sigla": "IND", "tipo__descricao": "Indica\u00e7\u00e3o", "autoria": "COLORIDO", "texto_original": "http://sapl.jequie.ba.leg.br/media/sapl/public/materialegislativa/2023/4447/ind._945.2023travessa_miguel_gomes.doc", "ementa": "Concretagem na 4\u00ba Travessa Miguel Gomes, situada no bairro Mandacaru."}, {"id": "4448", "ano": "2023", "numero": "946", "tipo__sigla": "IND", "tipo__descricao": "Indica\u00e7\u00e3o", "autoria": "Walmiral Pacheco Marinho Neto (Walmiral)", "texto_original": "http://sapl.jequie.ba.leg.br/media/sapl/public/materialegislativa/2023/4448/ind_946.2023agricola_nardy__1_1.docx", "ementa": "Solicitamos a cria\u00e7\u00e3o de Cooperativas Agr\u00edcolas nos Distritos de Itajuru e Florestal."}, {"id": "4449", "ano": "2023", "numero": "947", "tipo__sigla": "IND", "tipo__descricao": "Indica\u00e7\u00e3o", "autoria": "PROFESSORA CIDA", "texto_original": "http://sapl.jequie.ba.leg.br/media/sapl/public/materialegislativa/2023/4449/ind.947.2023_fundao.docx", "ementa": "Solicitamos a pavimenta\u00e7\u00e3o da Rua que fica localizada atr\u00e1s da Rua Ant\u00f4nio Brand\u00e3o (denominada pelos moradores de fund\u00e3o) e a conclus\u00e3o da Rua 10 Lot. Jardim Eldorado, bairro Jequiezinho"}, {"id": "4452", "ano": "2023", "numero": "948", "tipo__sigla": "IND", "tipo__descricao": "Indica\u00e7\u00e3o", "autoria": "Walmiral Pacheco Marinho Neto (Walmiral)", "texto_original": "http://sapl.jequie.ba.leg.br/media/sapl/public/materialegislativa/2023/4452/ind._948.2023_de_nardy_indicacao_novo.docx", "ementa": "Indicamos a realiza\u00e7\u00e3o de um Curso de Meio Ambiente e Agricultura Sustent\u00e1vel, nos Distritos de Florestal e Itajuru."}, {"id": "4453", "ano": "2023", "numero": "949", "tipo__sigla": "IND", "tipo__descricao": "Indica\u00e7\u00e3o", "autoria": "ZIEL", "texto_original": "http://sapl.jequie.ba.leg.br/media/sapl/public/materialegislativa/2023/4453/ind._949.2023_prainha_do_curral_novo.doc", "ementa": "Indicamos uma Campanha Educativa de Conscientiza\u00e7\u00e3o quanto ao descarte correto do lixo, bem como coloca\u00e7\u00e3o de lixeiras e ca\u00e7amba coletora de lixo, na popularmente conhecida \"Prainha do Curral Novo\", localizada no Rio de Contas."}, {"id": "4455", "ano": "2023", "numero": "950", "tipo__sigla": "IND", "tipo__descricao": "Indica\u00e7\u00e3o", "autoria": "Ivan de Oliveira Santos (Ivan do Leite)", "texto_original": "http://sapl.jequie.ba.leg.br/media/sapl/public/materialegislativa/2023/4455/ind._950.2023led_na_rua_e.doc", "ementa": "Implanta\u00e7\u00e3o de Ilumina\u00e7\u00e3o de LED na Rua E, Bairro Pomp\u00edlio Sampaio."}, {"id": "4456", "ano": "2023", "numero": "951", "tipo__sigla": "IND", "tipo__descricao": "Indica\u00e7\u00e3o", "autoria": "Ivan de Oliveira Santos (Ivan do Leite)", "texto_original": "http://sapl.jequie.ba.leg.br/media/sapl/public/materialegislativa/2023/4456/ind_951.2023rua_costa_brito.doc", "ementa": "Constru\u00e7\u00e3o de lombadas ou redutores de velocidade na Rua Costa Brito."}, {"id": "4457", "ano": "2023", "numero": "952", "tipo__sigla": "IND", "tipo__descricao": "Indica\u00e7\u00e3o", "autoria": "BUI BULH\u00d5ES", "texto_original": "http://sapl.jequie.ba.leg.br/media/sapl/public/materialegislativa/2023/4457/ind._952.2023_pavimentacao_da_ligacao_da_br_330_a_cachoeirinha.doc", "ementa": "Indicamos a pavimenta\u00e7\u00e3o asf\u00e1ltica da liga\u00e7\u00e3o da BR-330 \u00e0 Cachoeirinha, atrav\u00e9s do acesso conhecido como \u201cTorta\u201d, at\u00e9 a Escola Municipal Jos\u00e9 Sim\u00f5es de Carvalho."}, {"id": "4458", "ano": "2023", "numero": "953", "tipo__sigla": "IND", "tipo__descricao": "Indica\u00e7\u00e3o", "autoria": "ZIEL", "texto_original": "http://sapl.jequie.ba.leg.br/media/sapl/public/materialegislativa/2023/4458/ind._953.2023praca_av._lions_club.doc", "ementa": "Solicitamos a constru\u00e7\u00e3o de uma pra\u00e7a voltada a pr\u00e1tica esportiva, em ampla \u00e1rea existente na Avenida Lions Club, nas proximidades do Aeroporto."}, {"id": "4459", "ano": "2023", "numero": "954", "tipo__sigla": "IND", "tipo__descricao": "Indica\u00e7\u00e3o", "autoria": "RAMON FERNANDES", "texto_original": "http://sapl.jequie.ba.leg.br/media/sapl/public/materialegislativa/2023/4459/ind.954.2023_de_pavimentacao_itaibo.doc", "ementa": "Indicamos a pavimenta\u00e7\u00e3o em concreto nas ruas do Distrito de Itaib\u00f3."}, {"id": "4460", "ano": "2023", "numero": "955", "tipo__sigla": "IND", "tipo__descricao": "Indica\u00e7\u00e3o", "autoria": "MARCOS DO OVO", "texto_original": "http://sapl.jequie.ba.leg.br/media/sapl/public/materialegislativa/2023/4460/ind._955iluminacao_publica_chacara_alvorada.docx", "ementa": "Indicamos a ilumina\u00e7\u00e3o em l\u00e2mpadas de LED na rua Vov\u00f3 Camila, pr\u00f3ximo a Gimacon, Ch\u00e1cara Alvorada."}, {"id": "4461", "ano": "2023", "numero": "956", "tipo__sigla": "IND", "tipo__descricao": "Indica\u00e7\u00e3o", "autoria": "Walmiral Pacheco Marinho Neto (Walmiral)", "texto_original": "http://sapl.jequie.ba.leg.br/media/sapl/public/materialegislativa/2023/4461/indicacao_956.2023_novo.odt", "ementa": "Indicamos que seja realizado um Projeto de preven\u00e7\u00e3o da Sa\u00fade no Povoado do Emiliano ll, na regi\u00e3o de Florestal."}, {"id": "4462", "ano": "2023", "numero": "957", "tipo__sigla": "IND", "tipo__descricao": "Indica\u00e7\u00e3o", "autoria": "Walmiral Pacheco Marinho Neto (Walmiral)", "texto_original": "http://sapl.jequie.ba.leg.br/media/sapl/public/materialegislativa/2023/4462/ind_957.2023_emiliano_.odt", "ementa": "Indicamos que seja realizada uma a\u00e7\u00e3o de concretagem no Povoado do Emiliano l, regi\u00e3o de Florestal."}, {"id": "4463", "ano": "2023", "numero": "958", "tipo__sigla": "IND", "tipo__descricao": "Indica\u00e7\u00e3o", "autoria": "PROFESSORA CIDA", "texto_original": "http://sapl.jequie.ba.leg.br/media/sapl/public/materialegislativa/2023/4463/ind_958.2023ponto_de_onibus_corrigida_2.docx", "ementa": "INDICAMOS A REVITALIZA\u00c7\u00c3O DO PONTO DE \u00d4NIBUS COLETIVO DA AVENIDA FRANZ GEDEON (EM FRENTE AO COL\u00c9GIO ESTADUAL DE JEQUI\u00c9), BAIRRO JEQUIEZINHO."}, {"id": "4464", "ano": "2023", "numero": "959", "tipo__sigla": "IND", "tipo__descricao": "Indica\u00e7\u00e3o", "autoria": "PROFESSORA CIDA", "texto_original": "http://sapl.jequie.ba.leg.br/media/sapl/public/materialegislativa/2023/4464/ind_959.2023av._rio_branco.docx", "ementa": "INDICAMOS A CONSTRU\u00c7\u00c3O DE UM PONTO DE \u00d4NIBUS COLETIVO NA AVENIDA RIO BRANCO."}, {"id": "4465", "ano": "2023", "numero": "960", "tipo__sigla": "IND", "tipo__descricao": "Indica\u00e7\u00e3o", "autoria": "Sidney Magal Rodrigues de Souza (Sidney Magal)", "texto_original": "http://sapl.jequie.ba.leg.br/media/sapl/public/materialegislativa/2023/4465/ind._960.202314112023_1.doc", "ementa": "Solicitamos que instalem tr\u00eas redutores de velocidade ao longo da Avenida Felic\u00edssimo J.Silva, nas imedia\u00e7\u00f5es do supermercado Giro R\u00e1pido, pr\u00f3ximo da panificadora e outro pr\u00f3ximo de Delza do acaraj\u00e9."}, {"id": "4466", "ano": "2023", "numero": "961", "tipo__sigla": "IND", "tipo__descricao": "Indica\u00e7\u00e3o", "autoria": "COLORIDO", "texto_original": "http://sapl.jequie.ba.leg.br/media/sapl/public/materialegislativa/2023/4466/ind._961.2023..pavimentacao_das_ruas_da_cachoerinha.doc", "ementa": "Solicitamos a pavimenta\u00e7\u00e3o asf\u00e1ltica da Rua do Calv\u00e1rio, 1\u00ba Travessa Raimundo Xavier e 2\u00ba Travessa Raimundo Xavier, bairro Cidade Nova."}, {"id": "4467", "ano": "2023", "numero": "962", "tipo__sigla": "IND", "tipo__descricao": "Indica\u00e7\u00e3o", "autoria": "Jo\u00e3o Paulo Fernandes Silva (JP)", "texto_original": "http://sapl.jequie.ba.leg.br/media/sapl/public/materialegislativa/2023/4467/ind._962.2023o_infra_e_sumtran.doc", "ementa": "Solicitamos a instala\u00e7\u00e3o de um redutor de velocidade, bem como a sinaliza\u00e7\u00e3o correta na Avenida Franz Gedeon, nas proximidades da Panificadora Lopes, bairro Jequiezinho."}, {"id": "4468", "ano": "2023", "numero": "963", "tipo__sigla": "IND", "tipo__descricao": "Indica\u00e7\u00e3o", "autoria": "Jo\u00e3o Paulo Fernandes Silva (JP)", "texto_original": "http://sapl.jequie.ba.leg.br/media/sapl/public/materialegislativa/2023/4468/ind._963.2023_agricultura.doc", "ementa": "Indicamos a cria\u00e7\u00e3o do programa de Horta hidrop\u00f4nica ou do modelo tradicional no ambiente urbano."}, {"id": "4469", "ano": "2023", "numero": "964", "tipo__sigla": "IND", "tipo__descricao": "Indica\u00e7\u00e3o", "autoria": "DUDA SIM\u00d5ES", "texto_original": "http://sapl.jequie.ba.leg.br/media/sapl/public/materialegislativa/2023/4469/ind.964.2023_ampliacao__da_estacao_de_tratamento..doc", "ementa": "Indicamos a Amplia\u00e7\u00e3o da Esta\u00e7\u00e3o de Abastecimento de \u00c1gua que atende os Povoados de Boa\u00e7u, Castanh\u00e3o, Nova Esperan\u00e7a e Ouro."}, {"id": "4470", "ano": "2023", "numero": "965", "tipo__sigla": "IND", "tipo__descricao": "Indica\u00e7\u00e3o", "autoria": "Joaquim Caires Rocha (Joaquim Caires)", "texto_original": "http://sapl.jequie.ba.leg.br/media/sapl/public/materialegislativa/2023/4470/ind.965.2023_reforma_limpeza_do_cimiterio_da_cachoeirinha.doc", "ementa": "Solicitamos a limpeza do Cemit\u00e9rio da Cachoeirinha."}, {"id": "4471", "ano": "2023", "numero": "966", "tipo__sigla": "IND", "tipo__descricao": "Indica\u00e7\u00e3o", "autoria": "Joaquim Caires Rocha (Joaquim Caires)", "texto_original": "http://sapl.jequie.ba.leg.br/media/sapl/public/materialegislativa/2023/4471/ind._966.2023feira_de_saude_no_povoado_loteamento_chacara_provisao.doc", "ementa": "Solicitamos uma Feira de Sa\u00fade na Ch\u00e1cara Provis\u00e3o."}, {"id": "4478", "ano": "2023", "numero": "967", "tipo__sigla": "IND", "tipo__descricao": "Indica\u00e7\u00e3o", "autoria": "ZIEL", "texto_original": "http://sapl.jequie.ba.leg.br/media/sapl/public/materialegislativa/2023/4478/ind.967.2023_faixa_de_pedestres_elevada_siqueira_campos.doc", "ementa": "Indicamos Passagem Elevada de pedestres na Rua Siqueira Campos, Joaquim Rom\u00e3o, nas proximidades do Largo do Maring\u00e1."}, {"id": "4479", "ano": "2023", "numero": "968", "tipo__sigla": "IND", "tipo__descricao": "Indica\u00e7\u00e3o", "autoria": "RAMON FERNANDES", "texto_original": "http://sapl.jequie.ba.leg.br/media/sapl/public/materialegislativa/2023/4479/ind._968.2023_saude_mais_perto.doc", "ementa": "Indicamos a vinda para Cidade de Jequi\u00e9 do Projeto Sa\u00fade Mais Perto, que seria muito importante para nossa cidade e a regi\u00e3o do M\u00e9dio Rio das Contas."}, {"id": "4480", "ano": "2023", "numero": "969", "tipo__sigla": "IND", "tipo__descricao": "Indica\u00e7\u00e3o", "autoria": "San David Pereira Arag\u00e3o (San)", "texto_original": "http://sapl.jequie.ba.leg.br/media/sapl/public/materialegislativa/2023/4480/ind_969.2023_-_implantacao_de_novo_sistema_de_iluminacao_publica_em_led_para_os_residenciais_mandacaru_1_e_2.docx", "ementa": "Indicamos a implanta\u00e7\u00e3o de novo sistema de ilumina\u00e7\u00e3o p\u00fablica em LED nos Residenciais Mandacaru 1 e 2."}, {"id": "4481", "ano": "2023", "numero": "970", "tipo__sigla": "IND", "tipo__descricao": "Indica\u00e7\u00e3o", "autoria": "San David Pereira Arag\u00e3o (San)", "texto_original": "http://sapl.jequie.ba.leg.br/media/sapl/public/materialegislativa/2023/4481/ind_970.2023_-_implantacao_de_novo_sistema_de_iluminacao_publica_em_led_para_o_mutirao_do_curral_novo.docx", "ementa": "Indicamos a implanta\u00e7\u00e3o de novo sistema de ilumina\u00e7\u00e3o p\u00fablica em LED em todo o Mutir\u00e3o do bairro Curral Novo."}, {"id": "4500", "ano": "2023", "numero": "971", "tipo__sigla": "IND", "tipo__descricao": "Indica\u00e7\u00e3o", "autoria": "Walmiral Pacheco Marinho Neto (Walmiral)", "texto_original": "http://sapl.jequie.ba.leg.br/media/sapl/public/materialegislativa/2023/4500/ind._971.2023posto_policial_5_1.docx", "ementa": "Indicamos a constru\u00e7\u00e3o de um Posto da Pol\u00edcia Militar no Distrito de Itajuru, com suporte para as localidades vizinhas: Tamarindo, Volta do Rio, Flor da Terra, e a disponibilidade de patrulha, principalmente aos finais de semana."}, {"id": "4501", "ano": "2023", "numero": "972", "tipo__sigla": "IND", "tipo__descricao": "Indica\u00e7\u00e3o", "autoria": "MARCOS DO OVO", "texto_original": "http://sapl.jequie.ba.leg.br/media/sapl/public/materialegislativa/2023/4501/ind._972.2023iluminacao_publica_queimadas.docx", "ementa": "Indicamos a implementa\u00e7\u00e3o de ilumina\u00e7\u00e3o em l\u00e2mpadas de LED na estrada que liga o bairro Amaralina at\u00e9 o Povoado das Queimadas."}, {"id": "4502", "ano": "2023", "numero": "973", "tipo__sigla": "IND", "tipo__descricao": "Indica\u00e7\u00e3o", "autoria": "MARCOS DO OVO", "texto_original": "http://sapl.jequie.ba.leg.br/media/sapl/public/materialegislativa/2023/4502/ind._973.2023esporte_e_lazer_amaralina_1.docx", "ementa": "Indicamos a moderniza\u00e7\u00e3o do campo de areia na estrada para Lagoa Dantas, bairro Amaralina."}, {"id": "4503", "ano": "2023", "numero": "974", "tipo__sigla": "IND", "tipo__descricao": "Indica\u00e7\u00e3o", "autoria": "MARCOS DO OVO", "texto_original": "http://sapl.jequie.ba.leg.br/media/sapl/public/materialegislativa/2023/4503/ind._974.2023escadaria_parque_das_algarobas.docx", "ementa": "Indicamos a constru\u00e7\u00e3o de uma escadaria no final da rua C, no Parque das Algarobas."}, {"id": "4504", "ano": "2023", "numero": "975", "tipo__sigla": "IND", "tipo__descricao": "Indica\u00e7\u00e3o", "autoria": "SOLDADO GILVAN", "texto_original": "http://sapl.jequie.ba.leg.br/media/sapl/public/materialegislativa/2023/4504/ind_975.2023_revitalizacao_da_prainha_do_curral_novo.doc", "ementa": "SOLICITAMOS A REVITALIZA\u00c7\u00c3O DA PRAINHA DO CURRAL NOVO, COM QUIOSQUES, ILUMINA\u00c7\u00c3O E PARQUE INFANTIL."}, {"id": "4505", "ano": "2023", "numero": "976", "tipo__sigla": "IND", "tipo__descricao": "Indica\u00e7\u00e3o", "autoria": "SOLDADO GILVAN", "texto_original": "http://sapl.jequie.ba.leg.br/media/sapl/public/materialegislativa/2023/4505/ind._976.2023_construcao_da_ponte_sobre_o_rio_jequiezinho_corrigida.doc", "ementa": "Solicitamos a constru\u00e7\u00e3o de uma ponte sobre o Rio Jequiezinho, na Avenida C\u00e9sar Borges, para desafogar o tr\u00e2nsito do Centro sentido a Banca, depois do Supermercado GBarbosa ou nas proximidades da FRIGEL."}, {"id": "4506", "ano": "2023", "numero": "977", "tipo__sigla": "IND", "tipo__descricao": "Indica\u00e7\u00e3o", "autoria": "GUTINHA", "texto_original": "http://sapl.jequie.ba.leg.br/media/sapl/public/materialegislativa/2023/4506/ind_977.2023_revitalizacao_praca_cavalheiros_de_aruanda.doc", "ementa": "Solicitamos a revitaliza\u00e7\u00e3o da Pra\u00e7a Cavalheiros de Aruanda, conhecida como Pra\u00e7a dos Ca\u00e7ambeiros, Centro."}, {"id": "4507", "ano": "2023", "numero": "978", "tipo__sigla": "IND", "tipo__descricao": "Indica\u00e7\u00e3o", "autoria": "PROFESSORA CIDA", "texto_original": "http://sapl.jequie.ba.leg.br/media/sapl/public/materialegislativa/2023/4507/ind._978.2023_chafariz.docx", "ementa": "Indicamos a constru\u00e7\u00e3o de um chafariz pr\u00f3ximo a F\u00e1brica de Unidade de Processamento e Beneficiamento do Derivado da Mandioca, no Distrito de Itajuru, zona rural de Jequi\u00e9."}, {"id": "4508", "ano": "2023", "numero": "979", "tipo__sigla": "IND", "tipo__descricao": "Indica\u00e7\u00e3o", "autoria": "Jo\u00e3o Paulo Fernandes Silva (JP)", "texto_original": "http://sapl.jequie.ba.leg.br/media/sapl/public/materialegislativa/2023/4508/ind.979.2023pavimentacao_na_rua_teixeira_de_freitas.doc", "ementa": "Indicamos a realiza\u00e7\u00e3o da pavimenta\u00e7\u00e3o asf\u00e1ltica na Rua Teixeira de Freitas, Jequiezinho."}, {"id": "4512", "ano": "2023", "numero": "980", "tipo__sigla": "IND", "tipo__descricao": "Indica\u00e7\u00e3o", "autoria": "BUI BULH\u00d5ES", "texto_original": "http://sapl.jequie.ba.leg.br/media/sapl/public/materialegislativa/2023/4512/ind._980.2023__construcao_de_passarela_av_joao_goulart.doc", "ementa": "Solicitamos a Constru\u00e7\u00e3o de uma Passarela para pedestres na ponte de acesso da Avenida Jo\u00e3o Goulart, pr\u00f3ximo ao Atakarejo."}, {"id": "4513", "ano": "2023", "numero": "981", "tipo__sigla": "IND", "tipo__descricao": "Indica\u00e7\u00e3o", "autoria": "Jo\u00e3o Paulo Fernandes Silva (JP)", "texto_original": "http://sapl.jequie.ba.leg.br/media/sapl/public/materialegislativa/2023/4513/ind._981.2023plano_de_arborizacao_urbana.doc", "ementa": "Indicamos a elabora\u00e7\u00e3o de um Plano ou Projeto de Arboriza\u00e7\u00e3o Urbana no Munic\u00edpio de Jequi\u00e9."}, {"id": "4514", "ano": "2023", "numero": "982", "tipo__sigla": "IND", "tipo__descricao": "Indica\u00e7\u00e3o", "autoria": "Joaquim Caires Rocha (Joaquim Caires)", "texto_original": "http://sapl.jequie.ba.leg.br/media/sapl/public/materialegislativa/2023/4514/ind._982.20232023_-iluminacao_de_led_do_sunvilli_ii.doc", "ementa": "Indicamos a troca de l\u00e2mpadas comuns por l\u00e2mpadas de Led em todos os postes da pra\u00e7a e Loteamento Sunville II, localizado pr\u00f3ximo ao Parque das Algarobas."}, {"id": "4516", "ano": "2023", "numero": "983", "tipo__sigla": "IND", "tipo__descricao": "Indica\u00e7\u00e3o", "autoria": "Joaquim Caires Rocha (Joaquim Caires)", "texto_original": "http://sapl.jequie.ba.leg.br/media/sapl/public/materialegislativa/2023/4516/ind._983.2023_instalacao_de_semafaro_na_avenida_lomanto_junior.doc", "ementa": "Indicamos a instala\u00e7\u00e3o de um conjunto semaf\u00f3rico na Avenida Lomanto J\u00fanior, no cruzamento de acesso \u00e0 passarela que liga o Bairro do Joaquim Rom\u00e3o ao Distrito Industrial de Jequi\u00e9."}, {"id": "4530", "ano": "2023", "numero": "984", "tipo__sigla": "IND", "tipo__descricao": "Indica\u00e7\u00e3o", "autoria": "Walmiral Pacheco Marinho Neto (Walmiral)", "texto_original": "http://sapl.jequie.ba.leg.br/media/sapl/public/materialegislativa/2023/4530/ind_984.2023agente_de_seguranca_nas_escolas__1.docx", "ementa": "Indicamos que tomem as medidas cab\u00edveis e necess\u00e1rias para que se torne obrigat\u00f3ria a presen\u00e7a de agente de seguran\u00e7a armada nas unidades de ensino p\u00fablico municipal, bem como instale cercas el\u00e9trica e de concertina."}, {"id": "4531", "ano": "2023", "numero": "985", "tipo__sigla": "IND", "tipo__descricao": "Indica\u00e7\u00e3o", "autoria": "Sidney Magal Rodrigues de Souza (Sidney Magal)", "texto_original": "http://sapl.jequie.ba.leg.br/media/sapl/public/materialegislativa/2023/4531/ind._985.2023_redutores_.docx", "ementa": "Indicamos que seja instalado redutores de velocidade na Rua Albertino Pereira, nos dois lados do canal, bairro Jequiezinho."}, {"id": "4543", "ano": "2023", "numero": "986", "tipo__sigla": "IND", "tipo__descricao": "Indica\u00e7\u00e3o", "autoria": "MARCOS DO OVO", "texto_original": "http://sapl.jequie.ba.leg.br/media/sapl/public/materialegislativa/2023/4543/ind._986.2023infraes_praca_mandacaruu_1_corrigida.docx", "ementa": "Indicamos a instala\u00e7\u00e3o de uma academia ao ar livre na Rua Humait\u00e1, no bairro Mandacaru, em frente ao Supermercado Gl\u00f3ria."}, {"id": "4544", "ano": "2023", "numero": "987", "tipo__sigla": "IND", "tipo__descricao": "Indica\u00e7\u00e3o", "autoria": "MARCOS DO OVO", "texto_original": "http://sapl.jequie.ba.leg.br/media/sapl/public/materialegislativa/2023/4544/ind.987.2023_limpeza_mandacaru.docx", "ementa": "Indicamos a limpeza da Rua Ant\u00f4nio Alves de Melo, bairro Mandacaru."}, {"id": "4545", "ano": "2023", "numero": "988", "tipo__sigla": "IND", "tipo__descricao": "Indica\u00e7\u00e3o", "autoria": "Ivan de Oliveira Santos (Ivan do Leite)", "texto_original": "http://sapl.jequie.ba.leg.br/media/sapl/public/materialegislativa/2023/4545/ind._988.2023_agua_morro_dos_macacos.doc", "ementa": "Indicamos a implanta\u00e7\u00e3o da rede de \u00e1gua Pot\u00e1vel para a Comunidade do Morro dos Macacos, na cidade de Jequi\u00e9."}, {"id": "4546", "ano": "2023", "numero": "989", "tipo__sigla": "IND", "tipo__descricao": "Indica\u00e7\u00e3o", "autoria": "SOLDADO GILVAN", "texto_original": "http://sapl.jequie.ba.leg.br/media/sapl/public/materialegislativa/2023/4546/ind_989.2023__limpeza_para_o_bom_sossego.doc", "ementa": "Indicamos a limpeza p\u00fablica e servi\u00e7o de capinagem no canal da Rua Rio Grande do Sul, Bairro Bom Sossego (pr\u00f3ximo a Quitanda)."}, {"id": "4547", "ano": "2023", "numero": "990", "tipo__sigla": "IND", "tipo__descricao": "Indica\u00e7\u00e3o", "autoria": "GUTINHA", "texto_original": "http://sapl.jequie.ba.leg.br/media/sapl/public/materialegislativa/2023/4547/ind-990._2023_instalacao_de_uma_passarela.docx", "ementa": "Solicitamos \u00e0 instala\u00e7\u00e3o de uma passarela sobre o Rio Jequiezinho que d\u00e1 acesso a Comunidade do Barro Preto ao campo de futebol conhecido como Campo do \u00cdndio, no bairro do Joaquim Rom\u00e3o."}, {"id": "4548", "ano": "2023", "numero": "991", "tipo__sigla": "IND", "tipo__descricao": "Indica\u00e7\u00e3o", "autoria": "Jo\u00e3o Paulo Fernandes Silva (JP)", "texto_original": "http://sapl.jequie.ba.leg.br/media/sapl/public/materialegislativa/2023/4548/ind_991.2023_lixeiras_comunitarias.doc", "ementa": "Indicamos que sejam instaladas lixeiras comunit\u00e1rias no Conjunto Habitacional Mandacaru I e II."}, {"id": "4549", "ano": "2023", "numero": "992", "tipo__sigla": "IND", "tipo__descricao": "Indica\u00e7\u00e3o", "autoria": "Jo\u00e3o Paulo Fernandes Silva (JP)", "texto_original": "http://sapl.jequie.ba.leg.br/media/sapl/public/materialegislativa/2023/4549/ind._992.2023tome_providencias_quanto_uma_implantacao_de_um_projeto_de_doacao_de_racao_para_caes_e_gatos_para_instituicoes_protetoras_de_animais_de_jequie..doc", "ementa": "Indicamos a implanta\u00e7\u00e3o de um projeto de doa\u00e7\u00e3o de ra\u00e7\u00e3o para c\u00e3es e gatos para institui\u00e7\u00f5es protetoras de animais de Jequi\u00e9."}, {"id": "4569", "ano": "2023", "numero": "993", "tipo__sigla": "IND", "tipo__descricao": "Indica\u00e7\u00e3o", "autoria": "Joaquim Caires Rocha (Joaquim Caires)", "texto_original": "http://sapl.jequie.ba.leg.br/media/sapl/public/materialegislativa/2023/4569/ind.933.2023_reatauracao_da_rua_joao_evangelista_souza.doc", "ementa": "Indicamos a restaura\u00e7\u00e3o da pavimenta\u00e7\u00e3o da Rua Jo\u00e3o Evangelista Souza, bairro Jequiezinho."}, {"id": "4570", "ano": "2023", "numero": "994", "tipo__sigla": "IND", "tipo__descricao": "Indica\u00e7\u00e3o", "autoria": "Joaquim Caires Rocha (Joaquim Caires)", "texto_original": "http://sapl.jequie.ba.leg.br/media/sapl/public/materialegislativa/2023/4570/ind.994.2023_pavimentacao_da_rua_alfredo_matos.doc", "ementa": "Indicamos o complemento da pavimenta\u00e7\u00e3o da Rua Alfredo Matos Ribeiro, no bairro S\u00e3o Luiz."}, {"id": "4552", "ano": "2023", "numero": "995", "tipo__sigla": "IND", "tipo__descricao": "Indica\u00e7\u00e3o", "autoria": "Joaquim Caires Rocha (Joaquim Caires)", "texto_original": "http://sapl.jequie.ba.leg.br/media/sapl/public/materialegislativa/2023/4552/ind._995.2023quadra_poliesportiva_em_campo_largo_1.doc", "ementa": "Indicamos a constru\u00e7\u00e3o de uma quadra poliesportiva com ilumina\u00e7\u00e3o de LED, arquibancada e vesti\u00e1rio, na regi\u00e3o do Campo Largo."}, {"id": "4553", "ano": "2023", "numero": "996", "tipo__sigla": "IND", "tipo__descricao": "Indica\u00e7\u00e3o", "autoria": "MOANA", "texto_original": "http://sapl.jequie.ba.leg.br/media/sapl/public/materialegislativa/2023/4553/ind._996.2023tombamento_faixada_palacio_das_artes.docx", "ementa": "Indicamos que estude a possibilidade do tombamento da fachada externa do Pal\u00e1cio das Artes Le\u00f4nidas Spinola."}, {"id": "4563", "ano": "2023", "numero": "997", "tipo__sigla": "IND", "tipo__descricao": "Indica\u00e7\u00e3o", "autoria": "SOLDADO GILVAN", "texto_original": "http://sapl.jequie.ba.leg.br/media/sapl/public/materialegislativa/2023/4563/ind._997.2023_construcao_da_praca_no_residencial_parque_do_sol.doc", "ementa": "INDICAMOS A CONSTRU\u00c7\u00c3O DE UMA PRA\u00c7A COM PARQUE INFANTIL, QUADRA DE ESPORTE, ACADEMIA AO AR LIVRE E QUIOSQUES, NO RESIDENCIAL PARQUE DO SOL, RUA A, BAIRRO JEQUIEZINHO."}, {"id": "4566", "ano": "2023", "numero": "998", "tipo__sigla": "IND", "tipo__descricao": "Indica\u00e7\u00e3o", "autoria": "Jo\u00e3o Paulo Fernandes Silva (JP)", "texto_original": "http://sapl.jequie.ba.leg.br/media/sapl/public/materialegislativa/2023/4566/ind_998.2023de_um_pediatra_nos_psf.doc", "ementa": "Indicamos que seja inserido no quadro profissional dos PSFs um Pediatra."}, {"id": "4571", "ano": "2023", "numero": "999", "tipo__sigla": "IND", "tipo__descricao": "Indica\u00e7\u00e3o", "autoria": "MARCOS DO OVO", "texto_original": "http://sapl.jequie.ba.leg.br/media/sapl/public/materialegislativa/2023/4571/ind_999.2023ponto_de_onibus_joaquim_romao1.docx", "ementa": "Indicamos a reforma e moderniza\u00e7\u00e3o do ponto de \u00f4nibus localizado na Rua Joaquim Fernandes, bairro Joaquim Rom\u00e3o."}, {"id": "4572", "ano": "2023", "numero": "1000", "tipo__sigla": "IND", "tipo__descricao": "Indica\u00e7\u00e3o", "autoria": "MARCOS DO OVO", "texto_original": "http://sapl.jequie.ba.leg.br/media/sapl/public/materialegislativa/2023/4572/academia_ao_ar_livre_jequiezinho_2_corrigida_2.docx", "ementa": "Indicamos a implementa\u00e7\u00e3o de uma academia ao ar livre na Pra\u00e7a do Amor, bairro Jequiezinho."}, {"id": "4573", "ano": "2023", "numero": "1001", "tipo__sigla": "IND", "tipo__descricao": "Indica\u00e7\u00e3o", "autoria": "MARCINHO", "texto_original": "http://sapl.jequie.ba.leg.br/media/sapl/public/materialegislativa/2023/4573/43_1.001-_projeto_escolar_de_incentivo_ao_plantio_de_arvores.docx", "ementa": "Cria\u00e7\u00e3o de um projeto nas escolas municipais que incentiva o plantio de \u00e1rvores pelos alunos nos locais mais quentes da cidade."}, {"id": "4574", "ano": "2023", "numero": "1002", "tipo__sigla": "IND", "tipo__descricao": "Indica\u00e7\u00e3o", "autoria": "MARCINHO", "texto_original": "http://sapl.jequie.ba.leg.br/media/sapl/public/materialegislativa/2023/4574/ind.1.002.._para_musica_ao_vivo_nas_pracas.docx", "ementa": "Cria\u00e7\u00e3o de um projeto cont\u00ednuo que promova apresenta\u00e7\u00f5es musicais dos artistas locais nas pra\u00e7as dos bairros da cidade."}, {"id": "4575", "ano": "2023", "numero": "1003", "tipo__sigla": "IND", "tipo__descricao": "Indica\u00e7\u00e3o", "autoria": "Joaquim Caires Rocha (Joaquim Caires)", "texto_original": "http://sapl.jequie.ba.leg.br/media/sapl/public/materialegislativa/2023/4575/ind._1.003.2023iluminacao_de_lampadas_de_led_na_marcela.doc", "ementa": "Indicamos a instala\u00e7\u00e3o de ilumina\u00e7\u00e3o em l\u00e2mpadas de LED com bra\u00e7os de luz no povoado da Marcela II."}, {"id": "4582", "ano": "2023", "numero": "1004", "tipo__sigla": "IND", "tipo__descricao": "Indica\u00e7\u00e3o", "autoria": "Walmiral Pacheco Marinho Neto (Walmiral)", "texto_original": "http://sapl.jequie.ba.leg.br/media/sapl/public/materialegislativa/2023/4582/ind._1.004.2023_-_semana_do_idoso.docx", "ementa": "Indicamos que institua no \u00e2mbito do munic\u00edpio, a Semana Municipal da Pessoa Idosa."}, {"id": "4583", "ano": "2023", "numero": "1005", "tipo__sigla": "IND", "tipo__descricao": "Indica\u00e7\u00e3o", "autoria": "ZIEL", "texto_original": "http://sapl.jequie.ba.leg.br/media/sapl/public/materialegislativa/2023/4583/ind._1.005.2023asfalto_gustavo_dos_santos_jequiezinho.doc", "ementa": "Indicamos a cobertura asf\u00e1ltica da Rua Gustavo dos Santos, bairro Jequiezinho."}, {"id": "4586", "ano": "2023", "numero": "1006", "tipo__sigla": "IND", "tipo__descricao": "Indica\u00e7\u00e3o", "autoria": "Ivan de Oliveira Santos (Ivan do Leite)", "texto_original": "http://sapl.jequie.ba.leg.br/media/sapl/public/materialegislativa/2023/4586/ind.1.006.2023_parque_da_colina.doc", "ementa": "Indicamos a pavimenta\u00e7\u00e3o asf\u00e1ltica da Rua E, no Parque da Colina, bairro Pomp\u00edlio Sampaio."}, {"id": "3274", "ano": "2023", "numero": "2", "tipo__sigla": "REQ", "tipo__descricao": "Requerimento", "autoria": "Jo\u00e3o Paulo Fernandes Silva (JP)", "texto_original": "http://sapl.jequie.ba.leg.br/media/sapl/public/materialegislativa/2023/3274/requerimento_-_audiencia_publica_cultura.docx", "ementa": "Audi\u00eancia P\u00fablica em data a ser agendada, convocando o Secret\u00e1rio de Cultura e Turismo-Senhor Domingos Ailton Ribeiro de Carvalho, afim de tratarmos sobre o setor cultural e a valoriza\u00e7\u00e3o dos artistas de Jequi\u00e9"}, {"id": "3454", "ano": "2023", "numero": "4", "tipo__sigla": "REQ", "tipo__descricao": "Requerimento", "autoria": "Walmiral Pacheco Marinho Neto (Walmiral)", "texto_original": "http://sapl.jequie.ba.leg.br/media/sapl/public/materialegislativa/2023/3454/req.04.2023_audiencia_publica.doc", "ementa": "Audi\u00eancia P\u00fablica para  tratarmos da Legaliza\u00e7\u00e3o Fundi\u00e1ria do Distrito de Itajuru."}, {"id": "3464", "ano": "2023", "numero": "5", "tipo__sigla": "REQ", "tipo__descricao": "Requerimento", "autoria": "Joaquim Caires Rocha (Joaquim Caires)", "texto_original": "http://sapl.jequie.ba.leg.br/media/sapl/public/materialegislativa/2023/3464/req._05.2023audiencia_publica_-_2023.docx", "ementa": "AUDIENCIA PUBLICA DO AEROPORTO VICENTE GRILO"}, {"id": "3465", "ano": "2023", "numero": "6", "tipo__sigla": "REQ", "tipo__descricao": "Requerimento", "autoria": "Joaquim Caires Rocha (Joaquim Caires), RAMON FERNANDES", "texto_original": "http://sapl.jequie.ba.leg.br/media/sapl/public/materialegislativa/2023/3465/req._06.2023_-_audiencia_publica_2.doc", "ementa": "Realiza\u00e7\u00e3o de uma audi\u00eancia p\u00fablica para discutir a Cria\u00e7\u00e3o da Universidade Estadual do M\u00e9dio Rio das Contas e um Campus da Universidade Federal em Jequi\u00e9."}, {"id": "3533", "ano": "2023", "numero": "9", "tipo__sigla": "REQ", "tipo__descricao": "Requerimento", "autoria": "GUTINHA", "texto_original": "http://sapl.jequie.ba.leg.br/media/sapl/public/materialegislativa/2023/3533/audiencia_publica_-_cuidados_com_a_saude_mental_da_populacao.doc", "ementa": "Audi\u00eancia P\u00fablica para uma ampla discuss\u00e3o sobre \u2018Cuidados com a Sa\u00fade Mental da Popula\u00e7\u00e3o de Jequi\u00e9"}, {"id": "3559", "ano": "2023", "numero": "10", "tipo__sigla": "REQ", "tipo__descricao": "Requerimento", "autoria": "MOANA", "texto_original": "http://sapl.jequie.ba.leg.br/media/sapl/public/materialegislativa/2023/3559/req._10.2023_audiencia_publica_valorizacao_do_magisterio.doc", "ementa": "Na forma do Regimento Interno, requeremos a Vossa Excel\u00eancia que, ap\u00f3s ouvir o Plen\u00e1rio, se digne em agendar ainda para o m\u00eas de maio, nesta casa de leis, audi\u00eancia p\u00fablica com o tema: \u201cO piso nacional do magist\u00e9rio e a valoriza\u00e7\u00e3o da carreira docente no munic\u00edpio de Jequi\u00e9 - BA\u201d."}, {"id": "3607", "ano": "2023", "numero": "11", "tipo__sigla": "REQ", "tipo__descricao": "Requerimento", "autoria": "Walmiral Pacheco Marinho Neto (Walmiral)", "texto_original": "http://sapl.jequie.ba.leg.br/media/sapl/public/materialegislativa/2023/3607/req._11.2023_audiencia_publica_saude.doc", "ementa": "Realizar uma Audi\u00eancia P\u00fablica, em data a ser agendada, com o objetivo de ampliar uma discuss\u00e3o a respeito do credenciamento dos hospitais da cidade ao setor de Oncologia do Estado."}, {"id": "3614", "ano": "2023", "numero": "12", "tipo__sigla": "REQ", "tipo__descricao": "Requerimento", "autoria": "MOANA", "texto_original": "http://sapl.jequie.ba.leg.br/media/sapl/public/materialegislativa/2023/3614/req._12.2023_-_audiencia_publica_pics.docx", "ementa": "Audi\u00eancia p\u00fablica, em data a ser agendada, para discutirmos sobre a implanta\u00e7\u00e3o do Programa de Pr\u00e1ticas Integrativas e Complementares de Sa\u00fade, PICS, no \u00e2mbito do Munic\u00edpio de Jequi\u00e9."}, {"id": "3637", "ano": "2023", "numero": "13", "tipo__sigla": "REQ", "tipo__descricao": "Requerimento", "autoria": "San David Pereira Arag\u00e3o (San)", "texto_original": "http://sapl.jequie.ba.leg.br/media/sapl/public/materialegislativa/2023/3637/req._13.2023san.docx", "ementa": "Realiza\u00e7\u00e3o de uma audi\u00eancia p\u00fablica, nessa Casa de Leis, para discutirmos sobre a luta antimanicomial no \u00e2mbito do Munic\u00edpio de Jequi\u00e9."}, {"id": "3644", "ano": "2023", "numero": "14", "tipo__sigla": "REQ", "tipo__descricao": "Requerimento", "autoria": "BUI BULH\u00d5ES", "texto_original": "http://sapl.jequie.ba.leg.br/media/sapl/public/materialegislativa/2023/3644/req._14.2023_-_audiencia_publica.docx", "ementa": "Realiza\u00e7\u00e3o de uma Audi\u00eancia P\u00fablica, para discutirmos as demandas do Loteamento Morada dos Nobres, no bairro Mandacaru."}, {"id": "3966", "ano": "2023", "numero": "15", "tipo__sigla": "REQ", "tipo__descricao": "Requerimento", "autoria": "MOANA", "texto_original": "http://sapl.jequie.ba.leg.br/media/sapl/public/materialegislativa/2023/3966/req._15.2023_saude.doc", "ementa": "Audi\u00eancia p\u00fablica com o Secret\u00e1rio de sa\u00fade, Marlon Pereira, em data a ser agendada no m\u00eas de agosto, com vistas a discutir demandas relacionadas ao TFD- Tratamento Fora do Domicilio no \u00e2mbito do munic\u00edpio de Jequi\u00e9."}, {"id": "4033", "ano": "2023", "numero": "16", "tipo__sigla": "REQ", "tipo__descricao": "Requerimento", "autoria": "SOLDADO GILVAN", "texto_original": "http://sapl.jequie.ba.leg.br/media/sapl/public/materialegislativa/2023/4033/req._16.2023_audiencia_publica.doc", "ementa": "AUDI\u00caNCIA P\u00daBLICA PELOS 75 ANOS DA SBB (SOCIEDADE BIBLICA DO BRASIL)."}, {"id": "4081", "ano": "2023", "numero": "17", "tipo__sigla": "REQ", "tipo__descricao": "Requerimento", "autoria": "MOANA", "texto_original": "http://sapl.jequie.ba.leg.br/media/sapl/public/materialegislativa/2023/4081/req._17.2023o_audiencia_publica_sutram.doc", "ementa": "Na forma do Regimento interno, requeremos a Vossa Excel\u00eancia, que, ap\u00f3s ouvir o Plen\u00e1rio, se oficie \u00e0 Mesa Diretora desta C\u00e2mara que convoque a Superintendente de tr\u00e2nsito de Jequi\u00e9, a Sra. Karla Carine Rodrigues Geanbastiane, para audi\u00eancia p\u00fablica nesta casa de Leis, em data a ser agendada para o m\u00eas de setembro, com informa\u00e7\u00f5es que sejam de interesse da comunidade, de esclarecimento da popula\u00e7\u00e3o que quer uma resposta sobre o que est\u00e1 acontecendo com tantas multas aplicadas."}, {"id": "4095", "ano": "2023", "numero": "18", "tipo__sigla": "REQ", "tipo__descricao": "Requerimento", "autoria": "Jo\u00e3o Paulo Fernandes Silva (JP)", "texto_original": "http://sapl.jequie.ba.leg.br/media/sapl/public/materialegislativa/2023/4095/req._18.2023.doc", "ementa": "Realiza\u00e7\u00e3o de uma Audi\u00eancia P\u00fablica, em data a ser agendada, para a realiza\u00e7\u00e3o de Sess\u00e3o Solene em comemora\u00e7\u00e3o ao Dia do Nutricionista."}, {"id": "4096", "ano": "2023", "numero": "19", "tipo__sigla": "REQ", "tipo__descricao": "Requerimento", "autoria": "Walmiral Pacheco Marinho Neto (Walmiral)", "texto_original": "http://sapl.jequie.ba.leg.br/media/sapl/public/materialegislativa/2023/4096/req.19.2023.doc", "ementa": "Realiza\u00e7\u00e3o de audi\u00eancia p\u00fablica nesta Casa de Leis, em data a ser agendada para o m\u00eas de setembro, com informa\u00e7\u00f5es que sejam de interesse institucional, de esclarecimento em rela\u00e7\u00e3o a demandas administrativas para melhor servir a popula\u00e7\u00e3o jequieense."}, {"id": "4115", "ano": "2023", "numero": "20", "tipo__sigla": "REQ", "tipo__descricao": "Requerimento", "autoria": "Sidney Magal Rodrigues de Souza (Sidney Magal)", "texto_original": "http://sapl.jequie.ba.leg.br/media/sapl/public/materialegislativa/2023/4115/req._20.2023__-_audiencia_publica.docx", "ementa": "Realizar uma Audi\u00eancia P\u00fablica em data a ser agendada, com a Secretaria de Desenvolvimento Social e sua equipe para trazer explica\u00e7\u00f5es sobre a Enchente ocorrida no ano de 2021 e a enchente causada pela Vaz\u00e3o da Barragem de Pedra em 2022, afim de trazer esclarecimentos acerca das fam\u00edlias atingidas pelas enchentes e o recebimento do Aux\u00edlio."}, {"id": "4132", "ano": "2023", "numero": "21", "tipo__sigla": "REQ", "tipo__descricao": "Requerimento", "autoria": "SOLDADO GILVAN, BUI BULH\u00d5ES, TINHO", "texto_original": "http://sapl.jequie.ba.leg.br/media/sapl/public/materialegislativa/2023/4132/req._21.2023_audiencia_publica_seguranca_publica.doc", "ementa": "AUDI\u00caNCIA P\u00daBLICA PARA TRATAR DA SEGURAN\u00c7A P\u00daBLICA, MUDAN\u00c7AS DAS SEDES DA COMNHIA SETORIAIS DO 19\u00ba BPM E SEGURAN\u00c7A INTERNA E EXTERNA DO CONJUNTO PENAL DE JEQUI\u00c9."}, {"id": "4435", "ano": "2023", "numero": "22", "tipo__sigla": "REQ", "tipo__descricao": "Requerimento", "autoria": "TINHO", "texto_original": "http://sapl.jequie.ba.leg.br/media/sapl/public/materialegislativa/2023/4435/req._22.2023_audiencia_publica.doc", "ementa": "Realiza\u00e7\u00e3o de uma Audi\u00eancia P\u00fablica, para tratar implanta\u00e7\u00e3o de um polo multimodal em Jequi\u00e9, onde ir\u00e1 alavancar o desenvolvimento no nosso munic\u00edpio, com a presen\u00e7a do Secret\u00e1rio de Desenvolvimento Econ\u00f4mico de Jequi\u00e9, Celso Galv\u00e3o, como tamb\u00e9m, os representantes dos munic\u00edpios que comp\u00f5em os Territ\u00f3rios de Identidade a serem impactados, representantes da Bahia Minera\u00e7\u00e3o BAMIN -, Institui\u00e7\u00f5es de Ci\u00eancia e Tecnologia \u2013 ICT \u2013 presentes em nosso munic\u00edpio, institui\u00e7\u00f5es representativas dos segmentos empresariais - a exemplo da ACIJ, CDL e SICOM\u00c9RCIO."}, {"id": "3192", "ano": "2023", "numero": "1", "tipo__sigla": "MA", "tipo__descricao": "Mo\u00e7\u00e3o de Aplausos", "autoria": "TINHO", "texto_original": "http://sapl.jequie.ba.leg.br/media/sapl/public/materialegislativa/2023/3192/mocao_de_aplausos_01.2023_-_ao_dr._augusto_cesar_almeida_ribeiro.docx", "ementa": "Mo\u00e7\u00e3o de Apalusos ao Sr. Augusto C\u00e9sar Almeida Ribeiro, pelo not\u00f3rio servi\u00e7o prestado ao Munic\u00edpio de Jequi\u00e9 na condi\u00e7\u00e3o de Procurador Jur\u00eddico lotado neste Poder Legislativo Munic\u00edpio."}, {"id": "3193", "ano": "2023", "numero": "2", "tipo__sigla": "MA", "tipo__descricao": "Mo\u00e7\u00e3o de Aplausos", "autoria": "TINHO", "texto_original": "http://sapl.jequie.ba.leg.br/media/sapl/public/materialegislativa/2023/3193/mocao_de_aplausos_02.2023-_a_ildecy_carvalho_silva.docx", "ementa": "Mo\u00e7\u00e3o de Aplausos \u00e0 senhora Ildecy Carvalho Silva, em reconhecimento aos seus relevantes servi\u00e7os prestados no Munic\u00edpio de Jequi\u00e9, na condi\u00e7\u00e3o de servidora p\u00fablica lotada nesta Casa Legislativa."}, {"id": "3197", "ano": "2023", "numero": "3", "tipo__sigla": "MA", "tipo__descricao": "Mo\u00e7\u00e3o de Aplausos", "autoria": "TINHO", "texto_original": "http://sapl.jequie.ba.leg.br/media/sapl/public/materialegislativa/2023/3197/mocao_03.2023_-_dia_internacional_da_mulher.docx", "ementa": "MO\u00c7\u00c3O DE APLAUSOS para todas as Mulheres da cidade de Jequi\u00e9."}, {"id": "3234", "ano": "2023", "numero": "4", "tipo__sigla": "MA", "tipo__descricao": "Mo\u00e7\u00e3o de Aplausos", "autoria": "MARCOS DO OVO", "texto_original": "http://sapl.jequie.ba.leg.br/media/sapl/public/materialegislativa/2023/3234/mocao_04.2023_-_dia_da_escola.docx", "ementa": "Mo\u00e7\u00e3o de Aplausos pela passagem do Dia da Escola, comemorado em 15 de mar\u00e7o."}, {"id": "3258", "ano": "2023", "numero": "5", "tipo__sigla": "MA", "tipo__descricao": "Mo\u00e7\u00e3o de Aplausos", "autoria": "MOANA", "texto_original": "http://sapl.jequie.ba.leg.br/media/sapl/public/materialegislativa/2023/3258/mocao_05.2023_-_irma_conceicao.docx", "ementa": "MO\u00c7\u00c3O DE APLAUSOS \u00e0 Sr\u00aa Maria da Concei\u00e7\u00e3o Correia Silva, carinhosamente chamada de \u201cIrm\u00e3 Concei\u00e7\u00e3o\u201d pelos 20 anos de miss\u00e3o a frente do Abrigo dos Idosos de Jequi\u00e9 (Funda\u00e7\u00e3o Leur Brito)."}, {"id": "3302", "ano": "2023", "numero": "6", "tipo__sigla": "MA", "tipo__descricao": "Mo\u00e7\u00e3o de Aplausos", "autoria": "RAMON FERNANDES", "texto_original": "http://sapl.jequie.ba.leg.br/media/sapl/public/materialegislativa/2023/3302/mocao_06.2023_-_aline_peixoto.doc", "ementa": "Mo\u00e7\u00e3o de Aplausos para a Sr\u00aa Aline Fernanda Almeida Peixoto, pela aprova\u00e7\u00e3o do seu nome para o Cargo de Conselheira do Tribunal de Contas dos Munic\u00edpios."}, {"id": "3392", "ano": "2023", "numero": "7", "tipo__sigla": "MA", "tipo__descricao": "Mo\u00e7\u00e3o de Aplausos", "autoria": "RAMON FERNANDES", "texto_original": "http://sapl.jequie.ba.leg.br/media/sapl/public/materialegislativa/2023/3392/mocao_07.2023_-_dia_nacional_das_tradicoes_das_raizes_africanas_e_nacoes_do_candomble.doc", "ementa": "MO\u00c7\u00c3O DE APLAUSOS pela passagem do dia 21 de mar\u00e7o, o Dia Nacional das Tradi\u00e7\u00f5es das Ra\u00edzes de Matrizes Africanas e Na\u00e7\u00f5es do Candombl\u00e9."}, {"id": "3455", "ano": "2023", "numero": "8", "tipo__sigla": "MA", "tipo__descricao": "Mo\u00e7\u00e3o de Aplausos", "autoria": "Jo\u00e3o Paulo Fernandes Silva (JP)", "texto_original": "http://sapl.jequie.ba.leg.br/media/sapl/public/materialegislativa/2023/3455/mocao_de_aplausos_atletas.doc", "ementa": "A C\u00c2MARA MUNICIPAL DE JEQUI\u00c9 faz inserir na ATA dos seus trabalhos de hoje, MO\u00c7\u00c3O DE APLAUSO Esta mo\u00e7\u00e3o de aplausos vem homenagear os 8 atletas da Funda\u00e7\u00e3o Jos\u00e9 Silveira e sua treinadora Ver\u00f4nica Almeida pelas conquistas obtidas na II Copa Cearense de Paranata\u00e7\u00e3o 2023."}, {"id": "3526", "ano": "2023", "numero": "9", "tipo__sigla": "MA", "tipo__descricao": "Mo\u00e7\u00e3o de Aplausos", "autoria": "MARCINHO, RAMON FERNANDES", "texto_original": "http://sapl.jequie.ba.leg.br/media/sapl/public/materialegislativa/2023/3526/mocao_09.2023.docx", "ementa": "MO\u00c7\u00c3O DE APLAUSO ao Sr. Jos\u00e9 Fabiano Ara\u00fajo Cardoso, delegat\u00e1rio respons\u00e1vel pela gest\u00e3o do Cart\u00f3rio de Registro Civil do 1\u00ba Of\u00edcio das Pessoas Naturais de Jequi\u00e9."}, {"id": "3669", "ano": "2023", "numero": "10", "tipo__sigla": "MA", "tipo__descricao": "Mo\u00e7\u00e3o de Aplausos", "autoria": "SOLDADO GILVAN", "texto_original": "http://sapl.jequie.ba.leg.br/media/sapl/public/materialegislativa/2023/3669/mocao_de_aplausos_cicom.doc", "ementa": "MO\u00c7\u00c3O DE APLAUSOS PARA O CICOM (CENTRAL VINCULADO A SUPERINTEND\u00caNCIA DE TELECOMUNICA\u00c7\u00d5ES DA SSP)"}, {"id": "3678", "ano": "2023", "numero": "11", "tipo__sigla": "MA", "tipo__descricao": "Mo\u00e7\u00e3o de Aplausos", "autoria": "SOLDADO GILVAN", "texto_original": "http://sapl.jequie.ba.leg.br/media/sapl/public/materialegislativa/2023/3678/mocao_de_aplausos11.2023_cipe_central.doc", "ementa": "MO\u00c7\u00c3O DE APLAUSOS PARA OS 07 ANOS DA CIPE CENTRAL EM JEQUI\u00c9"}, {"id": "3720", "ano": "2023", "numero": "12", "tipo__sigla": "MA", "tipo__descricao": "Mo\u00e7\u00e3o de Aplausos", "autoria": "TINHO", "texto_original": "http://sapl.jequie.ba.leg.br/media/sapl/public/materialegislativa/2023/3720/mocao_de_aplausos_no12.2023_atualizado.docx", "ementa": "A C\u00c2MARA MUNICIPAL DE JEQUI\u00c9 faz inserir na ATA dos seus trabalhos de hoje, MO\u00c7\u00c3O DE APLAUSOS ao Sr. Capit\u00e3o PM Michel Nascimento Santos, por comandar durante o per\u00edodo de 10 anos a 6\u00aa Companhia de Emprego T\u00e1tico Operacional do 19 BPM pelo per\u00edodo de10 anos (2013/2023)."}, {"id": "3837", "ano": "2023", "numero": "13", "tipo__sigla": "MA", "tipo__descricao": "Mo\u00e7\u00e3o de Aplausos", "autoria": "MARCOS DO OVO", "texto_original": "http://sapl.jequie.ba.leg.br/media/sapl/public/materialegislativa/2023/3837/mocao_de_aplausos_13.2023rotary.doc", "ementa": "MO\u00c7\u00c3O DE APLAUSOS, ao Rotary Club Cidade Sol pelas a\u00e7\u00f5es que vem desenvolvendo para Comunidade Jequieense, na pessoa da sua Presidente a Sr.\u00aa Neomisia da Silva Soares."}, {"id": "3875", "ano": "2023", "numero": "14", "tipo__sigla": "MA", "tipo__descricao": "Mo\u00e7\u00e3o de Aplausos", "autoria": "GUTINHA", "texto_original": "http://sapl.jequie.ba.leg.br/media/sapl/public/materialegislativa/2023/3875/mocao_de_aplausos_14.2023_.docx", "ementa": "MO\u00c7\u00c3O DE APLAUSOS, aos Agentes Penitenci\u00e1rios lotados no Conjunto Penal de Jequi\u00e9, extensivo aos demais de todo o Estado"}, {"id": "3926", "ano": "2023", "numero": "15", "tipo__sigla": "MA", "tipo__descricao": "Mo\u00e7\u00e3o de Aplausos", "autoria": "MARCOS DO OVO", "texto_original": "http://sapl.jequie.ba.leg.br/media/sapl/public/materialegislativa/2023/3926/mocao15.2023_companhia_das_tintas.docx", "ementa": "Mo\u00e7\u00e3o de Aplausos a Empresa Companhia das Tintas, tendo como raz\u00e3o social Jorge Luiz Alves Raic, fundada em 17 de maio de 1993, pelos 30 anos de funcionamento."}, {"id": "4016", "ano": "2023", "numero": "16", "tipo__sigla": "MA", "tipo__descricao": "Mo\u00e7\u00e3o de Aplausos", "autoria": "BUI BULH\u00d5ES", "texto_original": "http://sapl.jequie.ba.leg.br/media/sapl/public/materialegislativa/2023/4016/mocao_de_aplausos_16.2023.doc", "ementa": "MO\u00c7\u00c3O DE APLAUSOS ao ADJ pela conquista da s\u00e9rie B do \u201cBaian\u00e3o\u201d e consequentemente o retorno \u00e0 primeira divis\u00e3o."}, {"id": "4130", "ano": "2023", "numero": "17", "tipo__sigla": "MA", "tipo__descricao": "Mo\u00e7\u00e3o de Aplausos", "autoria": "RAMON FERNANDES", "texto_original": "http://sapl.jequie.ba.leg.br/media/sapl/public/materialegislativa/2023/4130/mocao_de_aplausos_17.2023.doc", "ementa": "Mo\u00e7\u00e3o de Aplausos \u00e0 Senhora Ana Paula de Assis Camargo Lacerda, pelos relevantes servi\u00e7os prestados \u00e0 comunidade jequieense, atrav\u00e9s da sua gest\u00e3o humanizada no Hospital Geral Prado Valadares."}, {"id": "4133", "ano": "2023", "numero": "18", "tipo__sigla": "MA", "tipo__descricao": "Mo\u00e7\u00e3o de Aplausos", "autoria": "Jo\u00e3o Paulo Fernandes Silva (JP)", "texto_original": "http://sapl.jequie.ba.leg.br/media/sapl/public/materialegislativa/2023/4133/mocao18.2023_....docx", "ementa": "MO\u00c7\u00c3O DE APLAUSOS as senhoras:  Ana Maria Bulh\u00f5es Nutricionista no Munic\u00edpio de Jequi\u00e9, Nadjane Alves de Souza Nutricionista no Munic\u00edpio de Jequi\u00e9 do HGPV, Leonil Costa Almeida Nutricionista Aposentada no Munic\u00edpio de Jequi\u00e9 e do HGPV, Sandra Maria Britto Barreto Nutricionista Aposentada no Munic\u00edpio de Jequi\u00e9 do HGPV, C\u00e9lia Maria Costa Nutricionista Aposentada  no Munic\u00edpio de Jequi\u00e9 do HGPV, em reconhecimento aos seus relevantes servi\u00e7os prestados no Munic\u00edpio de Jequi\u00e9."}, {"id": "4197", "ano": "2023", "numero": "19", "tipo__sigla": "MA", "tipo__descricao": "Mo\u00e7\u00e3o de Aplausos", "autoria": "San David Pereira Arag\u00e3o (San)", "texto_original": "http://sapl.jequie.ba.leg.br/media/sapl/public/materialegislativa/2023/4197/mocao_de_aplausos_19.2023_-_dia_do_administrador_9_de_setembro.docx", "ementa": "Mo\u00e7\u00e3o de Aplausos pelo dia do Administrador no Brasil - 09 de setembro."}, {"id": "4211", "ano": "2023", "numero": "20", "tipo__sigla": "MA", "tipo__descricao": "Mo\u00e7\u00e3o de Aplausos", "autoria": "TINHO", "texto_original": "http://sapl.jequie.ba.leg.br/media/sapl/public/materialegislativa/2023/4211/mocao_de_aplausos_20.2023igreja_batista_jequiezinho_1.docx", "ementa": "A C\u00c2MARA MUNICIPAL DE JEQUI\u00c9 faz inserir na ATA dos seus trabalhos de hoje, MO\u00c7\u00c3O DE APLAUSOS a Igreja Batista do Jequiezinho, que est\u00e1 celebrando 87 Anos de Dedica\u00e7\u00e3o e Inspira\u00e7\u00e3o na Jornada Espiritual."}, {"id": "4302", "ano": "2023", "numero": "21", "tipo__sigla": "MA", "tipo__descricao": "Mo\u00e7\u00e3o de Aplausos", "autoria": "BUI BULH\u00d5ES", "texto_original": "http://sapl.jequie.ba.leg.br/media/sapl/public/materialegislativa/2023/4302/mocao_de_aplausos_21.2023_dia_do_agente_comunitario.doc", "ementa": "A C\u00e2mara Municipal de Jequi\u00e9, leg\u00edtima representante da comunidade Jequieense, faz inserir na Ata dos seus trabalhos no dia de hoje, MO\u00c7\u00c3O DE APLAUSOS pelo transcurso do DIA NACIONAL DO AGENTE COMUNIT\u00c1RIO DE SA\u00daDE E AGENTE COMBATE \u00c0S ENDEMIAS."}, {"id": "4342", "ano": "2023", "numero": "22", "tipo__sigla": "MA", "tipo__descricao": "Mo\u00e7\u00e3o de Aplausos", "autoria": "Sidney Magal Rodrigues de Souza (Sidney Magal)", "texto_original": "http://sapl.jequie.ba.leg.br/media/sapl/public/materialegislativa/2023/4342/mocao_de_aplauso_22.2023.docx", "ementa": "Em reconhecimento aos trabalhos realizados atrav\u00e9s da for\u00e7a pol\u00edtica do nosso deputado federal Ant\u00f4nio Britto -PSD que depois da sua luta de forma firme em defesa da instala\u00e7\u00e3o da UNACON no Hospital Geral Prado Valadares."}, {"id": "4355", "ano": "2023", "numero": "23", "tipo__sigla": "MA", "tipo__descricao": "Mo\u00e7\u00e3o de Aplausos", "autoria": "SOLDADO GILVAN", "texto_original": "http://sapl.jequie.ba.leg.br/media/sapl/public/materialegislativa/2023/4355/mocao_de_aplausos_23.2023.doc", "ementa": "Mo\u00e7\u00e3o de Aplausos aos 64 anos da Associa\u00e7\u00e3o de Pra\u00e7as da Pol\u00edcia e Bombeiro Militar da Bahia."}, {"id": "4368", "ano": "2023", "numero": "24", "tipo__sigla": "MA", "tipo__descricao": "Mo\u00e7\u00e3o de Aplausos", "autoria": "RAMON FERNANDES", "texto_original": "http://sapl.jequie.ba.leg.br/media/sapl/public/materialegislativa/2023/4368/mocao_de_aplausos_24.2023.doc", "ementa": "Mo\u00e7\u00e3o de Aplausos para a Sra. Moana Souza Meira Silva, por ter sido eleita ao Cargo de Presidente da Federa\u00e7\u00e3o das APAES da BAHIA - FEAPAES."}, {"id": "4384", "ano": "2023", "numero": "25", "tipo__sigla": "MA", "tipo__descricao": "Mo\u00e7\u00e3o de Aplausos", "autoria": "RAMON FERNANDES", "texto_original": "http://sapl.jequie.ba.leg.br/media/sapl/public/materialegislativa/2023/4384/mocao_upa_25.2023.doc", "ementa": "A C\u00c2MARA MUNICIPAL DE JEQUI\u00c9 faz inserir na ata dos seus trabalhos no dia de hoje, MO\u00c7\u00c3O DE APLAUSOS, pela celebra\u00e7\u00e3o dos 6 (seis) anos da Unidade de Pronto Atendimento (UPA) Jequi\u00e9 e para Gest\u00e3o, em nome da Gestora da Unidade a Senhora Michele Barreto."}, {"id": "4415", "ano": "2023", "numero": "26", "tipo__sigla": "MA", "tipo__descricao": "Mo\u00e7\u00e3o de Aplausos", "autoria": "Joaquim Caires Rocha (Joaquim Caires)", "texto_original": "http://sapl.jequie.ba.leg.br/media/sapl/public/materialegislativa/2023/4415/mocao_26.2023__consciencia_negra-06-11-23.doc", "ementa": "Mo\u00e7\u00e3o de Aplausos pelo Dia da Consci\u00eancia Negra."}, {"id": "4416", "ano": "2023", "numero": "27", "tipo__sigla": "MA", "tipo__descricao": "Mo\u00e7\u00e3o de Aplausos", "autoria": "RAMON FERNANDES", "texto_original": "http://sapl.jequie.ba.leg.br/media/sapl/public/materialegislativa/2023/4416/mocao_samu_27.2023_2.doc", "ementa": "MO\u00c7\u00c3O DE APLAUSOS ao SAMU 192 (servi\u00e7o de atendimento m\u00f3vel de urg\u00eancia) Munic\u00edpio de Jequi\u00e9."}, {"id": "4417", "ano": "2023", "numero": "28", "tipo__sigla": "MA", "tipo__descricao": "Mo\u00e7\u00e3o de Aplausos", "autoria": "Jo\u00e3o Paulo Fernandes Silva (JP)", "texto_original": "http://sapl.jequie.ba.leg.br/media/sapl/public/materialegislativa/2023/4417/mocao_de_aplausos_28.2023multiarte.doc", "ementa": "MO\u00c7\u00c2O DE APLAUSOS em homenagem aos 30 anos da empresa Multiarte, que vem transformando Sonhos em Realidade desde 1993."}, {"id": "4432", "ano": "2023", "numero": "29", "tipo__sigla": "MA", "tipo__descricao": "Mo\u00e7\u00e3o de Aplausos", "autoria": "MOANA", "texto_original": "http://sapl.jequie.ba.leg.br/media/sapl/public/materialegislativa/2023/4432/mocao_apalusos_29.2023_inst._sublime_tarefa.docx", "ementa": "MO\u00c7\u00c3O DE APLAUSOS aos professores e integrantes do Instituto Sublime Tarefa, em reconhecimento \u00e0s suas contribui\u00e7\u00f5es educacionais transformando vidas atrav\u00e9s da m\u00fasica."}, {"id": "4433", "ano": "2023", "numero": "30", "tipo__sigla": "MA", "tipo__descricao": "Mo\u00e7\u00e3o de Aplausos", "autoria": "Sidney Magal Rodrigues de Souza (Sidney Magal)", "texto_original": "http://sapl.jequie.ba.leg.br/media/sapl/public/materialegislativa/2023/4433/mocao_de_aplausos30.2023aplausos.doc", "ementa": "MO\u00c7\u00c3O DE APLAUSOS ao Sr. Paulo S\u00e9rgio Santos Oliveira, pelos relevantes trabalhos prestados no Departamento de Pol\u00edcia T\u00e9cnica do Estado da Bahia, exercendo a fun\u00e7\u00e3o de auxiliar de necropsia e apoio em local de morte violenta, desde 1984."}, {"id": "4434", "ano": "2023", "numero": "31", "tipo__sigla": "MA", "tipo__descricao": "Mo\u00e7\u00e3o de Aplausos", "autoria": "TINHO", "texto_original": "http://sapl.jequie.ba.leg.br/media/sapl/public/materialegislativa/2023/4434/mocao_de_aplausos_31-2023.docx", "ementa": "MO\u00c7\u00c3O DE APLAUSOS ao Sr. Gustavo Santos Almeida, pelo not\u00f3rio servi\u00e7o como administrador da p\u00e1gina @jequiehistorias no Instagram."}, {"id": "4488", "ano": "2023", "numero": "32", "tipo__sigla": "MA", "tipo__descricao": "Mo\u00e7\u00e3o de Aplausos", "autoria": "TINHO", "texto_original": "http://sapl.jequie.ba.leg.br/media/sapl/public/materialegislativa/2023/4488/mocao_de_aplausos_32.2023proerd.docx", "ementa": "MO\u00c7\u00c3O DE APLAUSOS AO PROERD \u2013 Programa Educacional de Resist\u00eancia \u00e0s Drogas e \u00e0 Viol\u00eancia."}, {"id": "4515", "ano": "2023", "numero": "33", "tipo__sigla": "MA", "tipo__descricao": "Mo\u00e7\u00e3o de Aplausos", "autoria": "Jo\u00e3o Paulo Fernandes Silva (JP)", "texto_original": "http://sapl.jequie.ba.leg.br/media/sapl/public/materialegislativa/2023/4515/mocao_de_aplausos_33.2023ao_empresario_fundador_teobaldo_costa.doc", "ementa": "MO\u00c7\u00c3O DE APLAUSOS em homenagem ao empres\u00e1rio fundador do Atakarejo, Sr. Teobaldo Costa, por acreditar no potencial de nossa cidade Jequi\u00e9-Bahia, e nos presentear com esse empreendimento que \u00e9 o Atakad\u00e3o Atakarejo."}, {"id": "4519", "ano": "2023", "numero": "34", "tipo__sigla": "MA", "tipo__descricao": "Mo\u00e7\u00e3o de Aplausos", "autoria": "GUTINHA", "texto_original": "http://sapl.jequie.ba.leg.br/media/sapl/public/materialegislativa/2023/4519/mocao_de_aplausos_34.2023maria_aparecidaatualizada.docx", "ementa": "Mo\u00e7\u00e3o de Aplausos para Maria Aparecida Cabral Tavares de Santana pela sua sele\u00e7\u00e3o para o Masterchef+."}, {"id": "4520", "ano": "2023", "numero": "35", "tipo__sigla": "MA", "tipo__descricao": "Mo\u00e7\u00e3o de Aplausos", "autoria": "COLORIDO", "texto_original": "http://sapl.jequie.ba.leg.br/media/sapl/public/materialegislativa/2023/4520/mocao_de_aplausos_35.2023a_primeira_igreja_1_corrigida1.docx", "ementa": "MO\u00c7\u00c3O DE APLAUSOS A PRIMEIRA IGREJA BATISTA DE JEQUI\u00c9 (PIB JEQUI\u00c9)."}, {"id": "4540", "ano": "2023", "numero": "36", "tipo__sigla": "MA", "tipo__descricao": "Mo\u00e7\u00e3o de Aplausos", "autoria": "COLORIDO", "texto_original": "http://sapl.jequie.ba.leg.br/media/sapl/public/materialegislativa/2023/4540/mocao_de_aplausos_36.2023a__corrigida.docx", "ementa": "MO\u00c7\u00c3O DE APLAUSOS AO SR. VILAMAR BARBOSA BARROS \u2013 Subtenente do Ex\u00e9rcito Brasileiro da Arma de Infantaria, pelos seus relevantes servi\u00e7os prestados \u00e0 comunidade Jequieense no comando do Tiro de Guerra 06-009 em Jequi\u00e9-Bahia."}, {"id": "4577", "ano": "2023", "numero": "37", "tipo__sigla": "MA", "tipo__descricao": "Mo\u00e7\u00e3o de Aplausos", "autoria": "Jo\u00e3o Paulo Fernandes Silva (JP)", "texto_original": "http://sapl.jequie.ba.leg.br/media/sapl/public/materialegislativa/2023/4577/mocao_de_aplausos_37.2023_jackson_soares.doc", "ementa": "MO\u00c7\u00c3O DE APLAUSOS em homenagem a Jackson Soares por seus 10 anos de vida mission\u00e1ria na Igreja Cat\u00f3lica."}, {"id": "3110", "ano": "2023", "numero": "1", "tipo__sigla": "MP", "tipo__descricao": "Mo\u00e7\u00e3o de Pesar", "autoria": "Walmiral Pacheco Marinho Neto (Walmiral)", "texto_original": "http://sapl.jequie.ba.leg.br/media/sapl/public/materialegislativa/2023/3110/mocao_2.doc", "ementa": "Vimos requerer, na forma regimental, que seja inserido nos Anais desta Casa Legislativa, Voto de Pesar pelo falecimento do amigo Jos\u00e9 Souza Santos, ocorrido no dia 18 de janeiro de 2023, em nossa cidade."}, {"id": "3124", "ano": "2023", "numero": "2", "tipo__sigla": "MP", "tipo__descricao": "Mo\u00e7\u00e3o de Pesar", "autoria": "SOLDADO GILVAN", "texto_original": "http://sapl.jequie.ba.leg.br/media/sapl/public/materialegislativa/2023/3124/mocao_de_pesar_de_clovis_jose_pereira.doc", "ementa": "MO\u00c7\u00c3O DE PESAR DE CL\u00d3VIS JOS\u00c9 SANTOS PEREIRA"}, {"id": "3152", "ano": "2023", "numero": "3", "tipo__sigla": "MP", "tipo__descricao": "Mo\u00e7\u00e3o de Pesar", "autoria": "Walmiral Pacheco Marinho Neto (Walmiral)", "texto_original": "http://sapl.jequie.ba.leg.br/media/sapl/public/materialegislativa/2023/3152/mocao_de_pesar_02.2023_-_rosalino....doc", "ementa": "Mo\u00e7\u00e3o de Pesar pelo falecimento do amigo Rosalvo de Jesus Silva, ocorrido no dia 10 de fevereiro de 2023, em nossa cidade."}, {"id": "3190", "ano": "2023", "numero": "4", "tipo__sigla": "MP", "tipo__descricao": "Mo\u00e7\u00e3o de Pesar", "autoria": "SOLDADO GILVAN", "texto_original": "http://sapl.jequie.ba.leg.br/media/sapl/public/materialegislativa/2023/3190/mocao_de_pesar_de_emerson_pinto_de_araujo.doc", "ementa": "MO\u00c7\u00c3O DE PESAR DO PROFESSOR EMERSON PINTO DE ARAUJO SOLDADO GILVAN E JOAQUIM CAIRES"}, {"id": "3343", "ano": "2023", "numero": "5", "tipo__sigla": "MP", "tipo__descricao": "Mo\u00e7\u00e3o de Pesar", "autoria": "PROFESSORA CIDA", "texto_original": "http://sapl.jequie.ba.leg.br/media/sapl/public/materialegislativa/2023/3343/mocao_de_pesar_noe.docx", "ementa": "Mo\u00e7\u00e3o de Pesar pelo falecimento do Amigo, Companheiro No\u00e9 Macedo, ocorrido no dia 14 de mar\u00e7o de 2023."}, {"id": "3391", "ano": "2023", "numero": "6", "tipo__sigla": "MP", "tipo__descricao": "Mo\u00e7\u00e3o de Pesar", "autoria": "PROFESSORA CIDA", "texto_original": "http://sapl.jequie.ba.leg.br/media/sapl/public/materialegislativa/2023/3391/mocao_pesar_06.2023_-_noe_macedo.docx", "ementa": "MO\u00c7\u00c3O DE PESAR pelo falecimento do Professor NO\u00c9 MACEDO DE SOUZA."}, {"id": "3531", "ano": "2023", "numero": "7", "tipo__sigla": "MP", "tipo__descricao": "Mo\u00e7\u00e3o de Pesar", "autoria": "BUI BULH\u00d5ES", "texto_original": "http://sapl.jequie.ba.leg.br/media/sapl/public/materialegislativa/2023/3531/mocao_pesar_07.2023.doc", "ementa": "Mo\u00e7\u00e3o de Pesar pelo falecimento do Sr. Jorge Maia, falecido no dia 05 de abril de 2023."}, {"id": "3765", "ano": "2023", "numero": "9", "tipo__sigla": "MP", "tipo__descricao": "Mo\u00e7\u00e3o de Pesar", "autoria": "Jo\u00e3o Paulo Fernandes Silva (JP)", "texto_original": "http://sapl.jequie.ba.leg.br/media/sapl/public/materialegislativa/2023/3765/mocao_de_pesardona_elza_09.2023.doc", "ementa": "A C\u00c2MARA MUNICIPAL DE JEQUI\u00c9 faz inserir na ATA dos seus trabalhos de hoje, MO\u00c7\u00c3O DE PESAR pelo falecimento da Sr.\u00aa. Elza Cordeiro Teixeira no dia 14 de maio de 2023."}, {"id": "3842", "ano": "2023", "numero": "10", "tipo__sigla": "MP", "tipo__descricao": "Mo\u00e7\u00e3o de Pesar", "autoria": "San David Pereira Arag\u00e3o (San)", "texto_original": "http://sapl.jequie.ba.leg.br/media/sapl/public/materialegislativa/2023/3842/mocao_de_pesar10.2023_pelo_falecimento_de_andre_couto_passos.docx", "ementa": "Mo\u00e7\u00e3o de Pesar de Andr\u00e9 Couto Passos"}, {"id": "3954", "ano": "2023", "numero": "11", "tipo__sigla": "MP", "tipo__descricao": "Mo\u00e7\u00e3o de Pesar", "autoria": "MOANA", "texto_original": "http://sapl.jequie.ba.leg.br/media/sapl/public/materialegislativa/2023/3954/mocao_de_pesar_11.2023__2023_veraluci_gomes.docx", "ementa": "A C\u00e2mara Municipal de Jequi\u00e9 faz inserir na ATA dos seus trabalhos de hoje, MO\u00c7\u00c3O DE PESAR pelo falecimento de Veraluci Gomes Benevides, faleceu no dia 12 de JUNHO de 2023."}, {"id": "3958", "ano": "2023", "numero": "12", "tipo__sigla": "MP", "tipo__descricao": "Mo\u00e7\u00e3o de Pesar", "autoria": "Joaquim Caires Rocha (Joaquim Caires)", "texto_original": "http://sapl.jequie.ba.leg.br/media/sapl/public/materialegislativa/2023/3958/mocao_de_pesar_12.2023de_antenor_rocha_santana.doc", "ementa": "MO\u00c7\u00c3O DE PESAR ANTENOR ROCHA SANTANA"}, {"id": "4001", "ano": "2023", "numero": "13", "tipo__sigla": "MP", "tipo__descricao": "Mo\u00e7\u00e3o de Pesar", "autoria": "Joaquim Caires Rocha (Joaquim Caires)", "texto_original": "http://sapl.jequie.ba.leg.br/media/sapl/public/materialegislativa/2023/4001/mocao_de_pesar_13.2023_edvaldo_campos_dos_santos_1.doc", "ementa": "Mo\u00e7\u00e3o de Pesar pelo falecimento do Sr. Edvaldo Campos dos Santos."}, {"id": "4022", "ano": "2023", "numero": "14", "tipo__sigla": "MP", "tipo__descricao": "Mo\u00e7\u00e3o de Pesar", "autoria": "RAMON FERNANDES", "texto_original": "http://sapl.jequie.ba.leg.br/media/sapl/public/materialegislativa/2023/4022/mosao_de_pesar_14.2023...doc", "ementa": "Mo\u00e7\u00e3o de Pesar pelo falecimento do Sr. Teotonio Carlos Queiroz."}, {"id": "4035", "ano": "2023", "numero": "15", "tipo__sigla": "MP", "tipo__descricao": "Mo\u00e7\u00e3o de Pesar", "autoria": "RAMON FERNANDES, Joaquim Caires Rocha (Joaquim Caires)", "texto_original": "http://sapl.jequie.ba.leg.br/media/sapl/public/materialegislativa/2023/4035/mocao_15.2023__-_falecimento_carlos_vieira.doc", "ementa": "Mo\u00e7\u00e3o de Pesar pelo falecimento do Ex-Vereador Carlos Vieira Andrade."}, {"id": "4066", "ano": "2023", "numero": "16", "tipo__sigla": "MP", "tipo__descricao": "Mo\u00e7\u00e3o de Pesar", "autoria": "Joaquim Caires Rocha (Joaquim Caires)", "texto_original": "http://sapl.jequie.ba.leg.br/media/sapl/public/materialegislativa/2023/4066/mocao_de_pesar_de_edvaldo.doc", "ementa": "Mo\u00e7\u00e3o de Pesar pelo falecimento do Sr. Edvaldo Gomes dos Santos."}, {"id": "4093", "ano": "2023", "numero": "17", "tipo__sigla": "MP", "tipo__descricao": "Mo\u00e7\u00e3o de Pesar", "autoria": "RAMON FERNANDES", "texto_original": "http://sapl.jequie.ba.leg.br/media/sapl/public/materialegislativa/2023/4093/mocao_de_pesar_17.2023.doc", "ementa": "Encaminhamos a Presente Mo\u00e7\u00e3o de Pesar, pelo falecimento do Senhora Maria Bernadete Pacifico."}, {"id": "4367", "ano": "2023", "numero": "18", "tipo__sigla": "MP", "tipo__descricao": "Mo\u00e7\u00e3o de Pesar", "autoria": "GUTINHA", "texto_original": "http://sapl.jequie.ba.leg.br/media/sapl/public/materialegislativa/2023/4367/mocao_de_pesar_18.2023_cirilo_paulo.docx", "ementa": "MO\u00c7\u00c3O DE PESAR pelo falecimento do Senhor Cirilo Paulo Cardoso, ocorrido no dia 14 de outubro de 2023."}, {"id": "4383", "ano": "2023", "numero": "19", "tipo__sigla": "MP", "tipo__descricao": "Mo\u00e7\u00e3o de Pesar", "autoria": "GUTINHA", "texto_original": "http://sapl.jequie.ba.leg.br/media/sapl/public/materialegislativa/2023/4383/mocao_de_pesar_19.2023.docx", "ementa": "Mo\u00e7\u00e3o de Pesar pelo falecimento da Senhora Miralva Moreira Rocha"}, {"id": "4414", "ano": "2023", "numero": "20", "tipo__sigla": "MP", "tipo__descricao": "Mo\u00e7\u00e3o de Pesar", "autoria": "Joaquim Caires Rocha (Joaquim Caires)", "texto_original": "http://sapl.jequie.ba.leg.br/media/sapl/public/materialegislativa/2023/4414/mocao_de_pesar_de_jose_chaves_1.doc", "ementa": "MO\u00c7\u00c3O DE PESAR pelo falecimento de Jos\u00e9 Gomes Chaves."}, {"id": "4477", "ano": "2023", "numero": "21", "tipo__sigla": "MP", "tipo__descricao": "Mo\u00e7\u00e3o de Pesar", "autoria": "Walmiral Pacheco Marinho Neto (Walmiral)", "texto_original": "http://sapl.jequie.ba.leg.br/media/sapl/public/materialegislativa/2023/4477/mocao_de_pesar_21.2023.docx", "ementa": "MO\u00c7\u00c3O DE PESAR pelo falecimento do Sr. Celestino Alves da Silva, falecido no dia 18 de novembro de 2023."}, {"id": "4485", "ano": "2023", "numero": "22", "tipo__sigla": "MP", "tipo__descricao": "Mo\u00e7\u00e3o de Pesar", "autoria": "TINHO", "texto_original": "http://sapl.jequie.ba.leg.br/media/sapl/public/materialegislativa/2023/4485/mocao_de_pesar_22.2023_-_ubaldo.docx", "ementa": "MO\u00c7\u00c3O DE PESAR pelo falecimento do Sr. Ubaldo Rufino dos Santos, ocorrido em 20 de novembro de 2023."}, {"id": "4489", "ano": "2023", "numero": "23", "tipo__sigla": "MP", "tipo__descricao": "Mo\u00e7\u00e3o de Pesar", "autoria": "Sidney Magal Rodrigues de Souza (Sidney Magal)", "texto_original": "http://sapl.jequie.ba.leg.br/media/sapl/public/materialegislativa/2023/4489/mocao_23.2023_editado.docx", "ementa": "MO\u00c7\u00c3O DE PESAR pelo falecimento do Sr. Enoch do Ovo, ocorrido em 18 de Novembro de 2023."}, {"id": "4578", "ano": "2023", "numero": "24", "tipo__sigla": "MP", "tipo__descricao": "Mo\u00e7\u00e3o de Pesar", "autoria": "Joaquim Caires Rocha (Joaquim Caires)", "texto_original": "http://sapl.jequie.ba.leg.br/media/sapl/public/materialegislativa/2023/4578/mocao_de_pesar_24.2023_de_leda_maria_garcia_1.doc", "ementa": "MO\u00c7\u00c3O DE PESAR pelo falecimento da Sr. Leda Maria Garcia Mustafa, que faleceu no dia 02 de Dezembro de 2023."}, {"id": "4589", "ano": "2023", "numero": "25", "tipo__sigla": "MP", "tipo__descricao": "Mo\u00e7\u00e3o de Pesar", "autoria": "Walmiral Pacheco Marinho Neto (Walmiral)", "texto_original": "http://sapl.jequie.ba.leg.br/media/sapl/public/materialegislativa/2023/4589/mocao_pesar_25.2023hermidia.docx", "ementa": "MO\u00c7\u00c3O DE PESAR pelo falecimento da Sr\u00aaHermidia Geralda da Cruz Silva, falecida no dia 02 de Dezembro\r\nde 2023."}, {"id": "3111", "ano": "2023", "numero": "1", "tipo__sigla": "PL", "tipo__descricao": "Projeto de Lei Ordin\u00e1ria", "autoria": "RAMON FERNANDES", "texto_original": "http://sapl.jequie.ba.leg.br/media/sapl/public/materialegislativa/2023/3111/projeto_de_lei__2023.doc", "ementa": "PRO\u00cdBE A NOMEA\u00c7\u00c3O PARA CARGOS EM COMISS\u00c3O DE PESSOAS CONDENADAS POR ABRANG\u00caNCIA DA LEI FEDERAL N\u00ba 11.340 E PELAS CONDUTAS TIPIFICADAS DOS ARTIGOS 217-A, 218, 218-A, 218-B, 218-C, DO C\u00d3DIGO PENAL NO \u00c2MBITO DO MUNIC\u00cdPIO DE JEQUI\u00c9."}, {"id": "3137", "ano": "2023", "numero": "2", "tipo__sigla": "PL", "tipo__descricao": "Projeto de Lei Ordin\u00e1ria", "autoria": "MOANA", "texto_original": "http://sapl.jequie.ba.leg.br/media/sapl/public/materialegislativa/2023/3137/projeto_equoterapia_.doc", "ementa": "DECLARA DE UTILIDADE P\u00daBLICA MUNICIPAL A ASSOCIA\u00c7\u00c3O BENEFICENTE DE ASSIST\u00caNCIA E EQUOTERAPIA DE JEQUI\u00c9."}, {"id": "3166", "ano": "2023", "numero": "3", "tipo__sigla": "PL", "tipo__descricao": "Projeto de Lei Ordin\u00e1ria", "autoria": "MARCINHO", "texto_original": "http://sapl.jequie.ba.leg.br/media/sapl/public/materialegislativa/2023/3166/01-2023_-_atendimento_preferencial_para_contadores.docx", "ementa": "CONFERE PRIORIDADE NO ATENDIMENTO AOS CONTADORES E T\u00c9CNICOS DE CONTABILIDADE NAS EMPRESAS P\u00daBLICAS, \u00d3RG\u00c3OS DA ADMINISTRA\u00c7\u00c3O MUNICIPAL E QUAISQUER REPARTI\u00c7\u00d5ES P\u00daBLICAS NO MUNIC\u00cdPIO DE JEQUI\u00c9."}, {"id": "3173", "ano": "2023", "numero": "4", "tipo__sigla": "PL", "tipo__descricao": "Projeto de Lei Ordin\u00e1ria", "autoria": "TINHO", "texto_original": "http://sapl.jequie.ba.leg.br/media/sapl/public/materialegislativa/2023/3173/proj._denomina_de_praca_esmeraldo.doc", "ementa": "DISP\u00d5E SOBRE A DENOMINA\u00c7\u00c3O DA PRA\u00c7A DO AGARAJ\u00c3O QUE SER\u00c1 NOMEADA COMO PRA\u00c7A ESMERALDO PEREIRA DA SILVA."}, {"id": "3174", "ano": "2023", "numero": "5", "tipo__sigla": "PL", "tipo__descricao": "Projeto de Lei Ordin\u00e1ria", "autoria": "Walmiral Pacheco Marinho Neto (Walmiral)", "texto_original": "http://sapl.jequie.ba.leg.br/media/sapl/public/materialegislativa/2023/3174/projeto_de_lei_que_denomina_rua_rosalino.doc", "ementa": "DENOMINA DE RUA ROSALVO DE JESUS SILVA A ATUAL RUA DA BANCA, NO BAIRRO DO JEQUIEZINHO."}, {"id": "3189", "ano": "2023", "numero": "6", "tipo__sigla": "PL", "tipo__descricao": "Projeto de Lei Ordin\u00e1ria", "autoria": "COLORIDO", "texto_original": "http://sapl.jequie.ba.leg.br/media/sapl/public/materialegislativa/2023/3189/projeto_creche_waldeck.docx", "ementa": "DENOMINA CRECHE WALDECK SANTOS SILVA A CRECHE LOCALIZADA ENTRE O CONJUNTO HABITACIONAL DO MANDACARU  01 E 02."}, {"id": "3188", "ano": "2023", "numero": "7", "tipo__sigla": "PL", "tipo__descricao": "Projeto de Lei Ordin\u00e1ria", "autoria": "TINHO", "texto_original": "http://sapl.jequie.ba.leg.br/media/sapl/public/materialegislativa/2023/3188/projeto_07.2023_-_praca_dona_franca_3.doc", "ementa": "DENOMINA DE PRA\u00c7A FRAN\u00c7A DIAS A PRA\u00c7A LOCALIZADA ENTRE A RUA C, CAMINHO 31, E A TRAVESSA 31 NA URBIS III, BAIRRO ESP\u00cdRITO SANTO."}, {"id": "3213", "ano": "2023", "numero": "8", "tipo__sigla": "PL", "tipo__descricao": "Projeto de Lei Ordin\u00e1ria", "autoria": "Zenildo Brand\u00e3o (Z\u00e9 Coc\u00e1)", "texto_original": "http://sapl.jequie.ba.leg.br/media/sapl/public/materialegislativa/2023/3213/projeto_de_lei_no48-modifica_a_lei_1768-_conselho_de_igualdade_racial.pdf", "ementa": "MODIFICA A LEI N\u00ba 1768 DE 17 DE ABRIL DE 2008 QUE CRIA O CONSELHO MUNICIPAL DE PROMO\u00c7\u00c3O DA IGUALDADE RACIAL - COMPIR, E D\u00c1 OUTRAS PROVID\u00caNCIAS."}, {"id": "3214", "ano": "2023", "numero": "9", "tipo__sigla": "PL", "tipo__descricao": "Projeto de Lei Ordin\u00e1ria", "autoria": "Zenildo Brand\u00e3o (Z\u00e9 Coc\u00e1)", "texto_original": "http://sapl.jequie.ba.leg.br/media/sapl/public/materialegislativa/2023/3214/projeto_de_lei_no01-_modifica_o_conselho_da_juventude_e_fundo_-_assinatura.pdf", "ementa": "MODIFICA O CONSELHO MUNICIPAL DA JUVENTUDE, CRIA O FUNDO MUNICIPAL DA JUVENTUDE NO MUNIC\u00cdPIO DE JEQUI\u00c9 \u2013 BAHIA E D\u00c1 OUTRAS PROVID\u00caNCIAS."}, {"id": "3226", "ano": "2023", "numero": "10", "tipo__sigla": "PL", "tipo__descricao": "Projeto de Lei Ordin\u00e1ria", "autoria": "MOANA", "texto_original": "http://sapl.jequie.ba.leg.br/media/sapl/public/materialegislativa/2023/3226/projeto_de_lei_paradesportivo_de_jequie.docx", "ementa": "INSTITUI NO CALEND\u00c1RIO OFICIAL DE EVENTOS DO MUNIC\u00cdPIO DE JEQUI\u00c9-BA, OS JOGOS PARADESPORTIVOS ESCOLARES MUNICIPAIS, E D\u00c1 OUTRAS PROVID\u00caNCIAS."}, {"id": "3246", "ano": "2023", "numero": "11", "tipo__sigla": "PL", "tipo__descricao": "Projeto de Lei Ordin\u00e1ria", "autoria": "DUDA SIM\u00d5ES", "texto_original": "http://sapl.jequie.ba.leg.br/media/sapl/public/materialegislativa/2023/3246/projeto_de_le_denomina_gildasio_berca.doc", "ementa": "DENOMINA A QUADRA DE ESPORTE DO DISTRITO DE FLORESTAL, QUADRA GILDASIO BER\u00c7A SANTOS."}, {"id": "3256", "ano": "2023", "numero": "12", "tipo__sigla": "PL", "tipo__descricao": "Projeto de Lei Ordin\u00e1ria", "autoria": "Zenildo Brand\u00e3o (Z\u00e9 Coc\u00e1)", "texto_original": "http://sapl.jequie.ba.leg.br/media/sapl/public/materialegislativa/2023/3256/projeto_de_lei_no02-dispoe_sobre_a_adequacao_da_estrutura_organizacional_de_secretarias_do_municipio_de_jequie_1_1.pdf", "ementa": "DISP\u00d5E SOBRE A ADEQUA\u00c7\u00c3O DA ESTRUTURA ORGANIZACIONAL DE SECRETARIAS DO MUNIC\u00cdPIO DE JEQUI\u00c9 PREVISTA NA LEI N\u00ba 1.552/2002, ALTERADA PELA LEI N\u00ba 1.632/2004, NOS TERMOS EM QUE ESPECIFICA A LEI 1.992/2016, E D\u00c1 OUTRAS PROVID\u00caNCIAS."}, {"id": "3312", "ano": "2023", "numero": "13", "tipo__sigla": "PL", "tipo__descricao": "Projeto de Lei Ordin\u00e1ria", "autoria": "MOANA", "texto_original": "http://sapl.jequie.ba.leg.br/media/sapl/public/materialegislativa/2023/3312/projeto_de_lei_13.2023.docx", "ementa": "DETERMINA A OBRIGATORIEDADE DE ATENDIMENTO PREFERENCIAL A PESSOA COM FIBROMIALGIA NO MUNIC\u00cdPIO DE JEQUI\u00c9, CRIA A SUA CARTEIRA DE IDENTIFICA\u00c7\u00c3O E D\u00c1 OUTRAS PROVID\u00caNCIAS."}, {"id": "3330", "ano": "2023", "numero": "14", "tipo__sigla": "PL", "tipo__descricao": "Projeto de Lei Ordin\u00e1ria", "autoria": "PROFESSORA CIDA", "texto_original": "http://sapl.jequie.ba.leg.br/media/sapl/public/materialegislativa/2023/3330/proj._praca_eldorado_14.2023.docx", "ementa": "DENOMINA DE PRA\u00c7A DANIEL JOS\u00c9 DOS SANTOS A PRA\u00c7A LOCALIZADA NA RUA EXISTENTE 1 (EM FRENTE \u00c0 LOJA MATERIAL DE CONSTRU\u00c7\u00c3O ELDORADO) NO LOTEAMENTO JARDIM ELDORADO, BAIRRO DO JEQUIEZINHO."}, {"id": "3332", "ano": "2023", "numero": "15", "tipo__sigla": "PL", "tipo__descricao": "Projeto de Lei Ordin\u00e1ria", "autoria": "SOLDADO GILVAN", "texto_original": "http://sapl.jequie.ba.leg.br/media/sapl/public/materialegislativa/2023/3332/projeto__de_lei_cloves.doc", "ementa": "DENOMINA DE RUA CLOVES JOS\u00c9 DOS SANTOS PEREIRA A ATUAL RUA F LOCALIZADA NO LOTEAMENTO PARQUE DA ALGAROBAS II, BAIRRO POMP\u00cdLIO SAMPAIO."}, {"id": "3360", "ano": "2023", "numero": "17", "tipo__sigla": "PL", "tipo__descricao": "Projeto de Lei Ordin\u00e1ria", "autoria": "RAMON FERNANDES, Jo\u00e3o Paulo Fernandes Silva (JP), MOANA", "texto_original": "http://sapl.jequie.ba.leg.br/media/sapl/public/materialegislativa/2023/3360/projeto_de_lei17.2023.docx", "ementa": "DISP\u00d5E SOBRE A POL\u00cdTICA MUNICIPAL DE USO DA CANNABIS PARA FINS MEDICINAIS E DISTRIBUI\u00c7\u00c3O GRATUITA DE MEDICAMENTOS PRESCRITOS \u00c0 BASE DA PLANTA, QUE CONTENHAM EM SUA F\u00d3RMULA AS SUBST\u00c2NCIAS CANABIDIOL (CBD) E/OU TETRAHIDROCANABINOL (THC), NAS UNIDADES DE SA\u00daDE P\u00daBLICA MUNICIPAL E PRIVADA, OU CONVENIADA AO SISTEMA \u00daNICO DE SA\u00daDE \u2013 SUS, NO \u00c2MBITO DO MUNIC\u00cdPIO DE JEQUI\u00c9, E D\u00c1 OUTRAS PROVID\u00caNCIAS."}, {"id": "3450", "ano": "2023", "numero": "18", "tipo__sigla": "PL", "tipo__descricao": "Projeto de Lei Ordin\u00e1ria", "autoria": "Joaquim Caires Rocha (Joaquim Caires)", "texto_original": "http://sapl.jequie.ba.leg.br/media/sapl/public/materialegislativa/2023/3450/projeto_lei_18.2023_dia_calvalgada.doc", "ementa": "INSTITUI O DIA DA CAVALGADA NO CALEND\u00c1RIO OFICIAL DE EVENTOS DO MUNIC\u00cdPIO DE JEQUI\u00c9 E D\u00c1 OUTRAS PROVID\u00caNCIAS."}, {"id": "3456", "ano": "2023", "numero": "19", "tipo__sigla": "PL", "tipo__descricao": "Projeto de Lei Ordin\u00e1ria", "autoria": "Jo\u00e3o Paulo Fernandes Silva (JP)", "texto_original": "http://sapl.jequie.ba.leg.br/media/sapl/public/materialegislativa/2023/3456/projeto_de_lei_19.2023para_alteracao.docx", "ementa": "ALTERA A REDA\u00c7\u00c3O DO INCISO I DO ARTIGO 3\u00ba. DA LEI MUNICIPAL N\u00ba 2.242/2022, E D\u00c1 OUTRAS PROVID\u00caNCIAS."}, {"id": "3460", "ano": "2023", "numero": "20", "tipo__sigla": "PL", "tipo__descricao": "Projeto de Lei Ordin\u00e1ria", "autoria": "Zenildo Brand\u00e3o (Z\u00e9 Coc\u00e1)", "texto_original": "http://sapl.jequie.ba.leg.br/media/sapl/public/materialegislativa/2023/3460/projeto_de_lei_no03-_conselho_municipal_de_seguranca_publica_e_fumsep__novo_2.pdf", "ementa": "DISP\u00d5E SOBRE A CRIA\u00c7\u00c3O DO CONSELHO MUNICIPAL DE SEGURAN\u00c7A P\u00daBLICA E DEFESA SOCIAL \u2013 COMSEP E INSTITUI O FUNDO MUNICIPAL DE SEGURAN\u00c7A P\u00daBLICA - FUMSEP E D\u00c1 OUTRAS PROVID\u00caNCIAS."}, {"id": "3461", "ano": "2023", "numero": "21", "tipo__sigla": "PL", "tipo__descricao": "Projeto de Lei Ordin\u00e1ria", "autoria": "BUI BULH\u00d5ES", "texto_original": "http://sapl.jequie.ba.leg.br/media/sapl/public/materialegislativa/2023/3461/projeto_de_lei_21.2023estabelece_plano_de_comunicacao_populacao_local_chesf.doc", "ementa": "DISP\u00d5E SOBRE MEDIDAS DE PROTE\u00c7\u00c3O COMPLEMENTAR \u00c0 POPULA\u00c7\u00c3O JEQUIEENSE, POR AUMENTO DE VAZ\u00c3O DA BARRAGEM DA PEDRA, DETERMINANDO A PREVIS\u00c3O DE INSTALA\u00c7\u00c3O DE SIRENES, E OUTROS MEIOS DE COMUNICA\u00c7\u00c3O QUE SEJAM CAPAZES DE ENVIAR ALERTAS E VIABILIZAR A PROTE\u00c7\u00c3O DE PESSOAS QUE VIVEM NAS \u00c1REAS DA MANCHA DE INUNDA\u00c7\u00c3O, AS MEDIDAS ESPEC\u00cdFICAS DE SOCORRO, GARANTIA DE ABASTECIMENTO, REDU\u00c7\u00c3O DOS IMPACTOS AMBIENTAIS E PROTE\u00c7\u00c3O DO PATRIM\u00d4NIO."}, {"id": "3520", "ano": "2023", "numero": "22", "tipo__sigla": "PL", "tipo__descricao": "Projeto de Lei Ordin\u00e1ria", "autoria": "RAMON FERNANDES", "texto_original": "http://sapl.jequie.ba.leg.br/media/sapl/public/materialegislativa/2023/3520/projeto_de_lei_n.22.2023.doc", "ementa": "DETERMINA A QUEM COMETE MAUS-TRATOS AOS ANIMAIS O PAGAMENTO PELO TRATAMENTO DO ANIMAL NO MUNIC\u00cdPIO DE JEQUI\u00c9, E D\u00c1 OUTRAS PROVID\u00caNCIAS."}, {"id": "3524", "ano": "2023", "numero": "23", "tipo__sigla": "PL", "tipo__descricao": "Projeto de Lei Ordin\u00e1ria", "autoria": "RAMON FERNANDES", "texto_original": "http://sapl.jequie.ba.leg.br/media/sapl/public/materialegislativa/2023/3524/projeo_de_lei_incentivo_esportivo_23.2023.doc", "ementa": "AUTORIZA O CHEFE DO PODER EXECUTIVO MUNICIPAL A CONCEDER AJUDA DE CUSTO AOS ATLETAS AMADORES E PROFISSIONAIS QUE REPRESENTAM O MUNIC\u00cdPIO DE JEQUI\u00c9 EM COMPETI\u00c7\u00d5ES ESPORTIVAS, E D\u00c1 OUTRAS PROVID\u00caNCIAS."}, {"id": "3525", "ano": "2023", "numero": "24", "tipo__sigla": "PL", "tipo__descricao": "Projeto de Lei Ordin\u00e1ria", "autoria": "Zenildo Brand\u00e3o (Z\u00e9 Coc\u00e1)", "texto_original": "http://sapl.jequie.ba.leg.br/media/sapl/public/materialegislativa/2023/3525/projeto_de_lei_no04-_refim_2023.pdf", "ementa": "CONCEDE BENEF\u00cdCIO FISCAL DE REGULARIZA\u00c7\u00c3O DE D\u00c9BITOS FISCAIS MUNICIPAIS, CONCEDE REMISS\u00c3O DE TRIBUTOS E RENDAS PARA CONTRIBUINTES QUE POSSUEM IM\u00d3VEIS OU ESTABELECIMENTOS NAS \u00c1REAS URBANAS AFETADAS PELO DESASTRE NATURAL DECLARADAS DE SITUA\u00c7\u00c3O DE EMERG\u00caNCIA PELO DECRETO MUNICIPAL N\u00b0 24.023/2022 E D\u00c1 OUTRAS PROVID\u00caNCIAS."}, {"id": "3529", "ano": "2023", "numero": "25", "tipo__sigla": "PL", "tipo__descricao": "Projeto de Lei Ordin\u00e1ria", "autoria": "RAMON FERNANDES", "texto_original": "http://sapl.jequie.ba.leg.br/media/sapl/public/materialegislativa/2023/3529/projeto_de_vias_publicas_2023_2.doc", "ementa": "DISP\u00d5E SOBRE A OBRIGATORIEDADE DE RECUPERA\u00c7\u00c3O DOS DANOS CAUSADOS EM VIAS P\u00daBLICAS DO MUNIC\u00cdPIO DE JEQUI\u00c9 PROVENIENTES DE REPAROS QUE TENHAM SIDO REALIZADOS FORA DOS PADR\u00d5ES DE QUALIDADE E DOS MATERIAIS ORIGINALMENTE APLICADOS NO LOCAL, POR EMPRESAS P\u00daBLICAS, CONCESSION\u00c1RIAS DE SERVI\u00c7OS P\u00daBLICOS, EMPRESAS PRIVADAS OU PESSOAS F\u00cdSICAS, E D\u00c1 OUTRAS PROVID\u00caNCIAS."}, {"id": "3530", "ano": "2023", "numero": "26", "tipo__sigla": "PL", "tipo__descricao": "Projeto de Lei Ordin\u00e1ria", "autoria": "COLORIDO", "texto_original": "http://sapl.jequie.ba.leg.br/media/sapl/public/materialegislativa/2023/3530/projeto_de_lei_26.2023_joelma.docx", "ementa": "DENOMINA A PRA\u00c7A JOELMA GOMES ORRICO LOCALIZADA ENTRE A AVENIDA OT\u00c1VIO MANGABEIRA E A RUA JABAQUARA EM FRENTE AO CENTRO DE SA\u00daDE SEBASTI\u00c3O AZEVEDO NO BAIRRO DO MANDACAR\u00da, JEQUI\u00c9, BAHIA E D\u00c1 OUTRAS PROVID\u00caNCIAS."}, {"id": "3532", "ano": "2023", "numero": "27", "tipo__sigla": "PL", "tipo__descricao": "Projeto de Lei Ordin\u00e1ria", "autoria": "San David Pereira Arag\u00e3o (San)", "texto_original": "http://sapl.jequie.ba.leg.br/media/sapl/public/materialegislativa/2023/3532/projeto_de_lei_27.2023_utilidade_publica_o_instituto_isca_no_mandacaru.docx", "ementa": "CONSIDERA DE UTILIDADE P\u00daBLICA MUNICIPAL, O INSTITUTO SOCIAL PROJETO CULTURART - ISCA."}, {"id": "3562", "ano": "2023", "numero": "28", "tipo__sigla": "PL", "tipo__descricao": "Projeto de Lei Ordin\u00e1ria", "autoria": "Zenildo Brand\u00e3o (Z\u00e9 Coc\u00e1)", "texto_original": "http://sapl.jequie.ba.leg.br/media/sapl/public/materialegislativa/2023/3562/projeto_de_lei_no05-_piso_salarial_dos_agentes_de_endemias_e_acs_1.pdf", "ementa": "DISP\u00d5E SOBRE O REAJUSTE DOS AGENTES COMUNIT\u00c1RIO DE SA\u00daDE E AGENTES DE COMBATES \u00c0S ENDEMIAS NO \u00c2MBITO DO MUNIC\u00cdPIO DE JEQUI\u00c9 E D\u00c1 OUTRAS PROVID\u00caNCIAS."}, {"id": "3577", "ano": "2023", "numero": "29", "tipo__sigla": "PL", "tipo__descricao": "Projeto de Lei Ordin\u00e1ria", "autoria": "Sidney Magal Rodrigues de Souza (Sidney Magal)", "texto_original": "http://sapl.jequie.ba.leg.br/media/sapl/public/materialegislativa/2023/3577/projeto_de_lei_utilidade_publica__-instituto_beneficente_shammah.doc", "ementa": "CONSIDERA DE UTILIDADE P\u00daBLICA MUNICIPAL O INSTITUTO BENEFICENTE SHAMMAH, NO BAIRRO JOAQUIM ROM\u00c3O."}, {"id": "3603", "ano": "2023", "numero": "30", "tipo__sigla": "PL", "tipo__descricao": "Projeto de Lei Ordin\u00e1ria", "autoria": "Zenildo Brand\u00e3o (Z\u00e9 Coc\u00e1)", "texto_original": "http://sapl.jequie.ba.leg.br/media/sapl/public/materialegislativa/2023/3603/plo_-_ldo_2024.pdf", "ementa": "LDO 2024 - DISP\u00d5E SOBRE AS DIRETRIZES OR\u00c7AMENT\u00c1RIAS PARA O EXERC\u00cdCIO FINANCEIRO DE 2024 DO MUNIC\u00cdPIO DE JEQUI\u00c9 \u2013 ESTADO DA BAHIA E D\u00c1 OUTRAS PROVID\u00caNCIAS."}, {"id": "3622", "ano": "2023", "numero": "31", "tipo__sigla": "PL", "tipo__descricao": "Projeto de Lei Ordin\u00e1ria", "autoria": "Jo\u00e3o Paulo Fernandes Silva (JP)", "texto_original": "http://sapl.jequie.ba.leg.br/media/sapl/public/materialegislativa/2023/3622/projeto_de_lei_31.2023laudo_indeterminado.docx", "ementa": "DISP\u00d5E SOBRE O LAUDO PERICIAL M\u00c9DICO QUE ATESTE O TRANSTORNO DO ESPECTRO AUTISTA-TEA PASSAR A TER PRAZO DE VALIDADE INDETERMINADO NO \u00c2MBITO MUNICIPAL."}, {"id": "3632", "ano": "2023", "numero": "32", "tipo__sigla": "PL", "tipo__descricao": "Projeto de Lei Ordin\u00e1ria", "autoria": "MOANA", "texto_original": "http://sapl.jequie.ba.leg.br/media/sapl/public/materialegislativa/2023/3632/projeto_de_lei_32.2023vagas_em_estacionamento__para__autistas.docx", "ementa": "DISP\u00d5E SOBRE A INSER\u00c7\u00c3O OBRIGAT\u00d3RIA DO S\u00cdMBOLO MUNDIAL DE CONSCIENTIZA\u00c7\u00c3O DO TRANSTORNO DO ESPECTRO AUTISTA-TEA, CONHECIDO COMO \"FITA QUEBRA CABE\u00c7A\", NAS PLACAS E DISPOSITIVOS INDICATIVOS DE VAGAS PREFERENCIAIS NOS ESTACIONAMENTOS RESERVADOS AS\r\nPESSOAS COM DEFICI\u00caNCIA NO MUNIC\u00cdPIO DE JEQUI\u00c9 E D\u00c1 OUTRAS PROVID\u00caNCIAS."}, {"id": "3642", "ano": "2023", "numero": "33", "tipo__sigla": "PL", "tipo__descricao": "Projeto de Lei Ordin\u00e1ria", "autoria": "RAMON FERNANDES", "texto_original": "http://sapl.jequie.ba.leg.br/media/sapl/public/materialegislativa/2023/3642/projeo_de_lei_animais__33_2023.doc", "ementa": "INSTITUI POL\u00cdTICA MUNICIPAL DE PROTE\u00c7\u00c3O E ATENDIMENTO AOS DIREITOS DOS ANIMAIS, NO \u00c2MBITO DE JEQUI\u00c9, ESTADO DA BAHIA."}, {"id": "3643", "ano": "2023", "numero": "34", "tipo__sigla": "PL", "tipo__descricao": "Projeto de Lei Ordin\u00e1ria", "autoria": "PROFESSORA CIDA", "texto_original": "http://sapl.jequie.ba.leg.br/media/sapl/public/materialegislativa/2023/3643/projeto_de_lei_34.2023altera_a_lei.docx", "ementa": "ALTERA A REDA\u00c7\u00c3O DA EMENTA E DO ARTIGO 1\u00ba DA LEI 2.281 DE 03 DE ABRIL DE 2023, QUE DENOMINA DE RUA ANT\u00d4NIO ROQUE DE CARVALHO."}, {"id": "3680", "ano": "2023", "numero": "35", "tipo__sigla": "PL", "tipo__descricao": "Projeto de Lei Ordin\u00e1ria", "autoria": "RAMON FERNANDES", "texto_original": "http://sapl.jequie.ba.leg.br/media/sapl/public/materialegislativa/2023/3680/projeto_35.2023acedemias_2023.doc", "ementa": "CONCEDE AOS PROFISSIONAIS DE EDUCA\u00c7\u00c3O F\u00cdSICA QUE PRESTAM SERVI\u00c7O COMO PERSONAL TRAINNER, ACESSO LIVRE \u00c0S ACADEMIAS PARA ACOMPANHAR SEUS CLIENTES E D\u00c1 OUTRAS PROVID\u00caNCIAS."}, {"id": "3681", "ano": "2023", "numero": "36", "tipo__sigla": "PL", "tipo__descricao": "Projeto de Lei Ordin\u00e1ria", "autoria": "MOANA", "texto_original": "http://sapl.jequie.ba.leg.br/media/sapl/public/materialegislativa/2023/3681/projeto_36.2023troca_de_sirenes_e_alarmes_nas_escolas.docx", "ementa": "DISP\u00d5E SOBRE A SUBSTITUI\u00c7\u00c3O DE SIRENES E ALARMES UTILIZADOS COMO SINALIZADORES DE IN\u00cdCIO E T\u00c9RMINO DE AULA, PROVAS E PER\u00cdODO DE RECREIO E INTERVALO NAS INSTITUI\u00c7\u00d5ES DE ENSINO DAS REDES P\u00daBLICA E PRIVADA NO MUNIC\u00cdPIO DE JEQUI\u00c9."}, {"id": "3721", "ano": "2023", "numero": "37", "tipo__sigla": "PL", "tipo__descricao": "Projeto de Lei Ordin\u00e1ria", "autoria": "Zenildo Brand\u00e3o (Z\u00e9 Coc\u00e1)", "texto_original": "http://sapl.jequie.ba.leg.br/media/sapl/public/materialegislativa/2023/3721/projeto_de_lei_no_07-regulamenta_a_funcao_de_psicologia_e_social-assinado.pdf", "ementa": "REGULAMENTA A PRESTA\u00c7\u00c3O DE SERVI\u00c7OS DE PSICOLOGIA E DE SERVI\u00c7O SOCIAL NO \u00c2MBITO DO SISTEMA MUNICIPAL DE ENSINO DE JEQUI\u00c9 \u2013 BA, CONFORME DISPOSTO NA LEI N\u00b0 13.935, DE 11 DE DEZEMBRO DE 2019 E ALTERA A LEI N\u00ba 1.552/2002."}, {"id": "3722", "ano": "2023", "numero": "38", "tipo__sigla": "PL", "tipo__descricao": "Projeto de Lei Ordin\u00e1ria", "autoria": "Zenildo Brand\u00e3o (Z\u00e9 Coc\u00e1)", "texto_original": "http://sapl.jequie.ba.leg.br/media/sapl/public/materialegislativa/2023/3722/projeto_de_lei_no_08-_autorizacao_construcao_em_app-assinado.pdf", "ementa": "AUTORIZA A CONSTRU\u00c7\u00c3O, EDIFICA\u00c7\u00c3O E OPERA\u00c7\u00c3O DE UM ESTACIONAMENTO P\u00daBLICO, EM \u00c1REA DE PRESERVA\u00c7\u00c3O PERMANENTE, DE ACORDO COM O ART. 4\u00ba, \u00a7 10, INCISO III DA LEI N\u00ba 12.651/2012, COM REDA\u00c7\u00c3O DADA PELO ART. 2\u00ba, DA LEI N\u00ba 14.285/2021."}, {"id": "3724", "ano": "2023", "numero": "39", "tipo__sigla": "PL", "tipo__descricao": "Projeto de Lei Ordin\u00e1ria", "autoria": "GUTINHA", "texto_original": "http://sapl.jequie.ba.leg.br/media/sapl/public/materialegislativa/2023/3724/projeto_de_lei_39.2023praca_idelipio_barros_gomes.doc", "ementa": "DENOMINA DE PRA\u00c7A IDEL\u00cdPIO BARROS GOMES A PRA\u00c7A PRINCIPAL DE MONTE BRANCO, DISTRITO DE JEQUI\u00c9."}, {"id": "3725", "ano": "2023", "numero": "40", "tipo__sigla": "PL", "tipo__descricao": "Projeto de Lei Ordin\u00e1ria", "autoria": "GUTINHA, SOLDADO GILVAN", "texto_original": "http://sapl.jequie.ba.leg.br/media/sapl/public/materialegislativa/2023/3725/projeto_de_lei_40.2023auditorio_do_centro_de_educacao_integral.doc", "ementa": "DENOMINA DE AUDIT\u00d3RIO IRAMAIA SANTOS ROCHA O AUDIT\u00d3RIO DO CENTRO DE EDUCA\u00c7\u00c3O DE TEMPO INTEGRAL ADEMAR VIEIRA."}, {"id": "3812", "ano": "2023", "numero": "41", "tipo__sigla": "PL", "tipo__descricao": "Projeto de Lei Ordin\u00e1ria", "autoria": "Zenildo Brand\u00e3o (Z\u00e9 Coc\u00e1)", "texto_original": "http://sapl.jequie.ba.leg.br/media/sapl/public/materialegislativa/2023/3812/pl_09-_abertura_de_credito_suplementar_-assinado.pdf", "ementa": "AUTORIZA A ABERTURA DE CR\u00c9DITO ADICIONAL SUPLEMENTAR AO OR\u00c7AMENTO VIGENTE E D\u00c1 OUTRAS PROVID\u00caNCIAS."}, {"id": "3813", "ano": "2023", "numero": "42", "tipo__sigla": "PL", "tipo__descricao": "Projeto de Lei Ordin\u00e1ria", "autoria": "MOANA", "texto_original": "http://sapl.jequie.ba.leg.br/media/sapl/public/materialegislativa/2023/3813/projeto_42.2023isencao_iptu_para_idosos.docx", "ementa": "DISP\u00d5E SOBRE A CONCESS\u00c3O DE ISEN\u00c7\u00c3O DE IPTU - IMPOSTO PREDIAL E TERRITORIAL URBANO, NO MUNIC\u00cdPIO DE JEQUI\u00c9 E D\u00c1 OUTRAS PROVID\u00caNCIAS."}, {"id": "3838", "ano": "2023", "numero": "43", "tipo__sigla": "PL", "tipo__descricao": "Projeto de Lei Ordin\u00e1ria", "autoria": "Zenildo Brand\u00e3o (Z\u00e9 Coc\u00e1)", "texto_original": "http://sapl.jequie.ba.leg.br/media/sapl/public/materialegislativa/2023/3838/pl_11-carga_e_descarga-_assinado.pdf", "ementa": "DISP\u00d5E SOBRE NORMAS PARA OPERA\u00c7\u00d5ES DE CARGA E DESCARGA, FIXA OS HOR\u00c1RIOS PARA A REALIZA\u00c7\u00c3O DE OPERA\u00c7\u00d5ES EM VIAS P\u00daBLICAS DO MUNIC\u00cdPIO DE JEQUI\u00c9, E D\u00c1 OUTRAS PROVID\u00caNCIAS."}, {"id": "3839", "ano": "2023", "numero": "44", "tipo__sigla": "PL", "tipo__descricao": "Projeto de Lei Ordin\u00e1ria", "autoria": "Zenildo Brand\u00e3o (Z\u00e9 Coc\u00e1)", "texto_original": "http://sapl.jequie.ba.leg.br/media/sapl/public/materialegislativa/2023/3839/pl_10-_pro_cultura-_digitalizado.pdf", "ementa": "INSTITUI O PROGRAMA PR\u00d3 CULTURA DE CONCESS\u00c3O DE BENEF\u00cdCIO FISCAL AO SETOR CULTURAL."}, {"id": "3840", "ano": "2023", "numero": "45", "tipo__sigla": "PL", "tipo__descricao": "Projeto de Lei Ordin\u00e1ria", "autoria": "Joaquim Caires Rocha (Joaquim Caires)", "texto_original": "http://sapl.jequie.ba.leg.br/media/sapl/public/materialegislativa/2023/3840/projeto_de_lei_45.2023_praca_isaac_cunha.doc", "ementa": "DENOMINA-SE PRA\u00c7A ISAAC CUNHA A PRA\u00c7A LOCALIZADA NO BAIRRO S\u00c3O JUDAS TADEU."}, {"id": "3841", "ano": "2023", "numero": "46", "tipo__sigla": "PL", "tipo__descricao": "Projeto de Lei Ordin\u00e1ria", "autoria": "MARCINHO", "texto_original": "http://sapl.jequie.ba.leg.br/media/sapl/public/materialegislativa/2023/3841/plo_46.2023praca_do_sao_judas_tadeu_1.docx", "ementa": "DENOMINA DE PRA\u00c7A RAIMUNDO NONATO RIBEIRO FILHO, A NOVA PRA\u00c7A LOCALIZADA NO ESPA\u00c7O ENTRE AS RUAS OSWALDO ALVARES MEIRA, AVENIDA 02 E AVENIDA 09, ENTORNO DA QUADRA POLIESPORTIVA, NO BAIRRO S\u00c3O JUDAS TADEU, NO MUNIC\u00cdPIO DE JEQUI\u00c9."}, {"id": "3843", "ano": "2023", "numero": "47", "tipo__sigla": "PL", "tipo__descricao": "Projeto de Lei Ordin\u00e1ria", "autoria": "TINHO", "texto_original": "http://sapl.jequie.ba.leg.br/media/sapl/public/materialegislativa/2023/3843/projeto_de_lei_47.2023.docx", "ementa": "INSTITUI NO CALEND\u00c1RIO DE EVENTOS DO MUNIC\u00cdPIO DE JEQUI\u00c9 - BAHIA, O MOVIMENTO \"MAIO AMARELO\", DEDICADO \u00c0 DIMINUI\u00c7\u00c3O DOS \u00cdNDICES DE SINISTROS DE TR\u00c2NSITO ATRAV\u00c9S DA CONSCIENTIZA\u00c7\u00c3O, PREVEN\u00c7\u00c3O E COMBATE \u00c0 VIOL\u00caNCIA NO TR\u00c2NSITO E PROMOVER A EDUCA\u00c7\u00c3O DE TR\u00c2NSITO ATRAV\u00c9S DA SUMTRAM E D\u00c1 OUTRAS PROVID\u00caNCIAS."}, {"id": "3868", "ano": "2023", "numero": "48", "tipo__sigla": "PL", "tipo__descricao": "Projeto de Lei Ordin\u00e1ria", "autoria": "Zenildo Brand\u00e3o (Z\u00e9 Coc\u00e1)", "texto_original": "http://sapl.jequie.ba.leg.br/media/sapl/public/materialegislativa/2023/3868/projeto_de_lei_no12-_convenio_com_a_cdl_1.pdf", "ementa": "AUTORIZA O PODER EXECUTIVO A CELEBRAR CONV\u00caNIO COM A ASSOCIA\u00c7\u00c3O COMERCIAL E INDUSTRIAL DE JEQUI\u00c9 \u2013 ACIJ, VISANDO \u00c0 REALIZA\u00c7\u00c3O DE CAMPANHA PROMOCIONAL INTITULADA \u201cO MELHOR S\u00c3O JO\u00c3O DA BAHIA \u2013 AMOR, FORR\u00d3 E PR\u00c9MIOS\u201d, QUE TER\u00c1 POR OBJETIVO FOMENTAR A ARRECADA\u00c7\u00c3O DIRETA E INDIRETA DO MUNIC\u00cdPIO."}, {"id": "3869", "ano": "2023", "numero": "49", "tipo__sigla": "PL", "tipo__descricao": "Projeto de Lei Ordin\u00e1ria", "autoria": "Zenildo Brand\u00e3o (Z\u00e9 Coc\u00e1)", "texto_original": "http://sapl.jequie.ba.leg.br/media/sapl/public/materialegislativa/2023/3869/projeto_de_lei_no13-doacao_de_terrreno_para_centro_espirita_1.pdf", "ementa": "AUTORIZA O CHEFE DO PODER EXECUTIVO MUNICIPAL A TRANSFERIR, POR INTERM\u00c9DIO DE DOA\u00c7\u00c3O, UM TERRENO P\u00daBLICO URBANO, PARA O CENTRO ESP\u00cdRITA BENEFICENTE UNI\u00c3O DO VEGETAL, COM INTUITO DA CONSTRU\u00c7\u00c3O DE UM NUCLEO, PARA RITUAL RELIGIOSO, E D\u00c1 OUTRAS PROVID\u00caNCIAS."}, {"id": "3876", "ano": "2023", "numero": "50", "tipo__sigla": "PL", "tipo__descricao": "Projeto de Lei Ordin\u00e1ria", "autoria": "TINHO", "texto_original": "http://sapl.jequie.ba.leg.br/media/sapl/public/materialegislativa/2023/3876/projeto_de_lei_50.2023-_criacao_da_alteracao_do_nome_da_guarda_municipal_de_jequie_para_guarda_civil_municipal.docx", "ementa": "DISP\u00d5E SOBRE A CRIA\u00c7\u00c3O DA ALTERA\u00c7\u00c3O DO NOME DA GUARDA MUNICIPAL DE JEQUI\u00c9, PARA GUARDA CIVIL MUNICIPAL, NO MUNIC\u00cdPIO DE MUNICIPIO DE JEQUI\u00c9 E D\u00c1 OUTRAS PROVID\u00caNCIAS."}, {"id": "3877", "ano": "2023", "numero": "51", "tipo__sigla": "PL", "tipo__descricao": "Projeto de Lei Ordin\u00e1ria", "autoria": "TINHO", "texto_original": "http://sapl.jequie.ba.leg.br/media/sapl/public/materialegislativa/2023/3877/projeto_de_lei_51.2023_criacao_de_um_brado_de_guerra__da_guarda_municipal.docx", "ementa": "DISP\u00d5E SOBRE A CRIA\u00c7\u00c3O DE UM BRADO DE GUERRA DA GUARDA MUNICIPAL, NO MUNIC\u00cdPIO DE JEQUI\u00c9 E D\u00c1 OUTRAS PROVID\u00caNCIAS."}, {"id": "3878", "ano": "2023", "numero": "52", "tipo__sigla": "PL", "tipo__descricao": "Projeto de Lei Ordin\u00e1ria", "autoria": "GUTINHA", "texto_original": "http://sapl.jequie.ba.leg.br/media/sapl/public/materialegislativa/2023/3878/projeto_de_lei_52.2023-_rua_jose_augusto_aguiar.docx", "ementa": "DENOMINA DE RUA JOS\u00c9 AUGUSTO DE AGUIAR BRITO A ATUAL RUA EPAMENODAS LOCALIZADA NO BAIRRO S\u00c3O JUDAS TADEU, NESTA CIDADE."}, {"id": "3879", "ano": "2023", "numero": "53", "tipo__sigla": "PL", "tipo__descricao": "Projeto de Lei Ordin\u00e1ria", "autoria": "GUTINHA", "texto_original": "http://sapl.jequie.ba.leg.br/media/sapl/public/materialegislativa/2023/3879/projeto_de_lei_53.2023gutinha_-_praca_jose_augusto_aguiar.docx", "ementa": "DENOMINA DE PRA\u00c7A JOS\u00c9 AUGUSTO DE AGUIAR BRITO A ATUAL PRA\u00c7A DR. POMP\u00cdLIO SAMPAIO, LOCALIZADA ENTRE AS RUAS SIQUEIRA CAMPOS E JO\u00c3O JOS\u00c9 DUARTE, NO BAIRRO JOAQUIM ROM\u00c3O, NESTA CIDADE."}, {"id": "3882", "ano": "2023", "numero": "54", "tipo__sigla": "PL", "tipo__descricao": "Projeto de Lei Ordin\u00e1ria", "autoria": "Zenildo Brand\u00e3o (Z\u00e9 Coc\u00e1)", "texto_original": "http://sapl.jequie.ba.leg.br/media/sapl/public/materialegislativa/2023/3882/projeto_de_lei_no15-_ppp_e_fundo_municipal_de_residuos_solido_e_plano_1.pdf", "ementa": "AUTORIZA A CONTRATA\u00c7\u00c3O DE PARCERIA P\u00daBLICO-PRIVADA PARA A PRESTA\u00c7\u00c3O DOS SERVI\u00c7OS P\u00daBLICOS DE LIMPEZA URBANA E MANEJO DE RES\u00cdDUOS S\u00d3LIDOS, CRIA O FUNDO MUNICIPAL DE RES\u00cdDUOS S\u00d3LIDOS E D\u00c1 OUTRAS PROVID\u00caNCIAS."}, {"id": "3883", "ano": "2023", "numero": "55", "tipo__sigla": "PL", "tipo__descricao": "Projeto de Lei Ordin\u00e1ria", "autoria": "Zenildo Brand\u00e3o (Z\u00e9 Coc\u00e1)", "texto_original": "http://sapl.jequie.ba.leg.br/media/sapl/public/materialegislativa/2023/3883/pl_no_14-_agente_de_contratacao-_assinado.pdf", "ementa": "DISP\u00d5E SOBRE A DESIGNA\u00c7\u00c3O E EXERC\u00cdCIO DA FUN\u00c7\u00c3O DE AGENTE DE CONTRATA\u00c7\u00c3O, E D\u00c1 OUTRAS PROVID\u00caNCIAS."}, {"id": "3892", "ano": "2023", "numero": "56", "tipo__sigla": "PL", "tipo__descricao": "Projeto de Lei Ordin\u00e1ria", "autoria": "PROFESSORA CIDA", "texto_original": "http://sapl.jequie.ba.leg.br/media/sapl/public/materialegislativa/2023/3892/projeto_karate_56.2023.docx", "ementa": "CONSIDERA DE UTILIDADE P\u00daBLICA MUNICIPAL A ASSOCIA\u00c7\u00c3O DE KARAT\u00ca BUD\u00d4-KAN  DE JEQUI\u00c9."}, {"id": "3930", "ano": "2023", "numero": "57", "tipo__sigla": "PL", "tipo__descricao": "Projeto de Lei Ordin\u00e1ria", "autoria": "Mesa Diretora - MD", "texto_original": "http://sapl.jequie.ba.leg.br/media/sapl/public/materialegislativa/2023/3930/projeto_de_lei_57.2023subsidios_vereadores_2025-2028.docx", "ementa": "ESTABELECE OS SUBS\u00cdDIOS DOS VEREADORES DA C\u00c2MARA MUNICIPAL DE JEQUI\u00c9 PARA A LEGISLATURA 2025/2028, E D\u00c1 OUTRAS PROVID\u00caNCIAS."}, {"id": "3931", "ano": "2023", "numero": "58", "tipo__sigla": "PL", "tipo__descricao": "Projeto de Lei Ordin\u00e1ria", "autoria": "Mesa Diretora - MD", "texto_original": "http://sapl.jequie.ba.leg.br/media/sapl/public/materialegislativa/2023/3931/projeto_de_lei_58.2023subsidio_prefeito_2025-_2028.docx", "ementa": "ESTABELECE OS SUBS\u00cdDIOS DO PREFEITO, VICE-PREFEITO E SECRET\u00c1RIOS MUNICIPAIS DE  JEQUI\u00c9 PARA O MANDATO DE 2025/2028, E D\u00c1 OUTRAS PROVID\u00caNCIAS."}, {"id": "3932", "ano": "2023", "numero": "59", "tipo__sigla": "PL", "tipo__descricao": "Projeto de Lei Ordin\u00e1ria", "autoria": "Mesa Diretora - MD", "texto_original": "http://sapl.jequie.ba.leg.br/media/sapl/public/materialegislativa/2023/3932/projeto_que_cria_cargos_59.2023.docx", "ementa": "ALTERA DISPOSITIVOS DA LEI N\u00b0 2.248/2022 E CRIA OS SEGUINTES CARGOS COMISSIONADOS."}, {"id": "3938", "ano": "2023", "numero": "60", "tipo__sigla": "PL", "tipo__descricao": "Projeto de Lei Ordin\u00e1ria", "autoria": "Joaquim Caires Rocha (Joaquim Caires)", "texto_original": "http://sapl.jequie.ba.leg.br/media/sapl/public/materialegislativa/2023/3938/projeto_delei_60.2023_denomina_rua_antenor_rocha__1.doc", "ementa": "PASSA A DENOMINAR RUA ANTENOR ROCHA SANTANA, A ATUAL RUA Q, DO BAIRRO LOTEAMENTO \u00c1GUA BRANCA."}, {"id": "3939", "ano": "2023", "numero": "61", "tipo__sigla": "PL", "tipo__descricao": "Projeto de Lei Ordin\u00e1ria", "autoria": "MOANA", "texto_original": "http://sapl.jequie.ba.leg.br/media/sapl/public/materialegislativa/2023/3939/projeto_de_lei_61.2023humanizacao_do_luto_materno.docx", "ementa": "DISP\u00d5E SOBRE OS HOSPITAIS P\u00daBLICOS E PRIVADOS, INSTITU\u00cdREM PROCEDIMENTOS RELACIONADOS A HUMANIZA\u00c7\u00c3O DA PERDA GESTACIONAL."}, {"id": "3948", "ano": "2023", "numero": "62", "tipo__sigla": "PL", "tipo__descricao": "Projeto de Lei Ordin\u00e1ria", "autoria": "RAMON FERNANDES", "texto_original": "http://sapl.jequie.ba.leg.br/media/sapl/public/materialegislativa/2023/3948/projeto_de_lei_62.2023_metodo_aba.doc", "ementa": "AUTORIZA O PODER EXECUTIVO A ADOTAR O M\u00c9TODO ABA (AN\u00c1LISE APLICADA DO COMPORTAMENTO) PARA O TRATAMENTO DE PACIENTES COM TRANSTORNO DO ESPECTRO AUTISTA (TEA) NA REDE P\u00daBLICA MUNICIPAL DE SA\u00daDE."}, {"id": "3975", "ano": "2023", "numero": "63", "tipo__sigla": "PL", "tipo__descricao": "Projeto de Lei Ordin\u00e1ria", "autoria": "Sidney Magal Rodrigues de Souza (Sidney Magal)", "texto_original": "http://sapl.jequie.ba.leg.br/media/sapl/public/materialegislativa/2023/3975/projeto_de_lei_63.2023-_alteracao_da_data_evento_marcha_para_jesus.docx", "ementa": "DISP\u00d5E SOBRE A ALTERA\u00c7\u00c3O DA DATA DO EVENTO \u201cMARCHA PARA JESUS\" NO CALEND\u00c1RIO OFICIAL DE EVENTOS DO MUNIC\u00cdPIO DE JEQUI\u00c9."}, {"id": "3978", "ano": "2023", "numero": "64", "tipo__sigla": "PL", "tipo__descricao": "Projeto de Lei Ordin\u00e1ria", "autoria": "Zenildo Brand\u00e3o (Z\u00e9 Coc\u00e1)", "texto_original": "http://sapl.jequie.ba.leg.br/media/sapl/public/materialegislativa/2023/3978/projeto_de_lei_no_16-_reajuste_dos_professores.assinado.pdf", "ementa": "DISP\u00d5E SOBRE A ADEQUA\u00c7\u00c3O DO VENCIMENTO B\u00c1SICO DA CLASSE DOCENTE DO QUADRO DO MAGIST\u00c9RIO DA EDUCA\u00c7\u00c3O B\u00c1SICA AO PISO SALARIAL NACIONAL DO MAGIST\u00c9RIO P\u00daBLICO DA EDUCA\u00c7\u00c3O B\u00c1SICA E D\u00c1 OUTRAS PROVID\u00caNCIAS."}, {"id": "3979", "ano": "2023", "numero": "65", "tipo__sigla": "PL", "tipo__descricao": "Projeto de Lei Ordin\u00e1ria", "autoria": "Zenildo Brand\u00e3o (Z\u00e9 Coc\u00e1)", "texto_original": "http://sapl.jequie.ba.leg.br/media/sapl/public/materialegislativa/2023/3979/projeto_de_lei_no17-_reajuste_salarial_servidores_assinado.pdf", "ementa": "DISP\u00d5E SOBRE O REAJUSTE DOS SERVIDORES P\u00daBLICOS DO MUNIC\u00cdPIO DE JEQUI\u00c9 E D\u00c1 OUTRAS PROVID\u00caNCIAS."}, {"id": "3980", "ano": "2023", "numero": "66", "tipo__sigla": "PL", "tipo__descricao": "Projeto de Lei Ordin\u00e1ria", "autoria": "Sidney Magal Rodrigues de Souza (Sidney Magal)", "texto_original": "http://sapl.jequie.ba.leg.br/media/sapl/public/materialegislativa/2023/3980/projeto_de_lei_66.2023-_titulo_de_utilidade_publica_-_associacao_acolher.docx", "ementa": "DECLARA DE UTILIDADE P\u00daBLICA MUNICIPAL A ASSOCIA\u00c7\u00c3O ACOLHER \u2013 SEU LAR EM JEQUI\u00c9."}, {"id": "3986", "ano": "2023", "numero": "67", "tipo__sigla": "PL", "tipo__descricao": "Projeto de Lei Ordin\u00e1ria", "autoria": "BUI BULH\u00d5ES", "texto_original": "http://sapl.jequie.ba.leg.br/media/sapl/public/materialegislativa/2023/3986/projeto_67.2023_incentivo_doador_de_sangue.docx", "ementa": "INSTITUI SOBRE O INCENTIVO AOS DOADORES DE SANGUE DO MUNIC\u00cdPIO DE JEQUI\u00c9, E D\u00c1 OUTRAS PROVID\u00caNCIAS."}, {"id": "3987", "ano": "2023", "numero": "68", "tipo__sigla": "PL", "tipo__descricao": "Projeto de Lei Ordin\u00e1ria", "autoria": "BUI BULH\u00d5ES", "texto_original": "http://sapl.jequie.ba.leg.br/media/sapl/public/materialegislativa/2023/3987/projeto_de_lei_68.2023agua_e_vida.docx", "ementa": "DISP\u00d5E SOBRE A CRIA\u00c7\u00c3O DO SISTEMA MUNICIPAL DE PRESERVA\u00c7\u00c3O \u00c0S NASCENTES E MANANCIAIS DE \u00c1GUA, DENOMINADO \u201c\u00c1GUA \u00c9 VIDA\u201d, NO MUNIC\u00cdPIO DE JEQUI\u00c9-BA."}, {"id": "4002", "ano": "2023", "numero": "69", "tipo__sigla": "PL", "tipo__descricao": "Projeto de Lei Ordin\u00e1ria", "autoria": "San David Pereira Arag\u00e3o (San)", "texto_original": "http://sapl.jequie.ba.leg.br/media/sapl/public/materialegislativa/2023/4002/plo_69-2023_-_dispoe_sobre_a_criacao_do_cmpda_e_o_fundo_municipal_-_causa_animal.docx", "ementa": "DISP\u00d5E SOBRE A CRIA\u00c7\u00c3O DO CONSELHO MUNICIPAL DE PROTE\u00c7\u00c3O E DEFESA DOS ANIMAIS \u2013 CMPDA \u2013 E CRIA\u00c7\u00c3O DO FUNDO MUNICIPAL DE PROTE\u00c7\u00c3O E DEFESA DOS ANIMAIS E D\u00c1 OUTRAS PROVID\u00caNCIAS."}, {"id": "4048", "ano": "2023", "numero": "71", "tipo__sigla": "PL", "tipo__descricao": "Projeto de Lei Ordin\u00e1ria", "autoria": "MOANA", "texto_original": "http://sapl.jequie.ba.leg.br/media/sapl/public/materialegislativa/2023/4048/projeto_71.2023_selo_lilas.docx", "ementa": "DISP\u00d5E SOBRE A CRIA\u00c7\u00c3O DO SELO LIL\u00c1S DE RECONHECIMENTO \u00c0S EMPRESAS ATUANTES NO COMBATE \u00c0 VIOL\u00caNCIA CONTRA A MULHER NO MUNIC\u00cdPIO DE JEQUI\u00c9, E D\u00c1 OUTRAS PROVID\u00caNCIAS."}, {"id": "4080", "ano": "2023", "numero": "73", "tipo__sigla": "PL", "tipo__descricao": "Projeto de Lei Ordin\u00e1ria", "autoria": "Zenildo Brand\u00e3o (Z\u00e9 Coc\u00e1)", "texto_original": "http://sapl.jequie.ba.leg.br/media/sapl/public/materialegislativa/2023/4080/projeto_de_lei_no18_-_abertura_de_credito_suplementar_2.pdf", "ementa": "AUTORIZA A ABERTURA DE CR\u00c9DITO ADICIONAL SUPLEMENTAR AO OR\u00c7AMENTO VIGENTE E D\u00c1 OUTRAS PROVID\u00caNCIAS."}, {"id": "4097", "ano": "2023", "numero": "74", "tipo__sigla": "PL", "tipo__descricao": "Projeto de Lei Ordin\u00e1ria", "autoria": "Jo\u00e3o Paulo Fernandes Silva (JP)", "texto_original": "http://sapl.jequie.ba.leg.br/media/sapl/public/materialegislativa/2023/4097/pl_aplicativo.docx", "ementa": "DISP\u00d5E SOBRE O SERVI\u00c7O REMUNERADO DE TRANSPORTE INDIVIDUAL DE PASSAGEIROS GERENCIADO EXCLUSIVAMENTE POR PLATAFORMAS TECN\u00d3LOGICAS, NO \u00c2MBITO DO MUNIC\u00cdPIO DE JEQUI\u00c9, E D\u00c1 OUTRAS PROVID\u00caNCIAS."}, {"id": "4098", "ano": "2023", "numero": "75", "tipo__sigla": "PL", "tipo__descricao": "Projeto de Lei Ordin\u00e1ria", "autoria": "TINHO", "texto_original": "http://sapl.jequie.ba.leg.br/media/sapl/public/materialegislativa/2023/4098/projeto_de_lei_75.2023_denomina_rua_myrna.....doc", "ementa": "DENOMINA DE RUA MYRNA LEUSE QUADROS RIBEIRO, A ATUAL RUA A, LOTEAMENTO ALGAROBAS II."}, {"id": "4131", "ano": "2023", "numero": "76", "tipo__sigla": "PL", "tipo__descricao": "Projeto de Lei Ordin\u00e1ria", "autoria": "PROFESSORA CIDA", "texto_original": "http://sapl.jequie.ba.leg.br/media/sapl/public/materialegislativa/2023/4131/projeto_de_lei_76.03rua_u.docx", "ementa": "DENOMINA DE RUA ANEZIO JOS\u00c9 LUZ A ATUAL RUA U, LOCALIZADA NO LOTEAMENTO \u00c1GUA BRANCA."}, {"id": "4144", "ano": "2023", "numero": "78", "tipo__sigla": "PL", "tipo__descricao": "Projeto de Lei Ordin\u00e1ria", "autoria": "TINHO", "texto_original": "http://sapl.jequie.ba.leg.br/media/sapl/public/materialegislativa/2023/4144/projeto_de_lei_78.2023_rua_maria_adelia.doc", "ementa": "DENOMINA DE RUA MARIAD\u00c9LIA AGUIAR RIBEIRO, A ATUAL RUA B DO LOTEAMENTO ALGAROBA II E D\u00c1 OUTRAS PROVID\u00caNCIAS."}, {"id": "4149", "ano": "2023", "numero": "79", "tipo__sigla": "PL", "tipo__descricao": "Projeto de Lei Ordin\u00e1ria", "autoria": "RAMON FERNANDES", "texto_original": "http://sapl.jequie.ba.leg.br/media/sapl/public/materialegislativa/2023/4149/projeo_de_lei_79.2023_complexo_esportivo.doc", "ementa": "DENOMINA DE RAIMUNDO MORAIS NASCIMENTO A PRA\u00c7A LOCALIZADA NO COMPLEXO ESPORTIVO WALDOMIRO BORGES NO CAMPO DO CURURU."}, {"id": "4150", "ano": "2023", "numero": "80", "tipo__sigla": "PL", "tipo__descricao": "Projeto de Lei Ordin\u00e1ria", "autoria": "Jo\u00e3o Paulo Fernandes Silva (JP)", "texto_original": "http://sapl.jequie.ba.leg.br/media/sapl/public/materialegislativa/2023/4150/projeto_de_lei_80.2023__joao_paulo.docx", "ementa": "DISP\u00d5E SOBRE DENOMINA\u00c7\u00c3O DE PRA\u00c7A P\u00daBLICA EURIPEDES OLIVEIRA DOS SANTOS \"GASPAR\" LOCALIZADA NA URBIS 03, CAMINHO 13, BAIRRO ESPIRITO SANTO NO MUNIC\u00cdPIO DE JEQUI\u00c9-BA."}, {"id": "4157", "ano": "2023", "numero": "81", "tipo__sigla": "PL", "tipo__descricao": "Projeto de Lei Ordin\u00e1ria", "autoria": "Joaquim Caires Rocha (Joaquim Caires)", "texto_original": "http://sapl.jequie.ba.leg.br/media/sapl/public/materialegislativa/2023/4157/projeto_de_lei.81.2023praca_do_sao_judas_tadeu_1.docx", "ementa": "DENOMINA DE PRA\u00c7A RAIMUNDO NONATO RIBEIRO FILHO, A NOVA PRA\u00c7A LOCALIZADA NO ESPA\u00c7O ENTRE AS RUAS OSWALDO ALVARES MEIRA, AVENIDA 02 E AVENIDA 09, ENTORNO DA QUADRA POLIESPORTIVA, NO BAIRRO S\u00c3O JUDAS TADEU, NO MUNIC\u00cdPIO DE JEQUI\u00c9."}, {"id": "4164", "ano": "2023", "numero": "82", "tipo__sigla": "PL", "tipo__descricao": "Projeto de Lei Ordin\u00e1ria", "autoria": "BUI BULH\u00d5ES", "texto_original": "http://sapl.jequie.ba.leg.br/media/sapl/public/materialegislativa/2023/4164/projeto_de_lei_82.2023denomina_parque_municipal_walter_sampaio_1.docx", "ementa": "DENOMINA DE PARQUE MUNICIPAL WALTER SANTOS SAMPAIO, O ESPA\u00c7O ONDE EST\u00c1 LOCALIZADA A \u201cLAGOA DO DERBA\u201d, NO JEQUIEZINHO, NAS LIMITA\u00c7\u00d5ES DAS RUAS ANTONIO BRANDAO, JESUINO CERQUEIRA, CANDINHA BARRETO E LOURIVAL RIBEIRO TODAS NO BAIRRO JEQUIEZINHO, NESTA CIDADE."}, {"id": "4172", "ano": "2023", "numero": "83", "tipo__sigla": "PL", "tipo__descricao": "Projeto de Lei Ordin\u00e1ria", "autoria": "SOLDADO GILVAN", "texto_original": "http://sapl.jequie.ba.leg.br/media/sapl/public/materialegislativa/2023/4172/projeto_de_lei__praca_obreiro_de_cristo.docx", "ementa": "DENOMINA DE PRA\u00c7A OBREIRO DE CRISTO, A PRA\u00c7A QUE EST\u00c1 SENDO CONSTRU\u00cdDA NA RUA QUINTINO TELES, S/N, BAIRRO DO JEQUIEZINHO."}, {"id": "4182", "ano": "2023", "numero": "85", "tipo__sigla": "PL", "tipo__descricao": "Projeto de Lei Ordin\u00e1ria", "autoria": "Walmiral Pacheco Marinho Neto (Walmiral)", "texto_original": "http://sapl.jequie.ba.leg.br/media/sapl/public/materialegislativa/2023/4182/projeto_de_emenda_a_lei_zona_azul...doc", "ementa": "MODIFICA O ARTIGO 13\u00ba DA LEI 2.101 DE  14 DE  OUTUBRO DE 2019."}, {"id": "4183", "ano": "2023", "numero": "86", "tipo__sigla": "PL", "tipo__descricao": "Projeto de Lei Ordin\u00e1ria", "autoria": "Walmiral Pacheco Marinho Neto (Walmiral)", "texto_original": "http://sapl.jequie.ba.leg.br/media/sapl/public/materialegislativa/2023/4183/projeto_lei_86.2023-_titulo_de_utilidade_publica....docx", "ementa": "DECLARA DE UTILIDADE P\u00daBLICA MUNICIPAL A ASSOCIA\u00c7\u00c3O DOS PEQUENOS AGRICULTORES RURAIS DO S\u00c3O JUDAS TADEU EM JEQUI\u00c9."}, {"id": "4196", "ano": "2023", "numero": "87", "tipo__sigla": "PL", "tipo__descricao": "Projeto de Lei Ordin\u00e1ria", "autoria": "Zenildo Brand\u00e3o (Z\u00e9 Coc\u00e1)", "texto_original": "http://sapl.jequie.ba.leg.br/media/sapl/public/materialegislativa/2023/4196/projeto_de_lei_no19_-_autorizacao_para_repassar_os_recurso_da_uniao_para_os_enfermeiros_.assinado.pdf", "ementa": "AUTORIZA O PODER EXECUTIVO A REPASSAR RECURSOS RECEBIDOS DA UNI\u00c3O PARA CUMPRIMENTO DA ASSIST\u00caNCIA FINANCEIRA COMPLEMENTAR DE QUE TRATA A EMENDA CONSTITUCIONAL 127/2022."}, {"id": "4198", "ano": "2023", "numero": "88", "tipo__sigla": "PL", "tipo__descricao": "Projeto de Lei Ordin\u00e1ria", "autoria": "Walmiral Pacheco Marinho Neto (Walmiral)", "texto_original": "http://sapl.jequie.ba.leg.br/media/sapl/public/materialegislativa/2023/4198/projeto_de_lei_88.2023_guarda_municipal....docx", "ementa": "FICA MODIFICADO O ART. 1\u00ba DA LEI N\u00ba 1898/2004, DE 14 DE NOVEMBRO DE 2012."}, {"id": "4209", "ano": "2023", "numero": "89", "tipo__sigla": "PL", "tipo__descricao": "Projeto de Lei Ordin\u00e1ria", "autoria": "Zenildo Brand\u00e3o (Z\u00e9 Coc\u00e1)", "texto_original": "http://sapl.jequie.ba.leg.br/media/sapl/public/materialegislativa/2023/4209/projeto_de_lei_no20-_cria_cargo_na_controladoria_e_na_saude_.assinado.pdf", "ementa": "DISP\u00d5E SOBRE A ADEQUA\u00c7\u00c3O DA ESTRUTURA ORGANIZACIONAL DE SECRETARIAS DO MUNIC\u00cdPIO DE JEQUI\u00c9 PREVISTA NA LEI N\u00ba 1.552/2002, ALTERADA PELA LEI N\u00ba 1.632/2004, NOS TERMOS EM QUE ESPECIFICA A LEI 1.992/2016, E D\u00c1 OUTRAS PROVID\u00caNCIA - FICA CRIADA A DIVIS\u00c3O DE AN\u00c1LISE E ACOMPANHAMENTO PATRIMONIAL E DA EXECU\u00c7\u00c3O OR\u00c7AMENT\u00c1RIA, NA ESTRUTURA DA CONTROLADORIA GERAL DO MUNIC\u00cdPIO."}, {"id": "4210", "ano": "2023", "numero": "90", "tipo__sigla": "PL", "tipo__descricao": "Projeto de Lei Ordin\u00e1ria", "autoria": "DUDA SIM\u00d5ES", "texto_original": "http://sapl.jequie.ba.leg.br/media/sapl/public/materialegislativa/2023/4210/projeto_de_lei_90.2023_denomina_praca_paulo_henrique.doc", "ementa": "DENOMINA DE QUADRA PAULO HENRIQUE BRAGA OLIVEIRA, A QUADRA LOCALIZADA NO CONJUNTO HABITACIONAL VIDA NOVA 1, NA BAIXA DO BONFIM E D\u00c1 OUTRAS PROVID\u00caNCIAS."}, {"id": "4219", "ano": "2023", "numero": "91", "tipo__sigla": "PL", "tipo__descricao": "Projeto de Lei Ordin\u00e1ria", "autoria": "PROFESSORA CIDA", "texto_original": "http://sapl.jequie.ba.leg.br/media/sapl/public/materialegislativa/2023/4219/projeto_de_lei_91.2023praca_zezinho.docx", "ementa": "FICA DENOMINADA PRA\u00c7A JOS\u00c9 BARBOSA SILVA, A PRA\u00c7A LOCALIZADA NA RUA GERM\u00cdNIO PINTO, EM CONFLU\u00caNCIA COM A RUA QUINTINO TELES, BAIRRO DO JEQUIEZINHO, NESTA CIDADE."}, {"id": "4245", "ano": "2023", "numero": "92", "tipo__sigla": "PL", "tipo__descricao": "Projeto de Lei Ordin\u00e1ria", "autoria": "RAMON FERNANDES", "texto_original": "http://sapl.jequie.ba.leg.br/media/sapl/public/materialegislativa/2023/4245/projeo_de_lei_92.2023dia_da_conciencia_negra.doc", "ementa": "INSTITUI NO \u00c2MBITO DO MUNIC\u00cdPIO DE JEQUI\u00c9 O DIA DA CONCI\u00caNCIA NEGRA E D\u00c1 OUTRAS PROVID\u00caNCIAS."}, {"id": "4250", "ano": "2023", "numero": "93", "tipo__sigla": "PL", "tipo__descricao": "Projeto de Lei Ordin\u00e1ria", "autoria": "ZIEL", "texto_original": "http://sapl.jequie.ba.leg.br/media/sapl/public/materialegislativa/2023/4250/proj_lei_93.2023auditorio_dr._paulo_sobreira_2.doc", "ementa": "DENOMINA DE AUDIT\u00d3RIO DR. PAULO SOBREIRA O AUDIT\u00d3RIO NA \u00c1REA INTERNA DA UNIDADE B\u00c1SICA DE SA\u00daDE JEQUI\u00c9 LOCALIZADO NO BAIRRO CAMPO DO AM\u00c9RICA."}, {"id": "4255", "ano": "2023", "numero": "94", "tipo__sigla": "PL", "tipo__descricao": "Projeto de Lei Ordin\u00e1ria", "autoria": "MARCINHO, MARCOS DO OVO, RAMON FERNANDES", "texto_original": "http://sapl.jequie.ba.leg.br/media/sapl/public/materialegislativa/2023/4255/projeto_de_lei94.2023valdeci_de_jesus.docx", "ementa": "DENOMINA DE CRECHE VALDECI SOUZA BRAGA, A NOVA CRECHE LOCALIZADA NO BAIRRO DO KM 03."}, {"id": "4256", "ano": "2023", "numero": "95", "tipo__sigla": "PL", "tipo__descricao": "Projeto de Lei Ordin\u00e1ria", "autoria": "RAMON FERNANDES", "texto_original": "http://sapl.jequie.ba.leg.br/media/sapl/public/materialegislativa/2023/4256/projeto_de_lei_95.2023da_praca_antenor_rocha.....doc", "ementa": "DENOMINA DE PRA\u00c7A ANTENOR ROCHA SANTANA, A ATUAL PRA\u00c7A LOCALIZADA NA RUA ALBERTINO PEREIRA NO BAIRRO JEQUIEZINHO."}, {"id": "4257", "ano": "2023", "numero": "96", "tipo__sigla": "PL", "tipo__descricao": "Projeto de Lei Ordin\u00e1ria", "autoria": "Walmiral Pacheco Marinho Neto (Walmiral)", "texto_original": "http://sapl.jequie.ba.leg.br/media/sapl/public/materialegislativa/2023/4257/projeto__de_lei_96.2023_....doc", "ementa": "DENOMINA DE PRA\u00c7A AURELINO DE SOUZA FREIRE, A PRA\u00c7A LOCALIZADA NA RUA VIT\u00d3RIA, EM FRENTE A IGREJA MONTE SINAI, BAIRRO MANDACAR\u00da."}, {"id": "4294", "ano": "2023", "numero": "97", "tipo__sigla": "PL", "tipo__descricao": "Projeto de Lei Ordin\u00e1ria", "autoria": "Zenildo Brand\u00e3o (Z\u00e9 Coc\u00e1)", "texto_original": "http://sapl.jequie.ba.leg.br/media/sapl/public/materialegislativa/2023/4294/loa_lei_orcamentaria_anual.pdf", "ementa": "LOA 2024 - ESTIMA A RECEITA E FIXA A DESPESA DO MUNIC\u00cdPIO DE JEQUI\u00c9 PARA O EXERC\u00cdCIO FINANCEIRO DE 2024 E D\u00c1 OUTRAS PROVID\u00caNCIAS."}, {"id": "4298", "ano": "2023", "numero": "98", "tipo__sigla": "PL", "tipo__descricao": "Projeto de Lei Ordin\u00e1ria", "autoria": "San David Pereira Arag\u00e3o (San)", "texto_original": "http://sapl.jequie.ba.leg.br/media/sapl/public/materialegislativa/2023/4298/projeto_de_lei_98.2023_altera_nome_da_rua_goias_no_mandacaru_.docx", "ementa": "DENOMINA A ATUAL RUA GOI\u00c1S, DE RUA TEREZINHA PEREIRA GOMES, BAIRRO MANDACAR\u00da E D\u00c1 OUTRAS PROVID\u00caNCIAS."}, {"id": "4300", "ano": "2023", "numero": "99", "tipo__sigla": "PL", "tipo__descricao": "Projeto de Lei Ordin\u00e1ria", "autoria": "Zenildo Brand\u00e3o (Z\u00e9 Coc\u00e1)", "texto_original": "http://sapl.jequie.ba.leg.br/media/sapl/public/materialegislativa/2023/4300/pl_no_23-_revisao_dos_vencimentos_dos_servidores_municipais-_alteracao.pdf", "ementa": "CONCEDE REVIS\u00c3O DOS VENCIMENTOS DOS SERVIDORES P\u00daBLICOS DO MUNIC\u00cdPIO DE JEQUI\u00c9 E D\u00c1 OUTRAS PROVID\u00caNCIAS."}, {"id": "4301", "ano": "2023", "numero": "100", "tipo__sigla": "PL", "tipo__descricao": "Projeto de Lei Ordin\u00e1ria", "autoria": "Zenildo Brand\u00e3o (Z\u00e9 Coc\u00e1)", "texto_original": "http://sapl.jequie.ba.leg.br/media/sapl/public/materialegislativa/2023/4301/pl_no_22-_revisao_dos_vencimentos_dos_professores-_alteracao.pdf", "ementa": "CONCEDE REVIS\u00c3O DOS VENCIMENTOS DA CLASSE DOCENTE DO QUADRO DO MAGIST\u00c9RIO DA EDUCA\u00c7\u00c3O B\u00c1SICA DE FORMA A ADEQUAR O VENCIMENTO B\u00c1SICO AO PISO SALARIAL NACIONAL DO MAGIST\u00c9RIO P\u00daBLICO DA EDUCA\u00c7\u00c3O B\u00c1SICA E D\u00c1 OUTRAS PROVID\u00caNCIAS."}, {"id": "4303", "ano": "2023", "numero": "101", "tipo__sigla": "PL", "tipo__descricao": "Projeto de Lei Ordin\u00e1ria", "autoria": "San David Pereira Arag\u00e3o (San)", "texto_original": "http://sapl.jequie.ba.leg.br/media/sapl/public/materialegislativa/2023/4303/plo_101.2023_altera_nome_da_rua_paralela_no_itaigara_e_da_outras_providencias_-_autor_vereador_san_david.docx", "ementa": "DENOMINA A ATUAL RUA PARALELA, DE RUA PROFESSOR EDUARDO NAGIB BOERY, BAIRRO ITAIGARA E D\u00c1 OUTRAS PROVID\u00caNCIAS."}, {"id": "4317", "ano": "2023", "numero": "102", "tipo__sigla": "PL", "tipo__descricao": "Projeto de Lei Ordin\u00e1ria", "autoria": "PROFESSORA CIDA", "texto_original": "http://sapl.jequie.ba.leg.br/media/sapl/public/materialegislativa/2023/4317/proj._jamile_102.2023.docx", "ementa": "DENOMINA DE PRA\u00c7A AUGUSTO GERMANO COSTA, A PRA\u00c7A LOCALIZADA NA RUA ALBERTINO PEREIRA NO JEQUIEZINHO."}, {"id": "4318", "ano": "2023", "numero": "103", "tipo__sigla": "PL", "tipo__descricao": "Projeto de Lei Ordin\u00e1ria", "autoria": "Sidney Magal Rodrigues de Souza (Sidney Magal)", "texto_original": "http://sapl.jequie.ba.leg.br/media/sapl/public/materialegislativa/2023/4318/pl-luz-103.2023.doc", "ementa": "DISP\u00d5E SOBRE A PROIBI\u00c7\u00c3O DA SUSPEN\u00c7\u00c3O DE SERVI\u00c7OS B\u00c1SICOS DO FORNECIMENTO DE ENERGIA EL\u00c9TRICA EM FINAIS DE SEMANA E V\u00c9SPERAS DE FERIADOS NO MUNIC\u00cdPIO DE JEQUI\u00c9."}, {"id": "4343", "ano": "2023", "numero": "104", "tipo__sigla": "PL", "tipo__descricao": "Projeto de Lei Ordin\u00e1ria", "autoria": "PROFESSORA CIDA", "texto_original": "http://sapl.jequie.ba.leg.br/media/sapl/public/materialegislativa/2023/4343/proj._de_lei_104.2023nayara.docx", "ementa": "DENOMINA-SE CENTRO DE EDUCA\u00c7\u00c3O INFANTIL PROFESSORA NAYARA SOUZA SANTOS BARBOSA, A CRECHE EM CONSTRU\u00c7\u00c3O LOCALIZADA NA RUA 4, VILA RODOVI\u00c1RIA."}, {"id": "4375", "ano": "2023", "numero": "105", "tipo__sigla": "PL", "tipo__descricao": "Projeto de Lei Ordin\u00e1ria", "autoria": "DUDA SIM\u00d5ES", "texto_original": "http://sapl.jequie.ba.leg.br/media/sapl/public/materialegislativa/2023/4375/projeto_de_lei_105.2023...._denomina_praca_edval_rodrigues_santos....doc", "ementa": "DENOMINA DE CRECHE EDEVAL RODRIGUES SANTOS A CRECHE LOCALIZADA NO RESIDENCIAL CACHOEIRINHA I E II."}, {"id": "4409", "ano": "2023", "numero": "106", "tipo__sigla": "PL", "tipo__descricao": "Projeto de Lei Ordin\u00e1ria", "autoria": "MOANA", "texto_original": "http://sapl.jequie.ba.leg.br/media/sapl/public/materialegislativa/2023/4409/projeto_de_lei_106.2023empreendedorismo_feminino.docx", "ementa": "INSTITUI A SEMANA MUNICIPAL DO EMPREENDEDORISMO FEMININO, E O DIA DO EMPREENDEDORISMO FEMININO A QUAL PASSAR\u00c1 A INTEGRAR O CALEND\u00c1RIO OFICIAL DE EVENTOS DO MUNIC\u00cdPIO DE JEQUI\u00c9, E D\u00c1 OUTRAS PROVID\u00caNCIAS."}, {"id": "4419", "ano": "2023", "numero": "107", "tipo__sigla": "PL", "tipo__descricao": "Projeto de Lei Ordin\u00e1ria", "autoria": "COLORIDO", "texto_original": "http://sapl.jequie.ba.leg.br/media/sapl/public/materialegislativa/2023/4419/projeto_107.2023que_gratuidade_no_transporte_publico_municipal_2.doc", "ementa": "CONCEDE GRATUIDADE NO TRANSPORTE P\u00daBLICO MUNICIPAL PARA OS ATIRADORES DO TIRO DE GUERRA 06-009 EM JEQUI\u00c9, BAHIA."}, {"id": "4420", "ano": "2023", "numero": "108", "tipo__sigla": "PL", "tipo__descricao": "Projeto de Lei Ordin\u00e1ria", "autoria": "RAMON FERNANDES", "texto_original": "http://sapl.jequie.ba.leg.br/media/sapl/public/materialegislativa/2023/4420/projeo_de_lei_108.2023denomina_de_d._danilo_sobreira_o_samu.doc", "ementa": "DISP\u00d5E ACERCA DA DENOMINA\u00c7\u00c3O DO SISTEMA DE ATENDIMENTO M\u00d3VEL DE URG\u00caNCIA (SAMU JEQUI\u00c9) COMO \"SAMU - DR. DANILO SOBREIRA\"."}, {"id": "4421", "ano": "2023", "numero": "109", "tipo__sigla": "PL", "tipo__descricao": "Projeto de Lei Ordin\u00e1ria", "autoria": "TINHO", "texto_original": "http://sapl.jequie.ba.leg.br/media/sapl/public/materialegislativa/2023/4421/projeto_de_lei.109.2023_de_travessa_t_1_2.doc", "ementa": "DENOMINA DE TRAVESSA T, A TRAVESSA LOCALIZADA ENTRE A RUA G E RUA T, NA VOV\u00d3 CAMILA, BAIRRO DO JEQUIEZINHO."}, {"id": "4429", "ano": "2023", "numero": "110", "tipo__sigla": "PL", "tipo__descricao": "Projeto de Lei Ordin\u00e1ria", "autoria": "ZIEL", "texto_original": "http://sapl.jequie.ba.leg.br/media/sapl/public/materialegislativa/2023/4429/projeto_de_lei_110.2023coelba_e_embasa_2.doc", "ementa": "TRATA DA OBRIGATORIEDADE DAS EMPRESAS CONCESSION\u00c1RIAS DE SERVI\u00c7OS ESSENCIAIS COMO ENERGIA EL\u00c9TRICA E \u00c1GUA POT\u00c1VEL DISPONIBILIZAR AOS CONSUMIDORES FORMAS DE PAGAMENTO IMEDIATO DE D\u00c9BITOS, GERANDO ASSIM A INTERRUP\u00c7\u00c3O DA SUSPENS\u00c3O DO SERVI\u00c7O."}, {"id": "4438", "ano": "2023", "numero": "111", "tipo__sigla": "PL", "tipo__descricao": "Projeto de Lei Ordin\u00e1ria", "autoria": "Joaquim Caires Rocha (Joaquim Caires)", "texto_original": "http://sapl.jequie.ba.leg.br/media/sapl/public/materialegislativa/2023/4438/projeto_de_lei_111.2023_praca_vila_vitoriado_dede_1.docx", "ementa": "DENOMINA DE PRA\u00c7A JOS\u00c9 SOUZA SANTOS, A NOVA PRA\u00c7A LOCALIZADA NO LOTEAMENTO VILA VIT\u00d3RIA NO BAIRRO DO JEQUIEZINHO NO MUNIC\u00cdPIO DE JEQUI\u00c9."}, {"id": "4439", "ano": "2023", "numero": "112", "tipo__sigla": "PL", "tipo__descricao": "Projeto de Lei Ordin\u00e1ria", "autoria": "BUI BULH\u00d5ES", "texto_original": "http://sapl.jequie.ba.leg.br/media/sapl/public/materialegislativa/2023/4439/projeto_de_lei_112.2023..meia-entrada_professores.docx", "ementa": "INSTITUI A MEIA-ENTRADA PARA PROFESSORES DA REDE P\u00daBLICA E PRIVADA EM ESTABELECIMENTOS QUE PROMOVAM CULTURA E LAZER, NO MUNIC\u00cdPIO DE JEQUI\u00c9, BA."}, {"id": "4451", "ano": "2023", "numero": "113", "tipo__sigla": "PL", "tipo__descricao": "Projeto de Lei Ordin\u00e1ria", "autoria": "J\u00daNIOR BRAGA", "texto_original": "http://sapl.jequie.ba.leg.br/media/sapl/public/materialegislativa/2023/4451/projeto_de_lei_113.2023_de_rua_para_avenida_ver_junior_braga.docx", "ementa": "FICA DENOMINADA DE AVENIDA BOLIVAR REIS A ATUAL RUA BOLIVAR REIS, NO KM 03."}, {"id": "4472", "ano": "2023", "numero": "114", "tipo__sigla": "PL", "tipo__descricao": "Projeto de Lei Ordin\u00e1ria", "autoria": "ZIEL", "texto_original": "http://sapl.jequie.ba.leg.br/media/sapl/public/materialegislativa/2023/4472/projeto_de_lei_utilidade_114.2023..-.doc", "ementa": "CONSIDERA DE UTILIDADE P\u00daBLICA MUNICIPAL, A ASSOCIA\u00c7\u00c3O DE MORADORES DO RESIDENCIAL PARQUE DO SOL, BAIRRO VILA RODOVI\u00c1RIA."}, {"id": "4473", "ano": "2023", "numero": "115", "tipo__sigla": "PL", "tipo__descricao": "Projeto de Lei Ordin\u00e1ria", "autoria": "MOANA", "texto_original": "http://sapl.jequie.ba.leg.br/media/sapl/public/materialegislativa/2023/4473/projeto_de_lei_115.2023_consientizacao_da_depressao_infantil_e_adolescente._1.docx", "ementa": "INSTITUI A CAMPANHA PERMANENTE DE CONSCIENTIZA\u00c7\u00c3O DA DEPRESS\u00c3O INFANTIL E NA ADOLESC\u00caNCIA NO \u00c2MBITO DO MUNIC\u00cdPIO DE JEQUI\u00c9 E D\u00c1 OUTRAS PROVID\u00caNCIAS."}, {"id": "4475", "ano": "2023", "numero": "117", "tipo__sigla": "PL", "tipo__descricao": "Projeto de Lei Ordin\u00e1ria", "autoria": "PROFESSORA CIDA", "texto_original": "http://sapl.jequie.ba.leg.br/media/sapl/public/materialegislativa/2023/4475/projeto_117.2023rua_b.docx", "ementa": "FICA DENOMINADA DE RUA COSME GON\u00c7ALVES SANTOS, A RUA B LOCALIZADA NO LOTEAMENTO \u00c1GUA BRANCA NESTA CIDADE."}, {"id": "4476", "ano": "2023", "numero": "118", "tipo__sigla": "PL", "tipo__descricao": "Projeto de Lei Ordin\u00e1ria", "autoria": "San David Pereira Arag\u00e3o (San)", "texto_original": "http://sapl.jequie.ba.leg.br/media/sapl/public/materialegislativa/2023/4476/plo_118.2023_altera_nome_da_travessa_edvaldo_cardoso_no_mandacaru_e_da_outras_providencias_-_autor_vereador_san_david.docx", "ementa": "DENOMINA A ATUAL TRAVESSA EDVALDO CARDOSO DE TRAVESSA ANT\u00d4NIO BRITO BORGES, BAIRRO MANDACAR\u00da E D\u00c1 OUTRAS PROVID\u00caNCIAS."}, {"id": "4484", "ano": "2023", "numero": "119", "tipo__sigla": "PL", "tipo__descricao": "Projeto de Lei Ordin\u00e1ria", "autoria": "San David Pereira Arag\u00e3o (San)", "texto_original": "http://sapl.jequie.ba.leg.br/media/sapl/public/materialegislativa/2023/4484/plo119-2023_altera_nome_da_rua_pernambuco_no_mandacaru_e_da_outras_providencias_-_autor_vereador_san_david.docx", "ementa": "DENOMINA A ATUAL RUA PERNAMBUCO DE RUA ANT\u00d4NIO PAULO GOMES, BAIRRO MANDACAR\u00da E D\u00c1 OUTRAS PROVID\u00caNCIAS."}, {"id": "4486", "ano": "2023", "numero": "120", "tipo__sigla": "PL", "tipo__descricao": "Projeto de Lei Ordin\u00e1ria", "autoria": "Zenildo Brand\u00e3o (Z\u00e9 Coc\u00e1)", "texto_original": "http://sapl.jequie.ba.leg.br/media/sapl/public/materialegislativa/2023/4486/projeto_de_lei_no25_-_credito_suplementar.pdf", "ementa": "AUTORIZA A ABERTURA DE CR\u00c9DITO ADICIONAL SUPLEMENTAR AO OR\u00c7AMENTO VIGENTE E D\u00c1 OUTRAS PROVID\u00caNCIAS."}, {"id": "4487", "ano": "2023", "numero": "121", "tipo__sigla": "PL", "tipo__descricao": "Projeto de Lei Ordin\u00e1ria", "autoria": "Zenildo Brand\u00e3o (Z\u00e9 Coc\u00e1)", "texto_original": "http://sapl.jequie.ba.leg.br/media/sapl/public/materialegislativa/2023/4487/projeto_lei_no24_-_credito_especial_-_guarda_municipal.pdf", "ementa": "AUTORIZA O CHEFE DO PODER EXECUTIVO ABRIR CR\u00c9DITO ADICIONAL ESPECIAL AO OR\u00c7AMENTO VIGENTE PARA ATENDER AS DEMANDAS DE\r\nINVESTIMENTO E QUALIFICA\u00c7\u00c3O DA GUARDA MUNICIPAL DE JEQUI\u00c9, BA."}, {"id": "4499", "ano": "2023", "numero": "122", "tipo__sigla": "PL", "tipo__descricao": "Projeto de Lei Ordin\u00e1ria", "autoria": "PROFESSORA CIDA", "texto_original": "http://sapl.jequie.ba.leg.br/media/sapl/public/materialegislativa/2023/4499/projeto_de_lei_122.2023._assentamento__flor_da_terra.docx", "ementa": "CONSIDERA DE UTILIDADE P\u00daBLICA MUNICIPAL A ASSOCIA\u00c7\u00c3O DE MULHERES DO ASSENTAMENTO FLOR DA TERRA - AMAFT."}, {"id": "4509", "ano": "2023", "numero": "123", "tipo__sigla": "PL", "tipo__descricao": "Projeto de Lei Ordin\u00e1ria", "autoria": "Zenildo Brand\u00e3o (Z\u00e9 Coc\u00e1)", "texto_original": "http://sapl.jequie.ba.leg.br/media/sapl/public/materialegislativa/2023/4509/projeto_de_lei_no26_-_apoio_a_acij.pdf", "ementa": "AUTORIZA O PODER EXECUTIVO A CELEBRAR CONV\u00caNIO COM A ASSOCIA\u00c7\u00c3O COMERCIAL E INDUSTRIAL DE JEQUI\u00c9 \u2013 ACIJ, VISANDO A REALIZA\u00c7\u00c3O DE CAMPANHA PROMOCIONAL INTITULADA \u201cJEQUI\u00c9 CIDADE NATAL\u201d, QUE TER\u00c1 POR OBJETIVO FOMENTAR A ARRECADA\u00c7\u00c3O DIRETA E INDIRETA DO MUNIC\u00cdPIO."}, {"id": "4510", "ano": "2023", "numero": "124", "tipo__sigla": "PL", "tipo__descricao": "Projeto de Lei Ordin\u00e1ria", "autoria": "ZIEL", "texto_original": "http://sapl.jequie.ba.leg.br/media/sapl/public/materialegislativa/2023/4510/projeto_124.2023praca_salvador_do_sinuca.doc", "ementa": "DENOMINA PRA\u00c7A SALVADOR MOURA GONDIM A PRA\u00c7A QUE EST\u00c1 SENDO CONTRU\u00cdDA NA AVENIDA NAZAR\u00c9 NA LOCALIDADE DO BARRO PRETO NO BAIRRO CAIXA D'\u00c1GUA."}, {"id": "4511", "ano": "2023", "numero": "125", "tipo__sigla": "PL", "tipo__descricao": "Projeto de Lei Ordin\u00e1ria", "autoria": "GUTINHA", "texto_original": "http://sapl.jequie.ba.leg.br/media/sapl/public/materialegislativa/2023/4511/projeto_de_lei_no_125.2023.pdf", "ementa": "DENOMINA DE AVENIDA CLOVES JOS\u00c9 DOS SANTOS PEREIRA A AVENIDA BEIRA RIO DE BARRA AVENIDA, DISTRITO DE JEQUI\u00c9."}, {"id": "4518", "ano": "2023", "numero": "126", "tipo__sigla": "PL", "tipo__descricao": "Projeto de Lei Ordin\u00e1ria", "autoria": "MOANA", "texto_original": "http://sapl.jequie.ba.leg.br/media/sapl/public/materialegislativa/2023/4518/projeto_de_lei_126.2023..placas_em_braille_1.docx", "ementa": "DISP\u00d5E SOBRE A OBRIGATORIEDADE DE AFIXA\u00c7\u00c3O DE PLACAS INFORMATIVAS EM BRAILE, NAS ENTRADAS DOS \u00d3RG\u00c3OS E REPARTI\u00c7\u00d5ES P\u00daBLICAS E PRIVADAS, EM PORTAS DE GABINETES, INDICANDO CORREDORES, ESCADAS OU LOCAIS DE CIRCULA\u00c7\u00c3O DE PESSOAS NO \u00c2MBITO DO MUNIC\u00cdPIO DE JEQUI\u00c9."}, {"id": "4532", "ano": "2023", "numero": "127", "tipo__sigla": "PL", "tipo__descricao": "Projeto de Lei Ordin\u00e1ria", "autoria": "Zenildo Brand\u00e3o (Z\u00e9 Coc\u00e1)", "texto_original": "http://sapl.jequie.ba.leg.br/media/sapl/public/materialegislativa/2023/4532/projeto_de_lei_no27_-_conselho_de_seguranca_alimentar_1.pdf", "ementa": "CRIA\u00c7\u00c3O DOS COMPONENTES MUNICIPAIS DO SISTEMA MUNICIPAL DE SEGURAN\u00c7A ALIMENTAR E NUTRICIONAL - SIMSAN, REVOGA A LEI MUNICIPAL N\u00b0 1.973 DE 15 DE OUTUBRO DE 2015, DEFINE OS PAR\u00c2METROS PARA ELABORA\u00c7\u00c3O E IMPLEMENTA\u00c7\u00c3O DO PLANO MUNICIPAL DE SEGURAN\u00c7A ALIMENTAR E NUTRICIONAL E D\u00c1 OUTRAS PROVID\u00caNCIAS."}, {"id": "4534", "ano": "2023", "numero": "128", "tipo__sigla": "PL", "tipo__descricao": "Projeto de Lei Ordin\u00e1ria", "autoria": "Zenildo Brand\u00e3o (Z\u00e9 Coc\u00e1)", "texto_original": "http://sapl.jequie.ba.leg.br/media/sapl/public/materialegislativa/2023/4534/projeto_de_lei_no29__-_denomina_de_centro_educacional_infantil_expedito_nunes_fernandes.pdf", "ementa": "DENOMINA DE CENTRO DE EDUCA\u00c7\u00c3O INFANTIL EXPEDITO NUNES FERNANDES, O CENTRO DE EDUCA\u00c7\u00c3O INFANTIL, REC\u00c9M CONSTRU\u00cdDO, LOCALIZADO NO LOTEAMENTO IDAILTON RIBEIRO, 356, JOAQUIM ROM\u00c3O."}, {"id": "4541", "ano": "2023", "numero": "130", "tipo__sigla": "PL", "tipo__descricao": "Projeto de Lei Ordin\u00e1ria", "autoria": "Zenildo Brand\u00e3o (Z\u00e9 Coc\u00e1)", "texto_original": "http://sapl.jequie.ba.leg.br/media/sapl/public/materialegislativa/2023/4541/projeto_de_lei_no030_-__modificacao_das_leis_do_cmdca_do_fundo_municipal_dos_direitos_da_crianca_e_do_adolescente_e_do_conselho_tutelar..pdf", "ementa": "MODIFICA AS LEIS DO (CMDCA), (FMDCA) E (CTDCA) E DISP\u00d5E SOBRE A POL\u00cdTICA MUNICIPAL DOS DIREITOS DA CRIAN\u00c7A E DO ADOLESCENTE, REGULAMENTA O FUNCIONAMENTO DO CONSELHO MUNICIPAL DOS DIREITOS DA CRIAN\u00c7A E DO ADOLESCENTE (CMDCA), DO FUNDO MUNICIPAL DOS DIREITOS DA CRIAN\u00c7A E DO ADOLESCENTE (FMDCA) E DO CONSELHO TUTELAR DOS DIREITOS DA CRIAN\u00c7A E DO ADOLESCENTE (CTDCA) E D\u00c1 OUTRAS PROVID\u00caNCIAS."}, {"id": "4579", "ano": "2023", "numero": "131", "tipo__sigla": "PL", "tipo__descricao": "Projeto de Lei Ordin\u00e1ria", "autoria": "PROFESSORA CIDA", "texto_original": "http://sapl.jequie.ba.leg.br/media/sapl/public/materialegislativa/2023/4579/projeto_de_lei_no_131.2023.pdf", "ementa": "FICAM DENOMINADAS DE RUA FILOMENA CARDOSO DA SILVA A RUA A; RUA ADELIR CARDOSO DOS SANTOS A RUA D; ANTONIO DE JESUS A RUA E; RUA JO\u00c3O ARCANJO PEREIRA A RUA F; RUA JO\u00c3O CORREIA DOS SANTOS A RUA M; VALDOMIRO PINTO DOS SANTOS A RUA N; RUA RAFAEL GOMES DOS SANTOS A RUA S. TODAS LOCALIZADAS NO LOTEAMENTO \u00c1GUA BRANCA."}, {"id": "4588", "ano": "2023", "numero": "134", "tipo__sigla": "PL", "tipo__descricao": "Projeto de Lei Ordin\u00e1ria", "autoria": "Joaquim Caires Rocha (Joaquim Caires)", "texto_original": "http://sapl.jequie.ba.leg.br/media/sapl/public/materialegislativa/2023/4588/projeto_de_lei_134.2023praca_da_rodoviaria_2.docx", "ementa": "DENOMINA DE PRA\u00c7A ISAAC CUNHA DO NASCIMENTO, A ATUAL PRA\u00c7A PAPA JO\u00c3O XXIII, LOCALIZADA NA RODOVI\u00c1RIA, BAIRRO JOAQUIM ROM\u00c3O."}, {"id": "4370", "ano": "2023", "numero": "135", "tipo__sigla": "PL", "tipo__descricao": "Projeto de Lei Ordin\u00e1ria", "autoria": "SOLDADO GILVAN", "texto_original": "http://sapl.jequie.ba.leg.br/media/sapl/public/materialegislativa/2023/4370/projeto_de_lei135.2023.doc", "ementa": "MODIFICA E REVOGA DISPOSITIVOS DA LEI N\u00ba 2.101 DE 14/10/2019, SOBRE REAJUSTE NO VALOR A SER COBRADO NO SISTEMA ROTATIVO JEQUI\u00c9."}, {"id": "4590", "ano": "2023", "numero": "136", "tipo__sigla": "PL", "tipo__descricao": "Projeto de Lei Ordin\u00e1ria", "autoria": "", "texto_original": "http://sapl.jequie.ba.leg.br/media/sapl/public/materialegislativa/2023/4590/projeto_de_lei_no31_-_altera_lei_do_ouvidor_da_guarda_municipal.pdf", "ementa": "ALTERA A LEI N\u00b0 1956, DE 05 DE JUNHO DE 2015 QUE CRIOU A OUVIDORIA DA GUARDA MUNICIPAL E D\u00c1 OUTRAS PROVID\u00caNCIAS."}, {"id": "3457", "ano": "2023", "numero": "1", "tipo__sigla": "PR", "tipo__descricao": "Projeto de Resolu\u00e7\u00e3o", "autoria": "Jo\u00e3o Paulo Fernandes Silva (JP)", "texto_original": "http://sapl.jequie.ba.leg.br/media/sapl/public/materialegislativa/2023/3457/criacao_da_comenda_waldeck_santos_correto.docx", "ementa": "ALTERA A RESOLU\u00c7\u00c3O N\u00b0 01/2010 - REGIMENTO INTERNO. ACRESCENTA O INCISO VII AO ARTIGO 155: COMENDA SR. WALDECK SANTOS SILVA."}, {"id": "3147", "ano": "2023", "numero": "1", "tipo__sigla": "PDL", "tipo__descricao": "Projeto de Decreto Legislativo", "autoria": "SOLDADO GILVAN", "texto_original": "http://sapl.jequie.ba.leg.br/media/sapl/public/materialegislativa/2023/3147/projeto_decreto_titulo_de_cidadao_ten_cel_faneli.doc", "ementa": "CONCEDE O TITULO CIDAD\u00c3O JEQUIEENSE PARA O TEN CEL BM BRUNO ANDRE FANELI MOREIRA AGUIAR (TEN CEL BM FANELI)"}, {"id": "3151", "ano": "2023", "numero": "2", "tipo__sigla": "PDL", "tipo__descricao": "Projeto de Decreto Legislativo", "autoria": "PROFESSORA CIDA", "texto_original": "http://sapl.jequie.ba.leg.br/media/sapl/public/materialegislativa/2023/3151/projeto_de__decreto_projtitulo_cidadao_jequieense_geronimo_1_1.doc", "ementa": "CONCEDE T\u00cdTULO DE CIDAD\u00c3O JEQUIEENSE AO EXMO. SR. GOVERNADOR DO ESTADO DA BAHIA. JER\u00d4NIMO RODRIGUES SOUZA"}, {"id": "3229", "ano": "2023", "numero": "3", "tipo__sigla": "PDL", "tipo__descricao": "Projeto de Decreto Legislativo", "autoria": "Sidney Magal Rodrigues de Souza (Sidney Magal)", "texto_original": "http://sapl.jequie.ba.leg.br/media/sapl/public/materialegislativa/2023/3229/projeto_decreto_titulo_de_cidadao_pr._vanderlei.doc", "ementa": "CONCEDE TITULO DE CIDAD\u00c3O JEQUIEENSE AO PR. VANDERLEI CAMPOS BORGES."}, {"id": "3261", "ano": "2023", "numero": "4", "tipo__sigla": "PDL", "tipo__descricao": "Projeto de Decreto Legislativo", "autoria": "TINHO", "texto_original": "http://sapl.jequie.ba.leg.br/media/sapl/public/materialegislativa/2023/3261/titulo_cidadao_neto_bulhoes.doc", "ementa": "CONCEDE T\u00cdTULO DE CIDAD\u00c3O JEQUIEENSE A SR. LADISLAU MUNIZ DE BULH\u00d5ES NETO."}, {"id": "3337", "ano": "2023", "numero": "5", "tipo__sigla": "PDL", "tipo__descricao": "Projeto de Decreto Legislativo", "autoria": "BUI BULH\u00d5ES", "texto_original": "http://sapl.jequie.ba.leg.br/media/sapl/public/materialegislativa/2023/3337/proj._decreto_titulo_cidadao_luciano.doc", "ementa": "CONDEDE T\u00cdTULO DE CIDAD\u00c3O JEQUIEENSE AO SR. LUCIANO PESTANA SANTOS."}, {"id": "3363", "ano": "2023", "numero": "6", "tipo__sigla": "PDL", "tipo__descricao": "Projeto de Decreto Legislativo", "autoria": "Walmiral Pacheco Marinho Neto (Walmiral)", "texto_original": "http://sapl.jequie.ba.leg.br/media/sapl/public/materialegislativa/2023/3363/proj._decreto_titulo_ao__juiz.doc", "ementa": "CONCEDE T\u00cdTULO DE CIDAD\u00c3O JEQUIEENSE AO JUIZ DR. LUIZ HENRIQUE DE ALMEIDA ARA\u00daJO."}, {"id": "3397", "ano": "2023", "numero": "7", "tipo__sigla": "PDL", "tipo__descricao": "Projeto de Decreto Legislativo", "autoria": "RAMON FERNANDES", "texto_original": "http://sapl.jequie.ba.leg.br/media/sapl/public/materialegislativa/2023/3397/comenda_maria_tereza.doc", "ementa": "OUTORGA A COMENDA \u2018DR. CELY DE FREITAS \u2013 CIDADE DE JEQUIE A SR.\u00aa MARIA TEREZA SOUZA CRUZ."}, {"id": "3458", "ano": "2023", "numero": "8", "tipo__sigla": "PDL", "tipo__descricao": "Projeto de Decreto Legislativo", "autoria": "Jo\u00e3o Paulo Fernandes Silva (JP)", "texto_original": "http://sapl.jequie.ba.leg.br/media/sapl/public/materialegislativa/2023/3458/comenda__tiago_henrique.doc", "ementa": "OUTORGA A COMENDA \u2018DR. CELY DE FREITAS \u2013 CIDADE DE JEQUIE AO SR. \u00ba TIAGO HENRIQUE SANTOS BATISTA."}, {"id": "3523", "ano": "2023", "numero": "9", "tipo__sigla": "PDL", "tipo__descricao": "Projeto de Decreto Legislativo", "autoria": "RAMON FERNANDES", "texto_original": "http://sapl.jequie.ba.leg.br/media/sapl/public/materialegislativa/2023/3523/proj._decreto_09.2023_titulo_cidadao_ednael.doc", "ementa": "CONCEDE T\u00cdTULO DE CIDAD\u00c3O JEQUIEENSE AO SR. EDNAEL ALVES DE ALMEIDA."}, {"id": "3718", "ano": "2023", "numero": "10", "tipo__sigla": "PDL", "tipo__descricao": "Projeto de Decreto Legislativo", "autoria": "Sidney Magal Rodrigues de Souza (Sidney Magal)", "texto_original": "http://sapl.jequie.ba.leg.br/media/sapl/public/materialegislativa/2023/3718/projeto_10.2023_cidadao_wilma_lima_de_oliveira.docx", "ementa": "CONCEDE TITULO DE CIDAD\u00c3O JEQUIEENSE \u00c0 SRA. WILMA LIMA DE OLIVEIRA."}, {"id": "3719", "ano": "2023", "numero": "11", "tipo__sigla": "PDL", "tipo__descricao": "Projeto de Decreto Legislativo", "autoria": "RAMON FERNANDES", "texto_original": "http://sapl.jequie.ba.leg.br/media/sapl/public/materialegislativa/2023/3719/projeto_11.2023titulo_cidadao_sergio_donha_yarid.doc", "ementa": "CONDEDE T\u00cdTULO DE CIDAD\u00c3O JEQUIEENSE A SR. SERGIO DONHA YARID."}, {"id": "3844", "ano": "2023", "numero": "12", "tipo__sigla": "PDL", "tipo__descricao": "Projeto de Decreto Legislativo", "autoria": "RAMON FERNANDES", "texto_original": "http://sapl.jequie.ba.leg.br/media/sapl/public/materialegislativa/2023/3844/projeto_de_decreto_12.2023_titulo_cidadao_rita_rodrigues.doc", "ementa": "CONDEDE T\u00cdTULO DE CIDAD\u00c3O JEQUIEENSE A SRA. RITA RODRIGUES SOUZA."}, {"id": "3891", "ano": "2023", "numero": "13", "tipo__sigla": "PDL", "tipo__descricao": "Projeto de Decreto Legislativo", "autoria": "RAMON FERNANDES", "texto_original": "http://sapl.jequie.ba.leg.br/media/sapl/public/materialegislativa/2023/3891/projeto_de_decreto_cidadao_a_ze_coca.doc", "ementa": "CONCEDE TITULO DE CIDAD\u00c3O JEQUIEENSE AO SR. ZENILDO BRAND\u00c3O SANTANA."}, {"id": "3925", "ano": "2023", "numero": "14", "tipo__sigla": "PDL", "tipo__descricao": "Projeto de Decreto Legislativo", "autoria": "Walmiral Pacheco Marinho Neto (Walmiral)", "texto_original": "http://sapl.jequie.ba.leg.br/media/sapl/public/materialegislativa/2023/3925/titulo_de_cidadao__14.2023_jequieense_a_sr.a_maria_da_gloria_1.doc", "ementa": "CONCEDE T\u00cdTULO DE CIDAD\u00c3O JEQUIEENSE A Sr.\u00aa MARIA DA GL\u00d3RIA BRAND\u00c3O SANTANA"}, {"id": "3942", "ano": "2023", "numero": "15", "tipo__sigla": "PDL", "tipo__descricao": "Projeto de Decreto Legislativo", "autoria": "MOANA", "texto_original": "http://sapl.jequie.ba.leg.br/media/sapl/public/materialegislativa/2023/3942/projeto_de_decreto_15.2023.docx", "ementa": "CONCEDE TITULO DE CIDAD\u00c3O JEQUIEENSE A JAC\u00d3 DE ALMEIDA DOS SANTOS."}, {"id": "3946", "ano": "2023", "numero": "16", "tipo__sigla": "PDL", "tipo__descricao": "Projeto de Decreto Legislativo", "autoria": "MOANA", "texto_original": "http://sapl.jequie.ba.leg.br/media/sapl/public/materialegislativa/2023/3946/titulo_de_cidadao_16.2023.doc", "ementa": "CONCEDE TITULO DE CIDAD\u00c3O JEQUIEENSE A EDUARDO ALVES PEREIRA."}, {"id": "3952", "ano": "2023", "numero": "17", "tipo__sigla": "PDL", "tipo__descricao": "Projeto de Decreto Legislativo", "autoria": "RAMON FERNANDES", "texto_original": "http://sapl.jequie.ba.leg.br/media/sapl/public/materialegislativa/2023/3952/projeto_decreto_17.2023_titulo_carlos_amaral.doc", "ementa": "CONCEDE T\u00cdTULO DE CIDAD\u00c3O JEQUIEENSE A SR. CARLOS CARDOSO AMARAL."}, {"id": "4023", "ano": "2023", "numero": "18", "tipo__sigla": "PDL", "tipo__descricao": "Projeto de Decreto Legislativo", "autoria": "SOLDADO GILVAN", "texto_original": "http://sapl.jequie.ba.leg.br/media/sapl/public/materialegislativa/2023/4023/proj_decreto_18.2023titulo_de_cidadao_jequieense_gbm_sanches.doc", "ementa": "TITULO DE CIDAD\u00c3O JEQUIEENSE A ANSELMO FERREIRA SANCHES (SGT BM ANSELMO)"}, {"id": "4078", "ano": "2023", "numero": "19", "tipo__sigla": "PDL", "tipo__descricao": "Projeto de Decreto Legislativo", "autoria": "MOANA", "texto_original": "http://sapl.jequie.ba.leg.br/media/sapl/public/materialegislativa/2023/4078/projeto_de_decreto_19.2023titulo_grazielle_quaresma.docx", "ementa": "CONCEDE TITULO DE CIDAD\u00c3O JEQUIEENSE A Sr.\u00aa GRAZZIELE QUARESMA PEREIRA."}, {"id": "4116", "ano": "2023", "numero": "20", "tipo__sigla": "PDL", "tipo__descricao": "Projeto de Decreto Legislativo", "autoria": "TINHO", "texto_original": "http://sapl.jequie.ba.leg.br/media/sapl/public/materialegislativa/2023/4116/projeto_de_decreto_20.2023..docx", "ementa": "OUTORGA A COMENDA SR. DR. VALTER GOMES DE SANTANA , AO  DR. GILSON FONSECA."}, {"id": "4137", "ano": "2023", "numero": "21", "tipo__sigla": "PDL", "tipo__descricao": "Projeto de Decreto Legislativo", "autoria": "MARCOS DO OVO", "texto_original": "http://sapl.jequie.ba.leg.br/media/sapl/public/materialegislativa/2023/4137/titulo_cidaadao_ao_sr._agnaldo.doc", "ementa": "CONDEDE T\u00cdTULO DE CIDAD\u00c3O JEQUIEENSE AO SR. AGNALDO SILVA COSTA."}, {"id": "4138", "ano": "2023", "numero": "22", "tipo__sigla": "PDL", "tipo__descricao": "Projeto de Decreto Legislativo", "autoria": "GUTINHA", "texto_original": "http://sapl.jequie.ba.leg.br/media/sapl/public/materialegislativa/2023/4138/projeto_decreto_22.2023_titulo_cidadao_norberto_curvelo.doc", "ementa": "CONCEDE T\u00cdTULO DE CIDAD\u00c3O JEQUIEENSE AO SR. NORBERTO CURVELO DO ROS\u00c1RIO"}, {"id": "4179", "ano": "2023", "numero": "23", "tipo__sigla": "PDL", "tipo__descricao": "Projeto de Decreto Legislativo", "autoria": "SOLDADO GILVAN", "texto_original": "http://sapl.jequie.ba.leg.br/media/sapl/public/materialegislativa/2023/4179/titulo_de_cidadao_jequieense_a_elson_pio.doc", "ementa": "TITULO DE CIDAD\u00c3O JEQUIEENSE A ELSON JOS\u00c9 VITORINO MACEDO."}, {"id": "4205", "ano": "2023", "numero": "24", "tipo__sigla": "PDL", "tipo__descricao": "Projeto de Decreto Legislativo", "autoria": "RAMON FERNANDES", "texto_original": "http://sapl.jequie.ba.leg.br/media/sapl/public/materialegislativa/2023/4205/comenda_24.2023cely_de_freitas_..._1.doc", "ementa": "OUTORGA A COMENDA \u201cDR. CELY DE FREITAS \u2013 CIDADE DE JEQUI\u00c9\" A SRA. ANA PAULA DE ASSIS CAMARGO LACERDA."}, {"id": "4206", "ano": "2023", "numero": "25", "tipo__sigla": "PDL", "tipo__descricao": "Projeto de Decreto Legislativo", "autoria": "RAMON FERNANDES", "texto_original": "http://sapl.jequie.ba.leg.br/media/sapl/public/materialegislativa/2023/4206/comenda_cely_25.2023_de_freitas_cesar_borges_ra.doc", "ementa": "OUTORGA A COMENDA GOVERNADOR ANT\u00d4NIO LOMANTO J\u00daNIOR AO DR. CESAR AUGUSTO RABELO BORGES."}, {"id": "4223", "ano": "2023", "numero": "26", "tipo__sigla": "PDL", "tipo__descricao": "Projeto de Decreto Legislativo", "autoria": "Joaquim Caires Rocha (Joaquim Caires)", "texto_original": "http://sapl.jequie.ba.leg.br/media/sapl/public/materialegislativa/2023/4223/projeto__de_decreto_26.2023titulo_de_cidadania_maria_angela.doc", "ementa": "CONCEDE T\u00cdTULO DE CIDAD\u00c3O JEQUIEENSE A DRA. MARIA \u00c2NGELA MAGNAVITA SAMPAIO."}, {"id": "4252", "ano": "2023", "numero": "27", "tipo__sigla": "PDL", "tipo__descricao": "Projeto de Decreto Legislativo", "autoria": "GUTINHA", "texto_original": "http://sapl.jequie.ba.leg.br/media/sapl/public/materialegislativa/2023/4252/projeto_decreto__-_titulo_cidadao_beto_gusmao_promotor_1.doc", "ementa": "CONCEDE T\u00cdTULO DE CIDAD\u00c3O JEQUIEENSE AO SR. CARLOS ALBERTO RAMACCIOTI GUSM\u00c3O"}, {"id": "4284", "ano": "2023", "numero": "28", "tipo__sigla": "PDL", "tipo__descricao": "Projeto de Decreto Legislativo", "autoria": "COLORIDO", "texto_original": "http://sapl.jequie.ba.leg.br/media/sapl/public/materialegislativa/2023/4284/titulo_de_cidadao_28.2023_jequieense_para_pr.adelson_augusto_brandao_santa_cruz.doc", "ementa": "CONCEDE T\u00cdTULO DE CIDAD\u00c3O JEQUIEENSE AO SR. PR. ADELSON AUGUSTO BRAND\u00c3O SANTA CRUZ"}, {"id": "4295", "ano": "2023", "numero": "29", "tipo__sigla": "PDL", "tipo__descricao": "Projeto de Decreto Legislativo", "autoria": "ZIEL", "texto_original": "http://sapl.jequie.ba.leg.br/media/sapl/public/materialegislativa/2023/4295/comenda_29.2023celi_de_freitas_ao_comandante_1.docx", "ementa": "OUTORGA A COMENDA \u2018DR. CELY DE FREITAS - CIDADE DE JEQUIE AO SR. CAPIT\u00c3O BM NELSON CARNEIRO MACHADO JUNIOR."}, {"id": "4371", "ano": "2023", "numero": "30", "tipo__sigla": "PDL", "tipo__descricao": "Projeto de Decreto Legislativo", "autoria": "MOANA", "texto_original": "http://sapl.jequie.ba.leg.br/media/sapl/public/materialegislativa/2023/4371/titulo_cidadao_jequiennse_batista_pintor.docx", "ementa": "CONCEDER T\u00cdTULO DE CIDAD\u00c3O JEQUIEENSE AO SR. JO\u00c3O BATISTA CARVALHO (BATISTA PINTOR)."}, {"id": "4418", "ano": "2023", "numero": "31", "tipo__sigla": "PDL", "tipo__descricao": "Projeto de Decreto Legislativo", "autoria": "Jo\u00e3o Paulo Fernandes Silva (JP)", "texto_original": "http://sapl.jequie.ba.leg.br/media/sapl/public/materialegislativa/2023/4418/titulo_de_cidadao31.2023_jequieense_a_atila_alves_cruz_moy.doc", "ementa": "CONCEDE TITULO DE CIDAD\u00c3O JEQUIEENSE AO SENHOR \u00c1TILA ALVES CRUZ MOY-CAPIT\u00c3O PMBA"}, {"id": "4437", "ano": "2023", "numero": "32", "tipo__sigla": "PDL", "tipo__descricao": "Projeto de Decreto Legislativo", "autoria": "TINHO", "texto_original": "http://sapl.jequie.ba.leg.br/media/sapl/public/materialegislativa/2023/4437/projetocomenda_32.2023.celi_de_freitas_1.docx", "ementa": "OUTORGA A COMENDA \u2018DR. CELY DE FREITAS \u2013 CIDADE DE JEQUIE AO SR. JO\u00c3O AGUIAR RIBEIRO FILHO."}, {"id": "4482", "ano": "2023", "numero": "33", "tipo__sigla": "PDL", "tipo__descricao": "Projeto de Decreto Legislativo", "autoria": "RAMON FERNANDES", "texto_original": "http://sapl.jequie.ba.leg.br/media/sapl/public/materialegislativa/2023/4482/projeto_decreto_33.2023titulo_cidadao_gabriel_silva_ramos.doc", "ementa": "CONDEDE T\u00cdTULO DE CIDAD\u00c3O JEQUIEENSE AO SR. GABRIEL ALVES DA SILVA RAMOS."}, {"id": "4483", "ano": "2023", "numero": "34", "tipo__sigla": "PDL", "tipo__descricao": "Projeto de Decreto Legislativo", "autoria": "Sidney Magal Rodrigues de Souza (Sidney Magal)", "texto_original": "http://sapl.jequie.ba.leg.br/media/sapl/public/materialegislativa/2023/4483/projeto_decreto_34.2023_teste_1.docx", "ementa": "CONCEDE T\u00cdTULO DE CIDAD\u00c3O JEQUIEENSE AO SENHOR JOSIAS DE SOUZA NOVAIS."}, {"id": "4517", "ano": "2023", "numero": "35", "tipo__sigla": "PDL", "tipo__descricao": "Projeto de Decreto Legislativo", "autoria": "Sidney Magal Rodrigues de Souza (Sidney Magal)", "texto_original": "http://sapl.jequie.ba.leg.br/media/sapl/public/materialegislativa/2023/4517/projeto_decreto.._35.2023_pr._clodoaldo_brito_dos_santos_decreto_v3.docx", "ementa": "CONCEDE T\u00cdTULO DE CIDAD\u00c3O JEQUIEENSE AO SR. CLODOALDO BRITO DOS SANTOS."}, {"id": "4521", "ano": "2023", "numero": "36", "tipo__sigla": "PDL", "tipo__descricao": "Projeto de Decreto Legislativo", "autoria": "COLORIDO", "texto_original": "http://sapl.jequie.ba.leg.br/media/sapl/public/materialegislativa/2023/4521/projeto_decreto.._36.2023titulo_de_cidadao_jequieense_para_dra_evelyn_amorim_silva._1_1.doc", "ementa": "CONCEDE TITULO DE CIDAD\u00c3 JEQUIEENSE \u00c0 SENHORA DR\u00aa EVELYN AMORIM SILVA."}, {"id": "4542", "ano": "2023", "numero": "37", "tipo__sigla": "PDL", "tipo__descricao": "Projeto de Decreto Legislativo", "autoria": "Walmiral Pacheco Marinho Neto (Walmiral)", "texto_original": "http://sapl.jequie.ba.leg.br/media/sapl/public/materialegislativa/2023/4542/titulo_de_cidadao..37.2023_jequieense_ta_cruz_2.doc", "ementa": "T\u00edtulo de Cidad\u00e3 Jequieense a Professora Maria Madalena Pereira Cruz."}, {"id": "3928", "ano": "2023", "numero": "9", "tipo__sigla": "DL", "tipo__descricao": "Decreto Legislativo", "autoria": "Mesa Diretora - MD", "texto_original": "http://sapl.jequie.ba.leg.br/media/sapl/public/materialegislativa/2023/3928/decreto_09.2023_wilma_lima_de_oliveira.doc", "ementa": "Fica concedido T\u00edtulo de Cidad\u00e3 Jequieense a Sr.\u00aa Wilma Lima de Oliveira."}, {"id": "3927", "ano": "2023", "numero": "10", "tipo__sigla": "DL", "tipo__descricao": "Decreto Legislativo", "autoria": "Mesa Diretora - MD", "texto_original": "http://sapl.jequie.ba.leg.br/media/sapl/public/materialegislativa/2023/3927/decreto_10.2023_cidadao_a_ze_coca.doc", "ementa": "Fica concedido T\u00edtulo de Cidad\u00e3o Jequieense a Sr.\u00aa Maria da Gl\u00f3ria Brand\u00e3o Santana."}, {"id": "4533", "ano": "2023", "numero": "1", "tipo__sigla": "PLC", "tipo__descricao": "Projeto Lei Complementar", "autoria": "Zenildo Brand\u00e3o (Z\u00e9 Coc\u00e1)", "texto_original": "http://sapl.jequie.ba.leg.br/media/sapl/public/materialegislativa/2023/4533/projeto_de_lei_no_28_-__que_altera_a_lei_complementar_n_001_-_002_-_003-2007_-_plano_diretor_municipal.pdf", "ementa": "ALTERA A LEI COMPLEMENTAR N\u00b0 001, DE 27  DE DEZEMBRO DE 2007, QUE APROVOU O PLANO DIRETOR MUNICIPAL DE JEQUI\u00c9, A LEI COMPLEMENTAR N\u00b0 002, DE 27 DE DEZEMBRO DE 2007, QUE INSTITUIU O C\u00d3DIGO DE ORDENAMENTO DO USO E OCUPA\u00c7\u00c3O DO SOLO E DE OBRAS E EDIFICA\u00c7\u00d5ES DO MUNIC\u00cdPIO DE JEQUI\u00c9 E A LEI COMPLEMENTAR DE N\u00b0 003, DE 27 DE DEZEMBRO DE 2007, QUE INSTITUIU O C\u00d3DIGO DE MEIO AMBIENTE E DISCIPLINA AS POSTURAS MUNICIPAIS DE JEQUI\u00c9."}, {"id": "3933", "ano": "2023", "numero": "1", "tipo__sigla": "PELO", "tipo__descricao": "Projeto Emenda a Lei Org\u00e2nica", "autoria": "Mesa Diretora - MD", "texto_original": "http://sapl.jequie.ba.leg.br/media/sapl/public/materialegislativa/2023/3933/projeto_de_emenda_a_lei_organica_2023.docx", "ementa": "ALTERA O ART. 72 DA LEI ORG\u00c2NICA DO MUNIC\u00cdPIO DE JEQUI\u00c9 - SUBS\u00cdDIOS DO PREFEITO E VICE-PREFEITO."}, {"id": "3723", "ano": "2023", "numero": "1", "tipo__sigla": "VETO", "tipo__descricao": "Veto", "autoria": "Zenildo Brand\u00e3o (Z\u00e9 Coc\u00e1)", "texto_original": "http://sapl.jequie.ba.leg.br/media/sapl/public/materialegislativa/2023/3723/veto_parcial_ao_projeto_de_lei_do_refim-assinado.pdf", "ementa": "Veto parcial ao Projeto de Lei N\u00ba 024/2023-\u201cConcede Benef\u00edcio Fiscal de regulariza\u00e7\u00e3o de D\u00e9bitos Fiscais Municipais, concede remiss\u00e3o de tributos e rendas para contribuintes que possuem im\u00f3veis ou estabelecimentos nas \u00e1reas urbanas afetadas pelo desastre natural declaradas de situa\u00e7\u00e3o de emerg\u00eancia pelo Decreto Municipal n\u00ba 24.023/2022 e d\u00e1 outras provid\u00eancias\u201d."}, {"id": "3241", "ano": "2023", "numero": "1", "tipo__sigla": "PCP", "tipo__descricao": "Parecer de Comiss\u00e3o Permanente", "autoria": "SOLDADO GILVAN", "texto_original": "http://sapl.jequie.ba.leg.br/media/sapl/public/materialegislativa/2023/3241/parecer_projeto_de_lei_no_002.2023.pdf", "ementa": "Onde Declara de Utilidade P\u00fablica Municipal a Associa\u00e7\u00e3o Beneficente de Assist\u00eancia e Equoterapia de Jequi\u00e9,"}, {"id": "3254", "ano": "2023", "numero": "2", "tipo__sigla": "PCP", "tipo__descricao": "Parecer de Comiss\u00e3o Permanente", "autoria": "Sidney Magal Rodrigues de Souza (Sidney Magal)", "texto_original": "http://sapl.jequie.ba.leg.br/media/sapl/public/materialegislativa/2023/3254/parecer_projeto_de_lei_no_004.2023.pdf", "ementa": "Onde declara de Pra\u00e7a Esmeraldo Pereira da Silva a atual Pra\u00e7a conhecida como Agarraj\u00e3o, localizada na Urbis III, Bairro Espirito Santo."}, {"id": "3255", "ano": "2023", "numero": "3", "tipo__sigla": "PCP", "tipo__descricao": "Parecer de Comiss\u00e3o Permanente", "autoria": "Sidney Magal Rodrigues de Souza (Sidney Magal)", "texto_original": "http://sapl.jequie.ba.leg.br/media/sapl/public/materialegislativa/2023/3255/parecer_projeto_de_decreto_legislativo_no_01.2023.pdf", "ementa": "onde Concede Titulo de Cidad\u00e3o Jequieense a Bruno Andr\u00e9 Faneli Moreira Aguiar ."}, {"id": "3260", "ano": "2023", "numero": "4", "tipo__sigla": "PCP", "tipo__descricao": "Parecer de Comiss\u00e3o Permanente", "autoria": "Joaquim Caires Rocha (Joaquim Caires)", "texto_original": "http://sapl.jequie.ba.leg.br/media/sapl/public/materialegislativa/2023/3260/parecer_projeto_de_lei_no_006.2023.pdf", "ementa": "Onde Denomina Creche Waldeck Santos Silva a Creche localizada entre o Conjunto Habitacional do Mandacaru 01 e 02."}, {"id": "3262", "ano": "2023", "numero": "5", "tipo__sigla": "PCP", "tipo__descricao": "Parecer de Comiss\u00e3o Permanente", "autoria": "CLJR - Comiss\u00e3o de Legisla\u00e7\u00e3o, Justi\u00e7a e Reda\u00e7\u00e3o Final", "texto_original": "http://sapl.jequie.ba.leg.br/media/sapl/public/materialegislativa/2023/3262/parecer_projeto_de_lei_no_011.2023.pdf", "ementa": "Onde denomina a quadra de esporte do Distrito de Florestal, a Quadra Gild\u00e1sio Ber\u00e7a Santos."}, {"id": "3263", "ano": "2023", "numero": "6", "tipo__sigla": "PCP", "tipo__descricao": "Parecer de Comiss\u00e3o Permanente", "autoria": "CLJR - Comiss\u00e3o de Legisla\u00e7\u00e3o, Justi\u00e7a e Reda\u00e7\u00e3o Final", "texto_original": "http://sapl.jequie.ba.leg.br/media/sapl/public/materialegislativa/2023/3263/parecer_projeto_de_lei_no_005.2023.pdf", "ementa": "Onde denomina de Rua Rosalvo de Jesus Silva a atual Rua da Banca, no Bairro do Jequiezinho."}, {"id": "3264", "ano": "2023", "numero": "7", "tipo__sigla": "PCP", "tipo__descricao": "Parecer de Comiss\u00e3o Permanente", "autoria": "CLJR - Comiss\u00e3o de Legisla\u00e7\u00e3o, Justi\u00e7a e Reda\u00e7\u00e3o Final", "texto_original": "http://sapl.jequie.ba.leg.br/media/sapl/public/materialegislativa/2023/3264/parecer_projeto_de_decreto_legislativo_no_03.2023.pdf", "ementa": "Titulo de cidad\u00e3o ao Pr. Vanderlei"}, {"id": "3265", "ano": "2023", "numero": "8", "tipo__sigla": "PCP", "tipo__descricao": "Parecer de Comiss\u00e3o Permanente", "autoria": "CLJR - Comiss\u00e3o de Legisla\u00e7\u00e3o, Justi\u00e7a e Reda\u00e7\u00e3o Final", "texto_original": "http://sapl.jequie.ba.leg.br/media/sapl/public/materialegislativa/2023/3265/parecer_cargos_pessoas_condenadas.docx", "ementa": "proibir contrata\u00e7\u00e3o de pessoas condenadas"}, {"id": "3266", "ano": "2023", "numero": "9", "tipo__sigla": "PCP", "tipo__descricao": "Parecer de Comiss\u00e3o Permanente", "autoria": "CLJR - Comiss\u00e3o de Legisla\u00e7\u00e3o, Justi\u00e7a e Reda\u00e7\u00e3o Final", "texto_original": "http://sapl.jequie.ba.leg.br/media/sapl/public/materialegislativa/2023/3266/parecer_cargos_na_prefeitura.docx", "ementa": "DISP\u00d5E SOBRE A ADEQUA\u00c7\u00c3O DA ESTRUTURA ORGANIZACIONAL DE SECRETARIAS DO MUNIC\u00cdPIO DE JEQUI\u00c9 PREVISTA NA LEI N\u00ba 1.552/2002, ALTERADA PELA LEI N\u00ba 1.632/2004, NOS TERMOS EM QUE ESPECIFICA A LEI 1.992/2016, E D\u00c1 OUTRAS PROVID\u00caNCIAS."}, {"id": "3268", "ano": "2023", "numero": "11", "tipo__sigla": "PCP", "tipo__descricao": "Parecer de Comiss\u00e3o Permanente", "autoria": "CLJR - Comiss\u00e3o de Legisla\u00e7\u00e3o, Justi\u00e7a e Reda\u00e7\u00e3o Final", "texto_original": "http://sapl.jequie.ba.leg.br/media/sapl/public/materialegislativa/2023/3268/parecer_projeto_de_lei_no_003.2023.pdf", "ementa": "CONFERE PRIORIDADE NO ATENDIMENTO AOS CONTADORES E T\u00c9CNICOS DE CONTABILIDADE NAS EMPRESAS P\u00daBLICAS, \u00d3RG\u00c3OS DA ADMINISTRA\u00c7\u00c3O MUNICIPAL E QUAISQUER REPARTI\u00c7\u00d5ES P\u00daBLICAS NO MUNIC\u00cdPIO DE JEQUI\u00c9.."}, {"id": "3331", "ano": "2023", "numero": "12", "tipo__sigla": "PCP", "tipo__descricao": "Parecer de Comiss\u00e3o Permanente", "autoria": "CLJR - Comiss\u00e3o de Legisla\u00e7\u00e3o, Justi\u00e7a e Reda\u00e7\u00e3o Final", "texto_original": "http://sapl.jequie.ba.leg.br/media/sapl/public/materialegislativa/2023/3331/parecer_projeto_de_decreto_legislativo_no_04.2023.pdf", "ementa": "onde Concede T\u00edtulo de Cidad\u00e3o  Jequieense ao Sr. Ladislau Muniz de Bulh\u00f5es Neto."}, {"id": "3335", "ano": "2023", "numero": "13", "tipo__sigla": "PCP", "tipo__descricao": "Parecer de Comiss\u00e3o Permanente", "autoria": "CLJR - Comiss\u00e3o de Legisla\u00e7\u00e3o, Justi\u00e7a e Reda\u00e7\u00e3o Final", "texto_original": "http://sapl.jequie.ba.leg.br/media/sapl/public/materialegislativa/2023/3335/parecer_projeto_de_lei_no_012.2023.pdf", "ementa": "DISP\u00d5E SOBRE A ADEQUA\u00c7\u00c3O DA ESTRUTURA ORGANIZACIONAL DE SECRETARIAS DO MUNIC\u00cdPIO DE JEQUI\u00c9 PREVISTA NA LEI N\u00ba 1.552/2002, ALTERADA PELA LEI N\u00ba 1.632/2004, NOS TERMOS EM QUE ESPECIFICA A LEI 1.992/2016, E D\u00c1 OUTRAS PROVID\u00caNCIAS"}, {"id": "3393", "ano": "2023", "numero": "14", "tipo__sigla": "PCP", "tipo__descricao": "Parecer de Comiss\u00e3o Permanente", "autoria": "CLJR - Comiss\u00e3o de Legisla\u00e7\u00e3o, Justi\u00e7a e Reda\u00e7\u00e3o Final", "texto_original": "http://sapl.jequie.ba.leg.br/media/sapl/public/materialegislativa/2023/3393/parecer_projeto_de_lei_no_014.2023.pdf", "ementa": "Onde Denomina de Pra\u00e7a Daniel Jos\u00e9 dos Santos a Pra\u00e7a localizada Rua Existente 1 (em frente \u00e0 loja material de Constru\u00e7\u00e3o Eldorado) no Loteamento Jardim Eldorado, Bairro do Jequiezinho, Jequi\u00e9/BA."}, {"id": "3394", "ano": "2023", "numero": "15", "tipo__sigla": "PCP", "tipo__descricao": "Parecer de Comiss\u00e3o Permanente", "autoria": "CLJR - Comiss\u00e3o de Legisla\u00e7\u00e3o, Justi\u00e7a e Reda\u00e7\u00e3o Final", "texto_original": "http://sapl.jequie.ba.leg.br/media/sapl/public/materialegislativa/2023/3394/parecer_projeto_de_lei_no_015.2023.pdf", "ementa": "Onde denominada de Rua Cloves Jos\u00e9 dos Santos Pereira , a atual Rua F no Loteamento Parque das Algarobas II, no bairro Pompilio Sampaio \u2013 Jequi\u00e9-Bahia."}, {"id": "3395", "ano": "2023", "numero": "16", "tipo__sigla": "PCP", "tipo__descricao": "Parecer de Comiss\u00e3o Permanente", "autoria": "BUI BULH\u00d5ES", "texto_original": "http://sapl.jequie.ba.leg.br/media/sapl/public/materialegislativa/2023/3395/parecer_jeronimo_rodrigues.doc", "ementa": "onde concedem T\u00edtulo de Cidad\u00e3o Jequieense ao Sr. Governador do Estado da Bahia Jer\u00f4nimo Rodrigues."}, {"id": "3396", "ano": "2023", "numero": "17", "tipo__sigla": "PCP", "tipo__descricao": "Parecer de Comiss\u00e3o Permanente", "autoria": "BUI BULH\u00d5ES", "texto_original": "http://sapl.jequie.ba.leg.br/media/sapl/public/materialegislativa/2023/3396/parecer_projeto_de_lei_no_007.2023.pdf", "ementa": "Denominar a Pra\u00e7a localizada entre a Rua C, Caminho 31 e a Travessa 31 na Urbis III, Bairro Esp\u00edrito Santo de Pra\u00e7a Fran\u00e7a Dias."}, {"id": "3432", "ano": "2023", "numero": "18", "tipo__sigla": "PCP", "tipo__descricao": "Parecer de Comiss\u00e3o Permanente", "autoria": "CLJR - Comiss\u00e3o de Legisla\u00e7\u00e3o, Justi\u00e7a e Reda\u00e7\u00e3o Final", "texto_original": "http://sapl.jequie.ba.leg.br/media/sapl/public/materialegislativa/2023/3432/parecer_projeto_de_lei_no_009.2023.pdf", "ementa": "Onde modifica o Conselho Municipal da Juventude no Munic\u00edpio de Jequi\u00e9 \u2013 Bahia e d\u00e1 outras provid\u00eancias."}, {"id": "3433", "ano": "2023", "numero": "19", "tipo__sigla": "PCP", "tipo__descricao": "Parecer de Comiss\u00e3o Permanente", "autoria": "CLJR - Comiss\u00e3o de Legisla\u00e7\u00e3o, Justi\u00e7a e Reda\u00e7\u00e3o Final", "texto_original": "http://sapl.jequie.ba.leg.br/media/sapl/public/materialegislativa/2023/3433/parecer_projeto_de_lei_no_008.2023.pdf", "ementa": "Que cria o Conselho Municipal de Promo\u00e7\u00e3o da Igualdade Racial \u2013 COMPIR,  e d\u00e1 outras provid\u00eancias."}, {"id": "3449", "ano": "2023", "numero": "20", "tipo__sigla": "PCP", "tipo__descricao": "Parecer de Comiss\u00e3o Permanente", "autoria": "CLJR - Comiss\u00e3o de Legisla\u00e7\u00e3o, Justi\u00e7a e Reda\u00e7\u00e3o Final", "texto_original": "http://sapl.jequie.ba.leg.br/media/sapl/public/materialegislativa/2023/3449/parecer_projeto_de_decreto_legislativo_no_06.2023.pdf", "ementa": "onde Concede T\u00edtulo de Cidad\u00e3o Jequieense ao Juiz Dr. Henrique de Almeida Ara\u00fajo."}, {"id": "3451", "ano": "2023", "numero": "21", "tipo__sigla": "PCP", "tipo__descricao": "Parecer de Comiss\u00e3o Permanente", "autoria": "CLJR - Comiss\u00e3o de Legisla\u00e7\u00e3o, Justi\u00e7a e Reda\u00e7\u00e3o Final", "texto_original": "http://sapl.jequie.ba.leg.br/media/sapl/public/materialegislativa/2023/3451/parecer_projeto_de_decreto_legislativo_no_05.2023.pdf", "ementa": "CONCEDE T\u00cdTULO DE CIDAD\u00c3O JEQUIEENSE AO SR. LUCIANO PESTANA SANTOS."}, {"id": "3453", "ano": "2023", "numero": "22", "tipo__sigla": "PCP", "tipo__descricao": "Parecer de Comiss\u00e3o Permanente", "autoria": "CLJR - Comiss\u00e3o de Legisla\u00e7\u00e3o, Justi\u00e7a e Reda\u00e7\u00e3o Final", "texto_original": "http://sapl.jequie.ba.leg.br/media/sapl/public/materialegislativa/2023/3453/parecer_projeto_de_lei_no_018.2023.pdf", "ementa": "Onde Institui o \u201cDia da Cavalgada\u201d no calend\u00e1rio oficial de eventos do Munic\u00edpio."}, {"id": "3459", "ano": "2023", "numero": "23", "tipo__sigla": "PCP", "tipo__descricao": "Parecer de Comiss\u00e3o Permanente", "autoria": "CLJR - Comiss\u00e3o de Legisla\u00e7\u00e3o, Justi\u00e7a e Reda\u00e7\u00e3o Final", "texto_original": "http://sapl.jequie.ba.leg.br/media/sapl/public/materialegislativa/2023/3459/parecer_formacao_de_condutorespessoas_com_deficiencia_1.docx", "ementa": "onde ficam obrigados os Centros de Forma\u00e7\u00e3o de Condutores a reservar 5% (cinco por cento) da sua frota de ve\u00edculos e adapta-los, para instru\u00e7\u00e3o de pessoas portadoras de defici\u00eancia f\u00edsica no munic\u00edpio de Jequi\u00e9."}, {"id": "3563", "ano": "2023", "numero": "24", "tipo__sigla": "PCP", "tipo__descricao": "Parecer de Comiss\u00e3o Permanente", "autoria": "CLJR - Comiss\u00e3o de Legisla\u00e7\u00e3o, Justi\u00e7a e Reda\u00e7\u00e3o Final", "texto_original": "http://sapl.jequie.ba.leg.br/media/sapl/public/materialegislativa/2023/3563/parecer_projeto_de_lei_no_021.2023.pdf", "ementa": "Onde disp\u00f5e sobre medidas de prote\u00e7\u00e3o complementar \u00e0 popula\u00e7\u00e3o Jequieense, por aumento de  vaz\u00e3o da Barragem da Pedra, determinado a previs\u00e3o de instala\u00e7\u00e3o de sirenes e outros meios de comunica\u00e7\u00e3o que sejam capazes de enviar alertas e viabilizar a prote\u00e7\u00e3o de pessoas que vivem nas \u00e1reas da mancha de inunda\u00e7\u00e3o, as medidas espec\u00edficas de socorro, garantia de abastecimento, redu\u00e7\u00e3o dos impactos ambientais e prote\u00e7\u00e3o do patrim\u00f4nio."}, {"id": "3564", "ano": "2023", "numero": "25", "tipo__sigla": "PCP", "tipo__descricao": "Parecer de Comiss\u00e3o Permanente", "autoria": "CLJR - Comiss\u00e3o de Legisla\u00e7\u00e3o, Justi\u00e7a e Reda\u00e7\u00e3o Final", "texto_original": "http://sapl.jequie.ba.leg.br/media/sapl/public/materialegislativa/2023/3564/parecer_projeto_de_decreto_legislativo_no_07.2023.pdf", "ementa": "onde outorga a Comenda Dr. Dely de Freitas Cidade de Jequi\u00e9 a Sr.\u00aa Maria Tereza Souza Cruz."}, {"id": "3565", "ano": "2023", "numero": "26", "tipo__sigla": "PCP", "tipo__descricao": "Parecer de Comiss\u00e3o Permanente", "autoria": "CLJR - Comiss\u00e3o de Legisla\u00e7\u00e3o, Justi\u00e7a e Reda\u00e7\u00e3o Final", "texto_original": "http://sapl.jequie.ba.leg.br/media/sapl/public/materialegislativa/2023/3565/parecer_projeto_de_lei_no_022.2023.pdf", "ementa": "Onde determina a quem comete maus-tratos aos animais o pagamento pelo tratamento do animal do Munic\u00edpio de Jequi\u00e9, e d\u00e1 outras provid\u00eancias."}, {"id": "3604", "ano": "2023", "numero": "27", "tipo__sigla": "PCP", "tipo__descricao": "Parecer de Comiss\u00e3o Permanente", "autoria": "SOLDADO GILVAN", "texto_original": "http://sapl.jequie.ba.leg.br/media/sapl/public/materialegislativa/2023/3604/parecer_projeto_de_lei_no_028.2023.pdf", "ementa": "PARECER  DA COMISS\u00c3O DE JUSTI\u00c7A SOBRE O REAJUSTE DOS AGENTES COMUNIT\u00c1RIO DE S\u00c1UDE E AGENTE EDEMIAS, FEITO PELO VEREADOR SOLDADO GILVAN."}, {"id": "3605", "ano": "2023", "numero": "28", "tipo__sigla": "PCP", "tipo__descricao": "Parecer de Comiss\u00e3o Permanente", "autoria": "SOLDADO GILVAN", "texto_original": "http://sapl.jequie.ba.leg.br/media/sapl/public/materialegislativa/2023/3605/parecer_projeto_de_lei_no_024.2023.pdf", "ementa": "PARECER DO PROJETO DE LEI 24/2023 SOBRTE O BENEF\u00cdCIO FISCAL DE REGULARIZA\u00c7\u00c3O DE D\u00c9BITOS FISCAIS MUNICIPAIS, CONCEDE REMISS\u00c3O DE TRIBUTOS E RENDAS PARA CONTRIBUINTES."}, {"id": "3608", "ano": "2023", "numero": "29", "tipo__sigla": "PCP", "tipo__descricao": "Parecer de Comiss\u00e3o Permanente", "autoria": "CLJR - Comiss\u00e3o de Legisla\u00e7\u00e3o, Justi\u00e7a e Reda\u00e7\u00e3o Final", "texto_original": "http://sapl.jequie.ba.leg.br/media/sapl/public/materialegislativa/2023/3608/parecer_projeto_de_lei_no_026.2023.pdf", "ementa": "Denomina a pra\u00e7a localizada entre a Avenida Otavio Mangabeira e a rua Jabaquara em frente ao Centro de Sa\u00fade Sebasti\u00e3o Azevedo no Bairro do Mandacaru, Jequi\u00e9- Bahia."}, {"id": "3609", "ano": "2023", "numero": "30", "tipo__sigla": "PCP", "tipo__descricao": "Parecer de Comiss\u00e3o Permanente", "autoria": "CLJR - Comiss\u00e3o de Legisla\u00e7\u00e3o, Justi\u00e7a e Reda\u00e7\u00e3o Final", "texto_original": "http://sapl.jequie.ba.leg.br/media/sapl/public/materialegislativa/2023/3609/parecer_projeto_de_decreto_legislativo_no_09.2023.pdf", "ementa": "onde concede Titulo de Cidad\u00e3o Jequieense ao Sr. Ednael Almeida."}, {"id": "3610", "ano": "2023", "numero": "31", "tipo__sigla": "PCP", "tipo__descricao": "Parecer de Comiss\u00e3o Permanente", "autoria": "CLJR - Comiss\u00e3o de Legisla\u00e7\u00e3o, Justi\u00e7a e Reda\u00e7\u00e3o Final", "texto_original": "http://sapl.jequie.ba.leg.br/media/sapl/public/materialegislativa/2023/3610/parecer_projeto_de_resolucao_no_01.2023.pdf", "ementa": "onde acrescenta o inciso VI ao Art. 155 do Regimento Interno."}, {"id": "3611", "ano": "2023", "numero": "32", "tipo__sigla": "PCP", "tipo__descricao": "Parecer de Comiss\u00e3o Permanente", "autoria": "CLJR - Comiss\u00e3o de Legisla\u00e7\u00e3o, Justi\u00e7a e Reda\u00e7\u00e3o Final", "texto_original": "http://sapl.jequie.ba.leg.br/media/sapl/public/materialegislativa/2023/3611/parecer_projeto_de_lei_no_020.2023.pdf", "ementa": "Onde disp\u00f5e sobre a cria\u00e7\u00e3o do Conselho Municipal de Seguran\u00e7a P\u00fablica e Defesa Social \u2013 COMSEP e Institui o Fundo Municipal de Seguran\u00e7a P\u00fablica \u2013 FUMSEP e d\u00e1 outras provid\u00eancias."}, {"id": "3761", "ano": "2023", "numero": "33", "tipo__sigla": "PCP", "tipo__descricao": "Parecer de Comiss\u00e3o Permanente", "autoria": "CLJR - Comiss\u00e3o de Legisla\u00e7\u00e3o, Justi\u00e7a e Reda\u00e7\u00e3o Final", "texto_original": "http://sapl.jequie.ba.leg.br/media/sapl/public/materialegislativa/2023/3761/parecer_projeto_de_lei_no_034.2023.pdf", "ementa": "Projeto de Lei 34/2023 de autoria da nobre edil Maria Aparecida, onde altera a reda\u00e7\u00e3o da Emenda e do Artigo 1\u00ba da Lei 2.281 de 03 de abril de 2023, que Denomina de Rua Ant\u00f4nio Roque de Carvalho."}, {"id": "3762", "ano": "2023", "numero": "34", "tipo__sigla": "PCP", "tipo__descricao": "Parecer de Comiss\u00e3o Permanente", "autoria": "CLJR - Comiss\u00e3o de Legisla\u00e7\u00e3o, Justi\u00e7a e Reda\u00e7\u00e3o Final", "texto_original": "http://sapl.jequie.ba.leg.br/media/sapl/public/materialegislativa/2023/3762/parecer_projeto_de_lei_no_027.2023.pdf", "ementa": "Onde Considera de Utilidade P\u00fablica Municipal, o Instituto Social Projeto Culturart - ISCA."}, {"id": "3767", "ano": "2023", "numero": "35", "tipo__sigla": "PCP", "tipo__descricao": "Parecer de Comiss\u00e3o Permanente", "autoria": "CLJR - Comiss\u00e3o de Legisla\u00e7\u00e3o, Justi\u00e7a e Reda\u00e7\u00e3o Final", "texto_original": "http://sapl.jequie.ba.leg.br/media/sapl/public/materialegislativa/2023/3767/parecer_projeto_de_decreto_legislativo_no_010.2023.pdf", "ementa": "o Projeto de Decreto 10/2023 de autoria do nobre edil Sidney Magal, onde Concede T\u00edtulo de Cidad\u00e3 Jequieense a Sr.\u00aa Wilma Lima de Oliveira."}, {"id": "3768", "ano": "2023", "numero": "36", "tipo__sigla": "PCP", "tipo__descricao": "Parecer de Comiss\u00e3o Permanente", "autoria": "CLJR - Comiss\u00e3o de Legisla\u00e7\u00e3o, Justi\u00e7a e Reda\u00e7\u00e3o Final", "texto_original": "http://sapl.jequie.ba.leg.br/media/sapl/public/materialegislativa/2023/3768/parecer_projeto_de_decreto_legislativo_no_011.2023.pdf", "ementa": "Fica concedido T\u00edtulo de Cidad\u00e3o Jequieense ao Sr. Sergio Donha Yarid."}, {"id": "3770", "ano": "2023", "numero": "38", "tipo__sigla": "PCP", "tipo__descricao": "Parecer de Comiss\u00e3o Permanente", "autoria": "CLJR - Comiss\u00e3o de Legisla\u00e7\u00e3o, Justi\u00e7a e Reda\u00e7\u00e3o Final", "texto_original": "http://sapl.jequie.ba.leg.br/media/sapl/public/materialegislativa/2023/3770/parecer_projeto_de_lei_no_029.2023.pdf", "ementa": "Onde Considera de Utilidade P\u00fablica Municipal o Instituto Beneficente Shammah, no Bairro \u2013 Joaquim Rom\u00e3o."}, {"id": "3828", "ano": "2023", "numero": "39", "tipo__sigla": "PCP", "tipo__descricao": "Parecer de Comiss\u00e3o Permanente", "autoria": "CLJR - Comiss\u00e3o de Legisla\u00e7\u00e3o, Justi\u00e7a e Reda\u00e7\u00e3o Final", "texto_original": "http://sapl.jequie.ba.leg.br/media/sapl/public/materialegislativa/2023/3828/parecer_projeto_de_lei_no_010.2023.pdf", "ementa": "De autoria do nobre edil Ramon Fernandes, onde fica institu\u00eddo e inclu\u00eddo no calend\u00e1rio oficial de eventos do munic\u00edpio de Jequi\u00e9 os jogos paradesportivos escolares, a serem realizados no m\u00eas de setembro, devido dia 22 deste m\u00eas comemorar-se o \u201cDia Nacional do Atleta paral\u00edmpico \u201c, ficando assim a realiza\u00e7\u00e3o desses jogos anualmente neste m\u00eas."}, {"id": "3829", "ano": "2023", "numero": "40", "tipo__sigla": "PCP", "tipo__descricao": "Parecer de Comiss\u00e3o Permanente", "autoria": "CLJR - Comiss\u00e3o de Legisla\u00e7\u00e3o, Justi\u00e7a e Reda\u00e7\u00e3o Final", "texto_original": "http://sapl.jequie.ba.leg.br/media/sapl/public/materialegislativa/2023/3829/parecer_projeto_de_lei_no_017.2023.pdf", "ementa": "Projeto de Lei de 17/2023 de autoria do nobre edil Ramon Fernandes, onde  Disp\u00f5e sobre a Pol\u00edtica Municipal de uso da cannabis para fins medicinais e distribui\u00e7\u00e3o gratuita de medicamentos prescritos \u00e0 base da planta, que contenham em sua f\u00f3rmula as subst\u00e2ncias Canabidiol (CBD) e/ou Tetrahidrocanabinol (THC), nas unidades de sa\u00fade p\u00fablica municipal e privada, ou conveniada ao Sistema \u00danico de Sa\u00fade \u2013 SUS, no \u00e2mbito do munic\u00edpio de Jequi\u00e9, e d\u00e1 outras provid\u00eancias."}, {"id": "3830", "ano": "2023", "numero": "41", "tipo__sigla": "PCP", "tipo__descricao": "Parecer de Comiss\u00e3o Permanente", "autoria": "CLJR - Comiss\u00e3o de Legisla\u00e7\u00e3o, Justi\u00e7a e Reda\u00e7\u00e3o Final", "texto_original": "http://sapl.jequie.ba.leg.br/media/sapl/public/materialegislativa/2023/3830/parecer_projeto_de_lei_no_025.2023.pdf", "ementa": "Projeto de Lei de 25/2023 de autoria do nobre edil Ramon Fernandes, onde  Disp\u00f5e sobre a obrigatoriedade de recupera\u00e7\u00e3o dos danos causados em vias p\u00fablicas do munic\u00edpio de Jequi\u00e9 provenientes de reparos que tenham sido realizados fora dos padr\u00f5es de qualidade e dos materiais originalmente aplicados no local, por empresas p\u00fablicas, concession\u00e1rias de servi\u00e7os p\u00fablicos, empresas privadas ou pessoas f\u00edsicas, e d\u00e1 outras provid\u00eancias."}, {"id": "3831", "ano": "2023", "numero": "42", "tipo__sigla": "PCP", "tipo__descricao": "Parecer de Comiss\u00e3o Permanente", "autoria": "CLJR - Comiss\u00e3o de Legisla\u00e7\u00e3o, Justi\u00e7a e Reda\u00e7\u00e3o Final", "texto_original": "http://sapl.jequie.ba.leg.br/media/sapl/public/materialegislativa/2023/3831/parecer_projeto_de_lei_no_033.2023.pdf", "ementa": "Projeto de Lei de 33/2023 de autoria do nobre edil Ramon Fernandes, onde  institui a Pol\u00edtica Municipal de Prote\u00e7\u00e3o e Atendimento aos Direitos Animais, no \u00e2mbito do Munic\u00edpio de Jequi\u00e9, Estado do Bahia."}, {"id": "3832", "ano": "2023", "numero": "43", "tipo__sigla": "PCP", "tipo__descricao": "Parecer de Comiss\u00e3o Permanente", "autoria": "CLJR - Comiss\u00e3o de Legisla\u00e7\u00e3o, Justi\u00e7a e Reda\u00e7\u00e3o Final", "texto_original": "http://sapl.jequie.ba.leg.br/media/sapl/public/materialegislativa/2023/3832/parecer_projeto_de_lei_no_037.2023.pdf", "ementa": "Projeto de Lei de 37/2023 de autoria do Executivo Municipal, onde regulamenta a presta\u00e7\u00e3o de servi\u00e7os de Psicologia e de Servi\u00e7o Social no \u00e2mbito do Sistema Municipal de Ensino de Jequi\u00e9-Bahia, conforme disposto na Lei 13.935 de 11 de dezembro de 2019 e altera a Lei n.\u00ba 1.552/2022."}, {"id": "3833", "ano": "2023", "numero": "44", "tipo__sigla": "PCP", "tipo__descricao": "Parecer de Comiss\u00e3o Permanente", "autoria": "CLJR - Comiss\u00e3o de Legisla\u00e7\u00e3o, Justi\u00e7a e Reda\u00e7\u00e3o Final", "texto_original": "http://sapl.jequie.ba.leg.br/media/sapl/public/materialegislativa/2023/3833/parecer_projeto_de_decreto_legislativo_no_08.2023.pdf", "ementa": "Projeto de Decreto 08/2023 de autoria do nobre edil Jo\u00e3o Paulo, onde outorgada a Comenda \u2018Dr. Cely de Freitas \u2013 Cidade de Jequi\u00e9\u2019 ao Sr.\u00ba Tiago Henrique Santos Batista."}, {"id": "3834", "ano": "2023", "numero": "45", "tipo__sigla": "PCP", "tipo__descricao": "Parecer de Comiss\u00e3o Permanente", "autoria": "CLJR - Comiss\u00e3o de Legisla\u00e7\u00e3o, Justi\u00e7a e Reda\u00e7\u00e3o Final", "texto_original": "http://sapl.jequie.ba.leg.br/media/sapl/public/materialegislativa/2023/3834/parecer_projeto_de_lei_no_035.2023.pdf", "ementa": "Projeto de Lei de 35/2023 de autoria do nobre edil Ramon Fernandes, onde concede aos profissionais de Educa\u00e7\u00e3o F\u00edsica que prestam servi\u00e7o como Personal Trainne, acesso livre as academias para acompanhar seus clientes e d\u00e1 outras provid\u00eancias."}, {"id": "3835", "ano": "2023", "numero": "46", "tipo__sigla": "PCP", "tipo__descricao": "Parecer de Comiss\u00e3o Permanente", "autoria": "CLJR - Comiss\u00e3o de Legisla\u00e7\u00e3o, Justi\u00e7a e Reda\u00e7\u00e3o Final", "texto_original": "http://sapl.jequie.ba.leg.br/media/sapl/public/materialegislativa/2023/3835/parecer_projeto_de_lei_no_038.2023.pdf", "ementa": "Projeto de Lei de 38/2023 de autoria do Executivo Municipal, ao analisarmos tudo o que foi exposto, no mencionado Projeto e sendo o mesmo legal e constitucional, somos favor\u00e1veis ao mencionado projeto de Lei, colocando o mesmo para aprecia\u00e7\u00e3o do Plen\u00e1rio."}, {"id": "3836", "ano": "2023", "numero": "47", "tipo__sigla": "PCP", "tipo__descricao": "Parecer de Comiss\u00e3o Permanente", "autoria": "", "texto_original": "http://sapl.jequie.ba.leg.br/media/sapl/public/materialegislativa/2023/3836/parecer_projeto_de_lei_no_019.2023.pdf", "ementa": "Projeto de Lei de 19/2023 de autoria do nobre edil Jo\u00e3o Paulo, onde altera a reda\u00e7\u00e3o do Inciso I do Artigo 3\u00ba da Lei Municipal n.\u00ba 2.242/2022 e d\u00e1 outras provid\u00eancias."}, {"id": "3845", "ano": "2023", "numero": "48", "tipo__sigla": "PCP", "tipo__descricao": "Parecer de Comiss\u00e3o Permanente", "autoria": "CLJR - Comiss\u00e3o de Legisla\u00e7\u00e3o, Justi\u00e7a e Reda\u00e7\u00e3o Final", "texto_original": "http://sapl.jequie.ba.leg.br/media/sapl/public/materialegislativa/2023/3845/parecer_projeto_de_lei_no_036.2023.pdf", "ementa": "Projeto de Lei de 36/2023 de autoria da nobre edil Moana Meira, onde disp\u00f5e sobre a substitui\u00e7\u00e3o de sirenes e alarmes utilizados como sinalizadores de in\u00edcio e t\u00e9rmino de aula, provas e per\u00edodo de recreio e intervalo nas institui\u00e7\u00f5es de ensino das redes p\u00fablica e privada no munic\u00edpio de Jequi\u00e9."}, {"id": "3846", "ano": "2023", "numero": "49", "tipo__sigla": "PCP", "tipo__descricao": "Parecer de Comiss\u00e3o Permanente", "autoria": "CLJR - Comiss\u00e3o de Legisla\u00e7\u00e3o, Justi\u00e7a e Reda\u00e7\u00e3o Final", "texto_original": "http://sapl.jequie.ba.leg.br/media/sapl/public/materialegislativa/2023/3846/parecer_projeto_de_lei_no_039.2023.pdf", "ementa": "Projeto de Lei de 39/2023 de autoria do nobre edil Gutinha, onde Passa a denominar Pra\u00e7a Idel\u00edpio Barros Gomes a Pra\u00e7a Principal de Monte Branco, Distrito de Jequi\u00e9."}, {"id": "3847", "ano": "2023", "numero": "50", "tipo__sigla": "PCP", "tipo__descricao": "Parecer de Comiss\u00e3o Permanente", "autoria": "CLJR - Comiss\u00e3o de Legisla\u00e7\u00e3o, Justi\u00e7a e Reda\u00e7\u00e3o Final", "texto_original": "http://sapl.jequie.ba.leg.br/media/sapl/public/materialegislativa/2023/3847/parecer_projeto_de_lei_no_040.2023.pdf", "ementa": "Projeto de Lei de 40/2023 de autoria do nobre edil Gutinha, onde Passa a denominar Audit\u00f3rio Iramaia Santos Rocha, o Audit\u00f3rio do Centro de Educa\u00e7\u00e3o de Tempo Integral Ademar Vieira."}, {"id": "3848", "ano": "2023", "numero": "51", "tipo__sigla": "PCP", "tipo__descricao": "Parecer de Comiss\u00e3o Permanente", "autoria": "CLJR - Comiss\u00e3o de Legisla\u00e7\u00e3o, Justi\u00e7a e Reda\u00e7\u00e3o Final", "texto_original": "http://sapl.jequie.ba.leg.br/media/sapl/public/materialegislativa/2023/3848/parecer_projeto_de_lei_no_013.2023.pdf", "ementa": "Projeto de Lei de 13/2023 de autoria da nobre edil Moana Meira, onde determina a pessoa com fibromialgia no Munic\u00edpio de Jequi\u00e9, cria a sua carteira de identidade e, d\u00e1 outras provid\u00eancias."}, {"id": "3849", "ano": "2023", "numero": "52", "tipo__sigla": "PCP", "tipo__descricao": "Parecer de Comiss\u00e3o Permanente", "autoria": "CLJR - Comiss\u00e3o de Legisla\u00e7\u00e3o, Justi\u00e7a e Reda\u00e7\u00e3o Final", "texto_original": "http://sapl.jequie.ba.leg.br/media/sapl/public/materialegislativa/2023/3849/parecer_projeto_de_lei_no_043.2023.pdf", "ementa": "Projeto de Lei de 43/2023 de autoria do Executivo Municipal, onde disp\u00f5e sobre normas para opera\u00e7\u00f5es de carga e descarga, fixo os hor\u00e1rios para a realiza\u00e7\u00e3o de opera\u00e7\u00f5es em vias p\u00fablicas do munic\u00edpio de Jequi\u00e9, e d\u00e1 outras provid\u00eancias."}, {"id": "3851", "ano": "2023", "numero": "53", "tipo__sigla": "PCP", "tipo__descricao": "Parecer de Comiss\u00e3o Permanente", "autoria": "CLJR - Comiss\u00e3o de Legisla\u00e7\u00e3o, Justi\u00e7a e Reda\u00e7\u00e3o Final", "texto_original": "http://sapl.jequie.ba.leg.br/media/sapl/public/materialegislativa/2023/3851/parecer_projeto_de_lei_no_044.2023.pdf", "ementa": "Onde institui o Programa Pr\u00f3-Cultura de Concess\u00e3o de Benef\u00edcio Fiscal ao Setor Cultural."}, {"id": "3853", "ano": "2023", "numero": "54", "tipo__sigla": "PCP", "tipo__descricao": "Parecer de Comiss\u00e3o Permanente", "autoria": "CLJR - Comiss\u00e3o de Legisla\u00e7\u00e3o, Justi\u00e7a e Reda\u00e7\u00e3o Final", "texto_original": "http://sapl.jequie.ba.leg.br/media/sapl/public/materialegislativa/2023/3853/parecer_projeto_de_lei_no_047.2023.pdf", "ementa": "Instituir, no Calend\u00e1rio de Eventos do Munic\u00edpio de Jequi\u00e9 - Bahia, o movimento \u201cMaio Amarelo\u201d, dedicado \u00e0 diminui\u00e7\u00e3o dos \u00edndices de sinistros de tr\u00e2nsito atrav\u00e9s da conscientiza\u00e7\u00e3o, preven\u00e7\u00e3o e combate \u00e0 viol\u00eancia no tr\u00e2nsito e promover a educa\u00e7\u00e3o de tr\u00e2nsito atrav\u00e9s da SUMTRAM e d\u00e1 outras provid\u00eancias."}, {"id": "3884", "ano": "2023", "numero": "55", "tipo__sigla": "PCP", "tipo__descricao": "Parecer de Comiss\u00e3o Permanente", "autoria": "CLJR - Comiss\u00e3o de Legisla\u00e7\u00e3o, Justi\u00e7a e Reda\u00e7\u00e3o Final", "texto_original": "http://sapl.jequie.ba.leg.br/media/sapl/public/materialegislativa/2023/3884/parecer_projeto_de_lei_no_030.2023.pdf", "ementa": "Disp\u00f5e sobre as diretrizes or\u00e7ament\u00e1rias para o exerc\u00edcio financeiro de 2024 do munic\u00edpio de Jequi\u00e9 \u2014 Estado da Bahia e d\u00e1 outras provid\u00eancias."}, {"id": "3885", "ano": "2023", "numero": "56", "tipo__sigla": "PCP", "tipo__descricao": "Parecer de Comiss\u00e3o Permanente", "autoria": "CLJR - Comiss\u00e3o de Legisla\u00e7\u00e3o, Justi\u00e7a e Reda\u00e7\u00e3o Final", "texto_original": "http://sapl.jequie.ba.leg.br/media/sapl/public/materialegislativa/2023/3885/parecer_projeto_de_lei_no_041.2023.pdf", "ementa": "Onde autoriza Abertura de Cr\u00e9dito Adicional Suplementar ao Or\u00e7amento Vigente e d\u00e1 outras provid\u00eancias."}, {"id": "3886", "ano": "2023", "numero": "57", "tipo__sigla": "PCP", "tipo__descricao": "Parecer de Comiss\u00e3o Permanente", "autoria": "CLJR - Comiss\u00e3o de Legisla\u00e7\u00e3o, Justi\u00e7a e Reda\u00e7\u00e3o Final", "texto_original": "http://sapl.jequie.ba.leg.br/media/sapl/public/materialegislativa/2023/3886/parecer_projeto_de_lei_no_054.2023.pdf", "ementa": "Autoriza a contrata\u00e7\u00e3o de Parceria P\u00fablico Privada para a presta\u00e7\u00e3o dos servi\u00e7os p\u00fablicos de limpeza urbana e manejo de res\u00edduos s\u00f3lidos, cria o Fundo Municipal de Res\u00edduos S\u00f3lidos e d\u00e1 outras provid\u00eancias."}, {"id": "3887", "ano": "2023", "numero": "58", "tipo__sigla": "PCP", "tipo__descricao": "Parecer de Comiss\u00e3o Permanente", "autoria": "CLJR - Comiss\u00e3o de Legisla\u00e7\u00e3o, Justi\u00e7a e Reda\u00e7\u00e3o Final", "texto_original": "http://sapl.jequie.ba.leg.br/media/sapl/public/materialegislativa/2023/3887/parecer_projeto_de_lei_no_055.2023.pdf", "ementa": "Onde disp\u00f5e sobre a designa\u00e7\u00e3o e exerc\u00edcio da Fun\u00e7\u00e3o de Agente de Contrata\u00e7\u00e3o, e da outras provid\u00eancias."}, {"id": "3888", "ano": "2023", "numero": "59", "tipo__sigla": "PCP", "tipo__descricao": "Parecer de Comiss\u00e3o Permanente", "autoria": "CLJR - Comiss\u00e3o de Legisla\u00e7\u00e3o, Justi\u00e7a e Reda\u00e7\u00e3o Final", "texto_original": "http://sapl.jequie.ba.leg.br/media/sapl/public/materialegislativa/2023/3888/parecer_projeto_de_lei_no_048.2023.pdf", "ementa": "Autoriza o Poder Executivo a celebrar conv\u00eanio com a Associa\u00e7\u00e3o Comercial e Industrial de Jequi\u00e9 \u2013 ACIJ, visando \u00e0 realiza\u00e7\u00e3o de campanha promocional intitulada \u201cO melhor S\u00e3o Jo\u00e3o da Bahia \u2013 Amor, Forr\u00f3 e Pr\u00e9mios\u201d, que ter\u00e1 por objetivo fomentar a arrecada\u00e7\u00e3o direta e indireta do Munic\u00edpio."}, {"id": "3889", "ano": "2023", "numero": "60", "tipo__sigla": "PCP", "tipo__descricao": "Parecer de Comiss\u00e3o Permanente", "autoria": "CLJR - Comiss\u00e3o de Legisla\u00e7\u00e3o, Justi\u00e7a e Reda\u00e7\u00e3o Final", "texto_original": "http://sapl.jequie.ba.leg.br/media/sapl/public/materialegislativa/2023/3889/parecer_50.2023.docx", "ementa": "onde disp\u00f5e sobre a cria\u00e7\u00e3o da altera\u00e7\u00e3o do nome da Guarda Municipal de Jequi\u00e9, para Guarda Civil Municipal , no Munic\u00edpio de Munic\u00edpio de Jequi\u00e9 e d\u00e1 outras provid\u00eancias."}, {"id": "3890", "ano": "2023", "numero": "61", "tipo__sigla": "PCP", "tipo__descricao": "Parecer de Comiss\u00e3o Permanente", "autoria": "CLJR - Comiss\u00e3o de Legisla\u00e7\u00e3o, Justi\u00e7a e Reda\u00e7\u00e3o Final", "texto_original": "http://sapl.jequie.ba.leg.br/media/sapl/public/materialegislativa/2023/3890/parecer_projeto_de_lei_no_051.2023.pdf", "ementa": "Disp\u00f5e sobre a Cria\u00e7\u00e3o de um brado de guerra da Guarda Municipal, no Munic\u00edpio de Jequi\u00e9 e d\u00e1 outras provid\u00eancias."}, {"id": "3893", "ano": "2023", "numero": "62", "tipo__sigla": "PCP", "tipo__descricao": "Parecer de Comiss\u00e3o Permanente", "autoria": "CLJR - Comiss\u00e3o de Legisla\u00e7\u00e3o, Justi\u00e7a e Reda\u00e7\u00e3o Final", "texto_original": "http://sapl.jequie.ba.leg.br/media/sapl/public/materialegislativa/2023/3893/parecer_projeto_de_lei_no_052.2023.pdf", "ementa": "Projeto de Lei de 52/2023 de autoria do nobre edil Jos\u00e9 Augusto de Aguiar Brito Filho, Denomina de Rua Jos\u00e9 Augusto de Aguiar Brito a atual Rua Epamenodas localizada no bairro S\u00e3o Judas Tadeu, nesta cidade."}, {"id": "3894", "ano": "2023", "numero": "63", "tipo__sigla": "PCP", "tipo__descricao": "Parecer de Comiss\u00e3o Permanente", "autoria": "CLJR - Comiss\u00e3o de Legisla\u00e7\u00e3o, Justi\u00e7a e Reda\u00e7\u00e3o Final", "texto_original": "http://sapl.jequie.ba.leg.br/media/sapl/public/materialegislativa/2023/3894/parecer_projeto_de_lei_no_053.2023.pdf", "ementa": "Projeto de Lei de 53/2023 de autoria do nobre edil Jos\u00e9 Augusto de Aguiar Brito Filho, Denomina de Pra\u00e7a Jos\u00e9 Augusto de Aguiar Brito a atual Pra\u00e7a Dr. Pomp\u00edlio Sampaio, localizada entre as ruas Siqueira Campos e Jo\u00e3o Jos\u00e9 Duarte, no bairro Joaquim Rom\u00e3o, nesta cidade."}, {"id": "3923", "ano": "2023", "numero": "64", "tipo__sigla": "PCP", "tipo__descricao": "Parecer de Comiss\u00e3o Permanente", "autoria": "CLJR - Comiss\u00e3o de Legisla\u00e7\u00e3o, Justi\u00e7a e Reda\u00e7\u00e3o Final", "texto_original": "http://sapl.jequie.ba.leg.br/media/sapl/public/materialegislativa/2023/3923/parecer_projeto_de_lei_no_049.2023.pdf", "ementa": "Projeto de Lei de 49/2023 de autoria do Executivo Municipal, o mesmo tem como objetivo autorizar o Poder Executivo municipal a realizar doa\u00e7\u00e3o de um terreno com \u00e1rea de 36.183,51 M\u00b2, localizado em \u00e1rea desmembrada da Fazenda Cachoerinha, com \u00e1rea total de 28 hectares, com Matr\u00edcula 19.639 perante o 2\u00ba. Of\u00edcio do Registro de Im\u00f3veis e Hipotecas da Comarca de Jequi\u00e9, visando \u00e0 constru\u00e7\u00e3o de um N\u00facleo do Centro Esp\u00edrita Beneficente Uni\u00e3o do Vegetal."}, {"id": "3934", "ano": "2023", "numero": "65", "tipo__sigla": "PCP", "tipo__descricao": "Parecer de Comiss\u00e3o Permanente", "autoria": "CLJR - Comiss\u00e3o de Legisla\u00e7\u00e3o, Justi\u00e7a e Reda\u00e7\u00e3o Final", "texto_original": "http://sapl.jequie.ba.leg.br/media/sapl/public/materialegislativa/2023/3934/parecer_57.2023.docx", "ementa": "projeto lei n\u00ba 57"}, {"id": "3935", "ano": "2023", "numero": "66", "tipo__sigla": "PCP", "tipo__descricao": "Parecer de Comiss\u00e3o Permanente", "autoria": "CLJR - Comiss\u00e3o de Legisla\u00e7\u00e3o, Justi\u00e7a e Reda\u00e7\u00e3o Final", "texto_original": "http://sapl.jequie.ba.leg.br/media/sapl/public/materialegislativa/2023/3935/parecer_58.2023_-_copia.docx", "ementa": "Projeto de Lei  58"}, {"id": "3936", "ano": "2023", "numero": "67", "tipo__sigla": "PCP", "tipo__descricao": "Parecer de Comiss\u00e3o Permanente", "autoria": "CLJR - Comiss\u00e3o de Legisla\u00e7\u00e3o, Justi\u00e7a e Reda\u00e7\u00e3o Final", "texto_original": "http://sapl.jequie.ba.leg.br/media/sapl/public/materialegislativa/2023/3936/parecer_projeto_de_lei_no_059.2023.pdf", "ementa": "Projeto de Lei 59"}, {"id": "3937", "ano": "2023", "numero": "68", "tipo__sigla": "PCP", "tipo__descricao": "Parecer de Comiss\u00e3o Permanente", "autoria": "CLJR - Comiss\u00e3o de Legisla\u00e7\u00e3o, Justi\u00e7a e Reda\u00e7\u00e3o Final", "texto_original": "http://sapl.jequie.ba.leg.br/media/sapl/public/materialegislativa/2023/3937/parecer_projeto_de_emenda_a_lei_organica_no_01.2023.pdf", "ementa": "Parecer"}, {"id": "4053", "ano": "2023", "numero": "69", "tipo__sigla": "PCP", "tipo__descricao": "Parecer de Comiss\u00e3o Permanente", "autoria": "SOLDADO GILVAN", "texto_original": "http://sapl.jequie.ba.leg.br/media/sapl/public/materialegislativa/2023/4053/parecer_projeto_de_lei_no_064.2023.pdf", "ementa": "Parecer ao PROJETO DE LEI N\u00ba 016/2023 \u201cDISP\u00d5E SOBRE A ADEQUA\u00c7\u00c3O DO VENCIMENTO B\u00c1SICO DA CLASSE DOCENTE DO QUADRO DO MAGIST\u00c9RIO DA EDUCA\u00c7\u00c3O B\u00c1SICA AO PISO SALARIAL NACIONAL DO MAGIST\u00c9RIO P\u00daBLICO DA EDUCA\u00c7\u00c3O B\u00c1SICA E D\u00c1 OUTRAS PROVID\u00caNCIAS.\u201d"}, {"id": "4054", "ano": "2023", "numero": "70", "tipo__sigla": "PCP", "tipo__descricao": "Parecer de Comiss\u00e3o Permanente", "autoria": "SOLDADO GILVAN", "texto_original": "http://sapl.jequie.ba.leg.br/media/sapl/public/materialegislativa/2023/4054/parecer_projeto_de_lei_no_065.2023.pdf", "ementa": "Parecer ao PROJETO DE LEI N\u00ba 017/2023 \u201cDISP\u00d5E SOBRE O REAJUSTE DOS SERVIDORES P\u00daBLICO DO MUNIC\u00cdPIO DE JEQUI\u00c9 E D\u00c1 OUTRAS PROVID\u00caNCIAS.\u201d"}, {"id": "4055", "ano": "2023", "numero": "71", "tipo__sigla": "PCP", "tipo__descricao": "Parecer de Comiss\u00e3o Permanente", "autoria": "", "texto_original": "http://sapl.jequie.ba.leg.br/media/sapl/public/materialegislativa/2023/4055/parecer_projeto_de_lei_no_062.2023.pdf", "ementa": "Leitura do Parecer - Projeto de Lei 62.2023"}, {"id": "4056", "ano": "2023", "numero": "72", "tipo__sigla": "PCP", "tipo__descricao": "Parecer de Comiss\u00e3o Permanente", "autoria": "", "texto_original": "http://sapl.jequie.ba.leg.br/media/sapl/public/materialegislativa/2023/4056/parecer_61.2023_-.docx", "ementa": "Parecer Projeto 61.2023"}, {"id": "4057", "ano": "2023", "numero": "73", "tipo__sigla": "PCP", "tipo__descricao": "Parecer de Comiss\u00e3o Permanente", "autoria": "", "texto_original": "http://sapl.jequie.ba.leg.br/media/sapl/public/materialegislativa/2023/4057/parecer_projeto_de_lei_no_060.2023.pdf", "ementa": "Parecer Projeto de Lei 60.2023"}, {"id": "4058", "ano": "2023", "numero": "74", "tipo__sigla": "PCP", "tipo__descricao": "Parecer de Comiss\u00e3o Permanente", "autoria": "", "texto_original": "http://sapl.jequie.ba.leg.br/media/sapl/public/materialegislativa/2023/4058/parecer_projeto_de_lei_no_066.2023.pdf", "ementa": "Parecer Projeto de Lei 66.2023"}, {"id": "4059", "ano": "2023", "numero": "75", "tipo__sigla": "PCP", "tipo__descricao": "Parecer de Comiss\u00e3o Permanente", "autoria": "", "texto_original": "http://sapl.jequie.ba.leg.br/media/sapl/public/materialegislativa/2023/4059/parecer_projeto_de_lei_no_031.2023.pdf", "ementa": "Parecer do Projeto de Lei 31.2023"}, {"id": "4060", "ano": "2023", "numero": "76", "tipo__sigla": "PCP", "tipo__descricao": "Parecer de Comiss\u00e3o Permanente", "autoria": "", "texto_original": "http://sapl.jequie.ba.leg.br/media/sapl/public/materialegislativa/2023/4060/parecer_projeto_de_lei_no_059.2023.pdf", "ementa": "Parecer do Projeto de Lei 59.2023"}, {"id": "4061", "ano": "2023", "numero": "77", "tipo__sigla": "PCP", "tipo__descricao": "Parecer de Comiss\u00e3o Permanente", "autoria": "", "texto_original": "http://sapl.jequie.ba.leg.br/media/sapl/public/materialegislativa/2023/4061/parecer_67.2023.docx", "ementa": "Parecer do Projeto de Lei 67.2023"}, {"id": "4062", "ano": "2023", "numero": "78", "tipo__sigla": "PCP", "tipo__descricao": "Parecer de Comiss\u00e3o Permanente", "autoria": "", "texto_original": "http://sapl.jequie.ba.leg.br/media/sapl/public/materialegislativa/2023/4062/parecer_projeto_de_decreto_no_18.2023.pdf", "ementa": "Parecer Projeto de Decreto 18.2023"}, {"id": "4063", "ano": "2023", "numero": "79", "tipo__sigla": "PCP", "tipo__descricao": "Parecer de Comiss\u00e3o Permanente", "autoria": "", "texto_original": "http://sapl.jequie.ba.leg.br/media/sapl/public/materialegislativa/2023/4063/parecer_projeto_de_decreto_no_15.2023.pdf", "ementa": "Parecer do Projeto de Decreto 15.2023"}, {"id": "4064", "ano": "2023", "numero": "80", "tipo__sigla": "PCP", "tipo__descricao": "Parecer de Comiss\u00e3o Permanente", "autoria": "", "texto_original": "http://sapl.jequie.ba.leg.br/media/sapl/public/materialegislativa/2023/4064/parecer_projeto_de_decreto_no_17.2023.pdf", "ementa": "Parecer do Projeto de Decreto 17.2023 - Concede T\u00edtulo de Cidad\u00e3o Jequieense ao Sr. Carlos Cardoso Amaral."}, {"id": "4065", "ano": "2023", "numero": "81", "tipo__sigla": "PCP", "tipo__descricao": "Parecer de Comiss\u00e3o Permanente", "autoria": "", "texto_original": "http://sapl.jequie.ba.leg.br/media/sapl/public/materialegislativa/2023/4065/parecer_projeto_de_decreto_no_16.2023.pdf", "ementa": "Parecer  do Projeto de Decreto 16.2023"}, {"id": "4094", "ano": "2023", "numero": "82", "tipo__sigla": "PCP", "tipo__descricao": "Parecer de Comiss\u00e3o Permanente", "autoria": "", "texto_original": "http://sapl.jequie.ba.leg.br/media/sapl/public/materialegislativa/2023/4094/parecer_projeto_de_lei_no_069.2023.pdf", "ementa": "Parecer do Projeto de Lei 69.2023"}, {"id": "4184", "ano": "2023", "numero": "83", "tipo__sigla": "PCP", "tipo__descricao": "Parecer de Comiss\u00e3o Permanente", "autoria": "CLJR - Comiss\u00e3o de Legisla\u00e7\u00e3o, Justi\u00e7a e Reda\u00e7\u00e3o Final", "texto_original": "http://sapl.jequie.ba.leg.br/media/sapl/public/materialegislativa/2023/4184/parecer_projeto_de_lei_no_075.2023.pdf", "ementa": "Projeto de Lei 75/2023 de autoria do nobre edil Emanuel Campos Silva, passa a denominar Rua Myrna Leuse Quadros Ribeiro a atual Rua A, localizada no Loteamento Algarobas II."}, {"id": "4185", "ano": "2023", "numero": "84", "tipo__sigla": "PCP", "tipo__descricao": "Parecer de Comiss\u00e3o Permanente", "autoria": "CLJR - Comiss\u00e3o de Legisla\u00e7\u00e3o, Justi\u00e7a e Reda\u00e7\u00e3o Final", "texto_original": "http://sapl.jequie.ba.leg.br/media/sapl/public/materialegislativa/2023/4185/parecer_projeto_de_lei_no_080.2023.pdf", "ementa": "Projeto de Lei 80/2023 de autoria do nobre edil Jo\u00e3o Paulo Fernandes, onde passa a denominar de Pra\u00e7a Eur\u00edpedes Oliveira dos Santos, a pra\u00e7a localizada na Urbis 93, Caminho 13, Bairro Jequiezinho, no munic\u00edpio de Jequi\u00e9.."}, {"id": "4186", "ano": "2023", "numero": "85", "tipo__sigla": "PCP", "tipo__descricao": "Parecer de Comiss\u00e3o Permanente", "autoria": "CLJR - Comiss\u00e3o de Legisla\u00e7\u00e3o, Justi\u00e7a e Reda\u00e7\u00e3o Final", "texto_original": "http://sapl.jequie.ba.leg.br/media/sapl/public/materialegislativa/2023/4186/parecer_projeto_de_lei_no_076.2023.pdf", "ementa": "Projeto de Lei 76/2023 de autoria da nobre edil Professora Cida, onde altera o  nome do logradouro que passa a denominar de Rua Anezio Jos\u00e9 Luz  a atual Rua U, localizada no Loteamento \u00c1gua Branca."}, {"id": "4187", "ano": "2023", "numero": "86", "tipo__sigla": "PCP", "tipo__descricao": "Parecer de Comiss\u00e3o Permanente", "autoria": "CLJR - Comiss\u00e3o de Legisla\u00e7\u00e3o, Justi\u00e7a e Reda\u00e7\u00e3o Final", "texto_original": "http://sapl.jequie.ba.leg.br/media/sapl/public/materialegislativa/2023/4187/parecer_projeto_de_lei_no_078.2023.pdf", "ementa": "Projeto de Lei 78/2023 de autoria do nobre edil Emanuel Campos Silva, onde passa a denominar Rua Mariad\u00e9lia Aguiar Ribeiro, a atual Rua B, Loteamento Algarobas II."}, {"id": "4188", "ano": "2023", "numero": "87", "tipo__sigla": "PCP", "tipo__descricao": "Parecer de Comiss\u00e3o Permanente", "autoria": "CLJR - Comiss\u00e3o de Legisla\u00e7\u00e3o, Justi\u00e7a e Reda\u00e7\u00e3o Final", "texto_original": "http://sapl.jequie.ba.leg.br/media/sapl/public/materialegislativa/2023/4188/parecer_projeto_de_decreto_no_22.2023.pdf", "ementa": "Projeto de Decreto 22/2023 de autoria do nobre edil Gutinha, onde concede Titulo de Cidad\u00e3o Jequieense ao Sr. Norberto Curvelo do Ros\u00e1rio."}, {"id": "4189", "ano": "2023", "numero": "88", "tipo__sigla": "PCP", "tipo__descricao": "Parecer de Comiss\u00e3o Permanente", "autoria": "CLJR - Comiss\u00e3o de Legisla\u00e7\u00e3o, Justi\u00e7a e Reda\u00e7\u00e3o Final", "texto_original": "http://sapl.jequie.ba.leg.br/media/sapl/public/materialegislativa/2023/4189/parecer_projeto_de_decreto_no_19.2023.pdf", "ementa": "Projeto de Decreto 19/2023 de autoria da nobre edil Moana Meira, onde Concede Titulo de Cidad\u00e3 Jequieense  a Sr.\u00aa Grazziele Quaresma Pereira."}, {"id": "4190", "ano": "2023", "numero": "89", "tipo__sigla": "PCP", "tipo__descricao": "Parecer de Comiss\u00e3o Permanente", "autoria": "CLJR - Comiss\u00e3o de Legisla\u00e7\u00e3o, Justi\u00e7a e Reda\u00e7\u00e3o Final", "texto_original": "http://sapl.jequie.ba.leg.br/media/sapl/public/materialegislativa/2023/4190/parecer_projeto_de_decreto_no_20.2023.pdf", "ementa": "Projeto de Decreto 20/2023 de autoria do nobre edil Emanuel Campos Silva, onde Outorga a Comenda Dr. Cely de Freitas Valter Gomes de Santana ao Dr. Gilson Fonseca."}, {"id": "4191", "ano": "2023", "numero": "90", "tipo__sigla": "PCP", "tipo__descricao": "Parecer de Comiss\u00e3o Permanente", "autoria": "CLJR - Comiss\u00e3o de Legisla\u00e7\u00e3o, Justi\u00e7a e Reda\u00e7\u00e3o Final", "texto_original": "http://sapl.jequie.ba.leg.br/media/sapl/public/materialegislativa/2023/4191/parecer_projeto_de_lei_no_079.2023.pdf", "ementa": "Projeto de Lei 79/2023 de autoria do nobre edil Ramon Fernandes, onde denomina de Raimundo Morais Nascimento a Pra\u00e7a localizada no Complexo Esportivo Waldomiro Borges no Campo do Cururu."}, {"id": "4192", "ano": "2023", "numero": "91", "tipo__sigla": "PCP", "tipo__descricao": "Parecer de Comiss\u00e3o Permanente", "autoria": "CLJR - Comiss\u00e3o de Legisla\u00e7\u00e3o, Justi\u00e7a e Reda\u00e7\u00e3o Final", "texto_original": "http://sapl.jequie.ba.leg.br/media/sapl/public/materialegislativa/2023/4192/parecer_projeto_de_lei_no_081.2023.pdf", "ementa": "Projeto de Lei 81/2023 de autoria do nobre edil Joaquim Caires, onde passa a denominar de Pra\u00e7a localizada no espa\u00e7o entre as Ruas Oswaldo Alvares Meira, Avenida 02 e Avenida 09, entorno da quadra poliesportiva, no Bairro S\u00e3o Judas Tadeu."}, {"id": "4193", "ano": "2023", "numero": "92", "tipo__sigla": "PCP", "tipo__descricao": "Parecer de Comiss\u00e3o Permanente", "autoria": "CLJR - Comiss\u00e3o de Legisla\u00e7\u00e3o, Justi\u00e7a e Reda\u00e7\u00e3o Final", "texto_original": "http://sapl.jequie.ba.leg.br/media/sapl/public/materialegislativa/2023/4193/parecer_projeto_de_lei_no_073.2023.pdf", "ementa": "Projeto de Lei 73/2023 de autoria do Executivo Municipal, onde autoriza abertura de Cr\u00e9dito Adicional Suplementar ao Or\u00e7amento Vigente e d\u00e1 outras provid\u00eancias."}, {"id": "4194", "ano": "2023", "numero": "93", "tipo__sigla": "PCP", "tipo__descricao": "Parecer de Comiss\u00e3o Permanente", "autoria": "CLJR - Comiss\u00e3o de Legisla\u00e7\u00e3o, Justi\u00e7a e Reda\u00e7\u00e3o Final", "texto_original": "http://sapl.jequie.ba.leg.br/media/sapl/public/materialegislativa/2023/4194/parecer_projeto_de_decreto_no_21.2023.pdf", "ementa": "Projeto de Decreto 21/2023 de autoria do nobre edil Marcos Lamque, concede Titulo de Cidad\u00e3o Jequieense ao Sr. Agnaldo Silva Costa."}, {"id": "4195", "ano": "2023", "numero": "94", "tipo__sigla": "PCP", "tipo__descricao": "Parecer de Comiss\u00e3o Permanente", "autoria": "CLJR - Comiss\u00e3o de Legisla\u00e7\u00e3o, Justi\u00e7a e Reda\u00e7\u00e3o Final", "texto_original": "http://sapl.jequie.ba.leg.br/media/sapl/public/materialegislativa/2023/4195/parecer_projeto_de_lei_no_071.2023.pdf", "ementa": "Projeto de Lei 71/2023 de autoria da nobre edil Moana Meira, disp\u00f5e sobre a cria\u00e7\u00e3o do Selo Lil\u00e1s de Reconhecimento \u00e0s Empresas atuantes no combate \u00e0 viol\u00eancia contra a mulher no Munic\u00edpio de Jequi\u00e9, e d\u00e1 outras provid\u00eancias."}, {"id": "4212", "ano": "2023", "numero": "95", "tipo__sigla": "PCP", "tipo__descricao": "Parecer de Comiss\u00e3o Permanente", "autoria": "SOLDADO GILVAN", "texto_original": "http://sapl.jequie.ba.leg.br/media/sapl/public/materialegislativa/2023/4212/parecer_projeto_de_lei_no_087.2023.pdf", "ementa": "PARECER COMISS\u00c3O DE JUSTI\u00c7A E FINAN\u00c7AS DO PROJETO DE LEI 87/2023 AUTORIZA O PODER EXECUTIVO A REPASSAR RECURSOS RECEBIDOS DA UNI\u00c3O PARA CUMPRIMENTO DA ASSISTENCIA FINANCEIRA COMPLEMENTAR DE QUE COMPLEMENTAR  DE QUE TRATA A EMENDA CONSTITUCIONAL 127/2022"}, {"id": "4216", "ano": "2023", "numero": "96", "tipo__sigla": "PCP", "tipo__descricao": "Parecer de Comiss\u00e3o Permanente", "autoria": "SOLDADO GILVAN", "texto_original": "http://sapl.jequie.ba.leg.br/media/sapl/public/materialegislativa/2023/4216/parecer_projeto_de_lei_no_088.2023.pdf", "ementa": "PARECER DO PROJETO 88/2023 GUARDA MUNICIPAL"}, {"id": "4217", "ano": "2023", "numero": "97", "tipo__sigla": "PCP", "tipo__descricao": "Parecer de Comiss\u00e3o Permanente", "autoria": "", "texto_original": "http://sapl.jequie.ba.leg.br/media/sapl/public/materialegislativa/2023/4217/parecer_projeto_de_lei_no_089.2023.pdf", "ementa": "Projeto de Lei 89.2023 - DISP\u00d5E SOBRE A ADEQUA\u00c7\u00c3O DA ESTRUTURA ORGANIZACIONAL DE SECRETARIAS DO MUNIC\u00cdPIO DE JEQUI\u00c9 PREVISTA NA LEI N\u00ba 1.552/2002, ALTERADA PELA LEI N\u00ba 1.632/2004, NOS TERMOS EM QUE ESPECIFICA A LEI 1.992/2016, E D\u00c1 OUTRAS PROVID\u00caNCIAS.\u201d"}, {"id": "4253", "ano": "2023", "numero": "98", "tipo__sigla": "PCP", "tipo__descricao": "Parecer de Comiss\u00e3o Permanente", "autoria": "BUI BULH\u00d5ES", "texto_original": "http://sapl.jequie.ba.leg.br/media/sapl/public/materialegislativa/2023/4253/parecer_projeto_de_decreto_no_23.2023.pdf", "ementa": "onde concede T\u00edtulo de Cidad\u00e3o Jequieense ao Sr. Elson Jos\u00e9 Vitorino Macedo."}, {"id": "4254", "ano": "2023", "numero": "99", "tipo__sigla": "PCP", "tipo__descricao": "Parecer de Comiss\u00e3o Permanente", "autoria": "", "texto_original": "http://sapl.jequie.ba.leg.br/media/sapl/public/materialegislativa/2023/4254/parecer_projeto_de_lei_no_083.2023.pdf", "ementa": "Passa a denominar de Pra\u00e7a Obreiro de Cristo, a Pra\u00e7a que est\u00e1 sendo constru\u00edda na Rua Quintino Teles, s/n, Bairro do Jequiezinho."}, {"id": "4264", "ano": "2023", "numero": "100", "tipo__sigla": "PCP", "tipo__descricao": "Parecer de Comiss\u00e3o Permanente", "autoria": "CLJR - Comiss\u00e3o de Legisla\u00e7\u00e3o, Justi\u00e7a e Reda\u00e7\u00e3o Final", "texto_original": "http://sapl.jequie.ba.leg.br/media/sapl/public/materialegislativa/2023/4264/parecer_projeto_de_lei_85.2023.docx", "ementa": "onde modifica o artigo 13\u00ba da lei 2.101 de 14 de outubro de 2019."}, {"id": "4265", "ano": "2023", "numero": "101", "tipo__sigla": "PCP", "tipo__descricao": "Parecer de Comiss\u00e3o Permanente", "autoria": "CLJR - Comiss\u00e3o de Legisla\u00e7\u00e3o, Justi\u00e7a e Reda\u00e7\u00e3o Final", "texto_original": "http://sapl.jequie.ba.leg.br/media/sapl/public/materialegislativa/2023/4265/parecer_projeto_de_lei_no_082.2023.pdf", "ementa": "Onde denomina de Parque Municipal Walter Santos Sampaio, o espa\u00e7o onde est\u00e1 localizada a \u201cLagoa do Derba\u201d, no Jequiezinho, nas limita\u00e7\u00f5es das Ruas Ant\u00f4nio Brandao, Jesu\u00edno Cerqueira, Candinha Barreto e Lourival Ribeiro todas no Bairro Jequiezinho, nesta cidade."}, {"id": "4267", "ano": "2023", "numero": "102", "tipo__sigla": "PCP", "tipo__descricao": "Parecer de Comiss\u00e3o Permanente", "autoria": "CLJR - Comiss\u00e3o de Legisla\u00e7\u00e3o, Justi\u00e7a e Reda\u00e7\u00e3o Final", "texto_original": "http://sapl.jequie.ba.leg.br/media/sapl/public/materialegislativa/2023/4267/parecer_projeto_de_lei_no_090.2023.pdf", "ementa": "Onde denomina de Quadra Paulo Henrique Braga Oliveira, a quadra localizada no Conjunto Habitacional Vida Nova 1, na Baixa do Bonfim."}, {"id": "4268", "ano": "2023", "numero": "103", "tipo__sigla": "PCP", "tipo__descricao": "Parecer de Comiss\u00e3o Permanente", "autoria": "", "texto_original": "http://sapl.jequie.ba.leg.br/media/sapl/public/materialegislativa/2023/4268/parecer_projeto_de_lei_32.2023_-.docx", "ementa": "Disp\u00f5e sobre a inser\u00e7\u00e3o obrigat\u00f3ria do S\u00edmbolo Mundial de conscientiza\u00e7\u00e3o do Transtorno do Espectro Autista-TEA, conhecido como \u201cfita quebra cabe\u00e7a\u201d, nas placas e dispositivos indicativos de vagas preferenciais nos estacionamentos reservados as pessoas com defici\u00eancia no munic\u00edpio de Jequi\u00e9 e d\u00e1 outras provid\u00eancias\u201d."}, {"id": "4269", "ano": "2023", "numero": "104", "tipo__sigla": "PCP", "tipo__descricao": "Parecer de Comiss\u00e3o Permanente", "autoria": "CLJR - Comiss\u00e3o de Legisla\u00e7\u00e3o, Justi\u00e7a e Reda\u00e7\u00e3o Final", "texto_original": "http://sapl.jequie.ba.leg.br/media/sapl/public/materialegislativa/2023/4269/parecer_projeto_de_lei_no_086.2023.pdf", "ementa": ", considera de Utilidade P\u00fablica Municipal a ASSOCIA\u00c7\u00c3O DOS PEQUENOS AGRICULTORES RURAIS DO S\u00c3O JUDAS TADEU em JEQUI\u00c9."}, {"id": "4271", "ano": "2023", "numero": "105", "tipo__sigla": "PCP", "tipo__descricao": "Parecer de Comiss\u00e3o Permanente", "autoria": "CLJR - Comiss\u00e3o de Legisla\u00e7\u00e3o, Justi\u00e7a e Reda\u00e7\u00e3o Final", "texto_original": "http://sapl.jequie.ba.leg.br/media/sapl/public/materialegislativa/2023/4271/parecer_projeto_de_decreto_legislativo_no_24.2023.pdf", "ementa": "onde outorga a Comenda \u201cDr. Cely de Freitas \u2013 Cidade de Jequi\u00e9\u201d a  Sra. Ana Paula de Assis Camargo Lacerda."}, {"id": "4273", "ano": "2023", "numero": "106", "tipo__sigla": "PCP", "tipo__descricao": "Parecer de Comiss\u00e3o Permanente", "autoria": "CLJR - Comiss\u00e3o de Legisla\u00e7\u00e3o, Justi\u00e7a e Reda\u00e7\u00e3o Final", "texto_original": "http://sapl.jequie.ba.leg.br/media/sapl/public/materialegislativa/2023/4273/parecer_projeto_de_decreto_25.2023....docx", "ementa": "onde outorga a Comenda \u201cDr. Cely de Freitas \u2013 Cidade de Jequi\u00e9\u201d ao Sr. C\u00e9sar Augusto Rabelo Borges."}, {"id": "4331", "ano": "2023", "numero": "107", "tipo__sigla": "PCP", "tipo__descricao": "Parecer de Comiss\u00e3o Permanente", "autoria": "CLJR - Comiss\u00e3o de Legisla\u00e7\u00e3o, Justi\u00e7a e Reda\u00e7\u00e3o Final", "texto_original": "http://sapl.jequie.ba.leg.br/media/sapl/public/materialegislativa/2023/4331/parecer_projeto_de_lei_no_099.2023.pdf", "ementa": "Onde concede revis\u00e3o dos vencimentos dos Servidores P\u00fablicos do Munic\u00edpio de Jequi\u00e9 e d\u00e1 outras provid\u00eancias."}, {"id": "4332", "ano": "2023", "numero": "108", "tipo__sigla": "PCP", "tipo__descricao": "Parecer de Comiss\u00e3o Permanente", "autoria": "CLJR - Comiss\u00e3o de Legisla\u00e7\u00e3o, Justi\u00e7a e Reda\u00e7\u00e3o Final", "texto_original": "http://sapl.jequie.ba.leg.br/media/sapl/public/materialegislativa/2023/4332/parecer_projeto_de_lei_no_100.2023.pdf", "ementa": "Onde concede revis\u00e3o dos vencimentos da Classe Docente do Quadro do Magist\u00e9rio da Educa\u00e7\u00e3o B\u00e1sica de forma a adequar o vencimento b\u00e1sico ao piso salarial nacional do Magist\u00e9rio P\u00fablico da Educa\u00e7\u00e3o B\u00e1sica  e d\u00e1 outras provid\u00eancias."}, {"id": "4333", "ano": "2023", "numero": "109", "tipo__sigla": "PCP", "tipo__descricao": "Parecer de Comiss\u00e3o Permanente", "autoria": "CLJR - Comiss\u00e3o de Legisla\u00e7\u00e3o, Justi\u00e7a e Reda\u00e7\u00e3o Final", "texto_original": "http://sapl.jequie.ba.leg.br/media/sapl/public/materialegislativa/2023/4333/parecer_projeto_de_lei_no_032.2023.pdf", "ementa": "Disp\u00f5e sobre a inser\u00e7\u00e3o obrigat\u00f3ria do S\u00edmbolo Mundial de conscientiza\u00e7\u00e3o do Transtorno do Espectro Autista-TEA, conhecido como \u201cfita quebra cabe\u00e7a\u201d, nas placas e dispositivos indicativos de vagas preferenciais nos estacionamentos reservados as pessoas com defici\u00eancia no munic\u00edpio de Jequi\u00e9 e d\u00e1 outras provid\u00eancias."}, {"id": "4341", "ano": "2023", "numero": "110", "tipo__sigla": "PCP", "tipo__descricao": "Parecer de Comiss\u00e3o Permanente", "autoria": "CLJR - Comiss\u00e3o de Legisla\u00e7\u00e3o, Justi\u00e7a e Reda\u00e7\u00e3o Final", "texto_original": "http://sapl.jequie.ba.leg.br/media/sapl/public/materialegislativa/2023/4341/parecer_projeto_de_lei_no_096.2023.pdf", "ementa": "Onde denomina de Pra\u00e7a Aurelino de Souza Freire, a pra\u00e7a localizada na Rua Vit\u00f3ria em frente a Igreja Monte Sinai, bairro do Mandacaru."}, {"id": "4345", "ano": "2023", "numero": "111", "tipo__sigla": "PCP", "tipo__descricao": "Parecer de Comiss\u00e3o Permanente", "autoria": "CLJR - Comiss\u00e3o de Legisla\u00e7\u00e3o, Justi\u00e7a e Reda\u00e7\u00e3o Final", "texto_original": "http://sapl.jequie.ba.leg.br/media/sapl/public/materialegislativa/2023/4345/parecer_projeto_de_lei_no_102.2023.pdf", "ementa": "ONDE FICA DENOMINADA DE PRA\u00c7A AUGUSTO GERMANO COSTA, A PRA\u00c7A LOCALIZADA NA RUA ALBERTINO PEREIRA NO JEQUIEZINHO."}, {"id": "4347", "ano": "2023", "numero": "112", "tipo__sigla": "PCP", "tipo__descricao": "Parecer de Comiss\u00e3o Permanente", "autoria": "CLJR - Comiss\u00e3o de Legisla\u00e7\u00e3o, Justi\u00e7a e Reda\u00e7\u00e3o Final", "texto_original": "http://sapl.jequie.ba.leg.br/media/sapl/public/materialegislativa/2023/4347/parecer_projeto_de_lei_no_101.2023.pdf", "ementa": "Onde fica alterado o nome da Rua Paralela no bairro Itaigara, passando a denominar-se de Rua Professor Eduardo Nagib Boery."}, {"id": "4351", "ano": "2023", "numero": "113", "tipo__sigla": "PCP", "tipo__descricao": "Parecer de Comiss\u00e3o Permanente", "autoria": "", "texto_original": "http://sapl.jequie.ba.leg.br/media/sapl/public/materialegislativa/2023/4351/parecer_projeto_de_lei_no_103.2023.pdf", "ementa": "Onde disp\u00f5e sobre a proibi\u00e7\u00e3o da suspen\u00e7\u00e3o de servi\u00e7os b\u00e1sicos do fornecimento de energia el\u00e9trica em finais de semana e v\u00e9speras de feriados no Munic\u00edpio de Jequi\u00e9."}, {"id": "4490", "ano": "2023", "numero": "114", "tipo__sigla": "PCP", "tipo__descricao": "Parecer de Comiss\u00e3o Permanente", "autoria": "CLJR - Comiss\u00e3o de Legisla\u00e7\u00e3o, Justi\u00e7a e Reda\u00e7\u00e3o Final", "texto_original": "http://sapl.jequie.ba.leg.br/media/sapl/public/materialegislativa/2023/4490/parecer_projeto_de_lei_no_107.2023.pdf", "ementa": "Onde concede transporte gratuito aos Atiradores do Tiro de Guerra 06-009."}, {"id": "4491", "ano": "2023", "numero": "115", "tipo__sigla": "PCP", "tipo__descricao": "Parecer de Comiss\u00e3o Permanente", "autoria": "CLJR - Comiss\u00e3o de Legisla\u00e7\u00e3o, Justi\u00e7a e Reda\u00e7\u00e3o Final", "texto_original": "http://sapl.jequie.ba.leg.br/media/sapl/public/materialegislativa/2023/4491/parecer_projeto_de_lei_no_108.2023.pdf", "ementa": "Fica denominado de \u201c SAMU \u2013 DR. Danilo Sobreira\u201d o Sistema de Atendimento M\u00f3vel de Urg\u00eancia (SAMU) do Munic\u00edpio de Jequi\u00e9."}, {"id": "4492", "ano": "2023", "numero": "116", "tipo__sigla": "PCP", "tipo__descricao": "Parecer de Comiss\u00e3o Permanente", "autoria": "CLJR - Comiss\u00e3o de Legisla\u00e7\u00e3o, Justi\u00e7a e Reda\u00e7\u00e3o Final", "texto_original": "http://sapl.jequie.ba.leg.br/media/sapl/public/materialegislativa/2023/4492/parecer_projeto_de_lei_no_109.2023.pdf", "ementa": "Onde denomina de Travessa T, a travessa localizada entre a Rua G e Rua T, na Vov\u00f3 Camila, Bairro do Jequiezinho."}, {"id": "4493", "ano": "2023", "numero": "117", "tipo__sigla": "PCP", "tipo__descricao": "Parecer de Comiss\u00e3o Permanente", "autoria": "CLJR - Comiss\u00e3o de Legisla\u00e7\u00e3o, Justi\u00e7a e Reda\u00e7\u00e3o Final", "texto_original": "http://sapl.jequie.ba.leg.br/media/sapl/public/materialegislativa/2023/4493/parecer_projeto_de_lei_110.2023.docx", "ementa": "onde trata da obrigatoriedade  das empresas concession\u00e1rias de servi\u00e7os essenciais como energia el\u00e9trica e \u00e1gua pot\u00e1vel, disponibilizar aos consumidores forma de pagamento imediato de d\u00e9bitos, gerando assim a interrup\u00e7\u00e3o da suspens\u00e3o do servi\u00e7o."}, {"id": "4494", "ano": "2023", "numero": "118", "tipo__sigla": "PCP", "tipo__descricao": "Parecer de Comiss\u00e3o Permanente", "autoria": "CLJR - Comiss\u00e3o de Legisla\u00e7\u00e3o, Justi\u00e7a e Reda\u00e7\u00e3o Final", "texto_original": "http://sapl.jequie.ba.leg.br/media/sapl/public/materialegislativa/2023/4494/parecer_projeto_de_lei_no_105.2023.pdf", "ementa": "Onde denomina de Creche Edeval Rodrigues Santos, a creche localizada no Residencial Cachoeirinha I e II."}, {"id": "4495", "ano": "2023", "numero": "119", "tipo__sigla": "PCP", "tipo__descricao": "Parecer de Comiss\u00e3o Permanente", "autoria": "CLJR - Comiss\u00e3o de Legisla\u00e7\u00e3o, Justi\u00e7a e Reda\u00e7\u00e3o Final", "texto_original": "http://sapl.jequie.ba.leg.br/media/sapl/public/materialegislativa/2023/4495/parecer_projeto_de_lei_no_104.2023.pdf", "ementa": "Onde denomina de Centro de Educa\u00e7\u00e3o Infantil, Professora Nayara Souza Santos Barbosa, a Creche em constru\u00e7\u00e3o localizada na Rua 4, Vila Rodovi\u00e1ria."}, {"id": "4496", "ano": "2023", "numero": "120", "tipo__sigla": "PCP", "tipo__descricao": "Parecer de Comiss\u00e3o Permanente", "autoria": "CLJR - Comiss\u00e3o de Legisla\u00e7\u00e3o, Justi\u00e7a e Reda\u00e7\u00e3o Final", "texto_original": "http://sapl.jequie.ba.leg.br/media/sapl/public/materialegislativa/2023/4496/parecer_projeto_de_lei_no_106.2023.pdf", "ementa": "\u201cInstitui a Semana Municipal do Empreendedorismo Feminino, e o dia do Empreendedorismo Feminino a qual passar\u00e1 a integrar o calend\u00e1rio oficial de eventos do Munic\u00edpio de Jequi\u00e9, e d\u00e1 outras provid\u00eancias\u201d."}, {"id": "4497", "ano": "2023", "numero": "121", "tipo__sigla": "PCP", "tipo__descricao": "Parecer de Comiss\u00e3o Permanente", "autoria": "CLJR - Comiss\u00e3o de Legisla\u00e7\u00e3o, Justi\u00e7a e Reda\u00e7\u00e3o Final", "texto_original": "http://sapl.jequie.ba.leg.br/media/sapl/public/materialegislativa/2023/4497/parecer_projeto_de_decreto_no_31.2023.pdf", "ementa": "onde concede o T\u00edtulo de Cidad\u00e3o Jequieense ao Sr. Atila Alves Cruz Moy-Capit\u00e3o PMBA."}, {"id": "4498", "ano": "2023", "numero": "122", "tipo__sigla": "PCP", "tipo__descricao": "Parecer de Comiss\u00e3o Permanente", "autoria": "CLJR - Comiss\u00e3o de Legisla\u00e7\u00e3o, Justi\u00e7a e Reda\u00e7\u00e3o Final", "texto_original": "http://sapl.jequie.ba.leg.br/media/sapl/public/materialegislativa/2023/4498/parecer_projeto_de_decreto_no_30.2023.pdf", "ementa": "onde concede T\u00edtulo de Cidad\u00e3o Jequieense ao Sr. Jo\u00e3o Batista Carvalho (Batista Pintor)."}, {"id": "4522", "ano": "2023", "numero": "123", "tipo__sigla": "PCP", "tipo__descricao": "Parecer de Comiss\u00e3o Permanente", "autoria": "CLJR - Comiss\u00e3o de Legisla\u00e7\u00e3o, Justi\u00e7a e Reda\u00e7\u00e3o Final", "texto_original": "http://sapl.jequie.ba.leg.br/media/sapl/public/materialegislativa/2023/4522/parecer_projeto_de_lei_no_115.2023.pdf", "ementa": "Institui a conscientiza\u00e7\u00e3o da depress\u00e3o infantil e na adolesc\u00eancia no \u00e2mbito do Munic\u00edpio de Jequi\u00e9 e d\u00e1 outras provid\u00eancias."}, {"id": "4524", "ano": "2023", "numero": "125", "tipo__sigla": "PCP", "tipo__descricao": "Parecer de Comiss\u00e3o Permanente", "autoria": "CLJR - Comiss\u00e3o de Legisla\u00e7\u00e3o, Justi\u00e7a e Reda\u00e7\u00e3o Final", "texto_original": "http://sapl.jequie.ba.leg.br/media/sapl/public/materialegislativa/2023/4524/parecer_projeto_de_lei_no_113.2023.pdf", "ementa": "Onde altera o nome e status da Rua Bolivar Reis, para Avenida Bolivar Reis, no Km 03."}, {"id": "4525", "ano": "2023", "numero": "126", "tipo__sigla": "PCP", "tipo__descricao": "Parecer de Comiss\u00e3o Permanente", "autoria": "CLJR - Comiss\u00e3o de Legisla\u00e7\u00e3o, Justi\u00e7a e Reda\u00e7\u00e3o Final", "texto_original": "http://sapl.jequie.ba.leg.br/media/sapl/public/materialegislativa/2023/4525/parecer_projeto_de_lei_no_117.2023.pdf", "ementa": "Onde fica denominada de Rua Cosme Gon\u00e7alves Santos, a Rua B localizada no Loteamento \u00c1gua Branca nesta Cidade."}, {"id": "4526", "ano": "2023", "numero": "127", "tipo__sigla": "PCP", "tipo__descricao": "Parecer de Comiss\u00e3o Permanente", "autoria": "CLJR - Comiss\u00e3o de Legisla\u00e7\u00e3o, Justi\u00e7a e Reda\u00e7\u00e3o Final", "texto_original": "http://sapl.jequie.ba.leg.br/media/sapl/public/materialegislativa/2023/4526/parecer_projeto_de_lei_no_111.2023.pdf", "ementa": "Denomina de Pra\u00e7a Jos\u00e9 Souza Santos, a nova Pra\u00e7a localizada entre as Ruas Reinaldo Pinheiro com o cruzamento da Rua Maria da Penha."}, {"id": "4528", "ano": "2023", "numero": "129", "tipo__sigla": "PCP", "tipo__descricao": "Parecer de Comiss\u00e3o Permanente", "autoria": "CLJR - Comiss\u00e3o de Legisla\u00e7\u00e3o, Justi\u00e7a e Reda\u00e7\u00e3o Final", "texto_original": "http://sapl.jequie.ba.leg.br/media/sapl/public/materialegislativa/2023/4528/parecer_projeto_de_decreto_no_34.2023.pdf", "ementa": "Concede T\u00edtulo de Cidad\u00e3o Jequieense ao Senhor Josias de Souza Novais."}, {"id": "4529", "ano": "2023", "numero": "130", "tipo__sigla": "PCP", "tipo__descricao": "Parecer de Comiss\u00e3o Permanente", "autoria": "CLJR - Comiss\u00e3o de Legisla\u00e7\u00e3o, Justi\u00e7a e Reda\u00e7\u00e3o Final", "texto_original": "http://sapl.jequie.ba.leg.br/media/sapl/public/materialegislativa/2023/4529/parecer_projeto_de_decreto_no_33.2023.pdf", "ementa": "onde  concede  T\u00edtulo de Cidad\u00e3o Jequieense ao Sr. Gabriel Alves da Silva Ramos"}, {"id": "4536", "ano": "2023", "numero": "131", "tipo__sigla": "PCP", "tipo__descricao": "Parecer de Comiss\u00e3o Permanente", "autoria": "CLJR - Comiss\u00e3o de Legisla\u00e7\u00e3o, Justi\u00e7a e Reda\u00e7\u00e3o Final", "texto_original": "http://sapl.jequie.ba.leg.br/media/sapl/public/materialegislativa/2023/4536/parecer_projeto_de_lei_no_120.2023.pdf", "ementa": "Onde autoriza a abertura de Cr\u00e9dito Adicional Suplementar ao Or\u00e7amento vigente e d\u00e1 outras provid\u00eancias"}, {"id": "4537", "ano": "2023", "numero": "132", "tipo__sigla": "PCP", "tipo__descricao": "Parecer de Comiss\u00e3o Permanente", "autoria": "CLJR - Comiss\u00e3o de Legisla\u00e7\u00e3o, Justi\u00e7a e Reda\u00e7\u00e3o Final", "texto_original": "http://sapl.jequie.ba.leg.br/media/sapl/public/materialegislativa/2023/4537/parecer_projeto_de_lei_no_121.2023.pdf", "ementa": "Onde autoriza o Chefe do Poder Executivo abrir Cr\u00e9dito Adicional Especial ao Or\u00e7amento vigente para atender as demandas de investimento e qualifica\u00e7\u00e3o da Guarda Municipal de Jequi\u00e9-Bahia."}, {"id": "4538", "ano": "2023", "numero": "133", "tipo__sigla": "PCP", "tipo__descricao": "Parecer de Comiss\u00e3o Permanente", "autoria": "CLJR - Comiss\u00e3o de Legisla\u00e7\u00e3o, Justi\u00e7a e Reda\u00e7\u00e3o Final", "texto_original": "http://sapl.jequie.ba.leg.br/media/sapl/public/materialegislativa/2023/4538/parecer_projeto_de_lei_no_135.2023.pdf", "ementa": "Projeto de Lei 135/2023, de autoria dos nobres edis Gilvan Santana, Tinho, Joaquim Caires, Bui Bulh\u00f5es, Moana, Cida, Jo\u00e3o Paulo, Walmiral, Marcos do Ovo, Duda, Gutinha, San David, Ziel Cavalcante, Colorido, Ramon Fernandes, Junior Braga, Marcinho e Ivan do Leite."}, {"id": "4539", "ano": "2023", "numero": "134", "tipo__sigla": "PCP", "tipo__descricao": "Parecer de Comiss\u00e3o Permanente", "autoria": "CLJR - Comiss\u00e3o de Legisla\u00e7\u00e3o, Justi\u00e7a e Reda\u00e7\u00e3o Final", "texto_original": "http://sapl.jequie.ba.leg.br/media/sapl/public/materialegislativa/2023/4539/parecer_projeto_de__lei_85.2023_-__copia_-_copia_-_copia.docx", "ementa": "Projeto de Lei  85/2023"}, {"id": "4554", "ano": "2023", "numero": "135", "tipo__sigla": "PCP", "tipo__descricao": "Parecer de Comiss\u00e3o Permanente", "autoria": "CLJR - Comiss\u00e3o de Legisla\u00e7\u00e3o, Justi\u00e7a e Reda\u00e7\u00e3o Final", "texto_original": "http://sapl.jequie.ba.leg.br/media/sapl/public/materialegislativa/2023/4554/parecer_projeto_de_lei_no_124.2023.pdf", "ementa": "Onde fica denominado de Pra\u00e7a Salvador Moura Gondim o espa\u00e7o localizado na Avenida Nazar\u00e9 na localidade do Barro Preto no Bairro Caixa D\u2019\u00e1gua. Avenida Nazar\u00e9 na localidade do Barro Preto no Bairro Caixa D\u2019\u00e1gua"}, {"id": "4555", "ano": "2023", "numero": "136", "tipo__sigla": "PCP", "tipo__descricao": "Parecer de Comiss\u00e3o Permanente", "autoria": "CLJR - Comiss\u00e3o de Legisla\u00e7\u00e3o, Justi\u00e7a e Reda\u00e7\u00e3o Final", "texto_original": "http://sapl.jequie.ba.leg.br/media/sapl/public/materialegislativa/2023/4555/parecer_projeto_de_lei_no_118.2023.pdf", "ementa": "Onde denomina a atual Travessa Edval Cardoso, de Travessa Ant\u00f4nio Brito Borges, Bairro Mandacaru e d\u00e1 outras provid\u00eancias."}, {"id": "4556", "ano": "2023", "numero": "137", "tipo__sigla": "PCP", "tipo__descricao": "Parecer de Comiss\u00e3o Permanente", "autoria": "CLJR - Comiss\u00e3o de Legisla\u00e7\u00e3o, Justi\u00e7a e Reda\u00e7\u00e3o Final", "texto_original": "http://sapl.jequie.ba.leg.br/media/sapl/public/materialegislativa/2023/4556/parecer_projeto_de_lei_no_126.2023.pdf", "ementa": "Onde disp\u00f5e sobre a obrigatoriedade de afixa\u00e7\u00e3o de placas informativas em Braile, nas entradas dos \u00f3rg\u00e3os e reparti\u00e7\u00f5es p\u00fablicas e privadas, em portas de gabinetes, indicando corredores, escadas ou locais de circula\u00e7\u00e3o de pessoas no \u00e2mbito do munic\u00edpio de Jequi\u00e9\u201d."}, {"id": "4557", "ano": "2023", "numero": "138", "tipo__sigla": "PCP", "tipo__descricao": "Parecer de Comiss\u00e3o Permanente", "autoria": "CLJR - Comiss\u00e3o de Legisla\u00e7\u00e3o, Justi\u00e7a e Reda\u00e7\u00e3o Final", "texto_original": "http://sapl.jequie.ba.leg.br/media/sapl/public/materialegislativa/2023/4557/parecer_projeto_de_lei_no_123.2023.pdf", "ementa": "AUTORIZA O PODER EXECUTIVO A CELEBRAR CONV\u00caNIO COM A ASSOCIA\u00c7\u00c3O COMERCIAL E INDUSTRIAL DE JEQUI\u00c9 \u2013 ACIJ, VISANDO A REALIZA\u00c7\u00c3O DE CAMPANHA PROMOCIONAL INTITULADA \u201cJEQUI\u00c9 CIDADE NATAL\u201d, QUE TER\u00c1 POR OBJETIVO FOMENTAR A ARRECADA\u00c7\u00c3O DIRETA E INDIRETA DO MUNIC\u00cdPIO."}, {"id": "4558", "ano": "2023", "numero": "139", "tipo__sigla": "PCP", "tipo__descricao": "Parecer de Comiss\u00e3o Permanente", "autoria": "CLJR - Comiss\u00e3o de Legisla\u00e7\u00e3o, Justi\u00e7a e Reda\u00e7\u00e3o Final", "texto_original": "http://sapl.jequie.ba.leg.br/media/sapl/public/materialegislativa/2023/4558/parecer_projeto_de_lei_no_125.2023.pdf", "ementa": "onde denomina de Avenida Cloves Jos\u00e9 dos Santos Pereira a Avenida Beira Rio no Distrito de Barra Avenida em Jequie na Bahia. O Sr. Cloves Jos\u00e9 dos Santos Pereira, falecido em janeiro de 2023, aos 67 anos, al\u00e9m de um homem muito querido por todos, deu grandes contribui\u00e7\u00f5es para o progresso de Jequi\u00e9, em especial para o setor agropecu\u00e1rio."}, {"id": "4559", "ano": "2023", "numero": "140", "tipo__sigla": "PCP", "tipo__descricao": "Parecer de Comiss\u00e3o Permanente", "autoria": "CLJR - Comiss\u00e3o de Legisla\u00e7\u00e3o, Justi\u00e7a e Reda\u00e7\u00e3o Final", "texto_original": "http://sapl.jequie.ba.leg.br/media/sapl/public/materialegislativa/2023/4559/parecer_projeto_de_lei_complementar_no_001.2023.pdf", "ementa": "Altera a Lei Complementar N\u00b0 001, de 27 de dezembro de 2007, Que Aprovou o Plano Diretor Municipal de Jequi\u00e9, a Lei Complementar N\u00b0 002, de 27 de dezembro de 2007, Que Instituiu o C\u00f3digo de Ordenamento do Usoe Ocupa\u00e7\u00e3o do Solo e de Obras e Edifica\u00e7\u00f5es do Munic\u00edpio de Jequi\u00e9 e a Lei Complementar de N\u00b0 003, de 27 de dezembro de 2007, Que Instituiu o C\u00f3digo de Meio Ambiente e Disciplina as Posturas Municipais de Jequi\u00e9 a fim de que seja analisado, discutido e ao final aprovado pelos Ilustres Vereadores."}, {"id": "4560", "ano": "2023", "numero": "141", "tipo__sigla": "PCP", "tipo__descricao": "Parecer de Comiss\u00e3o Permanente", "autoria": "CLJR - Comiss\u00e3o de Legisla\u00e7\u00e3o, Justi\u00e7a e Reda\u00e7\u00e3o Final", "texto_original": "http://sapl.jequie.ba.leg.br/media/sapl/public/materialegislativa/2023/4560/parecer_projeto_de_decreto_no_32.2023.pdf", "ementa": "onde outorga a Comemda Dr. Cely de Freitas-Cidade de Jequi\u00e9 ao Sr. Jo\u00e3o Aguiar Ribeiro Filho. O Sr. Jo\u00e3o Aguiar Ribeiro Filho, conhecido como (Johnny)  natutal de Jequi\u00e9"}, {"id": "4562", "ano": "2023", "numero": "143", "tipo__sigla": "PCP", "tipo__descricao": "Parecer de Comiss\u00e3o Permanente", "autoria": "CLJR - Comiss\u00e3o de Legisla\u00e7\u00e3o, Justi\u00e7a e Reda\u00e7\u00e3o Final", "texto_original": "http://sapl.jequie.ba.leg.br/media/sapl/public/materialegislativa/2023/4562/parecer_projeto_de_decreto_no_35.2023.pdf", "ementa": "onde Concede T\u00edtulo de Cidad\u00e3o Jequieense ao Senhor  Clodoaldo Brito dos Santos"}, {"id": "4564", "ano": "2023", "numero": "144", "tipo__sigla": "PCP", "tipo__descricao": "Parecer de Comiss\u00e3o Permanente", "autoria": "CLJR - Comiss\u00e3o de Legisla\u00e7\u00e3o, Justi\u00e7a e Reda\u00e7\u00e3o Final", "texto_original": "http://sapl.jequie.ba.leg.br/media/sapl/public/materialegislativa/2023/4564/parecer_projeto_de_lei_no_127.2023.pdf", "ementa": "A cria\u00e7\u00e3o os componentes municipais do Sistema Municipal de Seguran\u00e7a Alimentar e Nutricional-SIMSAN, revoga a Lei Municipal N\u00ba 1.973 de 15 de outubro de 2015, define os Par\u00e2metros para elabora\u00e7\u00e3o e implementa\u00e7\u00e3o do Plano Municipal de Seguran\u00e7a Alimentar e Nutricional e d\u00e1 outras provid\u00eancia."}, {"id": "4565", "ano": "2023", "numero": "145", "tipo__sigla": "PCP", "tipo__descricao": "Parecer de Comiss\u00e3o Permanente", "autoria": "CLJR - Comiss\u00e3o de Legisla\u00e7\u00e3o, Justi\u00e7a e Reda\u00e7\u00e3o Final", "texto_original": "http://sapl.jequie.ba.leg.br/media/sapl/public/materialegislativa/2023/4565/parecer_projeto_de_lei_no_130.2023.pdf", "ementa": "Que modifica as leis do Conselho Municipal dos Direitos da Crian\u00e7a e do Adolescente-CMDCA, do Fundo Municipal dos Direitos da Crian\u00e7a e do Adolescente, bem como a do Conselho Tutelar."}, {"id": "4567", "ano": "2023", "numero": "146", "tipo__sigla": "PCP", "tipo__descricao": "Parecer de Comiss\u00e3o Permanente", "autoria": "", "texto_original": "http://sapl.jequie.ba.leg.br/media/sapl/public/materialegislativa/2023/4567/parecer_projeto_de_decreto_no_36.2023.pdf", "ementa": "Que concede Titulo de Cidad\u00e3 Jequieense a Dr.\u00aa Evelyn Amorim Silva."}, {"id": "4568", "ano": "2023", "numero": "147", "tipo__sigla": "PCP", "tipo__descricao": "Parecer de Comiss\u00e3o Permanente", "autoria": "", "texto_original": "http://sapl.jequie.ba.leg.br/media/sapl/public/materialegislativa/2023/4568/parecer_projeto_de_decreto_legislativo_no_37.2023.pdf", "ementa": "Que concede Titulo de Cidad\u00e3 Jequieense a Professora Maria Madalena Pereira."}, {"id": "4585", "ano": "2023", "numero": "148", "tipo__sigla": "PCP", "tipo__descricao": "Parecer de Comiss\u00e3o Permanente", "autoria": "CLJR - Comiss\u00e3o de Legisla\u00e7\u00e3o, Justi\u00e7a e Reda\u00e7\u00e3o Final", "texto_original": "http://sapl.jequie.ba.leg.br/media/sapl/public/materialegislativa/2023/4585/parecer_projeto_de_lei_no_128.2023.pdf", "ementa": "Onde denomina de Centro de Educa\u00e7\u00e3o Infantil Expedito Nunes Fernandes o Centro de Educa\u00e7\u00e3o Infantil rec\u00e9m constru\u00eddo, localizado no Loteamento Idailton Ribeiro, 356 no Joaquim Rom\u00e3o."}, {"id": "4591", "ano": "2023", "numero": "149", "tipo__sigla": "PCP", "tipo__descricao": "Parecer de Comiss\u00e3o Permanente", "autoria": "CLJR - Comiss\u00e3o de Legisla\u00e7\u00e3o, Justi\u00e7a e Reda\u00e7\u00e3o Final", "texto_original": "http://sapl.jequie.ba.leg.br/media/sapl/public/materialegislativa/2023/4591/parecer_projeto_de_lei_no_136.2023.pdf", "ementa": "\u201cALTERA A LEI N\u00b0 1956, DE 05 DE JUNHO DE 2015 QUE CRIOU A OUVIDORIA DA GUARDA MUNICIPAL E D\u00c1 OUTRAS PROVID\u00caNCIAS\u201d."}, {"id": "3763", "ano": "2023", "numero": "1", "tipo__sigla": "MOREP", "tipo__descricao": "Mo\u00e7\u00e3o de Rep\u00fadio", "autoria": "SOLDADO GILVAN", "texto_original": "http://sapl.jequie.ba.leg.br/media/sapl/public/materialegislativa/2023/3763/mocao_de_repudio_01.2023_19o_batalhao.doc", "ementa": "MO\u00c7\u00c3O DE REP\u00daDIO AO ATO PRATICADO PELO COMANDANTE DO 19\u00ba BPM EM SOLU\u00c7\u00c3O DO PROCESSO DISCIPLINAR SUM\u00c1RIO."}, {"id": "4330", "ano": "2023", "numero": "2", "tipo__sigla": "MOREP", "tipo__descricao": "Mo\u00e7\u00e3o de Rep\u00fadio", "autoria": "SOLDADO GILVAN", "texto_original": "http://sapl.jequie.ba.leg.br/media/sapl/public/materialegislativa/2023/4330/mocao_repudio_02.2023antonio_brito.doc", "ementa": "MO\u00c7\u00c3O DE REP\u00daDIO AO DEPUTADO ANT\u00d4NIO BRITO PELO OCORRIDO NO DIA DA INAUGURA\u00c7\u00c3O DA UNACON"}]}