{"id":12198,"__str__":"Projeto de Lei Ordin\u00e1ria n\u00ba 32 de 2023 | An\u00e1lise e revis\u00e3o de mat\u00e9ria | 24/04/2023","link_detail_backend":"/materia/tramitacao/12198","metadata":{},"timestamp":"2023-04-24T15:47:36.334084-03:00","data_tramitacao":"2023-04-24","data_encaminhamento":"2023-04-24","urgente":false,"turno":"U","texto":"\u201cDisp\u00f5e sobre a inser\u00e7\u00e3o obrigat\u00f3ria do S\u00edmbolo    Mundial de conscientiza\u00e7\u00e3o do Transtorno do Espectro Autista-TEA, conhecido como \u201cfita quebra cabe\u00e7a\u201d, nas placas e dispositivos indicativos de vagas preferenciais nos estacionamentos reservados as pessoas com defici\u00eancia no Municipio de Jequi\u00e9 e d\u00e1 outras provid\u00eancias\u201d.","data_fim_prazo":null,"ip":"45.236.189.90","ultima_edicao":"2023-04-24T15:47:21.267273-03:00","status":43,"materia":3632,"unidade_tramitacao_local":44,"unidade_tramitacao_destino":6,"user":40}