{"id":7401,"__str__":"Indica\u00e7\u00e3o n\u00ba 294 de 2026","link_detail_backend":"/materia/7401","metadata":{"signs":{"texto_original":{"admin":[],"autores":[["Carlos Andre dos Santos",["2026-04-10T07:58:02-03:00","ICP-Brasil - Certificado PF A1"]]]}}},"numero":294,"ano":2026,"numero_protocolo":430,"data_apresentacao":"2026-04-13","tipo_apresentacao":"","data_publicacao":null,"numero_origem_externa":"","ano_origem_externa":null,"data_origem_externa":null,"apelido":"","dias_prazo":null,"data_fim_prazo":null,"em_tramitacao":true,"polemica":false,"objeto":"","complementar":false,"ementa":"A implanta\u00e7\u00e3o de programa municipal permanente de promo\u00e7\u00e3o da sa\u00fade mental e prote\u00e7\u00e3o aos trabalhadores do servi\u00e7o p\u00fablico, destinado a todos os servidores municipais, com atua\u00e7\u00e3o preventiva, educativa e de acompanhamento multiprofissional.","indexacao":"","observacao":"","resultado":"","texto_original":"http://sapl.jequie.ba.leg.br/media/sapl/public/materialegislativa/2026/7401/implantacao_de_programa_municipal_permanente_de_promocao_da_saude_mental_e_protecao_aos_trabalhadores_do_servico_publico_destinado_a_todos_os_servidores_municipais.pdf","data_ultima_atualizacao":"2026-04-17T10:36:39.342678-03:00","ip":"","ultima_edicao":null,"tipo":1,"regime_tramitacao":1,"tipo_origem_externa":null,"local_origem_externa":null,"user":null,"anexadas":[],"autores":[57]}