{"id":7392,"__str__":"Indica\u00e7\u00e3o n\u00ba 286 de 2026","link_detail_backend":"/materia/7392","metadata":{"signs":{"texto_original":{"admin":[],"autores":[["Carlos Andre dos Santos",["2026-04-07T14:20:18-03:00","ICP-Brasil - Certificado PF A1"]]]}}},"numero":286,"ano":2026,"numero_protocolo":412,"data_apresentacao":"2026-04-07","tipo_apresentacao":"","data_publicacao":null,"numero_origem_externa":"","ano_origem_externa":null,"data_origem_externa":null,"apelido":"","dias_prazo":null,"data_fim_prazo":null,"em_tramitacao":true,"polemica":false,"objeto":"","complementar":false,"ementa":"A cria\u00e7\u00e3o do PROGRAMA RA\u00cdZES DO FUTURO, Programa Municipal de Primeiro Emprego e Inclus\u00e3o Produtiva da Juventude Rural, voltado \u00e0 inser\u00e7\u00e3o de jovens oriundos da zona rural no mundo do trabalho, por meio de qualifica\u00e7\u00e3o profissional, est\u00edmulo \u00e0 empregabilidade, fomento ao empreendedorismo e a\u00e7\u00f5es integradas de inclus\u00e3o social e produtiva.","indexacao":"","observacao":"","resultado":"","texto_original":"http://sapl.jequie.ba.leg.br/media/sapl/public/materialegislativa/2026/7392/programa_raizes_do_futuro__programa_municipal_de_primeiro_emprego_e_inclusao_produtiva_da_juventude_rural.pdf","data_ultima_atualizacao":"2026-04-16T15:20:16.536807-03:00","ip":"","ultima_edicao":null,"tipo":1,"regime_tramitacao":1,"tipo_origem_externa":null,"local_origem_externa":null,"user":null,"anexadas":[],"autores":[57]}