{"id":7391,"__str__":"Indica\u00e7\u00e3o n\u00ba 285 de 2026","link_detail_backend":"/materia/7391","metadata":{"signs":{"texto_original":{"admin":[],"autores":[["Carlos Andre dos Santos",["2026-04-07T14:20:59-03:00","ICP-Brasil - Certificado PF A1"]]]}}},"numero":285,"ano":2026,"numero_protocolo":411,"data_apresentacao":"2026-04-07","tipo_apresentacao":"","data_publicacao":null,"numero_origem_externa":"","ano_origem_externa":null,"data_origem_externa":null,"apelido":"","dias_prazo":null,"data_fim_prazo":null,"em_tramitacao":true,"polemica":false,"objeto":"","complementar":false,"ementa":"A cria\u00e7\u00e3o e implanta\u00e7\u00e3o do \u201cMapa Municipal de Vulnerabilidade Urbana em Tempo Real\u201d, consistente em sistema digital georreferenciado, integrado e continuamente atualizado, destinado ao monitoramento de \u00e1reas cr\u00edticas do munic\u00edpio e ao suporte t\u00e9cnico \u00e0 tomada de decis\u00f5es administrativas.","indexacao":"","observacao":"","resultado":"","texto_original":"http://sapl.jequie.ba.leg.br/media/sapl/public/materialegislativa/2026/7391/mapa_municipal_de_vulnerabilidade_urbana_em_tempo_real.pdf","data_ultima_atualizacao":"2026-04-16T15:20:48.942004-03:00","ip":"","ultima_edicao":null,"tipo":1,"regime_tramitacao":1,"tipo_origem_externa":null,"local_origem_externa":null,"user":null,"anexadas":[],"autores":[57]}