{"id":7354,"__str__":"Indica\u00e7\u00e3o n\u00ba 249 de 2026","link_detail_backend":"/materia/7354","metadata":{"signs":{"texto_original":{"admin":[],"autores":[["Matheus Roberto Oliveira Macedo",["2026-04-05T21:39:44-03:00","Gov-Br"]]]}}},"numero":249,"ano":2026,"numero_protocolo":370,"data_apresentacao":"2026-04-06","tipo_apresentacao":"","data_publicacao":null,"numero_origem_externa":"","ano_origem_externa":null,"data_origem_externa":null,"apelido":"","dias_prazo":null,"data_fim_prazo":null,"em_tramitacao":true,"polemica":false,"objeto":"","complementar":false,"ementa":"Indica ao Executivo Municipal, a revitaliza\u00e7\u00e3o da \u00e1rea de prote\u00e7\u00e3o ao ciclista de competi\u00e7\u00e3o(APCC) localizada na Avenida Waldomiro Borges.","indexacao":"","observacao":"","resultado":"","texto_original":"http://sapl.jequie.ba.leg.br/media/sapl/public/materialegislativa/2026/7354/indicacao_revitalizacao_area_de_protecao_ao_ciclista_de_competicao_da_wb_assinado.pdf","data_ultima_atualizacao":"2026-04-16T15:31:34.291987-03:00","ip":"","ultima_edicao":null,"tipo":1,"regime_tramitacao":1,"tipo_origem_externa":null,"local_origem_externa":null,"user":null,"anexadas":[],"autores":[59]}