{"id":7114,"__str__":"Indica\u00e7\u00e3o n\u00ba 39 de 2026","link_detail_backend":"/materia/7114","metadata":{"signs":{"texto_original":{"admin":[],"autores":[["Marcio Oliveira Melo",["2026-02-23T10:51:04-03:00","ICP-Brasil"]]]}}},"numero":39,"ano":2026,"numero_protocolo":56,"data_apresentacao":"2026-02-25","tipo_apresentacao":"","data_publicacao":null,"numero_origem_externa":"","ano_origem_externa":null,"data_origem_externa":null,"apelido":"","dias_prazo":null,"data_fim_prazo":null,"em_tramitacao":true,"polemica":false,"objeto":"","complementar":false,"ementa":"Revitaliza\u00e7\u00e3o com recapeamento asf\u00e1ltico ou concretagem das ruas 2, 3 e 4, situadas no bairro Amaralina.","indexacao":"","observacao":"","resultado":"","texto_original":"http://sapl.jequie.ba.leg.br/media/sapl/public/materialegislativa/2026/7114/indicacao_01_2026_-_recapeamento_das_ruas_23_e_4_no_bairro_amaralina_assinado.pdf","data_ultima_atualizacao":"2026-02-27T09:54:03.500660-03:00","ip":"","ultima_edicao":null,"tipo":1,"regime_tramitacao":1,"tipo_origem_externa":null,"local_origem_externa":null,"user":null,"anexadas":[],"autores":[22]}