{"id":7045,"__str__":"Indica\u00e7\u00e3o n\u00ba 1087 de 2025","link_detail_backend":"/materia/7045","metadata":{"signs":{"texto_original":{"admin":[],"autores":[["Moana dos Santos Meira Silva",["2025-12-05T07:07:00-03:00","ICP-Brasil - AC SyngularID Multipla"]]]}}},"numero":1087,"ano":2025,"numero_protocolo":1678,"data_apresentacao":"2025-12-05","tipo_apresentacao":"","data_publicacao":null,"numero_origem_externa":"","ano_origem_externa":null,"data_origem_externa":null,"apelido":"","dias_prazo":null,"data_fim_prazo":null,"em_tramitacao":true,"polemica":false,"objeto":"","complementar":false,"ementa":"Indicamos ao Exmo. Prefeito Sr. Zenildo Brand\u00e3o Santana (Z\u00e9 Coc\u00e1) atrav\u00e9s da Secretaria competente, a cria\u00e7\u00e3o de um Projeto de Lei sobre a obrigatoriedade da Inser\u00e7\u00e3o do Int\u00e9rprete da L\u00edngua Brasileira de Sinais (LIBRAS) em todos os Eventos P\u00fablicos Oficiais no Munic\u00edpio de Jequi\u00e9.","indexacao":"","observacao":"","resultado":"","texto_original":"http://sapl.jequie.ba.leg.br/media/sapl/public/materialegislativa/2025/7045/ind._interpetre_de_libras_assinado.pdf","data_ultima_atualizacao":"2025-12-12T09:29:32.375861-03:00","ip":"","ultima_edicao":null,"tipo":1,"regime_tramitacao":1,"tipo_origem_externa":null,"local_origem_externa":null,"user":null,"anexadas":[],"autores":[45]}