{"id":7039,"__str__":"Parecer n\u00ba 110 de 2025","link_detail_backend":"/materia/7039","metadata":{},"numero":110,"ano":2025,"numero_protocolo":null,"data_apresentacao":"2025-12-03","tipo_apresentacao":"","data_publicacao":null,"numero_origem_externa":"","ano_origem_externa":null,"data_origem_externa":null,"apelido":"","dias_prazo":null,"data_fim_prazo":null,"em_tramitacao":true,"polemica":false,"objeto":"","complementar":false,"ementa":"Projeto de Lei 45/2025 em quest\u00e3o, de autoria do Executivo Municipal, onde Institui o Programa tarifa zero, nos domingos e feriados, no servi\u00e7o de transporte coletivo p\u00fablico urbano no Munic\u00edpio de Jequi\u00e9- Estado da Bahia, e d\u00e1 outras provid\u00eancias\u201d.","indexacao":"","observacao":"","resultado":"","texto_original":"http://sapl.jequie.ba.leg.br/media/sapl/public/materialegislativa/2025/7039/ple_-_parecer_projeto_de_lei_no_45.2025.pdf","data_ultima_atualizacao":"2025-12-15T16:24:10.011635-03:00","ip":"45.236.188.167","ultima_edicao":"2025-12-15T16:24:09.893054-03:00","tipo":30,"regime_tramitacao":1,"tipo_origem_externa":null,"local_origem_externa":null,"user":61,"anexadas":[],"autores":[7]}