{"id":6220,"__str__":"Indica\u00e7\u00e3o n\u00ba 531 de 2025","link_detail_backend":"/materia/6220","metadata":{"signs":{"texto_original":{"admin":[],"autores":[["Carlos Andre dos Santos",["2025-05-08T10:23:27-03:00","ICP-Brasil - Certificado PF A1"]]]}}},"numero":531,"ano":2025,"numero_protocolo":651,"data_apresentacao":"2025-05-15","tipo_apresentacao":"","data_publicacao":null,"numero_origem_externa":"","ano_origem_externa":null,"data_origem_externa":null,"apelido":"","dias_prazo":null,"data_fim_prazo":null,"em_tramitacao":true,"polemica":false,"objeto":"","complementar":false,"ementa":"Sejam adotadas as medidas necess\u00e1rias para a requalifica\u00e7\u00e3o do Horto Florestal de Jequi\u00e9, com a devida elabora\u00e7\u00e3o de um planejamento integrado ao Programa Municipal de Educa\u00e7\u00e3o Ambiental","indexacao":"","observacao":"","resultado":"","texto_original":"http://sapl.jequie.ba.leg.br/media/sapl/public/materialegislativa/2025/6220/indicacao_horto_assinado.pdf","data_ultima_atualizacao":"2025-05-29T15:34:46.011023-03:00","ip":"","ultima_edicao":null,"tipo":1,"regime_tramitacao":1,"tipo_origem_externa":null,"local_origem_externa":null,"user":null,"anexadas":[],"autores":[57]}