{"id":4522,"__str__":"Parecer de Comiss\u00e3o Permanente n\u00ba 123 de 2023","link_detail_backend":"/materia/4522","metadata":{},"numero":123,"ano":2023,"numero_protocolo":null,"data_apresentacao":"2023-11-27","tipo_apresentacao":"E","data_publicacao":null,"numero_origem_externa":"","ano_origem_externa":null,"data_origem_externa":null,"apelido":"","dias_prazo":null,"data_fim_prazo":null,"em_tramitacao":true,"polemica":false,"objeto":"","complementar":false,"ementa":"Institui a conscientiza\u00e7\u00e3o da depress\u00e3o infantil e na adolesc\u00eancia no \u00e2mbito do Munic\u00edpio de Jequi\u00e9 e d\u00e1 outras provid\u00eancias.","indexacao":"","observacao":"","resultado":"","texto_original":"http://sapl.jequie.ba.leg.br/media/sapl/public/materialegislativa/2023/4522/parecer_projeto_de_lei_no_115.2023.pdf","data_ultima_atualizacao":"2025-02-11T15:33:28.651697-03:00","ip":"45.236.189.90","ultima_edicao":"2024-06-10T16:02:33.532667-03:00","tipo":32,"regime_tramitacao":1,"tipo_origem_externa":null,"local_origem_externa":null,"user":25,"anexadas":[],"autores":[7]}