{"id":4518,"__str__":"Projeto de Lei Ordin\u00e1ria n\u00ba 126 de 2023","link_detail_backend":"/materia/4518","metadata":{},"numero":126,"ano":2023,"numero_protocolo":1249,"data_apresentacao":"2023-11-27","tipo_apresentacao":"","data_publicacao":null,"numero_origem_externa":"","ano_origem_externa":null,"data_origem_externa":null,"apelido":"","dias_prazo":null,"data_fim_prazo":null,"em_tramitacao":true,"polemica":false,"objeto":"","complementar":false,"ementa":"DISP\u00d5E SOBRE A OBRIGATORIEDADE DE AFIXA\u00c7\u00c3O DE PLACAS INFORMATIVAS EM BRAILE, NAS ENTRADAS DOS \u00d3RG\u00c3OS E REPARTI\u00c7\u00d5ES P\u00daBLICAS E PRIVADAS, EM PORTAS DE GABINETES, INDICANDO CORREDORES, ESCADAS OU LOCAIS DE CIRCULA\u00c7\u00c3O DE PESSOAS NO \u00c2MBITO DO MUNIC\u00cdPIO DE JEQUI\u00c9.","indexacao":"","observacao":"","resultado":"","texto_original":"http://sapl.jequie.ba.leg.br/media/sapl/public/materialegislativa/2023/4518/projeto_de_lei_126.2023..placas_em_braille_1.docx","data_ultima_atualizacao":"2025-02-11T16:42:26.345363-03:00","ip":"45.236.189.90","ultima_edicao":"2025-02-11T16:42:26.022797-03:00","tipo":6,"regime_tramitacao":1,"tipo_origem_externa":null,"local_origem_externa":null,"user":61,"anexadas":[4556],"autores":[45]}