{"id":4506,"__str__":"Indica\u00e7\u00e3o n\u00ba 977 de 2023","link_detail_backend":"/materia/4506","metadata":{},"numero":977,"ano":2023,"numero_protocolo":1237,"data_apresentacao":"2023-11-23","tipo_apresentacao":"","data_publicacao":null,"numero_origem_externa":"","ano_origem_externa":null,"data_origem_externa":null,"apelido":"","dias_prazo":null,"data_fim_prazo":null,"em_tramitacao":true,"polemica":false,"objeto":"","complementar":false,"ementa":"Solicitamos a revitaliza\u00e7\u00e3o da Pra\u00e7a Cavalheiros de Aruanda, conhecida como Pra\u00e7a dos Ca\u00e7ambeiros, Centro.","indexacao":"","observacao":"","resultado":"","texto_original":"http://sapl.jequie.ba.leg.br/media/sapl/public/materialegislativa/2023/4506/ind_977.2023_revitalizacao_praca_cavalheiros_de_aruanda.doc","data_ultima_atualizacao":"2023-12-06T15:47:33.752064-03:00","ip":"45.236.189.90","ultima_edicao":"2023-11-24T08:40:25.234212-03:00","tipo":1,"regime_tramitacao":1,"tipo_origem_externa":null,"local_origem_externa":null,"user":25,"anexadas":[],"autores":[24]}