{"id":4435,"__str__":"Requerimento n\u00ba 22 de 2023","link_detail_backend":"/materia/4435","metadata":{},"numero":22,"ano":2023,"numero_protocolo":null,"data_apresentacao":"2023-11-08","tipo_apresentacao":"E","data_publicacao":null,"numero_origem_externa":"","ano_origem_externa":null,"data_origem_externa":null,"apelido":"","dias_prazo":null,"data_fim_prazo":null,"em_tramitacao":false,"polemica":false,"objeto":"","complementar":false,"ementa":"Realiza\u00e7\u00e3o de uma Audi\u00eancia P\u00fablica, para tratar implanta\u00e7\u00e3o de um polo multimodal em Jequi\u00e9, onde ir\u00e1 alavancar o desenvolvimento no nosso munic\u00edpio, com a presen\u00e7a do Secret\u00e1rio de Desenvolvimento Econ\u00f4mico de Jequi\u00e9, Celso Galv\u00e3o, como tamb\u00e9m, os representantes dos munic\u00edpios que comp\u00f5em os Territ\u00f3rios de Identidade a serem impactados, representantes da Bahia Minera\u00e7\u00e3o BAMIN -, Institui\u00e7\u00f5es de Ci\u00eancia e Tecnologia \u2013 ICT \u2013 presentes em nosso munic\u00edpio, institui\u00e7\u00f5es representativas dos segmentos empresariais - a exemplo da ACIJ, CDL e SICOM\u00c9RCIO.","indexacao":"","observacao":"","resultado":"","texto_original":"http://sapl.jequie.ba.leg.br/media/sapl/public/materialegislativa/2023/4435/req._22.2023_audiencia_publica.doc","data_ultima_atualizacao":"2023-11-09T14:25:50.735996-03:00","ip":"45.236.188.216","ultima_edicao":"2023-11-08T17:31:23.775673-03:00","tipo":2,"regime_tramitacao":1,"tipo_origem_externa":null,"local_origem_externa":null,"user":40,"anexadas":[],"autores":[16]}