{"id":4351,"__str__":"Parecer de Comiss\u00e3o Permanente n\u00ba 113 de 2023","link_detail_backend":"/materia/4351","metadata":{},"numero":113,"ano":2023,"numero_protocolo":null,"data_apresentacao":"2023-10-16","tipo_apresentacao":"","data_publicacao":null,"numero_origem_externa":"","ano_origem_externa":null,"data_origem_externa":null,"apelido":"","dias_prazo":null,"data_fim_prazo":null,"em_tramitacao":true,"polemica":false,"objeto":"","complementar":false,"ementa":"Onde disp\u00f5e sobre a proibi\u00e7\u00e3o da suspen\u00e7\u00e3o de servi\u00e7os b\u00e1sicos do fornecimento de energia el\u00e9trica em finais de semana e v\u00e9speras de feriados no Munic\u00edpio de Jequi\u00e9.","indexacao":"","observacao":"","resultado":"","texto_original":"http://sapl.jequie.ba.leg.br/media/sapl/public/materialegislativa/2023/4351/parecer_projeto_de_lei_no_103.2023.pdf","data_ultima_atualizacao":"2025-01-09T15:59:28.929333-03:00","ip":"45.236.189.90","ultima_edicao":"2024-06-10T16:54:27.897333-03:00","tipo":32,"regime_tramitacao":1,"tipo_origem_externa":null,"local_origem_externa":null,"user":25,"anexadas":[],"autores":[]}