{"id":4302,"__str__":"Mo\u00e7\u00e3o de Aplausos n\u00ba 21 de 2023","link_detail_backend":"/materia/4302","metadata":{},"numero":21,"ano":2023,"numero_protocolo":1062,"data_apresentacao":"2023-10-04","tipo_apresentacao":"","data_publicacao":null,"numero_origem_externa":"","ano_origem_externa":null,"data_origem_externa":null,"apelido":"","dias_prazo":null,"data_fim_prazo":null,"em_tramitacao":false,"polemica":false,"objeto":"","complementar":false,"ementa":"A C\u00e2mara Municipal de Jequi\u00e9, leg\u00edtima representante da comunidade Jequieense, faz inserir na Ata dos seus trabalhos no dia de hoje, MO\u00c7\u00c3O DE APLAUSOS pelo transcurso do DIA NACIONAL DO AGENTE COMUNIT\u00c1RIO DE SA\u00daDE E AGENTE COMBATE \u00c0S ENDEMIAS.","indexacao":"","observacao":"","resultado":"","texto_original":"http://sapl.jequie.ba.leg.br/media/sapl/public/materialegislativa/2023/4302/mocao_de_aplausos_21.2023_dia_do_agente_comunitario.doc","data_ultima_atualizacao":"2023-10-05T12:39:51.663653-03:00","ip":"45.236.189.90","ultima_edicao":"2023-10-04T13:24:10.940122-03:00","tipo":3,"regime_tramitacao":1,"tipo_origem_externa":null,"local_origem_externa":null,"user":25,"anexadas":[],"autores":[42]}