{"id":3906,"__str__":"Indica\u00e7\u00e3o n\u00ba 598 de 2023","link_detail_backend":"/materia/3906","metadata":{},"numero":598,"ano":2023,"numero_protocolo":724,"data_apresentacao":"2023-06-01","tipo_apresentacao":"","data_publicacao":null,"numero_origem_externa":"","ano_origem_externa":null,"data_origem_externa":null,"apelido":"","dias_prazo":null,"data_fim_prazo":null,"em_tramitacao":true,"polemica":false,"objeto":"","complementar":false,"ementa":"Indicamos ao Prefeito Municipal Zenildo Brand\u00e3o Santana, adotar provid\u00eancias junto ao Setor Competente que estude a Viabilidade de instala\u00e7\u00e3o de Radares Eletr\u00f4nicos para inibir a velocidade e educar os motoristas e assim, como consequ\u00eancia diminuir os acidentes e melhorar o tr\u00e2nsito de pedestres e ve\u00edculos\u201d na Avenida Jos\u00e9 Moreira Sobrinho, Bairro Jequiezinho em decorr\u00eancia dos constantes acidentes neste local.","indexacao":"","observacao":"","resultado":"","texto_original":"http://sapl.jequie.ba.leg.br/media/sapl/public/materialegislativa/2023/3906/indicacao_598.2023_de_radares_eletronicos_em_toda_extensao_da_avenida_jose_moreira_sobrinho.docx","data_ultima_atualizacao":"2023-07-05T14:28:29.923491-03:00","ip":"45.236.189.90","ultima_edicao":"2023-06-07T13:07:51.812593-03:00","tipo":1,"regime_tramitacao":1,"tipo_origem_externa":null,"local_origem_externa":null,"user":25,"anexadas":[],"autores":[47]}