{"id":3734,"__str__":"Indica\u00e7\u00e3o n\u00ba 485 de 2023","link_detail_backend":"/materia/3734","metadata":{},"numero":485,"ano":2023,"numero_protocolo":585,"data_apresentacao":"2023-05-11","tipo_apresentacao":"","data_publicacao":null,"numero_origem_externa":"","ano_origem_externa":null,"data_origem_externa":null,"apelido":"","dias_prazo":null,"data_fim_prazo":null,"em_tramitacao":true,"polemica":false,"objeto":"","complementar":false,"ementa":"Indicamos ao Prefeito Municipal Zenildo Brand\u00e3o, extensivo ao Secret\u00e1rio de Sa\u00fade Marlon Santos, no sentido de fazer valer a indica\u00e7\u00e3o 294/2022 de minha autoria no que diz para instituir obrigatoriedade de cadeiras de rodas nas reparti\u00e7\u00f5es p\u00fablicas para uso dos visitantes com defici\u00eancia f\u00edsica-bem como postos de sa\u00fade e escolas municipais de Jequi\u00e9 Bahia.","indexacao":"","observacao":"","resultado":"","texto_original":"http://sapl.jequie.ba.leg.br/media/sapl/public/materialegislativa/2023/3734/ind._485.2023cadeiras_de_rodas_nas_reparticoes_publicas.doc","data_ultima_atualizacao":"2023-05-19T10:51:26.633706-03:00","ip":"45.236.189.90","ultima_edicao":"2023-05-12T08:15:31.514152-03:00","tipo":1,"regime_tramitacao":1,"tipo_origem_externa":null,"local_origem_externa":null,"user":25,"anexadas":[],"autores":[40]}