{"id":3697,"__str__":"Indica\u00e7\u00e3o n\u00ba 456 de 2023","link_detail_backend":"/materia/3697","metadata":{},"numero":456,"ano":2023,"numero_protocolo":549,"data_apresentacao":"2023-05-04","tipo_apresentacao":"","data_publicacao":null,"numero_origem_externa":"","ano_origem_externa":null,"data_origem_externa":null,"apelido":"","dias_prazo":null,"data_fim_prazo":null,"em_tramitacao":false,"polemica":false,"objeto":"","complementar":false,"ementa":"Destinar emendas para a aquisi\u00e7\u00e3o de ve\u00edculo adaptado para a ADEFIJ \u2013 Associa\u00e7\u00e3o dos Deficientes F\u00edsicos de Jequi\u00e9, Regi\u00e3o e Amigos","indexacao":"","observacao":"","resultado":"","texto_original":"http://sapl.jequie.ba.leg.br/media/sapl/public/materialegislativa/2023/3697/ind._456.2023transportes_adefij.docx","data_ultima_atualizacao":"2023-05-18T13:05:32.154991-03:00","ip":"45.236.189.90","ultima_edicao":"2023-05-15T14:07:02.831412-03:00","tipo":1,"regime_tramitacao":1,"tipo_origem_externa":null,"local_origem_externa":null,"user":40,"anexadas":[],"autores":[44]}