{"id":3584,"__str__":"Indica\u00e7\u00e3o n\u00ba 365 de 2023","link_detail_backend":"/materia/3584","metadata":{},"numero":365,"ano":2023,"numero_protocolo":442,"data_apresentacao":"2023-04-13","tipo_apresentacao":"","data_publicacao":null,"numero_origem_externa":"","ano_origem_externa":null,"data_origem_externa":null,"apelido":"","dias_prazo":null,"data_fim_prazo":null,"em_tramitacao":true,"polemica":false,"objeto":"","complementar":false,"ementa":"Solicitamos a revitaliza\u00e7\u00e3o e moderniza\u00e7\u00e3o do terminal de \u00f4nibus da Pra\u00e7a da Bandeira, em Jequi\u00e9.","indexacao":"","observacao":"","resultado":"","texto_original":"http://sapl.jequie.ba.leg.br/media/sapl/public/materialegislativa/2023/3584/ind._365.2023_correto.doc","data_ultima_atualizacao":"2023-04-26T13:49:30.119462-03:00","ip":"45.236.189.90","ultima_edicao":"2023-04-14T10:10:18.737015-03:00","tipo":1,"regime_tramitacao":1,"tipo_origem_externa":null,"local_origem_externa":null,"user":26,"anexadas":[],"autores":[24]}