{"id":3482,"__str__":"Indica\u00e7\u00e3o n\u00ba 287 de 2023","link_detail_backend":"/materia/3482","metadata":{},"numero":287,"ano":2023,"numero_protocolo":345,"data_apresentacao":"2023-03-30","tipo_apresentacao":"","data_publicacao":null,"numero_origem_externa":"","ano_origem_externa":null,"data_origem_externa":null,"apelido":"","dias_prazo":null,"data_fim_prazo":null,"em_tramitacao":true,"polemica":false,"objeto":"","complementar":false,"ementa":"Reforma da Pra\u00e7a Luiz Viana, com remodela\u00e7\u00e3o dos quiosques e implanta\u00e7\u00e3o de parque infantil e reforma do edif\u00edcio onde funciona a Associa\u00e7\u00e3o dos Artes\u00e3os com instala\u00e7\u00e3o  de vidra\u00e7as e portas laterais.","indexacao":"","observacao":"","resultado":"","texto_original":"http://sapl.jequie.ba.leg.br/media/sapl/public/materialegislativa/2023/3482/ind._287.2023_-_reforma_da_praca_luiz_viana.doc","data_ultima_atualizacao":"2023-04-13T14:37:02.171923-03:00","ip":"45.236.189.90","ultima_edicao":"2023-04-04T13:55:03.526680-03:00","tipo":1,"regime_tramitacao":1,"tipo_origem_externa":null,"local_origem_externa":null,"user":26,"anexadas":[],"autores":[2]}