{"id":3423,"__str__":"Indica\u00e7\u00e3o n\u00ba 248 de 2023","link_detail_backend":"/materia/3423","metadata":{},"numero":248,"ano":2023,"numero_protocolo":293,"data_apresentacao":"2023-03-23","tipo_apresentacao":"","data_publicacao":null,"numero_origem_externa":"","ano_origem_externa":null,"data_origem_externa":null,"apelido":"","dias_prazo":null,"data_fim_prazo":null,"em_tramitacao":true,"polemica":false,"objeto":"","complementar":false,"ementa":"Implanta\u00e7\u00e3o do Programa de Pr\u00e1ticas Integrativas e Complementares de Sa\u00fade (PICS) no \u00e2mbito do Munic\u00edpio de Jequi\u00e9.","indexacao":"","observacao":"","resultado":"","texto_original":"http://sapl.jequie.ba.leg.br/media/sapl/public/materialegislativa/2023/3423/ind._248.2023_-_moana.docx","data_ultima_atualizacao":"2023-04-04T16:25:43.300242-03:00","ip":"45.236.189.90","ultima_edicao":"2023-03-28T17:15:36.612527-03:00","tipo":1,"regime_tramitacao":1,"tipo_origem_externa":null,"local_origem_externa":null,"user":26,"anexadas":[],"autores":[45]}