{"id":3268,"__str__":"Parecer de Comiss\u00e3o Permanente n\u00ba 11 de 2023","link_detail_backend":"/materia/3268","metadata":{},"numero":11,"ano":2023,"numero_protocolo":null,"data_apresentacao":"2023-03-09","tipo_apresentacao":"","data_publicacao":null,"numero_origem_externa":"","ano_origem_externa":null,"data_origem_externa":null,"apelido":"","dias_prazo":null,"data_fim_prazo":null,"em_tramitacao":true,"polemica":false,"objeto":"","complementar":false,"ementa":"CONFERE PRIORIDADE NO ATENDIMENTO AOS CONTADORES E T\u00c9CNICOS DE CONTABILIDADE NAS EMPRESAS P\u00daBLICAS, \u00d3RG\u00c3OS DA ADMINISTRA\u00c7\u00c3O MUNICIPAL E QUAISQUER REPARTI\u00c7\u00d5ES P\u00daBLICAS NO MUNIC\u00cdPIO DE JEQUI\u00c9..","indexacao":"","observacao":"","resultado":"","texto_original":"http://sapl.jequie.ba.leg.br/media/sapl/public/materialegislativa/2023/3268/parecer_projeto_de_lei_no_003.2023.pdf","data_ultima_atualizacao":"2024-12-04T16:01:58.370320-03:00","ip":"45.236.189.90","ultima_edicao":"2024-07-30T16:55:56.366921-03:00","tipo":32,"regime_tramitacao":1,"tipo_origem_externa":null,"local_origem_externa":null,"user":25,"anexadas":[],"autores":[7]}