{"id":73,"__str__":"Reda\u00e7\u00e3o Final - Comiss\u00e3o de Justi\u00e7a de 09/12/2021 por Comiss\u00e3o de Justi\u00e7a","link_detail_backend":"/materia/documentoacessorio/73","metadata":{},"nome":"Comiss\u00e3o de Justi\u00e7a","data":"2021-12-09","autor":"Comiss\u00e3o de Justi\u00e7a","ementa":"\u201cFICA ASSEGURADA  AOS AGENTES POL\u00cdTICOS, INTEGRANTES DO PODER EXECUTIVO MUNICIPAL, A PERCEP\u00c7\u00c3O DE D\u00c9CIMO TERCEIRO SAL\u00c1RIO E ADCIONAL DE TER\u00c7O DE F\u00c9RIAS DO MUNIC\u00cdPIO DE JEQUI\u00c9, E, D\u00c1 OUTRAS PROVID\u00caNCIAS\u201d.","indexacao":"","arquivo":"http://sapl.jequie.ba.leg.br/media/sapl/public/documentoacessorio/2021/73/projeto_79.2021__decimo_terceiro.docx","data_ultima_atualizacao":"2021-12-09T15:04:26.789055-03:00","materia":1437,"tipo":22}