{"id":1,"__str__":"Parecer - Dr. C\u00e9sar Augusto de 20/07/2021 por Marcos do Ovo","link_detail_backend":"/materia/documentoacessorio/1","metadata":{},"nome":"Dr. C\u00e9sar Augusto","data":"2021-07-20","autor":"Marcos do Ovo","ementa":"Disp\u00f5e sobre a inclus\u00e3o de medidas de conscientiza\u00e7\u00e3o, preven\u00e7\u00e3o e combate a depress\u00e3o, a automultila\u00e7\u00e3o e ao suicidio no Projeto Pedag\u00f3gico das escolas p\u00fablicas do Munic\u00edpio de Jequi\u00e9.","indexacao":"","arquivo":"http://sapl.jequie.ba.leg.br/media/sapl/public/documentoacessorio/2021/1/parecer_procuradoria_juridica_-_projeto_lei_no_019.2021.pdf","data_ultima_atualizacao":"2021-07-20T13:52:22.110947-03:00","materia":65,"tipo":7}