{"id":132,"__str__":"Reda\u00e7\u00e3o Final - Comiss\u00e3o de Justi\u00e7a de 19/04/2023 por Comiss\u00e3o de Justi\u00e7a","link_detail_backend":"/materia/documentoacessorio/132","metadata":{},"nome":"Comiss\u00e3o de Justi\u00e7a","data":"2023-04-19","autor":"Comiss\u00e3o de Justi\u00e7a","ementa":"\u201cDISP\u00d5E SOBRE O REAJUSTE DOS AGENTES COMUNIT\u00c1RIO DE SA\u00daDE E AGENTES DE COMBATES \u00c0S ENDEMIAS NO \u00c2MBITO DO MUNIC\u00cdPIO DE JEQUI\u00c9 E D\u00c1 OUTRAS PROVID\u00caNCIAS\u201d.","indexacao":"","arquivo":"http://sapl.jequie.ba.leg.br/media/sapl/public/documentoacessorio/2023/132/projeto_de_lei_28.2023-_redacao_final.docx","data_ultima_atualizacao":"2023-04-19T14:22:17.095626-03:00","materia":3562,"tipo":22}