{"id":25,"__str__":"DEMANDAS DO TRANSPORTE P\u00daBLICO URBANO DE JEQUI\u00c9","link_detail_backend":"/audiencia/25","metadata":{},"numero":18,"ano":2023,"nome":"DEMANDAS DO TRANSPORTE P\u00daBLICO URBANO DE JEQUI\u00c9","tema":"DEMANDAS DO TRANSPORTE P\u00daBLICO URBANO DE JEQUI\u00c9","data":"2023-09-25","hora_inicio":"14:00","hora_fim":"16:00","observacao":"","audiencia_cancelada":false,"url_audio":"","url_video":"https://www.youtube.com/watch?v=aQnK8R5yVbM","upload_pauta":null,"upload_ata":null,"upload_anexo":null,"materia":null,"tipo":1,"parlamentar_autor":null,"requerimento":null}